{"id":84161,"date":"2022-04-03T20:57:05","date_gmt":"2022-04-03T20:57:05","guid":{"rendered":"https:\/\/www.nettali.com\/?p=84161"},"modified":"2022-04-03T21:52:55","modified_gmt":"2022-04-03T21:52:55","slug":"62e-anniversaire-de-lindependance-du-senegal-lintegralite-du-discours-de-macky","status":"publish","type":"post","link":"https:\/\/www.nettali.com\/2022\/04\/03\/62e-anniversaire-de-lindependance-du-senegal-lintegralite-du-discours-de-macky\/","title":{"rendered":"62e ANNIVERSAIRE DE L\u2019INDEPENDANCE DU SENEGAL - L'int\u00e9gralit\u00e9 du discours de Macky"},"content":{"rendered":"<p><strong>NETTALI.COM - A la veille de la c\u00e9l\u00e9bration de la f\u00eate de l'ind\u00e9pendance du S\u00e9n\u00e9gal, le pr\u00e9sident de la\u00a0 R\u00e9publique, Macky Sall, a adress\u00e9 un message au peuple. Voici l'int\u00e9gralit\u00e9 de son discours.<\/strong><\/p>\n<p><strong>Mes chers compatriotes,<\/strong><\/p>\n<p>Demain, 4 avril 2022, nous c\u00e9l\u00e9brons \u00e0 l\u2019unisson le 62<sup>e<\/sup> anniversaire de l\u2019ind\u00e9pendance de notre pays.<\/p>\n<p>A toutes et \u00e0 tous, chers compatriotes d\u2019ici et de la diaspora, j\u2019adresse mes chaleureuses f\u00e9licitations.<\/p>\n<p>Je rends un vibrant hommage \u00e0 nos vaillants Lions, qui nous ont offert la premi\u00e8re CAN de notre histoire, et la 2<sup>e<\/sup> qualification cons\u00e9cutive de notre pays \u00e0 la Coupe du monde de football.<\/p>\n<p>Merci \u00e0 vous, chers Lions, \u00e0 votre coach et votre encadrement d\u2019avoir port\u00e9 si haut les couleurs nationales.<\/p>\n<p>Nos pri\u00e8res et v\u0153ux ardents de succ\u00e8s vous accompagnent sur la route du Mondial 2022. Comme toujours, l\u2019Etat sera \u00e0 vos c\u00f4t\u00e9s pour vous apporter tout le soutien n\u00e9cessaire.<\/p>\n<p>Au nom de l\u2019Union Africaine, que notre pays a l\u2019honneur de pr\u00e9sider cette ann\u00e9e, je salue nos fr\u00e8res et s\u0153urs d\u2019Afrique, et leur exprime mon engagement sans faille au service des int\u00e9r\u00eats de notre continent.<\/p>\n<p>Par la gr\u00e2ce de Dieu, notre f\u00eate nationale se tient en p\u00e9riode d\u2019intense ferveur spirituelle, avec le ramadan et le car\u00eame.<\/p>\n<p>Puisse l\u2019esprit de foi et de concorde que porte ce temps b\u00e9ni raffermir notre <em>vivre ensemble <\/em>dans la paix, la stabilit\u00e9 et l\u2019harmonie nationales.<\/p>\n<p>En raison des travaux sur le chantier du BRT, le d\u00e9fil\u00e9 marquant cette \u00e9dition aura lieu \u00e0 la place de l\u2019Ind\u00e9pendance, en format r\u00e9duit\u00a0; mais avec toute la solennit\u00e9 qui exalte notre <em>commun vouloir de vie commune <\/em>et la symbiose Arm\u00e9e-Nation.<\/p>\n<p>En votre nom et au mien propre, je redis \u00e0 nos chers anciens combattants nos sentiments de respect, d\u2019affection et de gratitude.<\/p>\n<p>Le souvenir imp\u00e9rissable de leurs sacrifices pour la d\u00e9fense de la libert\u00e9 restera toujours grav\u00e9 dans nos c\u0153urs et nos esprits.<\/p>\n<p>A vous, officiers, sous-officiers et militaires du rang, je r\u00e9it\u00e8re ma confiance et la fiert\u00e9 de la nation.<\/p>\n<p>Je salue la m\u00e9moire de nos soldats tomb\u00e9s au champ d\u2019honneur. Aux bless\u00e9s, j\u2019adresse mes v\u0153ux de prompt r\u00e9tablissement.<\/p>\n<p>Je renouvelle mon soutien \u00e0 ceux et celles parmi vous qui sont d\u00e9ploy\u00e9s au service de la paix dans le monde, et en op\u00e9rations pour la d\u00e9fense de l\u2019int\u00e9grit\u00e9 territoriale, et la lutte contre la criminalit\u00e9 transfrontali\u00e8re et le pillage de nos ressources naturelles.<\/p>\n<p>J\u2019ai donn\u00e9 ordre \u00e0 nos Forces de d\u00e9fense et de s\u00e9curit\u00e9 de poursuivre sans r\u00e9pit ces op\u00e9rations jusqu\u2019\u00e0 ce que tous les objectifs assign\u00e9s soient atteints.<\/p>\n<p>Les hommes et femmes qui ont choisi le m\u00e9tier des armes pour d\u00e9fendre les int\u00e9r\u00eats vitaux de la nation, au p\u00e9ril de leur vie, m\u00e9ritent notre soutien et notre gratitude.<\/p>\n<p>C\u2019est pourquoi je tiens \u00e0 l\u2019am\u00e9lioration constante des conditions d\u2019existence de nos soldats, l\u2019efficacit\u00e9 op\u00e9rationnelle de leurs missions et la qui\u00e9tude de leurs familles.<\/p>\n<p>Cette ann\u00e9e, le th\u00e8me de la f\u00eate de l\u2019ind\u00e9pendance porte sur <strong><em>Forces de d\u00e9fense et de s\u00e9curit\u00e9 et r\u00e9silience nationale<\/em><\/strong><em>.<\/em><\/p>\n<p>Dans un contexte mondial agit\u00e9 et incertain, qui s\u2019ajoute \u00e0 la profonde crise sanitaire et \u00e9conomique n\u00e9e de la pand\u00e9mie COVID-19, ce th\u00e8me nous invite \u00e0 pers\u00e9v\u00e9rer dans nos efforts individuels et collectifs face aux \u00e9preuves de notre temps.<\/p>\n<p>Nos Forces de d\u00e9fense et de s\u00e9curit\u00e9, faisant corps et \u00e2me avec la nation, ont contribu\u00e9 de fa\u00e7on remarquable \u00e0 la mise en \u0153uvre de notre strat\u00e9gie de riposte sanitaire et socio-\u00e9conomique, en plus de l\u2019ex\u00e9cution des mesures r\u00e9galiennes.<\/p>\n<p>Dans le m\u00eame esprit, devant la mont\u00e9e des p\u00e9rils et la complexit\u00e9 des menaces, le programme de renforcement des capacit\u00e9s op\u00e9rationnelles de notre arm\u00e9e se poursuit, afin que nos Forces de d\u00e9fense et de s\u00e9curit\u00e9 soient pr\u00eates, en tout temps et en tout lieu, \u00e0 assurer leur mission de d\u00e9fense du territoire national.<\/p>\n<p>En outre, 12 nouveaux escadrons de gendarmerie, 11 commissariats de s\u00e9curit\u00e9 publique et 3 postes avanc\u00e9s aux fronti\u00e8res ont \u00e9t\u00e9 cr\u00e9\u00e9s, en plus de l\u2019acquisition de nouveaux moyens de lutte contre la grande d\u00e9linquance et la criminalit\u00e9 organis\u00e9e.<\/p>\n<p>Ces efforts, parmi d\u2019autres, seront maintenus et renforc\u00e9s.<\/p>\n<p><strong>Mes chers compatriotes, \u00a0<\/strong><\/p>\n<p>Dans mon message \u00e0 la nation \u00e0 l\u2019occasion du nouvel an, je vous ai entretenu de nos politiques de d\u00e9veloppement \u00e9conomique et social, y compris la mise en \u0153uvre des projets d\u2019infrastructures indispensables \u00e0 l\u2019objectif d\u2019\u00e9mergence.<\/p>\n<p>Depuis lors, nous avons\u00a0:<\/p>\n<ul>\n<li>inaugur\u00e9 le <strong>Stade Abdoulaye Wade<\/strong> de <strong>Diamniadio <\/strong>et le pont <strong>Nelson Mandela de Foundiougne\u00a0; <\/strong><\/li>\n<li>mis en service l\u2019autopont de Camb\u00e9r\u00e8ne\u00a0;<\/li>\n<li>et lanc\u00e9 les travaux de la 2<sup>e<\/sup> phase du TER\u00a0; pendant que l\u2019ex\u00e9cution des projets du BRT et de l\u2019autoroute <strong>Mbour-Fatick-Kaolack<\/strong> progresse \u00e0 un rythme satisfaisant.<\/li>\n<\/ul>\n<p>En m\u00eame temps, la formation aux m\u00e9tiers, l\u2019emploi et l\u2019insertion socio-\u00e9conomique des jeunes restent au c\u0153ur de mes priorit\u00e9s.<\/p>\n<p>La mise en \u0153uvre du Programme d\u2019urgence <strong><em>X\u00ebyu ndaw \u00f1i,<\/em><\/strong> financ\u00e9 \u00e0 hauteur de <strong>450 milliards<\/strong> de FCFA sur trois ans, se poursuit au sein des <em>P\u00f4les-Emploi et Entrepreneuriat pour les Jeunes et les Femmes<\/em>, de la DER\/FJ, de l\u2019ANPEJ, de l\u2019ADPME, du FONGIP, du FERA, du PROMOVILLES, de l\u2019AGETIP, du 3FPT et de la Convention nationale Etat-Employeurs priv\u00e9s.<\/p>\n<p>Au total, dans diff\u00e9rents secteurs tels que l\u2019environnement et le cadre de vie, la sant\u00e9, le tourisme, la s\u00e9curit\u00e9, le service civique national et l\u2019animation socio-\u00e9ducative, le Programme d\u2019urgence a g\u00e9n\u00e9r\u00e9 <strong>46 334<\/strong> emplois, <strong>12 200<\/strong> bons de formation et financ\u00e9 <strong>86023 <\/strong>b\u00e9n\u00e9ficiaires.<\/p>\n<p>Des Centres de formation dans les fili\u00e8res de l\u2019horticulture, de l\u2019aviculture, de l\u2019h\u00f4tellerie et de la restauration ont \u00e9t\u00e9 r\u00e9ceptionn\u00e9s \u00e0 <strong>Diama, Thiepp, Diamniadio, Gandon <\/strong>et <strong>Ziguinchor<\/strong>\u00a0; et 12 Centres de proximit\u00e9 ouverts dans diff\u00e9rentes localit\u00e9s des r\u00e9gions de <strong>Saint-Louis, Matam, Louga, Diourbel <\/strong>et<strong> Fatick<\/strong>.<\/p>\n<p>Ce soir, <strong>mes chers compatriotes<\/strong>, consid\u00e9rant le risque \u00e9lev\u00e9 de p\u00e9nurie et de flamb\u00e9e des prix en raison de la crise mondiale, j\u2019appelle \u00e0 une mobilisation g\u00e9n\u00e9rale pour accroitre et valoriser davantage nos produits agricoles, d\u2019\u00e9levage et de p\u00eache.<\/p>\n<p>Afin de soulager les m\u00e9nages, j\u2019ai fait baisser les prix des denr\u00e9es de premi\u00e8re n\u00e9cessit\u00e9, notamment le <strong>riz,<\/strong> <strong>le sucre et l\u2019huile<\/strong>\u00a0; et augment\u00e9 la subvention du riz local.<\/p>\n<p>Mais pour \u00eatre \u00e0 l\u2019abri des al\u00e9as de la conjoncture internationale, nous devons, par un effort individuel et collectif sur nous-m\u00eames, faire preuve de r\u00e9silience en gagnant au plus vite la bataille de la souverainet\u00e9 alimentaire.<\/p>\n<p>Car, \u00e0 vrai dire, l\u2019ind\u00e9pendance n\u2019est pas l\u2019acte isol\u00e9 d\u2019un jour, mais un combat permanent, qui se gagne \u00e9galement sur le front de la s\u00e9curit\u00e9 alimentaire. C\u2019est ce qui ajoute \u00e0 la souverainet\u00e9 nationale un surcroit de libert\u00e9.<\/p>\n<p>Il nous faut <strong><em>produire ce que nous consommons et consommer ce que nous produisons.<\/em> <\/strong><\/p>\n<p>C\u2019est le sens des investissements massifs que l\u2019Etat continue de consacrer \u00e0 la modernisation et \u00e0 la diversification des secteurs de l\u2019\u00e9levage, de la p\u00eache et de l\u2019agriculture.<\/p>\n<p>De plus, pour la deuxi\u00e8me fois cons\u00e9cutive, le budget de la campagne agricole est revu \u00e0 la hausse, et passe cette ann\u00e9e de <strong>60 \u00e0 70 milliards <\/strong>de fcfa.<\/p>\n<p>Dans cette qu\u00eate de l\u2019autosuffisance alimentaire, j\u2019engage les forces vives de la nation, en particulier les jeunes, les femmes et le secteur priv\u00e9, \u00e0 s\u2019investir davantage dans les chaines de valeurs de l\u2019\u00e9levage, de la p\u00eache et de l\u2019agriculture.<\/p>\n<p>L\u2019exp\u00e9rience des Domaines agricoles communautaires (DAC) montre que nous pouvons relever ce d\u00e9fi, \u00e0 l\u2019image des belles moissons du DAC de <strong>Keur Momar Sarr<\/strong>, sept mois seulement apr\u00e8s son lancement en juillet dernier.<\/p>\n<p>Il en est de m\u00eame du projet pilote d\u2019Incubateur de <strong>Mboro<\/strong>, lanc\u00e9 par le Programme S\u00e9n\u00e9galais pour l\u2019Entrepreneuriat des Jeunes, en partenariat avec le secteur priv\u00e9, dans le cadre de l\u2019initiative <strong><em>X\u00ebyu ndaw \u00f1i.<\/em><\/strong><\/p>\n<p>En moins d\u2019un an, ce complexe multifonctionnel moderne, financ\u00e9 \u00e0 plus de <strong>5 milliards<\/strong> de fcfa, a r\u00e9alis\u00e9 d\u2019excellentes performances en mettant sur le march\u00e9 des produits de qualit\u00e9.<\/p>\n<p>En outre, l\u2019incubateur a form\u00e9 <strong>1053<\/strong> jeunes, plus de <strong>22\u00a0000<\/strong> membres de GIE, et assist\u00e9 <strong>500 <\/strong>jeunes entrepreneurs \u00e0 accomplir les formalit\u00e9s administratives n\u00e9cessaires \u00e0 leurs activit\u00e9s.<\/p>\n<p>Relever le d\u00e9fi de l\u2019autosuffisance alimentaire, c\u2019est aussi faciliter les \u00e9changes entre les zones de production et les march\u00e9s.<\/p>\n<p>C\u2019est l\u2019objet du <strong><em>Programme sp\u00e9cial de d\u00e9senclavement, <\/em><\/strong>portant sur plus de<strong> 2500<\/strong> <strong>Km<\/strong> de routes en cours d\u2019ex\u00e9cution.<\/p>\n<p>S\u2019y ajoute le lancement prochain du <strong><em>Programme d\u2019am\u00e9lioration de la connectivit\u00e9 des zones agricoles du nord et du centre<\/em><\/strong>, financ\u00e9 par l\u2019Etat et soutenu par la Banque mondiale.<\/p>\n<p>D\u2019un co\u00fbt global de <strong>130 milliards<\/strong> de fcfa, ce nouveau programme mettra en place des infrastructures routi\u00e8res et de renforcement des capacit\u00e9s en mati\u00e8re de formation et de production.<\/p>\n<p>Il permettra, entre autres, de faciliter l\u2019acc\u00e8s aux zones de production agricole, de p\u00eache et d\u2019\u00e9levage, afin d\u2019am\u00e9liorer les conditions de transport et renforcer les \u00e9changes int\u00e9rieurs et avec les pays voisins.<\/p>\n<p>De plus, le volet rural du Programme d\u2019Appui aux Communes et Agglom\u00e9rations du S\u00e9n\u00e9gal, (PACASEN-rural) financ\u00e9 \u00e0 hauteur de <strong>352 milliards<\/strong> de fcfa d\u00e9marrera cette ann\u00e9e, pour am\u00e9liorer l\u2019acc\u00e8s aux services sociaux de base dans <strong>435<\/strong> communes.<\/p>\n<p>Je rappelle que la composante urbaine du PACASEN est d\u00e9j\u00e0 en cours d\u2019activit\u00e9.<\/p>\n<p>Les politiques d\u2019\u00e9quit\u00e9 territoriale et de justice sociale resteront toujours au centre de mes pr\u00e9occupations\u00a0; car du fond de mon c\u0153ur, je veux que chaque s\u00e9n\u00e9galaise et chaque s\u00e9n\u00e9galais ait sa part de bien-\u00eatre, de dignit\u00e9 et de d\u00e9cence qu\u2019une nation qui se veut <strong>solidaire<\/strong>, <strong>unie<\/strong> et <strong>indivisible<\/strong> peut offrir \u00e0 tous ses citoyens.<\/p>\n<p>Telle est la vocation de la nation s\u00e9n\u00e9galaise. C\u2019est le legs que nous ont laiss\u00e9 les anciens, et c\u2019est l\u2019h\u00e9ritage que nous devons aux g\u00e9n\u00e9rations futures.<\/p>\n<p>Pour ma part, je resterai sans rel\u00e2che le gardien vigilant de ce patrimoine national et des exigences attach\u00e9es \u00e0 nos valeurs de culture et de civilisation.<\/p>\n<p>Ensemble, <strong>mes chers compatriotes<\/strong>, sur la voie trac\u00e9e par nos anciens, continuons de b\u00e2tir cette nation riche de sa diversit\u00e9\u00a0; cette nation chaleureuse et accueillante, qui nous couve et fait battre notre c\u0153ur \u00e0 chaque instant de notre vie, pour donner vie et force \u00e0 notre destin commun.<\/p>\n<p><strong>Vive le S\u00e9n\u00e9gal\u00a0!<\/strong><\/p>\n<p>Bonsoir et bonne f\u00eate de l\u2019ind\u00e9pendance.<\/p>\n<div class='share-to-whatsapp-wrapper'><div class='share-on-whsp'>PARTAGER SUR : <\/div><a data-text='62e ANNIVERSAIRE DE L\u2019INDEPENDANCE DU SENEGAL - L'int\u00e9gralit\u00e9 du discours de Macky' data-link='https:\/\/www.nettali.com\/2022\/04\/03\/62e-anniversaire-de-lindependance-du-senegal-lintegralite-du-discours-de-macky\/' class='whatsapp-button whatsapp-share'>WhatsApp<\/a><div class='clear '><\/div><\/div>","protected":false},"excerpt":{"rendered":"<p>NETTALI.COM - A la veille de la c\u00e9l\u00e9bration de la f\u00eate de l'ind\u00e9pendance du S\u00e9n\u00e9gal, le pr\u00e9sident de la\u00a0 R\u00e9publique, Macky Sall, a adress\u00e9 un message au peuple. Voici l'int\u00e9gralit\u00e9 de son discours. Mes chers compatriotes, Demain, 4 avril 2022, nous c\u00e9l\u00e9brons \u00e0 l\u2019unisson le 62e anniversaire de l\u2019ind\u00e9pendance de notre pays. A toutes et [&hellip;]<\/p>\n","protected":false},"author":4,"featured_media":84162,"comment_status":"open","ping_status":"open","sticky":false,"template":"","format":"standard","meta":{"_et_pb_use_builder":"","_et_pb_old_content":""},"categories":[3],"tags":[],"yoast_head":"<!-- This site is optimized with the Yoast SEO Premium plugin v17.8 (Yoast SEO v17.8) - https:\/\/yoast.com\/wordpress\/plugins\/seo\/ -->\n<title>62e ANNIVERSAIRE DE L\u2019INDEPENDANCE DU SENEGAL - L&#039;int\u00e9gralit\u00e9 du discours de Macky | Nettali.com<\/title>\n<meta name=\"robots\" content=\"index, follow, max-snippet:-1, max-image-preview:large, max-video-preview:-1\" \/>\n<link rel=\"canonical\" href=\"https:\/\/www.nettali.com\/2022\/04\/03\/62e-anniversaire-de-lindependance-du-senegal-lintegralite-du-discours-de-macky\/\" \/>\n<meta property=\"og:locale\" content=\"fr_FR\" \/>\n<meta property=\"og:type\" content=\"article\" \/>\n<meta property=\"og:title\" content=\"62e ANNIVERSAIRE DE L\u2019INDEPENDANCE DU SENEGAL - L&#039;int\u00e9gralit\u00e9 du discours de Macky\" \/>\n<meta property=\"og:description\" content=\"NETTALI.COM - A la veille de la c\u00e9l\u00e9bration de la f\u00eate de l&#039;ind\u00e9pendance du S\u00e9n\u00e9gal, le pr\u00e9sident de la\u00a0 R\u00e9publique, Macky Sall, a adress\u00e9 un message au peuple. Voici l&#039;int\u00e9gralit\u00e9 de son discours. Mes chers compatriotes, Demain, 4 avril 2022, nous c\u00e9l\u00e9brons \u00e0 l\u2019unisson le 62e anniversaire de l\u2019ind\u00e9pendance de notre pays. A toutes et [&hellip;]\" \/>\n<meta property=\"og:url\" content=\"https:\/\/www.nettali.com\/2022\/04\/03\/62e-anniversaire-de-lindependance-du-senegal-lintegralite-du-discours-de-macky\/\" \/>\n<meta property=\"og:site_name\" content=\"Nettali.com\" \/>\n<meta property=\"article:publisher\" content=\"https:\/\/www.facebook.com\/nettalicom\" \/>\n<meta property=\"article:published_time\" content=\"2022-04-03T20:57:05+00:00\" \/>\n<meta property=\"article:modified_time\" content=\"2022-04-03T21:52:55+00:00\" \/>\n<meta property=\"og:image\" content=\"https:\/\/www.nettali.com\/wp-content\/uploads\/2022\/04\/LMX_2859_2.jpeg\" \/>\n\t<meta property=\"og:image:width\" content=\"1280\" \/>\n\t<meta property=\"og:image:height\" content=\"724\" \/>\n<meta name=\"twitter:card\" content=\"summary_large_image\" \/>\n<meta name=\"twitter:label1\" content=\"\u00c9crit par\" \/>\n\t<meta name=\"twitter:data1\" content=\"Daouda\" \/>\n\t<meta name=\"twitter:label2\" content=\"Dur\u00e9e de lecture estim\u00e9e\" \/>\n\t<meta name=\"twitter:data2\" content=\"9 minutes\" \/>\n<script type=\"application\/ld+json\" class=\"yoast-schema-graph\">{\"@context\":\"https:\/\/schema.org\",\"@graph\":[{\"@type\":\"WebSite\",\"@id\":\"https:\/\/www.nettali.com\/#website\",\"url\":\"https:\/\/www.nettali.com\/\",\"name\":\"Nettali.com\",\"description\":\"Le rendez-vous critique du Net\",\"potentialAction\":[{\"@type\":\"SearchAction\",\"target\":{\"@type\":\"EntryPoint\",\"urlTemplate\":\"https:\/\/www.nettali.com\/?s={search_term_string}\"},\"query-input\":\"required name=search_term_string\"}],\"inLanguage\":\"fr-FR\"},{\"@type\":\"ImageObject\",\"@id\":\"https:\/\/www.nettali.com\/2022\/04\/03\/62e-anniversaire-de-lindependance-du-senegal-lintegralite-du-discours-de-macky\/#primaryimage\",\"inLanguage\":\"fr-FR\",\"url\":\"https:\/\/www.nettali.com\/wp-content\/uploads\/2022\/04\/LMX_2859_2.jpeg\",\"contentUrl\":\"https:\/\/www.nettali.com\/wp-content\/uploads\/2022\/04\/LMX_2859_2.jpeg\",\"width\":1280,\"height\":724},{\"@type\":\"WebPage\",\"@id\":\"https:\/\/www.nettali.com\/2022\/04\/03\/62e-anniversaire-de-lindependance-du-senegal-lintegralite-du-discours-de-macky\/#webpage\",\"url\":\"https:\/\/www.nettali.com\/2022\/04\/03\/62e-anniversaire-de-lindependance-du-senegal-lintegralite-du-discours-de-macky\/\",\"name\":\"62e ANNIVERSAIRE DE L\\u2019INDEPENDANCE DU SENEGAL - L'int\\u00e9gralit\\u00e9 du discours de Macky | Nettali.com\",\"isPartOf\":{\"@id\":\"https:\/\/www.nettali.com\/#website\"},\"primaryImageOfPage\":{\"@id\":\"https:\/\/www.nettali.com\/2022\/04\/03\/62e-anniversaire-de-lindependance-du-senegal-lintegralite-du-discours-de-macky\/#primaryimage\"},\"datePublished\":\"2022-04-03T20:57:05+00:00\",\"dateModified\":\"2022-04-03T21:52:55+00:00\",\"author\":{\"@id\":\"https:\/\/www.nettali.com\/#\/schema\/person\/3317e0bb3aa1da309fbf7b2780901bf4\"},\"breadcrumb\":{\"@id\":\"https:\/\/www.nettali.com\/2022\/04\/03\/62e-anniversaire-de-lindependance-du-senegal-lintegralite-du-discours-de-macky\/#breadcrumb\"},\"inLanguage\":\"fr-FR\",\"potentialAction\":[{\"@type\":\"ReadAction\",\"target\":[\"https:\/\/www.nettali.com\/2022\/04\/03\/62e-anniversaire-de-lindependance-du-senegal-lintegralite-du-discours-de-macky\/\"]}]},{\"@type\":\"BreadcrumbList\",\"@id\":\"https:\/\/www.nettali.com\/2022\/04\/03\/62e-anniversaire-de-lindependance-du-senegal-lintegralite-du-discours-de-macky\/#breadcrumb\",\"itemListElement\":[{\"@type\":\"ListItem\",\"position\":1,\"name\":\"Accueil\",\"item\":\"https:\/\/www.nettali.com\/\"},{\"@type\":\"ListItem\",\"position\":2,\"name\":\"62e ANNIVERSAIRE DE L\\u2019INDEPENDANCE DU SENEGAL - L'int\\u00e9gralit\\u00e9 du discours de Macky\"}]},{\"@type\":\"Person\",\"@id\":\"https:\/\/www.nettali.com\/#\/schema\/person\/3317e0bb3aa1da309fbf7b2780901bf4\",\"name\":\"Daouda\",\"image\":{\"@type\":\"ImageObject\",\"@id\":\"https:\/\/www.nettali.com\/#personlogo\",\"inLanguage\":\"fr-FR\",\"url\":\"https:\/\/secure.gravatar.com\/avatar\/8d143b5a49345098ddcfee1c49c2f47c?s=96&d=mm&r=g\",\"contentUrl\":\"https:\/\/secure.gravatar.com\/avatar\/8d143b5a49345098ddcfee1c49c2f47c?s=96&d=mm&r=g\",\"caption\":\"Daouda\"},\"sameAs\":[\"https:\/\/www.nettali.com\"]}]}<\/script>\n<!-- \/ Yoast SEO Premium plugin. -->","yoast_head_json":{"title":"62e ANNIVERSAIRE DE L\u2019INDEPENDANCE DU SENEGAL - L'int\u00e9gralit\u00e9 du discours de Macky | Nettali.com","robots":{"index":"index","follow":"follow","max-snippet":"max-snippet:-1","max-image-preview":"max-image-preview:large","max-video-preview":"max-video-preview:-1"},"canonical":"https:\/\/www.nettali.com\/2022\/04\/03\/62e-anniversaire-de-lindependance-du-senegal-lintegralite-du-discours-de-macky\/","og_locale":"fr_FR","og_type":"article","og_title":"62e ANNIVERSAIRE DE L\u2019INDEPENDANCE DU SENEGAL - L'int\u00e9gralit\u00e9 du discours de Macky","og_description":"NETTALI.COM - A la veille de la c\u00e9l\u00e9bration de la f\u00eate de l'ind\u00e9pendance du S\u00e9n\u00e9gal, le pr\u00e9sident de la\u00a0 R\u00e9publique, Macky Sall, a adress\u00e9 un message au peuple. Voici l'int\u00e9gralit\u00e9 de son discours. Mes chers compatriotes, Demain, 4 avril 2022, nous c\u00e9l\u00e9brons \u00e0 l\u2019unisson le 62e anniversaire de l\u2019ind\u00e9pendance de notre pays. A toutes et [&hellip;]","og_url":"https:\/\/www.nettali.com\/2022\/04\/03\/62e-anniversaire-de-lindependance-du-senegal-lintegralite-du-discours-de-macky\/","og_site_name":"Nettali.com","article_publisher":"https:\/\/www.facebook.com\/nettalicom","article_published_time":"2022-04-03T20:57:05+00:00","article_modified_time":"2022-04-03T21:52:55+00:00","og_image":[{"width":1280,"height":724,"url":"https:\/\/www.nettali.com\/wp-content\/uploads\/2022\/04\/LMX_2859_2.jpeg","type":"image\/jpeg"}],"twitter_card":"summary_large_image","twitter_misc":{"\u00c9crit par":"Daouda","Dur\u00e9e de lecture estim\u00e9e":"9 minutes"},"schema":{"@context":"https:\/\/schema.org","@graph":[{"@type":"WebSite","@id":"https:\/\/www.nettali.com\/#website","url":"https:\/\/www.nettali.com\/","name":"Nettali.com","description":"Le rendez-vous critique du Net","potentialAction":[{"@type":"SearchAction","target":{"@type":"EntryPoint","urlTemplate":"https:\/\/www.nettali.com\/?s={search_term_string}"},"query-input":"required name=search_term_string"}],"inLanguage":"fr-FR"},{"@type":"ImageObject","@id":"https:\/\/www.nettali.com\/2022\/04\/03\/62e-anniversaire-de-lindependance-du-senegal-lintegralite-du-discours-de-macky\/#primaryimage","inLanguage":"fr-FR","url":"https:\/\/www.nettali.com\/wp-content\/uploads\/2022\/04\/LMX_2859_2.jpeg","contentUrl":"https:\/\/www.nettali.com\/wp-content\/uploads\/2022\/04\/LMX_2859_2.jpeg","width":1280,"height":724},{"@type":"WebPage","@id":"https:\/\/www.nettali.com\/2022\/04\/03\/62e-anniversaire-de-lindependance-du-senegal-lintegralite-du-discours-de-macky\/#webpage","url":"https:\/\/www.nettali.com\/2022\/04\/03\/62e-anniversaire-de-lindependance-du-senegal-lintegralite-du-discours-de-macky\/","name":"62e ANNIVERSAIRE DE L\u2019INDEPENDANCE DU SENEGAL - L'int\u00e9gralit\u00e9 du discours de Macky | Nettali.com","isPartOf":{"@id":"https:\/\/www.nettali.com\/#website"},"primaryImageOfPage":{"@id":"https:\/\/www.nettali.com\/2022\/04\/03\/62e-anniversaire-de-lindependance-du-senegal-lintegralite-du-discours-de-macky\/#primaryimage"},"datePublished":"2022-04-03T20:57:05+00:00","dateModified":"2022-04-03T21:52:55+00:00","author":{"@id":"https:\/\/www.nettali.com\/#\/schema\/person\/3317e0bb3aa1da309fbf7b2780901bf4"},"breadcrumb":{"@id":"https:\/\/www.nettali.com\/2022\/04\/03\/62e-anniversaire-de-lindependance-du-senegal-lintegralite-du-discours-de-macky\/#breadcrumb"},"inLanguage":"fr-FR","potentialAction":[{"@type":"ReadAction","target":["https:\/\/www.nettali.com\/2022\/04\/03\/62e-anniversaire-de-lindependance-du-senegal-lintegralite-du-discours-de-macky\/"]}]},{"@type":"BreadcrumbList","@id":"https:\/\/www.nettali.com\/2022\/04\/03\/62e-anniversaire-de-lindependance-du-senegal-lintegralite-du-discours-de-macky\/#breadcrumb","itemListElement":[{"@type":"ListItem","position":1,"name":"Accueil","item":"https:\/\/www.nettali.com\/"},{"@type":"ListItem","position":2,"name":"62e ANNIVERSAIRE DE L\u2019INDEPENDANCE DU SENEGAL - L'int\u00e9gralit\u00e9 du discours de Macky"}]},{"@type":"Person","@id":"https:\/\/www.nettali.com\/#\/schema\/person\/3317e0bb3aa1da309fbf7b2780901bf4","name":"Daouda","image":{"@type":"ImageObject","@id":"https:\/\/www.nettali.com\/#personlogo","inLanguage":"fr-FR","url":"https:\/\/secure.gravatar.com\/avatar\/8d143b5a49345098ddcfee1c49c2f47c?s=96&d=mm&r=g","contentUrl":"https:\/\/secure.gravatar.com\/avatar\/8d143b5a49345098ddcfee1c49c2f47c?s=96&d=mm&r=g","caption":"Daouda"},"sameAs":["https:\/\/www.nettali.com"]}]}},"_links":{"self":[{"href":"https:\/\/www.nettali.com\/rest\/wp\/v2\/posts\/84161"}],"collection":[{"href":"https:\/\/www.nettali.com\/rest\/wp\/v2\/posts"}],"about":[{"href":"https:\/\/www.nettali.com\/rest\/wp\/v2\/types\/post"}],"author":[{"embeddable":true,"href":"https:\/\/www.nettali.com\/rest\/wp\/v2\/users\/4"}],"replies":[{"embeddable":true,"href":"https:\/\/www.nettali.com\/rest\/wp\/v2\/comments?post=84161"}],"version-history":[{"count":2,"href":"https:\/\/www.nettali.com\/rest\/wp\/v2\/posts\/84161\/revisions"}],"predecessor-version":[{"id":84166,"href":"https:\/\/www.nettali.com\/rest\/wp\/v2\/posts\/84161\/revisions\/84166"}],"wp:featuredmedia":[{"embeddable":true,"href":"https:\/\/www.nettali.com\/rest\/wp\/v2\/media\/84162"}],"wp:attachment":[{"href":"https:\/\/www.nettali.com\/rest\/wp\/v2\/media?parent=84161"}],"wp:term":[{"taxonomy":"category","embeddable":true,"href":"https:\/\/www.nettali.com\/rest\/wp\/v2\/categories?post=84161"},{"taxonomy":"post_tag","embeddable":true,"href":"https:\/\/www.nettali.com\/rest\/wp\/v2\/tags?post=84161"}],"curies":[{"name":"wp","href":"https:\/\/api.w.org\/{rel}","templated":true}]}}