{"id":84143,"date":"2022-04-03T16:43:23","date_gmt":"2022-04-03T16:43:23","guid":{"rendered":"https:\/\/www.nettali.com\/?p=84143"},"modified":"2022-04-03T16:46:28","modified_gmt":"2022-04-03T16:46:28","slug":"fete-de-lindependance-1-867-militaires-et-paramilitaires-au-defile-du-4-avril","status":"publish","type":"post","link":"https:\/\/www.nettali.com\/2022\/04\/03\/fete-de-lindependance-1-867-militaires-et-paramilitaires-au-defile-du-4-avril\/","title":{"rendered":"FETE DE LINDEPENDANCE : 1.867 militaires et paramilitaires au d\u00e9fil\u00e9 du 4 avril ce lundi"},"content":{"rendered":"<div>\n<p><strong>NETTALI.COM - Environ 1.867 militaires et paramilitaires, hommes et femmes, vont participer au d\u00e9fil\u00e9 de la f\u00eate de 4-avril, lundi, \u00e0 la Place de l\u2019Ind\u00e9pendance, informe la Direction des relations publiques des arm\u00e9es (DIRPA).<\/strong><\/p>\n<p>La f\u00eate du 4 avril comm\u00e9more chaque ann\u00e9e l\u2019anniversaire de l\u2019accession du S\u00e9n\u00e9gal \u00e0 la souverainet\u00e9 internationale. La 62e \u00e9dition sera c\u00e9l\u00e9br\u00e9e lundi sur toute l\u2019\u00e9tendue du territoire national, \u00e0 travers le th\u00e8me\u00a0: \"Forces de d\u00e9fense et de s\u00e9curit\u00e9 et r\u00e9silience nationale\".<\/p>\n<p>A Dakar, les festivit\u00e9s seront pr\u00e9sid\u00e9es par le chef de l\u2019Etat, Macky Sall, \u00e0 partir de 10 heures, \u00e0 la Place de l\u2019Ind\u00e9pendance, en pr\u00e9sence de hautes autorit\u00e9s civiles, diplomatiques, administratives et militaires.<br \/>\nLa c\u00e9r\u00e9monie sera marqu\u00e9e par une prise d\u2019armes, une c\u00e9r\u00e9monie de remise de d\u00e9corations, ainsi qu\u2019un d\u00e9fil\u00e9 \u00e0 pied d\u2019\u00e9coles de formation, de troupes militaires et paramilitaires.<\/p>\n<p>La musique principale des Forces arm\u00e9es va animer la manifestation.<br \/>\nCe dimanche soir, une retraite aux flambeaux est pr\u00e9vue \u00e0 partir de 20 heures dans les art\u00e8res de la capitale.<\/p>\n<\/div>\n<div class='share-to-whatsapp-wrapper'><div class='share-on-whsp'>PARTAGER SUR : <\/div><a data-text='FETE DE LINDEPENDANCE : 1.867 militaires et paramilitaires au d\u00e9fil\u00e9 du 4 avril ce lundi' data-link='https:\/\/www.nettali.com\/2022\/04\/03\/fete-de-lindependance-1-867-militaires-et-paramilitaires-au-defile-du-4-avril\/' class='whatsapp-button whatsapp-share'>WhatsApp<\/a><div class='clear '><\/div><\/div>","protected":false},"excerpt":{"rendered":"<p>NETTALI.COM - Environ 1.867 militaires et paramilitaires, hommes et femmes, vont participer au d\u00e9fil\u00e9 de la f\u00eate de 4-avril, lundi, \u00e0 la Place de l\u2019Ind\u00e9pendance, informe la Direction des relations publiques des arm\u00e9es (DIRPA). La f\u00eate du 4 avril comm\u00e9more chaque ann\u00e9e l\u2019anniversaire de l\u2019accession du S\u00e9n\u00e9gal \u00e0 la souverainet\u00e9 internationale. La 62e \u00e9dition sera [&hellip;]<\/p>\n","protected":false},"author":4,"featured_media":84145,"comment_status":"open","ping_status":"open","sticky":false,"template":"","format":"standard","meta":{"_et_pb_use_builder":"","_et_pb_old_content":""},"categories":[3],"tags":[],"yoast_head":"<!-- This site is optimized with the Yoast SEO Premium plugin v17.8 (Yoast SEO v17.8) - https:\/\/yoast.com\/wordpress\/plugins\/seo\/ -->\n<title>FETE DE LINDEPENDANCE : 1.867 militaires et paramilitaires au d\u00e9fil\u00e9 du 4 avril ce lundi | Nettali.com<\/title>\n<meta name=\"robots\" content=\"index, follow, max-snippet:-1, max-image-preview:large, max-video-preview:-1\" \/>\n<link rel=\"canonical\" href=\"https:\/\/www.nettali.com\/2022\/04\/03\/fete-de-lindependance-1-867-militaires-et-paramilitaires-au-defile-du-4-avril\/\" \/>\n<meta property=\"og:locale\" content=\"fr_FR\" \/>\n<meta property=\"og:type\" content=\"article\" \/>\n<meta property=\"og:title\" content=\"FETE DE LINDEPENDANCE : 1.867 militaires et paramilitaires au d\u00e9fil\u00e9 du 4 avril ce lundi\" \/>\n<meta property=\"og:description\" content=\"NETTALI.COM - Environ 1.867 militaires et paramilitaires, hommes et femmes, vont participer au d\u00e9fil\u00e9 de la f\u00eate de 4-avril, lundi, \u00e0 la Place de l\u2019Ind\u00e9pendance, informe la Direction des relations publiques des arm\u00e9es (DIRPA). La f\u00eate du 4 avril comm\u00e9more chaque ann\u00e9e l\u2019anniversaire de l\u2019accession du S\u00e9n\u00e9gal \u00e0 la souverainet\u00e9 internationale. La 62e \u00e9dition sera [&hellip;]\" \/>\n<meta property=\"og:url\" content=\"https:\/\/www.nettali.com\/2022\/04\/03\/fete-de-lindependance-1-867-militaires-et-paramilitaires-au-defile-du-4-avril\/\" \/>\n<meta property=\"og:site_name\" content=\"Nettali.com\" \/>\n<meta property=\"article:publisher\" content=\"https:\/\/www.facebook.com\/nettalicom\" \/>\n<meta property=\"article:published_time\" content=\"2022-04-03T16:43:23+00:00\" \/>\n<meta property=\"article:modified_time\" content=\"2022-04-03T16:46:28+00:00\" \/>\n<meta property=\"og:image\" content=\"https:\/\/www.nettali.com\/wp-content\/uploads\/2022\/04\/De\u0301file.jpeg\" \/>\n\t<meta property=\"og:image:width\" content=\"1024\" \/>\n\t<meta property=\"og:image:height\" content=\"543\" \/>\n<meta name=\"twitter:card\" content=\"summary_large_image\" \/>\n<meta name=\"twitter:label1\" content=\"\u00c9crit par\" \/>\n\t<meta name=\"twitter:data1\" content=\"Daouda\" \/>\n\t<meta name=\"twitter:label2\" content=\"Dur\u00e9e de lecture estim\u00e9e\" \/>\n\t<meta name=\"twitter:data2\" content=\"1 minute\" \/>\n<script type=\"application\/ld+json\" class=\"yoast-schema-graph\">{\"@context\":\"https:\/\/schema.org\",\"@graph\":[{\"@type\":\"WebSite\",\"@id\":\"https:\/\/www.nettali.com\/#website\",\"url\":\"https:\/\/www.nettali.com\/\",\"name\":\"Nettali.com\",\"description\":\"Le rendez-vous critique du Net\",\"potentialAction\":[{\"@type\":\"SearchAction\",\"target\":{\"@type\":\"EntryPoint\",\"urlTemplate\":\"https:\/\/www.nettali.com\/?s={search_term_string}\"},\"query-input\":\"required name=search_term_string\"}],\"inLanguage\":\"fr-FR\"},{\"@type\":\"ImageObject\",\"@id\":\"https:\/\/www.nettali.com\/2022\/04\/03\/fete-de-lindependance-1-867-militaires-et-paramilitaires-au-defile-du-4-avril\/#primaryimage\",\"inLanguage\":\"fr-FR\",\"url\":\"https:\/\/www.nettali.com\/wp-content\/uploads\/2022\/04\/De\\u0301file.jpeg\",\"contentUrl\":\"https:\/\/www.nettali.com\/wp-content\/uploads\/2022\/04\/De\\u0301file.jpeg\",\"width\":1024,\"height\":543},{\"@type\":\"WebPage\",\"@id\":\"https:\/\/www.nettali.com\/2022\/04\/03\/fete-de-lindependance-1-867-militaires-et-paramilitaires-au-defile-du-4-avril\/#webpage\",\"url\":\"https:\/\/www.nettali.com\/2022\/04\/03\/fete-de-lindependance-1-867-militaires-et-paramilitaires-au-defile-du-4-avril\/\",\"name\":\"FETE DE LINDEPENDANCE : 1.867 militaires et paramilitaires au d\\u00e9fil\\u00e9 du 4 avril ce lundi | Nettali.com\",\"isPartOf\":{\"@id\":\"https:\/\/www.nettali.com\/#website\"},\"primaryImageOfPage\":{\"@id\":\"https:\/\/www.nettali.com\/2022\/04\/03\/fete-de-lindependance-1-867-militaires-et-paramilitaires-au-defile-du-4-avril\/#primaryimage\"},\"datePublished\":\"2022-04-03T16:43:23+00:00\",\"dateModified\":\"2022-04-03T16:46:28+00:00\",\"author\":{\"@id\":\"https:\/\/www.nettali.com\/#\/schema\/person\/3317e0bb3aa1da309fbf7b2780901bf4\"},\"breadcrumb\":{\"@id\":\"https:\/\/www.nettali.com\/2022\/04\/03\/fete-de-lindependance-1-867-militaires-et-paramilitaires-au-defile-du-4-avril\/#breadcrumb\"},\"inLanguage\":\"fr-FR\",\"potentialAction\":[{\"@type\":\"ReadAction\",\"target\":[\"https:\/\/www.nettali.com\/2022\/04\/03\/fete-de-lindependance-1-867-militaires-et-paramilitaires-au-defile-du-4-avril\/\"]}]},{\"@type\":\"BreadcrumbList\",\"@id\":\"https:\/\/www.nettali.com\/2022\/04\/03\/fete-de-lindependance-1-867-militaires-et-paramilitaires-au-defile-du-4-avril\/#breadcrumb\",\"itemListElement\":[{\"@type\":\"ListItem\",\"position\":1,\"name\":\"Accueil\",\"item\":\"https:\/\/www.nettali.com\/\"},{\"@type\":\"ListItem\",\"position\":2,\"name\":\"FETE DE LINDEPENDANCE : 1.867 militaires et paramilitaires au d\\u00e9fil\\u00e9 du 4 avril ce lundi\"}]},{\"@type\":\"Person\",\"@id\":\"https:\/\/www.nettali.com\/#\/schema\/person\/3317e0bb3aa1da309fbf7b2780901bf4\",\"name\":\"Daouda\",\"image\":{\"@type\":\"ImageObject\",\"@id\":\"https:\/\/www.nettali.com\/#personlogo\",\"inLanguage\":\"fr-FR\",\"url\":\"https:\/\/secure.gravatar.com\/avatar\/8d143b5a49345098ddcfee1c49c2f47c?s=96&d=mm&r=g\",\"contentUrl\":\"https:\/\/secure.gravatar.com\/avatar\/8d143b5a49345098ddcfee1c49c2f47c?s=96&d=mm&r=g\",\"caption\":\"Daouda\"},\"sameAs\":[\"https:\/\/www.nettali.com\"]}]}<\/script>\n<!-- \/ Yoast SEO Premium plugin. -->","yoast_head_json":{"title":"FETE DE LINDEPENDANCE : 1.867 militaires et paramilitaires au d\u00e9fil\u00e9 du 4 avril ce lundi | Nettali.com","robots":{"index":"index","follow":"follow","max-snippet":"max-snippet:-1","max-image-preview":"max-image-preview:large","max-video-preview":"max-video-preview:-1"},"canonical":"https:\/\/www.nettali.com\/2022\/04\/03\/fete-de-lindependance-1-867-militaires-et-paramilitaires-au-defile-du-4-avril\/","og_locale":"fr_FR","og_type":"article","og_title":"FETE DE LINDEPENDANCE : 1.867 militaires et paramilitaires au d\u00e9fil\u00e9 du 4 avril ce lundi","og_description":"NETTALI.COM - Environ 1.867 militaires et paramilitaires, hommes et femmes, vont participer au d\u00e9fil\u00e9 de la f\u00eate de 4-avril, lundi, \u00e0 la Place de l\u2019Ind\u00e9pendance, informe la Direction des relations publiques des arm\u00e9es (DIRPA). La f\u00eate du 4 avril comm\u00e9more chaque ann\u00e9e l\u2019anniversaire de l\u2019accession du S\u00e9n\u00e9gal \u00e0 la souverainet\u00e9 internationale. La 62e \u00e9dition sera [&hellip;]","og_url":"https:\/\/www.nettali.com\/2022\/04\/03\/fete-de-lindependance-1-867-militaires-et-paramilitaires-au-defile-du-4-avril\/","og_site_name":"Nettali.com","article_publisher":"https:\/\/www.facebook.com\/nettalicom","article_published_time":"2022-04-03T16:43:23+00:00","article_modified_time":"2022-04-03T16:46:28+00:00","og_image":[{"width":1024,"height":543,"url":"https:\/\/www.nettali.com\/wp-content\/uploads\/2022\/04\/De\u0301file.jpeg","type":"image\/jpeg"}],"twitter_card":"summary_large_image","twitter_misc":{"\u00c9crit par":"Daouda","Dur\u00e9e de lecture estim\u00e9e":"1 minute"},"schema":{"@context":"https:\/\/schema.org","@graph":[{"@type":"WebSite","@id":"https:\/\/www.nettali.com\/#website","url":"https:\/\/www.nettali.com\/","name":"Nettali.com","description":"Le rendez-vous critique du Net","potentialAction":[{"@type":"SearchAction","target":{"@type":"EntryPoint","urlTemplate":"https:\/\/www.nettali.com\/?s={search_term_string}"},"query-input":"required name=search_term_string"}],"inLanguage":"fr-FR"},{"@type":"ImageObject","@id":"https:\/\/www.nettali.com\/2022\/04\/03\/fete-de-lindependance-1-867-militaires-et-paramilitaires-au-defile-du-4-avril\/#primaryimage","inLanguage":"fr-FR","url":"https:\/\/www.nettali.com\/wp-content\/uploads\/2022\/04\/De\u0301file.jpeg","contentUrl":"https:\/\/www.nettali.com\/wp-content\/uploads\/2022\/04\/De\u0301file.jpeg","width":1024,"height":543},{"@type":"WebPage","@id":"https:\/\/www.nettali.com\/2022\/04\/03\/fete-de-lindependance-1-867-militaires-et-paramilitaires-au-defile-du-4-avril\/#webpage","url":"https:\/\/www.nettali.com\/2022\/04\/03\/fete-de-lindependance-1-867-militaires-et-paramilitaires-au-defile-du-4-avril\/","name":"FETE DE LINDEPENDANCE : 1.867 militaires et paramilitaires au d\u00e9fil\u00e9 du 4 avril ce lundi | Nettali.com","isPartOf":{"@id":"https:\/\/www.nettali.com\/#website"},"primaryImageOfPage":{"@id":"https:\/\/www.nettali.com\/2022\/04\/03\/fete-de-lindependance-1-867-militaires-et-paramilitaires-au-defile-du-4-avril\/#primaryimage"},"datePublished":"2022-04-03T16:43:23+00:00","dateModified":"2022-04-03T16:46:28+00:00","author":{"@id":"https:\/\/www.nettali.com\/#\/schema\/person\/3317e0bb3aa1da309fbf7b2780901bf4"},"breadcrumb":{"@id":"https:\/\/www.nettali.com\/2022\/04\/03\/fete-de-lindependance-1-867-militaires-et-paramilitaires-au-defile-du-4-avril\/#breadcrumb"},"inLanguage":"fr-FR","potentialAction":[{"@type":"ReadAction","target":["https:\/\/www.nettali.com\/2022\/04\/03\/fete-de-lindependance-1-867-militaires-et-paramilitaires-au-defile-du-4-avril\/"]}]},{"@type":"BreadcrumbList","@id":"https:\/\/www.nettali.com\/2022\/04\/03\/fete-de-lindependance-1-867-militaires-et-paramilitaires-au-defile-du-4-avril\/#breadcrumb","itemListElement":[{"@type":"ListItem","position":1,"name":"Accueil","item":"https:\/\/www.nettali.com\/"},{"@type":"ListItem","position":2,"name":"FETE DE LINDEPENDANCE : 1.867 militaires et paramilitaires au d\u00e9fil\u00e9 du 4 avril ce lundi"}]},{"@type":"Person","@id":"https:\/\/www.nettali.com\/#\/schema\/person\/3317e0bb3aa1da309fbf7b2780901bf4","name":"Daouda","image":{"@type":"ImageObject","@id":"https:\/\/www.nettali.com\/#personlogo","inLanguage":"fr-FR","url":"https:\/\/secure.gravatar.com\/avatar\/8d143b5a49345098ddcfee1c49c2f47c?s=96&d=mm&r=g","contentUrl":"https:\/\/secure.gravatar.com\/avatar\/8d143b5a49345098ddcfee1c49c2f47c?s=96&d=mm&r=g","caption":"Daouda"},"sameAs":["https:\/\/www.nettali.com"]}]}},"_links":{"self":[{"href":"https:\/\/www.nettali.com\/rest\/wp\/v2\/posts\/84143"}],"collection":[{"href":"https:\/\/www.nettali.com\/rest\/wp\/v2\/posts"}],"about":[{"href":"https:\/\/www.nettali.com\/rest\/wp\/v2\/types\/post"}],"author":[{"embeddable":true,"href":"https:\/\/www.nettali.com\/rest\/wp\/v2\/users\/4"}],"replies":[{"embeddable":true,"href":"https:\/\/www.nettali.com\/rest\/wp\/v2\/comments?post=84143"}],"version-history":[{"count":2,"href":"https:\/\/www.nettali.com\/rest\/wp\/v2\/posts\/84143\/revisions"}],"predecessor-version":[{"id":84146,"href":"https:\/\/www.nettali.com\/rest\/wp\/v2\/posts\/84143\/revisions\/84146"}],"wp:featuredmedia":[{"embeddable":true,"href":"https:\/\/www.nettali.com\/rest\/wp\/v2\/media\/84145"}],"wp:attachment":[{"href":"https:\/\/www.nettali.com\/rest\/wp\/v2\/media?parent=84143"}],"wp:term":[{"taxonomy":"category","embeddable":true,"href":"https:\/\/www.nettali.com\/rest\/wp\/v2\/categories?post=84143"},{"taxonomy":"post_tag","embeddable":true,"href":"https:\/\/www.nettali.com\/rest\/wp\/v2\/tags?post=84143"}],"curies":[{"name":"wp","href":"https:\/\/api.w.org\/{rel}","templated":true}]}}