{"id":84102,"date":"2022-04-02T19:12:23","date_gmt":"2022-04-02T19:12:23","guid":{"rendered":"https:\/\/www.nettali.com\/?p=84102"},"modified":"2022-04-03T15:08:18","modified_gmt":"2022-04-03T15:08:18","slug":"wesley-sneijder-jespere-que-les-pays-bas-et-le-qatar-se-qualifieront","status":"publish","type":"post","link":"https:\/\/www.nettali.com\/2022\/04\/02\/wesley-sneijder-jespere-que-les-pays-bas-et-le-qatar-se-qualifieront\/","title":{"rendered":"WESLEY SNEIJDER - \"J\u2019esp\u00e8re que les Pays-Bas et le Qatar se qualifieront\""},"content":{"rendered":"<p><strong>NETTALI.COM - Les r\u00e9actions se multiplient apr\u00e8s le tirage au sort de la coupe du monde 2022. Demi-finaliste du Mondial 2010, Wesley Sneijder a analys\u00e9 la poule A compos\u00e9e du Qatar, du S\u00e9n\u00e9gal, de l\u2019Equateur et du Qatar.<\/strong><\/p>\n<p>Interrog\u00e9 par le m\u00e9dia hollandais De Telegraaf, l\u2019ancien capitaine des Pays-Bas ne doute pas des chances de qualification des Pays-Bas.<\/p>\n<p>\"\u00a0<em>Je crois \u00e0 cent pour cent que l\u2019\u00e9quipe nationale va passer. Nous sommes les favoris<\/em> \", a fait savoir la l\u00e9gende des Oranje.<\/p>\n<p>\" <em>Mais avec tous ces Br\u00e9siliens naturalis\u00e9s, le Qatar a une belle \u00e9quipe qui essaie de jouer au football \u00e0 l\u2019europ\u00e9enne. J\u2019esp\u00e8re que les Pays-Bas et le Qatar se qualifieront pour la phase \u00e0 \u00e9limination directe\u00a0<\/em>\", a-t-il d\u00e9clar\u00e9.<\/p>\n<div class='share-to-whatsapp-wrapper'><div class='share-on-whsp'>PARTAGER SUR : <\/div><a data-text='WESLEY SNEIJDER - \"J\u2019esp\u00e8re que les Pays-Bas et le Qatar se qualifieront\"' data-link='https:\/\/www.nettali.com\/2022\/04\/02\/wesley-sneijder-jespere-que-les-pays-bas-et-le-qatar-se-qualifieront\/' class='whatsapp-button whatsapp-share'>WhatsApp<\/a><div class='clear '><\/div><\/div>","protected":false},"excerpt":{"rendered":"<p>NETTALI.COM - Les r\u00e9actions se multiplient apr\u00e8s le tirage au sort de la coupe du monde 2022. Demi-finaliste du Mondial 2010, Wesley Sneijder a analys\u00e9 la poule A compos\u00e9e du Qatar, du S\u00e9n\u00e9gal, de l\u2019Equateur et du Qatar. Interrog\u00e9 par le m\u00e9dia hollandais De Telegraaf, l\u2019ancien capitaine des Pays-Bas ne doute pas des chances de [&hellip;]<\/p>\n","protected":false},"author":5,"featured_media":84103,"comment_status":"open","ping_status":"open","sticky":false,"template":"","format":"standard","meta":{"_et_pb_use_builder":"","_et_pb_old_content":""},"categories":[6],"tags":[],"yoast_head":"<!-- This site is optimized with the Yoast SEO Premium plugin v17.8 (Yoast SEO v17.8) - https:\/\/yoast.com\/wordpress\/plugins\/seo\/ -->\n<title>WESLEY SNEIJDER - &quot;J\u2019esp\u00e8re que les Pays-Bas et le Qatar se qualifieront&quot; | Nettali.com<\/title>\n<meta name=\"robots\" content=\"index, follow, max-snippet:-1, max-image-preview:large, max-video-preview:-1\" \/>\n<link rel=\"canonical\" href=\"https:\/\/www.nettali.com\/2022\/04\/02\/wesley-sneijder-jespere-que-les-pays-bas-et-le-qatar-se-qualifieront\/\" \/>\n<meta property=\"og:locale\" content=\"fr_FR\" \/>\n<meta property=\"og:type\" content=\"article\" \/>\n<meta property=\"og:title\" content=\"WESLEY SNEIJDER - &quot;J\u2019esp\u00e8re que les Pays-Bas et le Qatar se qualifieront&quot;\" \/>\n<meta property=\"og:description\" content=\"NETTALI.COM - Les r\u00e9actions se multiplient apr\u00e8s le tirage au sort de la coupe du monde 2022. Demi-finaliste du Mondial 2010, Wesley Sneijder a analys\u00e9 la poule A compos\u00e9e du Qatar, du S\u00e9n\u00e9gal, de l\u2019Equateur et du Qatar. Interrog\u00e9 par le m\u00e9dia hollandais De Telegraaf, l\u2019ancien capitaine des Pays-Bas ne doute pas des chances de [&hellip;]\" \/>\n<meta property=\"og:url\" content=\"https:\/\/www.nettali.com\/2022\/04\/02\/wesley-sneijder-jespere-que-les-pays-bas-et-le-qatar-se-qualifieront\/\" \/>\n<meta property=\"og:site_name\" content=\"Nettali.com\" \/>\n<meta property=\"article:publisher\" content=\"https:\/\/www.facebook.com\/nettalicom\" \/>\n<meta property=\"article:published_time\" content=\"2022-04-02T19:12:23+00:00\" \/>\n<meta property=\"article:modified_time\" content=\"2022-04-03T15:08:18+00:00\" \/>\n<meta property=\"og:image\" content=\"https:\/\/www.nettali.com\/wp-content\/uploads\/2022\/04\/sneijder-1.jpg\" \/>\n\t<meta property=\"og:image:width\" content=\"1200\" \/>\n\t<meta property=\"og:image:height\" content=\"630\" \/>\n<meta name=\"twitter:card\" content=\"summary_large_image\" \/>\n<meta name=\"twitter:label1\" content=\"\u00c9crit par\" \/>\n\t<meta name=\"twitter:data1\" content=\"Ibrahima\" \/>\n\t<meta name=\"twitter:label2\" content=\"Dur\u00e9e de lecture estim\u00e9e\" \/>\n\t<meta name=\"twitter:data2\" content=\"1 minute\" \/>\n<script type=\"application\/ld+json\" class=\"yoast-schema-graph\">{\"@context\":\"https:\/\/schema.org\",\"@graph\":[{\"@type\":\"WebSite\",\"@id\":\"https:\/\/www.nettali.com\/#website\",\"url\":\"https:\/\/www.nettali.com\/\",\"name\":\"Nettali.com\",\"description\":\"Le rendez-vous critique du Net\",\"potentialAction\":[{\"@type\":\"SearchAction\",\"target\":{\"@type\":\"EntryPoint\",\"urlTemplate\":\"https:\/\/www.nettali.com\/?s={search_term_string}\"},\"query-input\":\"required name=search_term_string\"}],\"inLanguage\":\"fr-FR\"},{\"@type\":\"ImageObject\",\"@id\":\"https:\/\/www.nettali.com\/2022\/04\/02\/wesley-sneijder-jespere-que-les-pays-bas-et-le-qatar-se-qualifieront\/#primaryimage\",\"inLanguage\":\"fr-FR\",\"url\":\"https:\/\/www.nettali.com\/wp-content\/uploads\/2022\/04\/sneijder-1.jpg\",\"contentUrl\":\"https:\/\/www.nettali.com\/wp-content\/uploads\/2022\/04\/sneijder-1.jpg\",\"width\":1200,\"height\":630},{\"@type\":\"WebPage\",\"@id\":\"https:\/\/www.nettali.com\/2022\/04\/02\/wesley-sneijder-jespere-que-les-pays-bas-et-le-qatar-se-qualifieront\/#webpage\",\"url\":\"https:\/\/www.nettali.com\/2022\/04\/02\/wesley-sneijder-jespere-que-les-pays-bas-et-le-qatar-se-qualifieront\/\",\"name\":\"WESLEY SNEIJDER - \\\"J\\u2019esp\\u00e8re que les Pays-Bas et le Qatar se qualifieront\\\" | Nettali.com\",\"isPartOf\":{\"@id\":\"https:\/\/www.nettali.com\/#website\"},\"primaryImageOfPage\":{\"@id\":\"https:\/\/www.nettali.com\/2022\/04\/02\/wesley-sneijder-jespere-que-les-pays-bas-et-le-qatar-se-qualifieront\/#primaryimage\"},\"datePublished\":\"2022-04-02T19:12:23+00:00\",\"dateModified\":\"2022-04-03T15:08:18+00:00\",\"author\":{\"@id\":\"https:\/\/www.nettali.com\/#\/schema\/person\/bb147657c2986240405a608162b9bb23\"},\"breadcrumb\":{\"@id\":\"https:\/\/www.nettali.com\/2022\/04\/02\/wesley-sneijder-jespere-que-les-pays-bas-et-le-qatar-se-qualifieront\/#breadcrumb\"},\"inLanguage\":\"fr-FR\",\"potentialAction\":[{\"@type\":\"ReadAction\",\"target\":[\"https:\/\/www.nettali.com\/2022\/04\/02\/wesley-sneijder-jespere-que-les-pays-bas-et-le-qatar-se-qualifieront\/\"]}]},{\"@type\":\"BreadcrumbList\",\"@id\":\"https:\/\/www.nettali.com\/2022\/04\/02\/wesley-sneijder-jespere-que-les-pays-bas-et-le-qatar-se-qualifieront\/#breadcrumb\",\"itemListElement\":[{\"@type\":\"ListItem\",\"position\":1,\"name\":\"Accueil\",\"item\":\"https:\/\/www.nettali.com\/\"},{\"@type\":\"ListItem\",\"position\":2,\"name\":\"WESLEY SNEIJDER - \\\"J\\u2019esp\\u00e8re que les Pays-Bas et le Qatar se qualifieront\\\"\"}]},{\"@type\":\"Person\",\"@id\":\"https:\/\/www.nettali.com\/#\/schema\/person\/bb147657c2986240405a608162b9bb23\",\"name\":\"Ibrahima\",\"image\":{\"@type\":\"ImageObject\",\"@id\":\"https:\/\/www.nettali.com\/#personlogo\",\"inLanguage\":\"fr-FR\",\"url\":\"https:\/\/secure.gravatar.com\/avatar\/26a8a81f09f0dd7624c9d5c36c9ba3a2?s=96&d=mm&r=g\",\"contentUrl\":\"https:\/\/secure.gravatar.com\/avatar\/26a8a81f09f0dd7624c9d5c36c9ba3a2?s=96&d=mm&r=g\",\"caption\":\"Ibrahima\"},\"sameAs\":[\"https:\/\/www.nettali.com\"]}]}<\/script>\n<!-- \/ Yoast SEO Premium plugin. -->","yoast_head_json":{"title":"WESLEY SNEIJDER - \"J\u2019esp\u00e8re que les Pays-Bas et le Qatar se qualifieront\" | Nettali.com","robots":{"index":"index","follow":"follow","max-snippet":"max-snippet:-1","max-image-preview":"max-image-preview:large","max-video-preview":"max-video-preview:-1"},"canonical":"https:\/\/www.nettali.com\/2022\/04\/02\/wesley-sneijder-jespere-que-les-pays-bas-et-le-qatar-se-qualifieront\/","og_locale":"fr_FR","og_type":"article","og_title":"WESLEY SNEIJDER - \"J\u2019esp\u00e8re que les Pays-Bas et le Qatar se qualifieront\"","og_description":"NETTALI.COM - Les r\u00e9actions se multiplient apr\u00e8s le tirage au sort de la coupe du monde 2022. Demi-finaliste du Mondial 2010, Wesley Sneijder a analys\u00e9 la poule A compos\u00e9e du Qatar, du S\u00e9n\u00e9gal, de l\u2019Equateur et du Qatar. Interrog\u00e9 par le m\u00e9dia hollandais De Telegraaf, l\u2019ancien capitaine des Pays-Bas ne doute pas des chances de [&hellip;]","og_url":"https:\/\/www.nettali.com\/2022\/04\/02\/wesley-sneijder-jespere-que-les-pays-bas-et-le-qatar-se-qualifieront\/","og_site_name":"Nettali.com","article_publisher":"https:\/\/www.facebook.com\/nettalicom","article_published_time":"2022-04-02T19:12:23+00:00","article_modified_time":"2022-04-03T15:08:18+00:00","og_image":[{"width":1200,"height":630,"url":"https:\/\/www.nettali.com\/wp-content\/uploads\/2022\/04\/sneijder-1.jpg","type":"image\/jpeg"}],"twitter_card":"summary_large_image","twitter_misc":{"\u00c9crit par":"Ibrahima","Dur\u00e9e de lecture estim\u00e9e":"1 minute"},"schema":{"@context":"https:\/\/schema.org","@graph":[{"@type":"WebSite","@id":"https:\/\/www.nettali.com\/#website","url":"https:\/\/www.nettali.com\/","name":"Nettali.com","description":"Le rendez-vous critique du Net","potentialAction":[{"@type":"SearchAction","target":{"@type":"EntryPoint","urlTemplate":"https:\/\/www.nettali.com\/?s={search_term_string}"},"query-input":"required name=search_term_string"}],"inLanguage":"fr-FR"},{"@type":"ImageObject","@id":"https:\/\/www.nettali.com\/2022\/04\/02\/wesley-sneijder-jespere-que-les-pays-bas-et-le-qatar-se-qualifieront\/#primaryimage","inLanguage":"fr-FR","url":"https:\/\/www.nettali.com\/wp-content\/uploads\/2022\/04\/sneijder-1.jpg","contentUrl":"https:\/\/www.nettali.com\/wp-content\/uploads\/2022\/04\/sneijder-1.jpg","width":1200,"height":630},{"@type":"WebPage","@id":"https:\/\/www.nettali.com\/2022\/04\/02\/wesley-sneijder-jespere-que-les-pays-bas-et-le-qatar-se-qualifieront\/#webpage","url":"https:\/\/www.nettali.com\/2022\/04\/02\/wesley-sneijder-jespere-que-les-pays-bas-et-le-qatar-se-qualifieront\/","name":"WESLEY SNEIJDER - \"J\u2019esp\u00e8re que les Pays-Bas et le Qatar se qualifieront\" | Nettali.com","isPartOf":{"@id":"https:\/\/www.nettali.com\/#website"},"primaryImageOfPage":{"@id":"https:\/\/www.nettali.com\/2022\/04\/02\/wesley-sneijder-jespere-que-les-pays-bas-et-le-qatar-se-qualifieront\/#primaryimage"},"datePublished":"2022-04-02T19:12:23+00:00","dateModified":"2022-04-03T15:08:18+00:00","author":{"@id":"https:\/\/www.nettali.com\/#\/schema\/person\/bb147657c2986240405a608162b9bb23"},"breadcrumb":{"@id":"https:\/\/www.nettali.com\/2022\/04\/02\/wesley-sneijder-jespere-que-les-pays-bas-et-le-qatar-se-qualifieront\/#breadcrumb"},"inLanguage":"fr-FR","potentialAction":[{"@type":"ReadAction","target":["https:\/\/www.nettali.com\/2022\/04\/02\/wesley-sneijder-jespere-que-les-pays-bas-et-le-qatar-se-qualifieront\/"]}]},{"@type":"BreadcrumbList","@id":"https:\/\/www.nettali.com\/2022\/04\/02\/wesley-sneijder-jespere-que-les-pays-bas-et-le-qatar-se-qualifieront\/#breadcrumb","itemListElement":[{"@type":"ListItem","position":1,"name":"Accueil","item":"https:\/\/www.nettali.com\/"},{"@type":"ListItem","position":2,"name":"WESLEY SNEIJDER - \"J\u2019esp\u00e8re que les Pays-Bas et le Qatar se qualifieront\""}]},{"@type":"Person","@id":"https:\/\/www.nettali.com\/#\/schema\/person\/bb147657c2986240405a608162b9bb23","name":"Ibrahima","image":{"@type":"ImageObject","@id":"https:\/\/www.nettali.com\/#personlogo","inLanguage":"fr-FR","url":"https:\/\/secure.gravatar.com\/avatar\/26a8a81f09f0dd7624c9d5c36c9ba3a2?s=96&d=mm&r=g","contentUrl":"https:\/\/secure.gravatar.com\/avatar\/26a8a81f09f0dd7624c9d5c36c9ba3a2?s=96&d=mm&r=g","caption":"Ibrahima"},"sameAs":["https:\/\/www.nettali.com"]}]}},"_links":{"self":[{"href":"https:\/\/www.nettali.com\/rest\/wp\/v2\/posts\/84102"}],"collection":[{"href":"https:\/\/www.nettali.com\/rest\/wp\/v2\/posts"}],"about":[{"href":"https:\/\/www.nettali.com\/rest\/wp\/v2\/types\/post"}],"author":[{"embeddable":true,"href":"https:\/\/www.nettali.com\/rest\/wp\/v2\/users\/5"}],"replies":[{"embeddable":true,"href":"https:\/\/www.nettali.com\/rest\/wp\/v2\/comments?post=84102"}],"version-history":[{"count":2,"href":"https:\/\/www.nettali.com\/rest\/wp\/v2\/posts\/84102\/revisions"}],"predecessor-version":[{"id":84109,"href":"https:\/\/www.nettali.com\/rest\/wp\/v2\/posts\/84102\/revisions\/84109"}],"wp:featuredmedia":[{"embeddable":true,"href":"https:\/\/www.nettali.com\/rest\/wp\/v2\/media\/84103"}],"wp:attachment":[{"href":"https:\/\/www.nettali.com\/rest\/wp\/v2\/media?parent=84102"}],"wp:term":[{"taxonomy":"category","embeddable":true,"href":"https:\/\/www.nettali.com\/rest\/wp\/v2\/categories?post=84102"},{"taxonomy":"post_tag","embeddable":true,"href":"https:\/\/www.nettali.com\/rest\/wp\/v2\/tags?post=84102"}],"curies":[{"name":"wp","href":"https:\/\/api.w.org\/{rel}","templated":true}]}}