{"id":84024,"date":"2022-04-01T09:55:20","date_gmt":"2022-04-01T09:55:20","guid":{"rendered":"https:\/\/www.nettali.com\/?p=84024"},"modified":"2022-04-01T17:58:12","modified_gmt":"2022-04-01T17:58:12","slug":"contre-forum-serigne-mbaye-thiam-repond-a-barth","status":"publish","type":"post","link":"https:\/\/www.nettali.com\/2022\/04\/01\/contre-forum-serigne-mbaye-thiam-repond-a-barth\/","title":{"rendered":"CONTRE-FORUM  - Serigne Mbaye Thiam r\u00e9pond \u00e0 Barth'"},"content":{"rendered":"<p><strong>NETTALI.COM - Serigne Mbaye Thiam, ministre de l'Eau et de l'Assainissement, revient sur le forum mondial tenu derni\u00e8rement \u00e0 Dakar, en abordant le boycott de la mairie de la capitale. Le ministre a aussi liste les retomb\u00e9es pour le S\u00e9n\u00e9gal.<\/strong><\/p>\n<p>En organisant un contre-Forum de l'eau, le maire de Dakar , Barthelemy Dias, indexait une d\u00e9marche solitaire du pouvoir central et n'a pas manqu\u00e9 de lister les probl\u00e8mes auxquels la capitale est confront\u00e9e. Dans un entretien\u00a0 avec Enqu\u00eate, paru vendredi, le ministre Serigne Mbaye Thiam apporte des pr\u00e9cisions \u00e0 ce sujet . \"Il faut rappeler que le Forum mondial de Dakar avait une dimension mondiale et a offert une opportunit\u00e9 tr\u00e8s marquante d\u2019\u00e9valuation des acquis et contraintes pour l\u2019atteinte des ODD ; il ne saurait donc repr\u00e9senter une instance de discussions confin\u00e9es \u00e0 des questions ponctuelles au niveau national. Il est vrai que les inondations sont devenues un ph\u00e9nom\u00e8ne cyclique, avec la r\u00e9ception de plus en plus de quantit\u00e9s d\u2019eau de pluie dans des zones mal loties o\u00f9 les \u00e9coulements de l\u2019eau sont bouch\u00e9s, causant ainsi des difficult\u00e9s \u00e9normes en mati\u00e8re de drainage. Mais depuis bient\u00f4t dix ans, la prise en charge des inondations s\u2019inscrit dans le cadre de r\u00e9ponses coordonn\u00e9es \u00e0 travers un programme d\u00e9cennal et des projets d\u2019urgence li\u00e9s \u00e0 des situations extr\u00eames et enfin les solutions durables d\u00e9finies dans le cadre du Progep 2, sans compter les actions essentielles de l\u2019Onas. Concernant la chert\u00e9 des factures d\u2019eau, je dois avouer que la grille tarifaire des services d\u2019eau au S\u00e9n\u00e9gal fait partie de celles les plus abordables dans notre zone africaine. Mais puisque les r\u00e9clamations sont not\u00e9es tous azimuts, j\u2019avais ordonn\u00e9 la r\u00e9alisation d\u2019un audit de la facturation ; le processus a \u00e9t\u00e9 d\u00e9clench\u00e9 par la Sones et est actuellement en cours\", a expliqu\u00e9 le ministre de l'Eau et de l'Assainissement.<\/p>\n<p>\"Enfin, concernant la d\u00e9pollution de la baie de Hann, mentionne M. Thiam, les travaux ont effectivement d\u00e9marr\u00e9 et se poursuivent, car le financement a \u00e9t\u00e9 boucl\u00e9 avec 93 milliards F CFA disponibles. Les questions d\u2019eau, d\u2019assainissement et de gestion int\u00e9gr\u00e9e des ressources en eau n\u00e9cessitent de plus en plus une coop\u00e9ration \u00e9troite entre l\u2019\u00c9tat et toutes les cat\u00e9gories d\u2019acteurs ; ces questions ne m\u00e9ritent pas pol\u00e9mique\".<\/p>\n<p>Quid des retomb\u00e9es du forum pour notre pays ? Le ministre de l'Eau et de l'Assainissement souligne :\u00a0 \"Dans le cadre de ces projets, le S\u00e9n\u00e9gal a ainsi trouv\u00e9 aupr\u00e8s de la Bad un appui financier de plus de 26 milliards F CFA pour financer un nouveau projet d\u2019acc\u00e8s \u00e0 l\u2019eau potable et \u00e0 l\u2019assainissement, sans compter un concours exceptionnel de la Banque mondiale e confirm\u00e9 par son pr\u00e9sident venu participer au forum, qui pourra atteindre 500 millions USD (296 milliards F CFA) pour financer un grand projet sur la s\u00e9curit\u00e9 de l\u2019eau et de l\u2019assainissement. Un partenariat avec la Pologne, en perspective du forum, a aussi permis de ficeler une requ\u00eate de financement accept\u00e9e pour un montant de 40 milliards F CFA, afin de d\u00e9velopper des initiatives dans le domaine de l\u2019acc\u00e8s \u00e0 l\u2019eau et \u00e0 l\u2019assainissement, dans la gestion int\u00e9gr\u00e9e des ressources en eau et dans la lutte contre les inondations. L\u2019USAID nous a \u00e9galement inform\u00e9s de la nouvelle op\u00e9ration de 1,2 milliard USD qu\u2019elle va d\u00e9velopper dans le domaine de l\u2019eau et de l\u2019assainissement, qui va couvrir plusieurs pays en Afrique dont le S\u00e9n\u00e9gal. Les perspectives s\u2019annoncent bien et mon d\u00e9partement continuera d\u2019y travailler, afin de pouvoir ainsi constituer un portefeuille d\u2019offres de financement qui pourra nous permettre de tenir avec succ\u00e8s une table-ronde des bailleurs de fonds, \u00e0 la suite de la prochaine validation du nouveau Programme d\u2019acc\u00e8s universel \u00e0 l\u2019eau, \u00e0 l\u2019occasion d\u2019un Conseil pr\u00e9sidentiel\".<\/p>\n<p>&nbsp;<\/p>\n<div class='share-to-whatsapp-wrapper'><div class='share-on-whsp'>PARTAGER SUR : <\/div><a data-text='CONTRE-FORUM  - Serigne Mbaye Thiam r\u00e9pond \u00e0 Barth'' data-link='https:\/\/www.nettali.com\/2022\/04\/01\/contre-forum-serigne-mbaye-thiam-repond-a-barth\/' class='whatsapp-button whatsapp-share'>WhatsApp<\/a><div class='clear '><\/div><\/div>","protected":false},"excerpt":{"rendered":"<p>NETTALI.COM - Serigne Mbaye Thiam, ministre de l'Eau et de l'Assainissement, revient sur le forum mondial tenu derni\u00e8rement \u00e0 Dakar, en abordant le boycott de la mairie de la capitale. Le ministre a aussi liste les retomb\u00e9es pour le S\u00e9n\u00e9gal. En organisant un contre-Forum de l'eau, le maire de Dakar , Barthelemy Dias, indexait une [&hellip;]<\/p>\n","protected":false},"author":11,"featured_media":84025,"comment_status":"open","ping_status":"open","sticky":false,"template":"","format":"standard","meta":{"_et_pb_use_builder":"","_et_pb_old_content":""},"categories":[3],"tags":[],"yoast_head":"<!-- This site is optimized with the Yoast SEO Premium plugin v17.8 (Yoast SEO v17.8) - https:\/\/yoast.com\/wordpress\/plugins\/seo\/ -->\n<title>CONTRE-FORUM - Serigne Mbaye Thiam r\u00e9pond \u00e0 Barth&#039; | Nettali.com<\/title>\n<meta name=\"robots\" content=\"index, follow, max-snippet:-1, max-image-preview:large, max-video-preview:-1\" \/>\n<link rel=\"canonical\" href=\"https:\/\/www.nettali.com\/2022\/04\/01\/contre-forum-serigne-mbaye-thiam-repond-a-barth\/\" \/>\n<meta property=\"og:locale\" content=\"fr_FR\" \/>\n<meta property=\"og:type\" content=\"article\" \/>\n<meta property=\"og:title\" content=\"CONTRE-FORUM - Serigne Mbaye Thiam r\u00e9pond \u00e0 Barth&#039;\" \/>\n<meta property=\"og:description\" content=\"NETTALI.COM - Serigne Mbaye Thiam, ministre de l&#039;Eau et de l&#039;Assainissement, revient sur le forum mondial tenu derni\u00e8rement \u00e0 Dakar, en abordant le boycott de la mairie de la capitale. Le ministre a aussi liste les retomb\u00e9es pour le S\u00e9n\u00e9gal. En organisant un contre-Forum de l&#039;eau, le maire de Dakar , Barthelemy Dias, indexait une [&hellip;]\" \/>\n<meta property=\"og:url\" content=\"https:\/\/www.nettali.com\/2022\/04\/01\/contre-forum-serigne-mbaye-thiam-repond-a-barth\/\" \/>\n<meta property=\"og:site_name\" content=\"Nettali.com\" \/>\n<meta property=\"article:publisher\" content=\"https:\/\/www.facebook.com\/nettalicom\" \/>\n<meta property=\"article:published_time\" content=\"2022-04-01T09:55:20+00:00\" \/>\n<meta property=\"article:modified_time\" content=\"2022-04-01T17:58:12+00:00\" \/>\n<meta property=\"og:image\" content=\"https:\/\/www.nettali.com\/wp-content\/uploads\/2022\/04\/bat.jpg\" \/>\n\t<meta property=\"og:image:width\" content=\"1242\" \/>\n\t<meta property=\"og:image:height\" content=\"1146\" \/>\n<meta name=\"twitter:card\" content=\"summary_large_image\" \/>\n<meta name=\"twitter:label1\" content=\"\u00c9crit par\" \/>\n\t<meta name=\"twitter:data1\" content=\"Thierno Diop\" \/>\n\t<meta name=\"twitter:label2\" content=\"Dur\u00e9e de lecture estim\u00e9e\" \/>\n\t<meta name=\"twitter:data2\" content=\"4 minutes\" \/>\n<script type=\"application\/ld+json\" class=\"yoast-schema-graph\">{\"@context\":\"https:\/\/schema.org\",\"@graph\":[{\"@type\":\"WebSite\",\"@id\":\"https:\/\/www.nettali.com\/#website\",\"url\":\"https:\/\/www.nettali.com\/\",\"name\":\"Nettali.com\",\"description\":\"Le rendez-vous critique du Net\",\"potentialAction\":[{\"@type\":\"SearchAction\",\"target\":{\"@type\":\"EntryPoint\",\"urlTemplate\":\"https:\/\/www.nettali.com\/?s={search_term_string}\"},\"query-input\":\"required name=search_term_string\"}],\"inLanguage\":\"fr-FR\"},{\"@type\":\"ImageObject\",\"@id\":\"https:\/\/www.nettali.com\/2022\/04\/01\/contre-forum-serigne-mbaye-thiam-repond-a-barth\/#primaryimage\",\"inLanguage\":\"fr-FR\",\"url\":\"https:\/\/www.nettali.com\/wp-content\/uploads\/2022\/04\/bat.jpg\",\"contentUrl\":\"https:\/\/www.nettali.com\/wp-content\/uploads\/2022\/04\/bat.jpg\",\"width\":1242,\"height\":1146},{\"@type\":\"WebPage\",\"@id\":\"https:\/\/www.nettali.com\/2022\/04\/01\/contre-forum-serigne-mbaye-thiam-repond-a-barth\/#webpage\",\"url\":\"https:\/\/www.nettali.com\/2022\/04\/01\/contre-forum-serigne-mbaye-thiam-repond-a-barth\/\",\"name\":\"CONTRE-FORUM - Serigne Mbaye Thiam r\\u00e9pond \\u00e0 Barth' | Nettali.com\",\"isPartOf\":{\"@id\":\"https:\/\/www.nettali.com\/#website\"},\"primaryImageOfPage\":{\"@id\":\"https:\/\/www.nettali.com\/2022\/04\/01\/contre-forum-serigne-mbaye-thiam-repond-a-barth\/#primaryimage\"},\"datePublished\":\"2022-04-01T09:55:20+00:00\",\"dateModified\":\"2022-04-01T17:58:12+00:00\",\"author\":{\"@id\":\"https:\/\/www.nettali.com\/#\/schema\/person\/8a06c6bd7b19304cf4bf985862900b5b\"},\"breadcrumb\":{\"@id\":\"https:\/\/www.nettali.com\/2022\/04\/01\/contre-forum-serigne-mbaye-thiam-repond-a-barth\/#breadcrumb\"},\"inLanguage\":\"fr-FR\",\"potentialAction\":[{\"@type\":\"ReadAction\",\"target\":[\"https:\/\/www.nettali.com\/2022\/04\/01\/contre-forum-serigne-mbaye-thiam-repond-a-barth\/\"]}]},{\"@type\":\"BreadcrumbList\",\"@id\":\"https:\/\/www.nettali.com\/2022\/04\/01\/contre-forum-serigne-mbaye-thiam-repond-a-barth\/#breadcrumb\",\"itemListElement\":[{\"@type\":\"ListItem\",\"position\":1,\"name\":\"Accueil\",\"item\":\"https:\/\/www.nettali.com\/\"},{\"@type\":\"ListItem\",\"position\":2,\"name\":\"CONTRE-FORUM - Serigne Mbaye Thiam r\\u00e9pond \\u00e0 Barth'\"}]},{\"@type\":\"Person\",\"@id\":\"https:\/\/www.nettali.com\/#\/schema\/person\/8a06c6bd7b19304cf4bf985862900b5b\",\"name\":\"Thierno Diop\",\"image\":{\"@type\":\"ImageObject\",\"@id\":\"https:\/\/www.nettali.com\/#personlogo\",\"inLanguage\":\"fr-FR\",\"url\":\"https:\/\/secure.gravatar.com\/avatar\/c8ca58550c94fd2ac856d27391a6c866?s=96&d=mm&r=g\",\"contentUrl\":\"https:\/\/secure.gravatar.com\/avatar\/c8ca58550c94fd2ac856d27391a6c866?s=96&d=mm&r=g\",\"caption\":\"Thierno Diop\"},\"sameAs\":[\"https:\/\/nettali.com\"]}]}<\/script>\n<!-- \/ Yoast SEO Premium plugin. -->","yoast_head_json":{"title":"CONTRE-FORUM - Serigne Mbaye Thiam r\u00e9pond \u00e0 Barth' | Nettali.com","robots":{"index":"index","follow":"follow","max-snippet":"max-snippet:-1","max-image-preview":"max-image-preview:large","max-video-preview":"max-video-preview:-1"},"canonical":"https:\/\/www.nettali.com\/2022\/04\/01\/contre-forum-serigne-mbaye-thiam-repond-a-barth\/","og_locale":"fr_FR","og_type":"article","og_title":"CONTRE-FORUM - Serigne Mbaye Thiam r\u00e9pond \u00e0 Barth'","og_description":"NETTALI.COM - Serigne Mbaye Thiam, ministre de l'Eau et de l'Assainissement, revient sur le forum mondial tenu derni\u00e8rement \u00e0 Dakar, en abordant le boycott de la mairie de la capitale. Le ministre a aussi liste les retomb\u00e9es pour le S\u00e9n\u00e9gal. En organisant un contre-Forum de l'eau, le maire de Dakar , Barthelemy Dias, indexait une [&hellip;]","og_url":"https:\/\/www.nettali.com\/2022\/04\/01\/contre-forum-serigne-mbaye-thiam-repond-a-barth\/","og_site_name":"Nettali.com","article_publisher":"https:\/\/www.facebook.com\/nettalicom","article_published_time":"2022-04-01T09:55:20+00:00","article_modified_time":"2022-04-01T17:58:12+00:00","og_image":[{"width":1242,"height":1146,"url":"https:\/\/www.nettali.com\/wp-content\/uploads\/2022\/04\/bat.jpg","type":"image\/jpeg"}],"twitter_card":"summary_large_image","twitter_misc":{"\u00c9crit par":"Thierno Diop","Dur\u00e9e de lecture estim\u00e9e":"4 minutes"},"schema":{"@context":"https:\/\/schema.org","@graph":[{"@type":"WebSite","@id":"https:\/\/www.nettali.com\/#website","url":"https:\/\/www.nettali.com\/","name":"Nettali.com","description":"Le rendez-vous critique du Net","potentialAction":[{"@type":"SearchAction","target":{"@type":"EntryPoint","urlTemplate":"https:\/\/www.nettali.com\/?s={search_term_string}"},"query-input":"required name=search_term_string"}],"inLanguage":"fr-FR"},{"@type":"ImageObject","@id":"https:\/\/www.nettali.com\/2022\/04\/01\/contre-forum-serigne-mbaye-thiam-repond-a-barth\/#primaryimage","inLanguage":"fr-FR","url":"https:\/\/www.nettali.com\/wp-content\/uploads\/2022\/04\/bat.jpg","contentUrl":"https:\/\/www.nettali.com\/wp-content\/uploads\/2022\/04\/bat.jpg","width":1242,"height":1146},{"@type":"WebPage","@id":"https:\/\/www.nettali.com\/2022\/04\/01\/contre-forum-serigne-mbaye-thiam-repond-a-barth\/#webpage","url":"https:\/\/www.nettali.com\/2022\/04\/01\/contre-forum-serigne-mbaye-thiam-repond-a-barth\/","name":"CONTRE-FORUM - Serigne Mbaye Thiam r\u00e9pond \u00e0 Barth' | Nettali.com","isPartOf":{"@id":"https:\/\/www.nettali.com\/#website"},"primaryImageOfPage":{"@id":"https:\/\/www.nettali.com\/2022\/04\/01\/contre-forum-serigne-mbaye-thiam-repond-a-barth\/#primaryimage"},"datePublished":"2022-04-01T09:55:20+00:00","dateModified":"2022-04-01T17:58:12+00:00","author":{"@id":"https:\/\/www.nettali.com\/#\/schema\/person\/8a06c6bd7b19304cf4bf985862900b5b"},"breadcrumb":{"@id":"https:\/\/www.nettali.com\/2022\/04\/01\/contre-forum-serigne-mbaye-thiam-repond-a-barth\/#breadcrumb"},"inLanguage":"fr-FR","potentialAction":[{"@type":"ReadAction","target":["https:\/\/www.nettali.com\/2022\/04\/01\/contre-forum-serigne-mbaye-thiam-repond-a-barth\/"]}]},{"@type":"BreadcrumbList","@id":"https:\/\/www.nettali.com\/2022\/04\/01\/contre-forum-serigne-mbaye-thiam-repond-a-barth\/#breadcrumb","itemListElement":[{"@type":"ListItem","position":1,"name":"Accueil","item":"https:\/\/www.nettali.com\/"},{"@type":"ListItem","position":2,"name":"CONTRE-FORUM - Serigne Mbaye Thiam r\u00e9pond \u00e0 Barth'"}]},{"@type":"Person","@id":"https:\/\/www.nettali.com\/#\/schema\/person\/8a06c6bd7b19304cf4bf985862900b5b","name":"Thierno Diop","image":{"@type":"ImageObject","@id":"https:\/\/www.nettali.com\/#personlogo","inLanguage":"fr-FR","url":"https:\/\/secure.gravatar.com\/avatar\/c8ca58550c94fd2ac856d27391a6c866?s=96&d=mm&r=g","contentUrl":"https:\/\/secure.gravatar.com\/avatar\/c8ca58550c94fd2ac856d27391a6c866?s=96&d=mm&r=g","caption":"Thierno Diop"},"sameAs":["https:\/\/nettali.com"]}]}},"_links":{"self":[{"href":"https:\/\/www.nettali.com\/rest\/wp\/v2\/posts\/84024"}],"collection":[{"href":"https:\/\/www.nettali.com\/rest\/wp\/v2\/posts"}],"about":[{"href":"https:\/\/www.nettali.com\/rest\/wp\/v2\/types\/post"}],"author":[{"embeddable":true,"href":"https:\/\/www.nettali.com\/rest\/wp\/v2\/users\/11"}],"replies":[{"embeddable":true,"href":"https:\/\/www.nettali.com\/rest\/wp\/v2\/comments?post=84024"}],"version-history":[{"count":2,"href":"https:\/\/www.nettali.com\/rest\/wp\/v2\/posts\/84024\/revisions"}],"predecessor-version":[{"id":84059,"href":"https:\/\/www.nettali.com\/rest\/wp\/v2\/posts\/84024\/revisions\/84059"}],"wp:featuredmedia":[{"embeddable":true,"href":"https:\/\/www.nettali.com\/rest\/wp\/v2\/media\/84025"}],"wp:attachment":[{"href":"https:\/\/www.nettali.com\/rest\/wp\/v2\/media?parent=84024"}],"wp:term":[{"taxonomy":"category","embeddable":true,"href":"https:\/\/www.nettali.com\/rest\/wp\/v2\/categories?post=84024"},{"taxonomy":"post_tag","embeddable":true,"href":"https:\/\/www.nettali.com\/rest\/wp\/v2\/tags?post=84024"}],"curies":[{"name":"wp","href":"https:\/\/api.w.org\/{rel}","templated":true}]}}