{"id":83918,"date":"2022-03-30T17:50:27","date_gmt":"2022-03-30T17:50:27","guid":{"rendered":"https:\/\/www.nettali.com\/?p=83918"},"modified":"2022-03-30T17:51:08","modified_gmt":"2022-03-30T17:51:08","slug":"orange-la-candidature-de-jacques-aschenbroich-validee-par-le-conseil-dadministration","status":"publish","type":"post","link":"https:\/\/www.nettali.com\/2022\/03\/30\/orange-la-candidature-de-jacques-aschenbroich-validee-par-le-conseil-dadministration\/","title":{"rendered":"ORANGE - La candidature de Jacques Aschenbroich valid\u00e9e par le conseil d'administration"},"content":{"rendered":"<div class=\"article-start\">\n<div class=\"article-chapo\">\n<p>NETTALI.COM - La candidature \u00e0 la pr\u00e9sidence d'Orange de Jacques Aschenbroich, 67 ans, actuellement \u00e0 la t\u00eate de Valeo, a \u00e9t\u00e9 valid\u00e9e par le conseil d'administration du groupe de t\u00e9l\u00e9coms qui s'est r\u00e9uni ce mercredi, alors que son profil crispe une partie des salari\u00e9s actionnaires.<\/p>\n<\/div>\n<\/div>\n<div class=\"article-image\">\n<div class=\"in\">La candidature \u00e0 la pr\u00e9sidence d'Orange de <a href=\"https:\/\/www.challenges.fr\/entreprise\/orange-secondee-par-jacques-aschenbroich-ex-valeo-christel-heydemann-devrait-etre-la-vraie-boss_806470\">Jacques Aschenbroich<\/a>, 67 ans, actuellement \u00e0 la t\u00eate de Valeo, a \u00e9t\u00e9 valid\u00e9e par le conseil d'administration du\u00a0<a href=\"https:\/\/www.challenges.fr\/entreprise\/les-telecoms-europeennes-raccrochent-les-wagons_805135\">groupe de t\u00e9l\u00e9coms\u00a0<\/a>qui s'est r\u00e9uni\u00a0mercredi, alors que son profil crispe une partie des salari\u00e9s actionnaires.\u00a0Premier actionnaire d'Orange, l'\u00c9tat soutiendra M. Aschenbroich, a confirm\u00e9 vendredi \u00e0 l'AFP le minist\u00e8re de l'\u00c9conomie.<\/div>\n<\/div>\n<div id=\"pub_inarticle1_ads\" data-google-query-id=\"CPbNxbux7vYCFUrX3godpPUAuw\">\n<p>Une fois approuv\u00e9e par le conseil d'administration, sa candidature devra encore \u00eatre ent\u00e9rin\u00e9e par l'assembl\u00e9e g\u00e9n\u00e9rale des actionnaires, le 19 mai.\u00a0Mais, pour aller au bout du mandat de quatre ans, M. Aschenbroich d\u00e9passera n\u00e9cessairement la limite d'\u00e2ge, que les statuts d'Orange fixent \u00e0 70 ans pour le pr\u00e9sident du conseil d'administration.<\/p>\n<div id=\"native \" class=\"\">\n<h2>\"Chacun sera dans son r\u00f4le\"<\/h2>\n<p>Ce crit\u00e8re d'\u00e2ge n'est qu'une \"modalit\u00e9\" qui ne devrait pas faire obstacle \u00e0 la candidature du pr\u00e9sident de Valeo, a assur\u00e9 le minist\u00e8re de l'\u00c9conomie.\u00a0En pratique, l'op\u00e9rateur souhaite pr\u00e9senter une r\u00e9solution pour qu'un mandat puisse se terminer au-del\u00e0 de l'\u00e2ge limite, a indiqu\u00e9 \u00e0 l'AFP une source au sein de l'entreprise.<\/p>\n<p>Les salari\u00e9s actionnaires, qui d\u00e9tiennent pr\u00e8s de 7% du capital et 10% des droits de vote, ont cependant d\u00e9j\u00e0 indiqu\u00e9 vouloir voter contre une telle modification des statuts lors de l'assembl\u00e9e g\u00e9n\u00e9rale.\u00a0Tout changement des statuts requiert le vote de la majorit\u00e9 des deux tiers pour \u00eatre approuv\u00e9. L'\u00c9tat d\u00e9tient pr\u00e8s de 23% des actions d'Orange, et contr\u00f4le autour de 29% des droits de vote.<\/p>\n<p>Le\u00a0<a href=\"https:\/\/www.challenges.fr\/high-tech\/telecoms\/orange-stephane-richard-laisse-un-bilan-mitige_780448\">d\u00e9part contraint de St\u00e9phane Richard<\/a>, PDG d'Orange depuis 2011 condamn\u00e9 en novembre dans l'affaire Tapie\/Cr\u00e9dit Lyonnais, a pr\u00e9cipit\u00e9 la nomination d'une nouvelle direction, dans le cadre d'une gouvernance dissoci\u00e9e.\u00a0Plusieurs groupes dont l'\u00c9tat est actionnaire ont mis en place une telle gouvernance, comme Renault, apr\u00e8s le d\u00e9part de Carlos Ghosn, ou Engie, o\u00f9 G\u00e9rard Mestrallet est pass\u00e9 en 2016 du poste de PDG \u00e0 celui de pr\u00e9sident non ex\u00e9cutif.<\/p>\n<p>Christel Heydemann, 47 ans, a \u00e9t\u00e9 nomm\u00e9e fin janvier au poste de directrice g\u00e9n\u00e9rale d'Orange pour une prise de fonction le 4 avril.\u00a0\"Elle est associ\u00e9e \u00e0 tout le processus concernant le choix du futur pr\u00e9sident\", assure-t-on au sein du groupe, pr\u00e9cisant que \"chacun sera dans son r\u00f4le\" dans le futur tandem.\u00a0M. Aschenbroich, qui dirigeait l'\u00e9quipementier automobile Valeo depuis 2009, a c\u00e9d\u00e9 les r\u00eanes op\u00e9rationnelles fin janvier, ne conservant que la pr\u00e9sidence. Son mandat court jusqu'en mai 2023.<\/p>\n<div id=\"pub_inarticle2_ads\"><\/div>\n<p>(Avec AFP)<\/p>\n<\/div>\n<h2><\/h2>\n<\/div>\n<div class='share-to-whatsapp-wrapper'><div class='share-on-whsp'>PARTAGER SUR : <\/div><a data-text='ORANGE - La candidature de Jacques Aschenbroich valid\u00e9e par le conseil d'administration' data-link='https:\/\/www.nettali.com\/2022\/03\/30\/orange-la-candidature-de-jacques-aschenbroich-validee-par-le-conseil-dadministration\/' class='whatsapp-button whatsapp-share'>WhatsApp<\/a><div class='clear '><\/div><\/div>","protected":false},"excerpt":{"rendered":"<p>NETTALI.COM - La candidature \u00e0 la pr\u00e9sidence d'Orange de Jacques Aschenbroich, 67 ans, actuellement \u00e0 la t\u00eate de Valeo, a \u00e9t\u00e9 valid\u00e9e par le conseil d'administration du groupe de t\u00e9l\u00e9coms qui s'est r\u00e9uni ce mercredi, alors que son profil crispe une partie des salari\u00e9s actionnaires. La candidature \u00e0 la pr\u00e9sidence d'Orange de Jacques Aschenbroich, 67 [&hellip;]<\/p>\n","protected":false},"author":11,"featured_media":83919,"comment_status":"open","ping_status":"open","sticky":false,"template":"","format":"standard","meta":{"_et_pb_use_builder":"","_et_pb_old_content":""},"categories":[8],"tags":[],"yoast_head":"<!-- This site is optimized with the Yoast SEO Premium plugin v17.8 (Yoast SEO v17.8) - https:\/\/yoast.com\/wordpress\/plugins\/seo\/ -->\n<title>ORANGE - La candidature de Jacques Aschenbroich valid\u00e9e par le conseil d&#039;administration | Nettali.com<\/title>\n<meta name=\"robots\" content=\"index, follow, max-snippet:-1, max-image-preview:large, max-video-preview:-1\" \/>\n<link rel=\"canonical\" href=\"https:\/\/www.nettali.com\/2022\/03\/30\/orange-la-candidature-de-jacques-aschenbroich-validee-par-le-conseil-dadministration\/\" \/>\n<meta property=\"og:locale\" content=\"fr_FR\" \/>\n<meta property=\"og:type\" content=\"article\" \/>\n<meta property=\"og:title\" content=\"ORANGE - La candidature de Jacques Aschenbroich valid\u00e9e par le conseil d&#039;administration\" \/>\n<meta property=\"og:description\" content=\"NETTALI.COM - La candidature \u00e0 la pr\u00e9sidence d&#039;Orange de Jacques Aschenbroich, 67 ans, actuellement \u00e0 la t\u00eate de Valeo, a \u00e9t\u00e9 valid\u00e9e par le conseil d&#039;administration du groupe de t\u00e9l\u00e9coms qui s&#039;est r\u00e9uni ce mercredi, alors que son profil crispe une partie des salari\u00e9s actionnaires. La candidature \u00e0 la pr\u00e9sidence d&#039;Orange de Jacques Aschenbroich, 67 [&hellip;]\" \/>\n<meta property=\"og:url\" content=\"https:\/\/www.nettali.com\/2022\/03\/30\/orange-la-candidature-de-jacques-aschenbroich-validee-par-le-conseil-dadministration\/\" \/>\n<meta property=\"og:site_name\" content=\"Nettali.com\" \/>\n<meta property=\"article:publisher\" content=\"https:\/\/www.facebook.com\/nettalicom\" \/>\n<meta property=\"article:published_time\" content=\"2022-03-30T17:50:27+00:00\" \/>\n<meta property=\"article:modified_time\" content=\"2022-03-30T17:51:08+00:00\" \/>\n<meta property=\"og:image\" content=\"https:\/\/www.nettali.com\/wp-content\/uploads\/2022\/03\/det.jpg\" \/>\n\t<meta property=\"og:image:width\" content=\"1000\" \/>\n\t<meta property=\"og:image:height\" content=\"750\" \/>\n<meta name=\"twitter:card\" content=\"summary_large_image\" \/>\n<meta name=\"twitter:label1\" content=\"\u00c9crit par\" \/>\n\t<meta name=\"twitter:data1\" content=\"Thierno Diop\" \/>\n\t<meta name=\"twitter:label2\" content=\"Dur\u00e9e de lecture estim\u00e9e\" \/>\n\t<meta name=\"twitter:data2\" content=\"3 minutes\" \/>\n<script type=\"application\/ld+json\" class=\"yoast-schema-graph\">{\"@context\":\"https:\/\/schema.org\",\"@graph\":[{\"@type\":\"WebSite\",\"@id\":\"https:\/\/www.nettali.com\/#website\",\"url\":\"https:\/\/www.nettali.com\/\",\"name\":\"Nettali.com\",\"description\":\"Le rendez-vous critique du Net\",\"potentialAction\":[{\"@type\":\"SearchAction\",\"target\":{\"@type\":\"EntryPoint\",\"urlTemplate\":\"https:\/\/www.nettali.com\/?s={search_term_string}\"},\"query-input\":\"required name=search_term_string\"}],\"inLanguage\":\"fr-FR\"},{\"@type\":\"ImageObject\",\"@id\":\"https:\/\/www.nettali.com\/2022\/03\/30\/orange-la-candidature-de-jacques-aschenbroich-validee-par-le-conseil-dadministration\/#primaryimage\",\"inLanguage\":\"fr-FR\",\"url\":\"https:\/\/www.nettali.com\/wp-content\/uploads\/2022\/03\/det.jpg\",\"contentUrl\":\"https:\/\/www.nettali.com\/wp-content\/uploads\/2022\/03\/det.jpg\",\"width\":1000,\"height\":750},{\"@type\":\"WebPage\",\"@id\":\"https:\/\/www.nettali.com\/2022\/03\/30\/orange-la-candidature-de-jacques-aschenbroich-validee-par-le-conseil-dadministration\/#webpage\",\"url\":\"https:\/\/www.nettali.com\/2022\/03\/30\/orange-la-candidature-de-jacques-aschenbroich-validee-par-le-conseil-dadministration\/\",\"name\":\"ORANGE - La candidature de Jacques Aschenbroich valid\\u00e9e par le conseil d'administration | Nettali.com\",\"isPartOf\":{\"@id\":\"https:\/\/www.nettali.com\/#website\"},\"primaryImageOfPage\":{\"@id\":\"https:\/\/www.nettali.com\/2022\/03\/30\/orange-la-candidature-de-jacques-aschenbroich-validee-par-le-conseil-dadministration\/#primaryimage\"},\"datePublished\":\"2022-03-30T17:50:27+00:00\",\"dateModified\":\"2022-03-30T17:51:08+00:00\",\"author\":{\"@id\":\"https:\/\/www.nettali.com\/#\/schema\/person\/8a06c6bd7b19304cf4bf985862900b5b\"},\"breadcrumb\":{\"@id\":\"https:\/\/www.nettali.com\/2022\/03\/30\/orange-la-candidature-de-jacques-aschenbroich-validee-par-le-conseil-dadministration\/#breadcrumb\"},\"inLanguage\":\"fr-FR\",\"potentialAction\":[{\"@type\":\"ReadAction\",\"target\":[\"https:\/\/www.nettali.com\/2022\/03\/30\/orange-la-candidature-de-jacques-aschenbroich-validee-par-le-conseil-dadministration\/\"]}]},{\"@type\":\"BreadcrumbList\",\"@id\":\"https:\/\/www.nettali.com\/2022\/03\/30\/orange-la-candidature-de-jacques-aschenbroich-validee-par-le-conseil-dadministration\/#breadcrumb\",\"itemListElement\":[{\"@type\":\"ListItem\",\"position\":1,\"name\":\"Accueil\",\"item\":\"https:\/\/www.nettali.com\/\"},{\"@type\":\"ListItem\",\"position\":2,\"name\":\"ORANGE - La candidature de Jacques Aschenbroich valid\\u00e9e par le conseil d'administration\"}]},{\"@type\":\"Person\",\"@id\":\"https:\/\/www.nettali.com\/#\/schema\/person\/8a06c6bd7b19304cf4bf985862900b5b\",\"name\":\"Thierno Diop\",\"image\":{\"@type\":\"ImageObject\",\"@id\":\"https:\/\/www.nettali.com\/#personlogo\",\"inLanguage\":\"fr-FR\",\"url\":\"https:\/\/secure.gravatar.com\/avatar\/c8ca58550c94fd2ac856d27391a6c866?s=96&d=mm&r=g\",\"contentUrl\":\"https:\/\/secure.gravatar.com\/avatar\/c8ca58550c94fd2ac856d27391a6c866?s=96&d=mm&r=g\",\"caption\":\"Thierno Diop\"},\"sameAs\":[\"https:\/\/nettali.com\"]}]}<\/script>\n<!-- \/ Yoast SEO Premium plugin. -->","yoast_head_json":{"title":"ORANGE - La candidature de Jacques Aschenbroich valid\u00e9e par le conseil d'administration | Nettali.com","robots":{"index":"index","follow":"follow","max-snippet":"max-snippet:-1","max-image-preview":"max-image-preview:large","max-video-preview":"max-video-preview:-1"},"canonical":"https:\/\/www.nettali.com\/2022\/03\/30\/orange-la-candidature-de-jacques-aschenbroich-validee-par-le-conseil-dadministration\/","og_locale":"fr_FR","og_type":"article","og_title":"ORANGE - La candidature de Jacques Aschenbroich valid\u00e9e par le conseil d'administration","og_description":"NETTALI.COM - La candidature \u00e0 la pr\u00e9sidence d'Orange de Jacques Aschenbroich, 67 ans, actuellement \u00e0 la t\u00eate de Valeo, a \u00e9t\u00e9 valid\u00e9e par le conseil d'administration du groupe de t\u00e9l\u00e9coms qui s'est r\u00e9uni ce mercredi, alors que son profil crispe une partie des salari\u00e9s actionnaires. La candidature \u00e0 la pr\u00e9sidence d'Orange de Jacques Aschenbroich, 67 [&hellip;]","og_url":"https:\/\/www.nettali.com\/2022\/03\/30\/orange-la-candidature-de-jacques-aschenbroich-validee-par-le-conseil-dadministration\/","og_site_name":"Nettali.com","article_publisher":"https:\/\/www.facebook.com\/nettalicom","article_published_time":"2022-03-30T17:50:27+00:00","article_modified_time":"2022-03-30T17:51:08+00:00","og_image":[{"width":1000,"height":750,"url":"https:\/\/www.nettali.com\/wp-content\/uploads\/2022\/03\/det.jpg","type":"image\/jpeg"}],"twitter_card":"summary_large_image","twitter_misc":{"\u00c9crit par":"Thierno Diop","Dur\u00e9e de lecture estim\u00e9e":"3 minutes"},"schema":{"@context":"https:\/\/schema.org","@graph":[{"@type":"WebSite","@id":"https:\/\/www.nettali.com\/#website","url":"https:\/\/www.nettali.com\/","name":"Nettali.com","description":"Le rendez-vous critique du Net","potentialAction":[{"@type":"SearchAction","target":{"@type":"EntryPoint","urlTemplate":"https:\/\/www.nettali.com\/?s={search_term_string}"},"query-input":"required name=search_term_string"}],"inLanguage":"fr-FR"},{"@type":"ImageObject","@id":"https:\/\/www.nettali.com\/2022\/03\/30\/orange-la-candidature-de-jacques-aschenbroich-validee-par-le-conseil-dadministration\/#primaryimage","inLanguage":"fr-FR","url":"https:\/\/www.nettali.com\/wp-content\/uploads\/2022\/03\/det.jpg","contentUrl":"https:\/\/www.nettali.com\/wp-content\/uploads\/2022\/03\/det.jpg","width":1000,"height":750},{"@type":"WebPage","@id":"https:\/\/www.nettali.com\/2022\/03\/30\/orange-la-candidature-de-jacques-aschenbroich-validee-par-le-conseil-dadministration\/#webpage","url":"https:\/\/www.nettali.com\/2022\/03\/30\/orange-la-candidature-de-jacques-aschenbroich-validee-par-le-conseil-dadministration\/","name":"ORANGE - La candidature de Jacques Aschenbroich valid\u00e9e par le conseil d'administration | Nettali.com","isPartOf":{"@id":"https:\/\/www.nettali.com\/#website"},"primaryImageOfPage":{"@id":"https:\/\/www.nettali.com\/2022\/03\/30\/orange-la-candidature-de-jacques-aschenbroich-validee-par-le-conseil-dadministration\/#primaryimage"},"datePublished":"2022-03-30T17:50:27+00:00","dateModified":"2022-03-30T17:51:08+00:00","author":{"@id":"https:\/\/www.nettali.com\/#\/schema\/person\/8a06c6bd7b19304cf4bf985862900b5b"},"breadcrumb":{"@id":"https:\/\/www.nettali.com\/2022\/03\/30\/orange-la-candidature-de-jacques-aschenbroich-validee-par-le-conseil-dadministration\/#breadcrumb"},"inLanguage":"fr-FR","potentialAction":[{"@type":"ReadAction","target":["https:\/\/www.nettali.com\/2022\/03\/30\/orange-la-candidature-de-jacques-aschenbroich-validee-par-le-conseil-dadministration\/"]}]},{"@type":"BreadcrumbList","@id":"https:\/\/www.nettali.com\/2022\/03\/30\/orange-la-candidature-de-jacques-aschenbroich-validee-par-le-conseil-dadministration\/#breadcrumb","itemListElement":[{"@type":"ListItem","position":1,"name":"Accueil","item":"https:\/\/www.nettali.com\/"},{"@type":"ListItem","position":2,"name":"ORANGE - La candidature de Jacques Aschenbroich valid\u00e9e par le conseil d'administration"}]},{"@type":"Person","@id":"https:\/\/www.nettali.com\/#\/schema\/person\/8a06c6bd7b19304cf4bf985862900b5b","name":"Thierno Diop","image":{"@type":"ImageObject","@id":"https:\/\/www.nettali.com\/#personlogo","inLanguage":"fr-FR","url":"https:\/\/secure.gravatar.com\/avatar\/c8ca58550c94fd2ac856d27391a6c866?s=96&d=mm&r=g","contentUrl":"https:\/\/secure.gravatar.com\/avatar\/c8ca58550c94fd2ac856d27391a6c866?s=96&d=mm&r=g","caption":"Thierno Diop"},"sameAs":["https:\/\/nettali.com"]}]}},"_links":{"self":[{"href":"https:\/\/www.nettali.com\/rest\/wp\/v2\/posts\/83918"}],"collection":[{"href":"https:\/\/www.nettali.com\/rest\/wp\/v2\/posts"}],"about":[{"href":"https:\/\/www.nettali.com\/rest\/wp\/v2\/types\/post"}],"author":[{"embeddable":true,"href":"https:\/\/www.nettali.com\/rest\/wp\/v2\/users\/11"}],"replies":[{"embeddable":true,"href":"https:\/\/www.nettali.com\/rest\/wp\/v2\/comments?post=83918"}],"version-history":[{"count":2,"href":"https:\/\/www.nettali.com\/rest\/wp\/v2\/posts\/83918\/revisions"}],"predecessor-version":[{"id":83921,"href":"https:\/\/www.nettali.com\/rest\/wp\/v2\/posts\/83918\/revisions\/83921"}],"wp:featuredmedia":[{"embeddable":true,"href":"https:\/\/www.nettali.com\/rest\/wp\/v2\/media\/83919"}],"wp:attachment":[{"href":"https:\/\/www.nettali.com\/rest\/wp\/v2\/media?parent=83918"}],"wp:term":[{"taxonomy":"category","embeddable":true,"href":"https:\/\/www.nettali.com\/rest\/wp\/v2\/categories?post=83918"},{"taxonomy":"post_tag","embeddable":true,"href":"https:\/\/www.nettali.com\/rest\/wp\/v2\/tags?post=83918"}],"curies":[{"name":"wp","href":"https:\/\/api.w.org\/{rel}","templated":true}]}}