{"id":83807,"date":"2022-03-29T10:58:40","date_gmt":"2022-03-29T10:58:40","guid":{"rendered":"https:\/\/www.nettali.com\/?p=83807"},"modified":"2022-03-29T11:00:32","modified_gmt":"2022-03-29T11:00:32","slug":"le-pr-makhtar-diouf-sur-les-tares-de-la-politique-economique-des-presidents-wade-et-sall","status":"publish","type":"post","link":"https:\/\/www.nettali.com\/2022\/03\/29\/le-pr-makhtar-diouf-sur-les-tares-de-la-politique-economique-des-presidents-wade-et-sall\/","title":{"rendered":"Le Pr Makhtar Diouf sur les tares de la politique \u00e9conomique des pr\u00e9sidents Wade et Sall"},"content":{"rendered":"<p><strong>CONTRIBUTION - Les pratiques d\u00e9nonc\u00e9es sous Abdou Diouf ont \u00e9t\u00e9 reconduites sous Wade, puis sous Macky Sall. Les tares communes \u00e0 tous ces r\u00e9gimes sont le gaspillage des deniers publics et l\u2019ignorance des priorit\u00e9s. Ce qui ne peut permettre le d\u00e9veloppement d\u2019un pays.\u2018\u2019L\u2019alternance\u2019\u2019 \u00e0 deux reprises n\u2019a \u00e9t\u00e9 que changement dans la continuit\u00e9. Cependant, il n\u2019est pas question de tenir ici un langage politicien pour dire que ces r\u00e9gimes n\u2019ont rien fait. Il n\u2019existe aucun gouvernement au monde qui n\u2019a aucune r\u00e9alisation \u00e0 son actif.<\/strong><\/p>\n<p>L\u2019\u00e9poque des \u2018\u2019\u2019rois fain\u00e9ants\u2019\u2019 (\u2018\u2019fait n\u00e9ant\u2019\u2019, \u2018\u2019 rien de fait\u2019\u2019) est r\u00e9volue. C\u2019est en France que les M\u00e9rovingiens ayant r\u00e9gn\u00e9 entre la seconde partie du 7\u00e8me si\u00e8cle et la premi\u00e8re moiti\u00e9 du 8\u00e8me si\u00e8cle ont \u00e9t\u00e9 estampill\u00e9s \u2018\u2019rois fain\u00e9ants\u2019\u2019. Au S\u00e9n\u00e9gal, citons quelques exemples des r\u00e9alisations les plus marquantes et utiles.<\/p>\n<p>Sous Senghor et Abdou Diouf, on ne peut passer sous silence les maisons Sicap (initi\u00e9es en fait par le pouvoir colonial) et Hlm. Sans ces r\u00e9alisations, combien de S\u00e9n\u00e9galais auraient eu des logements et auraient acc\u00e9d\u00e9 \u00e0 la propri\u00e9t\u00e9 \u00e0 Dakar ? L\u2019universit\u00e9 de Saint-Louis cr\u00e9\u00e9e par Senghor a \u00e9t\u00e9 une r\u00e9ussite. Mais c\u2019est peu sur une dur\u00e9e de 40 ans, et ces mesures n\u2019ont pas concern\u00e9 l\u2019ensemble du territoire. Sans oublier que Abdou Diouf est parti avec un lourd passif : la liquidation du chemin de fer Dakar \u2013 Saint-Louis dans la mise en \u0153uvre des plans d\u2019ajustement structurel. Aux Etats-Unis et en Europe, le chemin de fer qu\u2019on appelait \u00e0 l\u2019\u00e9poque \u2018\u2019cheval de fer\u2019\u2019, a \u00e9t\u00e9 un facteur d\u00e9terminant du d\u00e9collage \u00e9conomique. Mais la Banque mondiale (Bm) ne veut pas de chemin de fer en Afrique.<\/p>\n<p>Wade que je connais depuis les ann\u00e9es 1960 n\u2019aurait pas accept\u00e9 de supprimer le Dakar \u2013 Saint-Louis, qui aux dires de ses employ\u00e9s, \u00e9tait rentable. Wade s\u2019est beaucoup investi dans les infrastructures routi\u00e8res. Il a aussi pris le relais de Senghor pour la mise en place de nouvelles universit\u00e9s, et aussi de nouveaux h\u00f4pitaux m\u00eame si l\u2019\u00e9quipement m\u00e9dical n\u2019a pas suivi. C\u00f4t\u00e9 social, il a mis en place le \u2018\u2019Plan S\u00e9same\u2019\u2019 de consultation hospitali\u00e8re gratuite pour les s\u00e9niors n\u00e9cessiteux. S\u00e9same, ouvre-toi ! Mais son s\u00e9same ne s\u2019ouvrait que lorsque le financement \u00e9tait disponible, ce qui n\u2019\u00e9tait pas toujours le cas.<\/p>\n<p>Macky Sall a fait pareil, et en plus s\u2019est illustr\u00e9 de fa\u00e7on remarquable dans l\u2019\u00e9lectrification par panneaux solaires et aussi, les bourses familiales \u00e0 des familles pauvres. La bourse familiale (inspir\u00e9e de Lula Da Sylva, inspir\u00e9 lui-m\u00eame de Khadafi), m\u00eame si elle \u00e9tait de 5 000 francs Cfa par an est significative pour la famille pauvre qui la per\u00e7oit. A la diff\u00e9rence d\u2019un taux de croissance (f\u00fbt-il de 10 pour cent) qui ne plane que dans le bureau d\u2019un ministre des Finances qui n\u2019a que le mot \u2018\u2019croissance\u2019\u2019 \u00e0 la bouche. Des initiatives comme le Pudc, le Prodac, la Cmu \u2026etc. sont \u00e0 saluer. Mais les r\u00e9sultats tardent \u00e0 \u00eatre manifestes et r\u00e9pandus, au vu des dol\u00e9ances des populations relay\u00e9es au quotidien par les radios ind\u00e9pendantes. Ce qui tranche avec les discours officiels de satisf\u00e9cit.<\/p>\n<p>Le ph\u00e9nom\u00e8ne baron Hausmann \u2013 \u00e9l\u00e9phants blancs commence avec Wade qui lui n\u2019a rien d\u2019un roi fain\u00e9ant : il est plut\u00f4t du type hyperactif, mais s\u2019activant pour l\u2019essentiel dans l\u2019inessentiel.<\/p>\n<p>Le pachyderme \u00e9l\u00e9phant blanc est un cadeau que se font entre eux les dignitaires en Inde ; mais un cadeau encombrant, car l\u2019\u00e9l\u00e9phant blanc est une esp\u00e8ce rare sacralis\u00e9e qu\u2019on entretient sans le faire travailler. Comme tout \u00e9l\u00e9phant, en moyenne sa ration alimentaire quotidienne est de 200 \u00e0 400 kg de v\u00e9g\u00e9taux, 100 \u00e0 200 litres d\u2019eau, sans rien \u00e0 l\u2019arriv\u00e9e. Il existe des \u00e9l\u00e9phants blancs dans la r\u00e9gion de Dakar, mais ils ne sont pas au jardin zoologique de Hann.<\/p>\n<p>Les \u00e9conomistes donnent le nom d\u2019\u00e9l\u00e9phants blancs aux m\u00e9ga- r\u00e9alisations qui sont faites par certains gouvernements. Les r\u00e9alisations-infrastructures de Wade et de Macky ne sont pour l\u2019essentiel que des \u00e9l\u00e9phants blancs qui font de grosses ponctions sur le budget et aggravent l\u2019endettement alors que les priorit\u00e9s sont ailleurs.<\/p>\n<p>Wade et Macky ont cherch\u00e9 tous deux \u00e0 jouer au baron Haussmann. Georges Haussmann, dans la seconde moiti\u00e9 du 19\u00e8me si\u00e8cle fait entreprendre de grands travaux dans Paris qui pour lui a encore l\u2019allure d\u2018une ville du Moyen-\u00c4ge : construction de grands boulevards, d\u2019\u00e9gouts, de grands jardins publics \u2026etc. Seulement, Hausmann \u00e9tait pr\u00e9fet de Paris, et non chef d\u2019Etat. En plus, il a fait \u0153uvre utile : ses travaux ont permis une circulation automobile plus fluide dans le centre de Paris. L\u2019assainissement a \u00e9t\u00e9 remarquable : on ne trouve pas une flaque d\u2019eau dans les rues apr\u00e8s les fortes pluies. Pour ne rien dire des grands jardins publics, v\u00e9ritables ballons d\u2019oxyg\u00e8ne de la capitale fran\u00e7aise. A la diff\u00e9rence de la capitale s\u00e9n\u00e9galaise sans espaces verts, avec ses records actuels de pollution, pendant que la municipalit\u00e9 s\u2019active \u00e0 paver les trottoirs.<\/p>\n<p>Les pr\u00e9sidents s\u00e9n\u00e9galais qui ont cherch\u00e9 \u00e0 jouer au baron Hausman ont concentr\u00e9 l\u2019essentiel de leurs efforts sur Dakar, avec des r\u00e9alisations n\u2019ayant rien \u00e0 voir avec l\u2019am\u00e9lioration du niveau de vie des r\u00e9sidents de cette r\u00e9gion. Chacun a tenu \u00e0 tisser sa toile, \u00e0 marquer son territoire, pour laisser \u00e0 la post\u00e9rit\u00e9 une marque par laquelle on pourra se le rappeler.<\/p>\n<p>Des sommes \u00e9normes ont \u00e9t\u00e9 englouties dans des non-priorit\u00e9s, voire des fantaisies, dans une sorte de rivalit\u00e9. Senghor a eu son Festival mondial des arts n\u00e8gres en 1966. Wade devait avoir son Fesman qui n\u2019a pas eu le m\u00eame succ\u00e8s en d\u00e9pit de son co\u00fbt exorbitant. Senghor a eu son Th\u00e9\u00e2tre Daniel Sorano en 1965. Wade devait avoir son Grand th\u00e9\u00e2tre, alors que Sorano r\u00e9nov\u00e9, est rest\u00e9 intact et sous-utilis\u00e9. Senghor a eu son Mus\u00e9e dynamique (transform\u00e9 en Cour Supr\u00eame sous Abdou Diouf). Wade devait avoir son monumental et co\u00fbteux Monument de la Renaissance (15 milliards selon Le Canard Encha\u00een\u00e9). S\u2019y ajoute le Tunnel de Soumbedioune dont personne ne peut attester de l\u2019utilit\u00e9. Tout cela pendant que le pays compte des milliers d\u2019abris provisoires tenant lieu d\u2019\u00e9coles primaires.<\/p>\n<p>Arrive Macky qui tient \u00e0 d\u00e9passer celui qui, quoiqu\u2019on dise, reste son mentor : Cit\u00e9 de l\u2019Alternance ; B\u00e2timent de Conf\u00e9rences \u00e0 Diamniadio alors que les salles de conf\u00e9rence du King Fad des Almadies sont disponibles ; Ar\u00e8ne de Lutte ; nouveau Stadium de basket ; projet de Nouveau palais pr\u00e9sidentiel, de nouveau Stade de football de 50 000 places \u2026<\/p>\n<p>Macky arriv\u00e9 au pouvoir dispose d\u2019un produit pr\u00eat \u00e0 l\u2019emploi et gratuit pour lancer le d\u00e9veloppement : les recommandations de la Commission \u2018\u2019Economie et Finances\u2019\u2019 des Assises nationales \u00e9labor\u00e9es par des \u00e9conomistes et techniciens s\u00e9n\u00e9galais comp\u00e9tents et patriotes. Mais il lui faut son Plan S\u00e9n\u00e9gal \u00e9mergent con\u00e7u ailleurs et non gratuit.<\/p>\n<p>On pourrait citer d\u2019autres exemples. Comme les cartes d\u2019\u00e9lecteur et les cartes d\u2019identit\u00e9 qui d\u2019abord sous Wade, puis sous Macky passent du carton l\u00e9ger au num\u00e9ris\u00e9 avec des co\u00fbts astronomiques. Dans la France d\u00e9velopp\u00e9e d\u2019o\u00f9 nous viennent nos institutions, la carte d\u2019identit\u00e9 est maintenant en num\u00e9ris\u00e9, mais la carte d\u2019\u00e9lecteur est toujours en carton l\u00e9ger envoy\u00e9e par la poste.<\/p>\n<p>Le Ter (Train express r\u00e9gional) d\u00e9fie toute rationalit\u00e9 par son co\u00fbt et sa pertinence technique. Comment d\u00e9penser une telle somme d\u2019argent pour une distance d\u2019\u00e0 peine une cinquantaine de kilom\u00e8tres ? Pourquoi faire appel au constructeur fran\u00e7ais Alstom, alors que le gouvernement fran\u00e7ais en 2008 pour r\u00e9nover son r\u00e9seau parisien de trains de banlieue s\u2019adresse non \u00e0 Alstom mais au constructeur canadien Bombardier ? L\u2019expertise du groupe Alstom se trouve dans la construction de Tgv (Train grande vitesse), alors que Bombardier est plus sp\u00e9cialis\u00e9 dans la construction de trains de banlieue. Or le Ter n\u2019est qu\u2019un train de banlieue. Y a-t-il eu appel international d\u2019offre ?<\/p>\n<p>Quel S\u00e9n\u00e9galais aurait d\u00e9sapprouv\u00e9 la r\u00e9habilitation du chemin de fer Dakar-Saint Louis (qui ne figure pas dans le Pse) avec prolongement jusqu\u2019\u00e0 Matam, le prolongement du chemin de fer de Tambacounda \u00e0 Ziguinchor via V\u00e9lingara, Kolda, et Tanaf ? Et pourquoi pas, une voie ferr\u00e9e Tamba-Bakel-Ourossogui, et une autre Tamba-K\u00e9dougou ? Il est \u00e9conomiquement plus rationnel de commencer le d\u00e9senclavement total du pays par voies ferr\u00e9es que par autoroutes.<\/p>\n<p>Comment peut-on envisager de construire de grands \u00e9difices sportifs dans un pays o\u00f9 l\u2019on ne fabrique pas de ballons et de chaussures de football et de basket ? Les stades existants ne demandent qu\u2019\u00e0 \u00eatre r\u00e9nov\u00e9s, \u00e0 l\u2019exemple de ce qui s\u2019est fait ailleurs. A Paris, l\u2019actuel Parc des Princes construit \u00e0 la fin du 19\u00e8me si\u00e8cle est r\u00e9nov\u00e9 une premi\u00e8re fois au d\u00e9but des ann\u00e9es 1930, puis une seconde fois en 1970. Le Stade de France n\u2019a \u00e9t\u00e9 construit que pour l\u2019organisation de la coupe du monde de 1998, et il est question de le vendre.<\/p>\n<p>Seulement, une r\u00e9novation bien que beaucoup moins co\u00fbteuse a l\u2019ingratitude d\u2019\u00eatre moins visible, de moins faire dans le tonitruant, et de ne pas perp\u00e9tuer le nom de son initiateur. A la diff\u00e9rence d\u2019un nouvel \u00e9difice construit \u00e0 grands frais et inaugur\u00e9 en grande pompe, avec tambours et trompettes..<\/p>\n<p>Personnellement, j\u2019ai toujours \u00e9t\u00e9 dubitatif sur l\u2019opportunit\u00e9 de l\u2019a\u00e9roport Aibd de Diass. Des techniciens de l\u2019Asecna m\u2019ont confort\u00e9 dans cette position. En vertu de quelle rationalit\u00e9 \u00e9conomique, un pays qui n\u2019abrite pas une unit\u00e9 de fabrication de casquettes de pilote d\u2019avion doit-il avoir un a\u00e9roport au diapason des a\u00e9roports des grands pays qui fabriquent des avions ? L\u2019a\u00e9roport de Yoff dans les ann\u00e9es 1950 \u00e9tait une sorte de hangar. C\u2019est au terme de travaux d\u2019am\u00e9lioration qu\u2019il est devenu un a\u00e9roport moderne, op\u00e9rationnel avec des pistes intactes. Il n\u2019\u00e9tait pas encombr\u00e9, et pouvait \u00eatre redimensionn\u00e9, avec arriv\u00e9es au rez-de-chauss\u00e9e et d\u00e9parts \u00e0 l\u2019\u00e9tage, comme dans les grands a\u00e9roports. Jusqu\u2019en 1974, la ville de Paris a \u00e9t\u00e9 desservie par deux a\u00e9roports de dimension moyenne, Orly au sud redimentionn\u00e9, et Le Bourget au nord qui sont toujours op\u00e9rationnels. L\u2019a\u00e9roport d\u2019Abidjan aussi a \u00e9t\u00e9 redimensionn\u00e9. L\u2019a\u00e9roport de Diass est le r\u00e9sultat d\u2019une de ces lubies de Wade. Un successeur de Wade ne pouvait que continuer des travaux qui avaient commenc\u00e9.<\/p>\n<p>Les \u00e9l\u00e9phants blancs ne se situent pas uniquement au niveau des infrastructures. L\u2019\u00e9conomie s\u00e9n\u00e9galaise plie aussi sous le poids d\u2019\u00e9l\u00e9phants blancs institutionnels. Depuis 2017 un gouvernement mammouth (le mammouth est une esp\u00e8ce d\u2019\u00e9l\u00e9phant g\u00e9ant disparue) de 83 ministres : 40 ministres avec portefeuille, 43 ministres sans portefeuille. En visite officielle \u00e0 Dakar, lors de leur r\u00e9ception \u00e0 l\u2019a\u00e9roport, les pr\u00e9sidents Erdogan et Macron ont diplomatiquement, sur ton d\u2019ironie, fait \u00e9tat de leur surprise et aussi de leur ext\u00e9nuation \u00e0 serrer autant de mains minist\u00e9rielles.<\/p>\n<p>S\u2019y ajoutent les ambassadeurs itin\u00e9rants, les conseillers sp\u00e9ciaux, les conseillers techniques, les charg\u00e9s de mission\u2026\u00a0 Des structures comme le Conseil \u00e9conomique et social (ajouter \u2018\u2019environnemental\u2019\u2019 pour faire comme Sarkozy), le Haut Conseil des collectivit\u00e9s territoriales qui sont aussi inutiles que co\u00fbteuses.<\/p>\n<p>Du temps de Senghor, la moyenne du nombre de ministres tournait autour de 16, et il n\u2019existait pas de ministres-conseillers. L\u2019esp\u00e8ce \u2018\u2019ministre conseiller\u2019\u2019 fait son apparition sous Abdou Diouf et se d\u00e9veloppe de fa\u00e7on tentaculaire sous Wade et Macky. Comment se situent-ils par rapport aux conseillers du Cse et aux conseillers non ministres ? Toute cette kyrielle de conseillers, pour conseiller quoi au juste ? Les partisans de l\u2019inflation minist\u00e9rielle soutiennent que le nombre de ministres n\u2019a aucune incidence budg\u00e9taire. Le S\u00e9n\u00e9gal serait alors le seul pays au monde dans ce cas. Pourquoi dans les pays bien g\u00e9r\u00e9s veille-t-on \u00e0 ce que le nombre de ministres tourne autour de 15, comme aux Etats-Unis, au Japon, en Allemagne ?<\/p>\n<p>Un ministre a un co\u00fbt. En France, le d\u00e9put\u00e9 Ren\u00e9 Dosi\u00e8re, auteur de L\u2019argent de l\u2019Etat (2011) r\u00e9v\u00e8le qu\u2019un ministre fran\u00e7ais peut co\u00fbter 17 millions d\u2019euros par an. Interpell\u00e9 sur ce sujet en 2013, le pr\u00e9sident Fran\u00e7ois Hollande dont le gouvernement comprend 38 ministres d\u00e9clare : Ce sont des d\u00e9penses inutiles que la France fait par rapport \u00e0 l\u2019Allemagne. Cela justifie de s\u2019y attaquer au plus t\u00f4t, car qui peut dire que la France est mieux gouvern\u00e9e que l\u2019Allemagne qui a moiti\u00e9 moins de ministres ?<\/p>\n<p>Manifestement ceux qui parlent de Plan S\u00e9n\u00e9gal \u00e9mergent \u2013 ont-ils tous lu le document ? - ne se sont pas donn\u00e9 la peine d\u2019\u00e9tudier l\u2019exp\u00e9rience de la Cor\u00e9e du Sud consid\u00e9r\u00e9e comme mod\u00e8le r\u00e9ussi d\u2019\u00e9mergence en peu de temps. Sinon, ils auraient vu que ce qui a \u00e9t\u00e9 fait dans ce pays est aux antipodes de ce qui se fait au S\u00e9n\u00e9gal dans le cadre du Pse. Actuellement, le S\u00e9n\u00e9gal inond\u00e9 de produits manufactur\u00e9s cor\u00e9ens (ordinateurs, smartphones, r\u00e9frig\u00e9rateurs Samsung et Lg, voitures Hunday et Kia), continue \u00e0 n\u2019exporter que des produits primaires comme l\u2019arachide en coques comme du temps de la coloniale. Mais cette fois vers la Chine qui est pourtant le plus gros producteur mondial d\u2019arachide. Ce qui est un recul, car dans les ann\u00e9es 1970, interdiction avait \u00e9t\u00e9 faite d\u2019exporter l\u2019arachide en coques (\u00e0 l\u2019exception de l\u2019arachide de bouche), pour la transformer sur place avec la Sonacos, entreprise publique. Par bonheur, l\u2019huile d\u2019arachide, de bien meilleure qualit\u00e9 nutritive que ces huiles v\u00e9g\u00e9tales import\u00e9es tous azimuts, est depuis quelque temps produite par la Sonacos ressuscit\u00e9e, qui avait \u00e9t\u00e9 brad\u00e9e par Wade au nom d\u2019on ne sait quel lib\u00e9ralisme.<\/p>\n<p>En C\u00f4te d\u2019ivoire, depuis 2014 un op\u00e9rateur \u00e9conomique national a commenc\u00e9 \u00e0 fabriquer et avec succ\u00e8s du chocolat (en poudre, tablettes, p\u00e2te \u00e0 tartiner) en transformant une partie de la production de cacao qui \u00e9tait enti\u00e8rement export\u00e9e. Ceci dans le cadre du Plan \u00e9mergent du pays pour horizon 2020.<\/p>\n<p>Un conseil que donnent le Fmi et la Bm se pr\u00e9sente ainsi : il faut exporter les produits primaires au lieu d\u2019essayer de les transformer sur place \u00e0 des co\u00fbts moins comp\u00e9titifs. Ce qui pr\u00e9sente le double avantage de rembourser la dette, et d\u2019avoir un taux de croissance \u00e9lev\u00e9 gr\u00e2ce aux recettes d\u2019exportation ainsi obtenues. Ce taux de croissance qui fait pol\u00e9mique entre le pouvoir et l\u2019opposition autour de son niveau n\u2019est sous nos cieux, ni signe pr\u00e9curseur de d\u00e9veloppement dans le moyen ou long terme, ni constat de progr\u00e8s social.<\/p>\n<p>Macky Sall a d\u00e9clar\u00e9 r\u00e9cemment (interview \u00e0 \u2018\u2019Voix de l\u2019Allemagne\u2019\u2019 31\/10\/2018) que sa priorit\u00e9 ce sont les infrastructures. Et ces abris provisoires qui semblent perdurer, cela ne rel\u00e8ve pas de l\u2019infrastructure ? Et ces femmes du monde rural qui meurent en accouchant dans des charrettes faute de maternit\u00e9s de proximit\u00e9 et d\u2019ambulances, alors que des centaines de voitures, et de luxe, sont distribu\u00e9es aux d\u00e9put\u00e9s, aux maires, aux membres de ces institutions inutiles ? On n\u2019a jamais entendu un d\u00e9put\u00e9, un maire, de la majorit\u00e9 ou de l\u2019opposition, proposer qu\u2019en lieu de leurs voitures, des ambulances soient donn\u00e9es aux populations rurales.<\/p>\n<p>L\u2019argent d\u00e9pens\u00e9 sur les \u00e9l\u00e9phants blancs n\u2019aurait-il pas pu \u00eatre affect\u00e9 au rel\u00e8vement du plateau technique des h\u00f4pitaux existants pour mieux soigner les S\u00e9n\u00e9galais, et \u00e0 la construction d\u2019un grand h\u00f4pital de tourisme m\u00e9dical\u00a0 comme en Tunisie ? Le personnel m\u00e9dical comp\u00e9tent est sur place. Les avantages auraient \u00e9t\u00e9 multiples : apport de devises ; cr\u00e9ation d\u2019emplois pour les centaines de m\u00e9decins, infirmiers, infirmi\u00e8res et sages-femmes en ch\u00f4mage ; meilleurs soins \u00e0 tous les S\u00e9n\u00e9galais sur place pour mettre fin aux \u00e9vacuations r\u00e9serv\u00e9es \u00e0 quelques privil\u00e9gi\u00e9s. Wade avait d\u00e9clar\u00e9 une fois dans un discours \u00e0 la Facult\u00e9 de M\u00e9decine de Dakar que les \u00e9vacuations lui co\u00fbtaient au budget la bagatelle de 100 millions de francs Cfa par mois. Comment envoyer des S\u00e9n\u00e9galais se faire soigner au Maroc alors que bon nombre de m\u00e9decins marocains ont \u00e9t\u00e9 form\u00e9s ici ?<\/p>\n<p>Par ailleurs, la mise en place d\u2019infrastructures ne doit pas faire perdre de vue que le premier facteur de d\u00e9collage \u00e9conomique est l\u2019industrie lourde polaris\u00e9e autour du fer et de l\u2019acier, et qui est \u00e0 la base du d\u00e9veloppement de l\u2019agriculture en amont et en aval. Tous les pays actuellement d\u00e9velopp\u00e9s en sont pass\u00e9s par l\u00e0. Le S\u00e9n\u00e9gal dispose de fer de mine et de ferraille (encore achet\u00e9e par des Chinois et des Indiens) pour la sid\u00e9rurgie qui est l\u2019\u00e9pine dorsale de tout d\u00e9veloppement \u00e9conomique. L\u2019acier ne figure nulle part dans le Pse, et la sid\u00e9rurgie qui transforme le fer en acier n\u2019y est mentionn\u00e9e qu\u2019une fois, en parenth\u00e8se.<\/p>\n<p>Pourtant il existe depuis 2012 \u00e0 S\u00e9bikotane une entreprise chinoise de m\u00e9tallurgie, la Someta qui fabrique du fer \u00e0 b\u00e9ton. Mais sa faible capacit\u00e9 de production ne lui permet pas d\u2019absorber tout le fer disponible. Pourquoi l\u2019Etat ne prendrait-t-il pas part dans le capital de cette soci\u00e9t\u00e9 pour augmenter ses investissements ? Dans les pays nouvellement industrialis\u00e9s (Cor\u00e9e Sud, Hong Kong, Taiwan, Singapour) l\u2019Etat a \u00e9t\u00e9 le premier agent \u00e9conomique pour le d\u00e9collage industriel. Des rapports qui en font \u00e9tat sont de la Bm qui pourtant donne aux pays africains ce conseil : \u2018\u2019moins d\u2019Etat, mieux d\u2019Etat\u2019\u2019.<\/p>\n<p>Le 26 octobre 2018, le gouvernement d\u00e9cide de lever une taxe parafiscale de 2.5 pour cent sur les industriels n\u2019ayant pas auparavant sign\u00e9 avec lui une convention d\u2019exon\u00e9ration de taxes indirectes. Ceci pour financer l\u2019\u00e9clairage public dans les collectivit\u00e9s territoriales qui doivent \u00e0 la Senelec une ardoise de 36 milliards. Ce n\u2019est s\u00fbrement pas la mesure appropri\u00e9e pour le d\u00e9veloppement industriel. Et si on affectait chaque ann\u00e9e aux collectivit\u00e9s territoriales les budgets du Hcct, et du Cese (pr\u00e8s de 15 milliards pr\u00e9vus pour 2019) pour augmenter les investissements dans l\u2019\u00e9nergie solaire ? Le soleil qui \u00e9claire les rues le jour peut aussi les \u00e9clairer la nuit. Un pays peu ensoleill\u00e9 comme l\u2019Allemagne d\u00e9tient le record mondial de production d\u2019\u00e9nergie solaire (22 gigawatts) ?<\/p>\n<p>Un pr\u00e9sident s\u00e9n\u00e9galais devrait en parlant de r\u00e9alisations s\u2019int\u00e9resser \u00e0 l\u2019Indice de d\u00e9veloppement humain (Idh) \u00e9labor\u00e9 par le Pnud \u00e0 partir du revenu par t\u00eate, des indicateurs d\u2019\u00e9ducation et de sant\u00e9 qui sont les d\u00e9terminants du capital humain. Et sur ce plan, le S\u00e9n\u00e9gal est loin d\u2019\u00eatre performant. L\u2019Idh du S\u00e9n\u00e9gal a ainsi \u00e9volu\u00e9 : 0.37 en 1990 ; 0.38 en 2000 ; 0.48 en 2012 ; 0.51 en 2017. La moyenne pour l\u2019Afrique au sud du Sahara est de 0,53 en 2017. Si bien que le S\u00e9n\u00e9gal occupe le rang 31 sur 61, derri\u00e8re le Cap Vert 11\u00e8me et la Mauritanie 24\u00e8me. L\u2019Idh le plus \u00e9lev\u00e9 (Norv\u00e8ge) est de 0,89.<\/p>\n<p>Selon le Cres, en 2017, la moiti\u00e9 de la population vit dans la pauvret\u00e9. Le Document strat\u00e9gique de lutte contre la pauvret\u00e9 concoct\u00e9 en 2001 par le Fmi et la Bm a fait plouf. Les deux \u2018\u2019fr\u00e8re et s\u0153ur\u2019\u2019 siamois de Washington ont jou\u00e9 aux sapeurs-pompiers alors qu\u2019ils ont \u00e9t\u00e9 les pyromanes avec leurs d\u00e9sastreux programmes d\u2019ajustement qui ont accentu\u00e9 la pauvret\u00e9.<\/p>\n<p>Le probl\u00e8me de fond est que les r\u00e9alisations de nos gouvernements sont ou bien inutiles, ou bien peu par rapport \u00e0 ce qu\u2019ils devaient faire et pouvaient faire pour d\u00e9velopper le pays. Le S\u00e9n\u00e9gal est gouvern\u00e9 de fa\u00e7on narcissique : le pr\u00e9sident qui arrive s\u2019\u00e9vertue \u00e0 mettre en avant sa propre personne au d\u00e9triment de l\u2019imp\u00e9ratif de d\u00e9veloppement. L\u2019\u00e9mulation entre pr\u00e9sidents qui se suivent ne peut \u00eatre saine que si elle porte sur des priorit\u00e9s. Leur d\u00e9marche d\u2019\u00e9mulation n\u2019\u00e9pargne pas les nombreux, co\u00fbteux et souvent inutiles voyages. Pour ne rien dire du gaddaay\u2019 (\u00e9migration), mais\u00a0 pas en pirogue,\u00a0 de nos trois premiers pr\u00e9sidents vers la France, au terme de leur mandat. Ces \u00e9migr\u00e9s de luxe auraient-ils donn\u00e9 des id\u00e9es \u00e0 ces jeunes d\u00e9soeuvr\u00e9s\u00a0\u00a0 qui tentent l\u2019aventure du Bar\u00e7a, mais eux en pirogues ?<\/p>\n<p>En 2010 je sugg\u00e9rais dans un article que nos dirigeants aillent suivre un stage de bonne gouvernance et de d\u00e9mocratie aupr\u00e8s de nos voisins de la R\u00e9publique du Cap Vert. La suggestion tient toujours.<\/p>\n<p>Les \u00e9tudiants en Sciences \u00e9conomiques d\u00e8s leur premi\u00e8re ann\u00e9e de formation apprennent que leur discipline \u00e9tudie la mani\u00e8re de g\u00e9rer des ressources rares face \u00e0 des besoins nombreux. Depuis 1960, l\u2019\u00e9conomie s\u00e9n\u00e9galaise est truff\u00e9e de \u2018\u2019faux frais\u2019\u2019 (le terme est de Marx), c\u2019est \u2013\u00e0-dire des gaspillages qui plombent son d\u00e9collage. La bonne gestion d\u2019une entreprise ou d\u2019un pays n\u2019est rien d\u2019autre que l\u2019\u00e9vitement du gaspillage. C\u2019est le gaspillage des ressources publiques qui g\u00e9n\u00e8re ce permanent besoin de\u00a0 financement qui ouvre la porte grand ouverte \u00e0 l\u2019endettement ext\u00e9rieur avec ses conditionnalit\u00e9s qui ne vont pas dans le sens du d\u00e9veloppement. Les principes les plus \u00e9l\u00e9mentaires du calcul \u00e9conomique co\u00fbt-avantage font d\u00e9faut dans la gestion de l\u2019\u00e9conomie s\u00e9n\u00e9galaise.<\/p>\n<p>S\u2019y ajoute que l\u2019histoire \u00e9conomique ne nous donne l\u2019exemple d\u2019aucun pays qui s\u2019est d\u00e9velopp\u00e9 sous domination \u00e9trang\u00e8re. Comme le sont le S\u00e9n\u00e9gal et d\u2019autres pays africains, particuli\u00e8rement \u00e0 l\u2019\u00e9gard de la France qui, gouvernement de droite ou de gauche, pr\u00e8s de 60 ans apr\u00e8s les \u2018\u2019ind\u00e9pendances\u2019\u2019, persiste \u00e0 s\u2019accrocher \u00e0 sa proie coloniale.<\/p>\n<p>&nbsp;<\/p>\n<p><strong>Par Makhtar Diouf , \u00e9conomiste<\/strong><\/p>\n<div class='share-to-whatsapp-wrapper'><div class='share-on-whsp'>PARTAGER SUR : <\/div><a data-text='Le Pr Makhtar Diouf sur les tares de la politique \u00e9conomique des pr\u00e9sidents Wade et Sall' data-link='https:\/\/www.nettali.com\/2022\/03\/29\/le-pr-makhtar-diouf-sur-les-tares-de-la-politique-economique-des-presidents-wade-et-sall\/' class='whatsapp-button whatsapp-share'>WhatsApp<\/a><div class='clear '><\/div><\/div>","protected":false},"excerpt":{"rendered":"<p>CONTRIBUTION - Les pratiques d\u00e9nonc\u00e9es sous Abdou Diouf ont \u00e9t\u00e9 reconduites sous Wade, puis sous Macky Sall. Les tares communes \u00e0 tous ces r\u00e9gimes sont le gaspillage des deniers publics et l\u2019ignorance des priorit\u00e9s. Ce qui ne peut permettre le d\u00e9veloppement d\u2019un pays.\u2018\u2019L\u2019alternance\u2019\u2019 \u00e0 deux reprises n\u2019a \u00e9t\u00e9 que changement dans la continuit\u00e9. Cependant, il [&hellip;]<\/p>\n","protected":false},"author":2,"featured_media":83811,"comment_status":"open","ping_status":"open","sticky":false,"template":"","format":"standard","meta":{"_et_pb_use_builder":"","_et_pb_old_content":""},"categories":[4],"tags":[],"yoast_head":"<!-- This site is optimized with the Yoast SEO Premium plugin v17.8 (Yoast SEO v17.8) - https:\/\/yoast.com\/wordpress\/plugins\/seo\/ -->\n<title>Le Pr Makhtar Diouf sur les tares de la politique \u00e9conomique des pr\u00e9sidents Wade et Sall | Nettali.com<\/title>\n<meta name=\"robots\" content=\"index, follow, max-snippet:-1, max-image-preview:large, max-video-preview:-1\" \/>\n<link rel=\"canonical\" href=\"https:\/\/www.nettali.com\/2022\/03\/29\/le-pr-makhtar-diouf-sur-les-tares-de-la-politique-economique-des-presidents-wade-et-sall\/\" \/>\n<meta property=\"og:locale\" content=\"fr_FR\" \/>\n<meta property=\"og:type\" content=\"article\" \/>\n<meta property=\"og:title\" content=\"Le Pr Makhtar Diouf sur les tares de la politique \u00e9conomique des pr\u00e9sidents Wade et Sall\" \/>\n<meta property=\"og:description\" content=\"CONTRIBUTION - Les pratiques d\u00e9nonc\u00e9es sous Abdou Diouf ont \u00e9t\u00e9 reconduites sous Wade, puis sous Macky Sall. Les tares communes \u00e0 tous ces r\u00e9gimes sont le gaspillage des deniers publics et l\u2019ignorance des priorit\u00e9s. Ce qui ne peut permettre le d\u00e9veloppement d\u2019un pays.\u2018\u2019L\u2019alternance\u2019\u2019 \u00e0 deux reprises n\u2019a \u00e9t\u00e9 que changement dans la continuit\u00e9. Cependant, il [&hellip;]\" \/>\n<meta property=\"og:url\" content=\"https:\/\/www.nettali.com\/2022\/03\/29\/le-pr-makhtar-diouf-sur-les-tares-de-la-politique-economique-des-presidents-wade-et-sall\/\" \/>\n<meta property=\"og:site_name\" content=\"Nettali.com\" \/>\n<meta property=\"article:publisher\" content=\"https:\/\/www.facebook.com\/nettalicom\" \/>\n<meta property=\"article:published_time\" content=\"2022-03-29T10:58:40+00:00\" \/>\n<meta property=\"article:modified_time\" content=\"2022-03-29T11:00:32+00:00\" \/>\n<meta property=\"og:image\" content=\"https:\/\/www.nettali.com\/wp-content\/uploads\/2022\/03\/101803470_gettyimages-140684986.jpg\" \/>\n\t<meta property=\"og:image:width\" content=\"640\" \/>\n\t<meta property=\"og:image:height\" content=\"428\" \/>\n<meta name=\"twitter:card\" content=\"summary_large_image\" \/>\n<meta name=\"twitter:label1\" content=\"\u00c9crit par\" \/>\n\t<meta name=\"twitter:data1\" content=\"CK\" \/>\n\t<meta name=\"twitter:label2\" content=\"Dur\u00e9e de lecture estim\u00e9e\" \/>\n\t<meta name=\"twitter:data2\" content=\"18 minutes\" \/>\n<script type=\"application\/ld+json\" class=\"yoast-schema-graph\">{\"@context\":\"https:\/\/schema.org\",\"@graph\":[{\"@type\":\"WebSite\",\"@id\":\"https:\/\/www.nettali.com\/#website\",\"url\":\"https:\/\/www.nettali.com\/\",\"name\":\"Nettali.com\",\"description\":\"Le rendez-vous critique du Net\",\"potentialAction\":[{\"@type\":\"SearchAction\",\"target\":{\"@type\":\"EntryPoint\",\"urlTemplate\":\"https:\/\/www.nettali.com\/?s={search_term_string}\"},\"query-input\":\"required name=search_term_string\"}],\"inLanguage\":\"fr-FR\"},{\"@type\":\"ImageObject\",\"@id\":\"https:\/\/www.nettali.com\/2022\/03\/29\/le-pr-makhtar-diouf-sur-les-tares-de-la-politique-economique-des-presidents-wade-et-sall\/#primaryimage\",\"inLanguage\":\"fr-FR\",\"url\":\"https:\/\/www.nettali.com\/wp-content\/uploads\/2022\/03\/101803470_gettyimages-140684986.jpg\",\"contentUrl\":\"https:\/\/www.nettali.com\/wp-content\/uploads\/2022\/03\/101803470_gettyimages-140684986.jpg\",\"width\":640,\"height\":428},{\"@type\":\"WebPage\",\"@id\":\"https:\/\/www.nettali.com\/2022\/03\/29\/le-pr-makhtar-diouf-sur-les-tares-de-la-politique-economique-des-presidents-wade-et-sall\/#webpage\",\"url\":\"https:\/\/www.nettali.com\/2022\/03\/29\/le-pr-makhtar-diouf-sur-les-tares-de-la-politique-economique-des-presidents-wade-et-sall\/\",\"name\":\"Le Pr Makhtar Diouf sur les tares de la politique \\u00e9conomique des pr\\u00e9sidents Wade et Sall | Nettali.com\",\"isPartOf\":{\"@id\":\"https:\/\/www.nettali.com\/#website\"},\"primaryImageOfPage\":{\"@id\":\"https:\/\/www.nettali.com\/2022\/03\/29\/le-pr-makhtar-diouf-sur-les-tares-de-la-politique-economique-des-presidents-wade-et-sall\/#primaryimage\"},\"datePublished\":\"2022-03-29T10:58:40+00:00\",\"dateModified\":\"2022-03-29T11:00:32+00:00\",\"author\":{\"@id\":\"https:\/\/www.nettali.com\/#\/schema\/person\/d8ac7b7e27ddad43f1c0d2ef090d7f71\"},\"breadcrumb\":{\"@id\":\"https:\/\/www.nettali.com\/2022\/03\/29\/le-pr-makhtar-diouf-sur-les-tares-de-la-politique-economique-des-presidents-wade-et-sall\/#breadcrumb\"},\"inLanguage\":\"fr-FR\",\"potentialAction\":[{\"@type\":\"ReadAction\",\"target\":[\"https:\/\/www.nettali.com\/2022\/03\/29\/le-pr-makhtar-diouf-sur-les-tares-de-la-politique-economique-des-presidents-wade-et-sall\/\"]}]},{\"@type\":\"BreadcrumbList\",\"@id\":\"https:\/\/www.nettali.com\/2022\/03\/29\/le-pr-makhtar-diouf-sur-les-tares-de-la-politique-economique-des-presidents-wade-et-sall\/#breadcrumb\",\"itemListElement\":[{\"@type\":\"ListItem\",\"position\":1,\"name\":\"Accueil\",\"item\":\"https:\/\/www.nettali.com\/\"},{\"@type\":\"ListItem\",\"position\":2,\"name\":\"Le Pr Makhtar Diouf sur les tares de la politique \\u00e9conomique des pr\\u00e9sidents Wade et Sall\"}]},{\"@type\":\"Person\",\"@id\":\"https:\/\/www.nettali.com\/#\/schema\/person\/d8ac7b7e27ddad43f1c0d2ef090d7f71\",\"name\":\"CK\",\"image\":{\"@type\":\"ImageObject\",\"@id\":\"https:\/\/www.nettali.com\/#personlogo\",\"inLanguage\":\"fr-FR\",\"url\":\"https:\/\/secure.gravatar.com\/avatar\/1d8d5118b9327d94da7cd4ce7f17fec2?s=96&d=mm&r=g\",\"contentUrl\":\"https:\/\/secure.gravatar.com\/avatar\/1d8d5118b9327d94da7cd4ce7f17fec2?s=96&d=mm&r=g\",\"caption\":\"CK\"},\"sameAs\":[\"https:\/\/www.nettali.com\"]}]}<\/script>\n<!-- \/ Yoast SEO Premium plugin. -->","yoast_head_json":{"title":"Le Pr Makhtar Diouf sur les tares de la politique \u00e9conomique des pr\u00e9sidents Wade et Sall | Nettali.com","robots":{"index":"index","follow":"follow","max-snippet":"max-snippet:-1","max-image-preview":"max-image-preview:large","max-video-preview":"max-video-preview:-1"},"canonical":"https:\/\/www.nettali.com\/2022\/03\/29\/le-pr-makhtar-diouf-sur-les-tares-de-la-politique-economique-des-presidents-wade-et-sall\/","og_locale":"fr_FR","og_type":"article","og_title":"Le Pr Makhtar Diouf sur les tares de la politique \u00e9conomique des pr\u00e9sidents Wade et Sall","og_description":"CONTRIBUTION - Les pratiques d\u00e9nonc\u00e9es sous Abdou Diouf ont \u00e9t\u00e9 reconduites sous Wade, puis sous Macky Sall. Les tares communes \u00e0 tous ces r\u00e9gimes sont le gaspillage des deniers publics et l\u2019ignorance des priorit\u00e9s. Ce qui ne peut permettre le d\u00e9veloppement d\u2019un pays.\u2018\u2019L\u2019alternance\u2019\u2019 \u00e0 deux reprises n\u2019a \u00e9t\u00e9 que changement dans la continuit\u00e9. Cependant, il [&hellip;]","og_url":"https:\/\/www.nettali.com\/2022\/03\/29\/le-pr-makhtar-diouf-sur-les-tares-de-la-politique-economique-des-presidents-wade-et-sall\/","og_site_name":"Nettali.com","article_publisher":"https:\/\/www.facebook.com\/nettalicom","article_published_time":"2022-03-29T10:58:40+00:00","article_modified_time":"2022-03-29T11:00:32+00:00","og_image":[{"width":640,"height":428,"url":"https:\/\/www.nettali.com\/wp-content\/uploads\/2022\/03\/101803470_gettyimages-140684986.jpg","type":"image\/jpeg"}],"twitter_card":"summary_large_image","twitter_misc":{"\u00c9crit par":"CK","Dur\u00e9e de lecture estim\u00e9e":"18 minutes"},"schema":{"@context":"https:\/\/schema.org","@graph":[{"@type":"WebSite","@id":"https:\/\/www.nettali.com\/#website","url":"https:\/\/www.nettali.com\/","name":"Nettali.com","description":"Le rendez-vous critique du Net","potentialAction":[{"@type":"SearchAction","target":{"@type":"EntryPoint","urlTemplate":"https:\/\/www.nettali.com\/?s={search_term_string}"},"query-input":"required name=search_term_string"}],"inLanguage":"fr-FR"},{"@type":"ImageObject","@id":"https:\/\/www.nettali.com\/2022\/03\/29\/le-pr-makhtar-diouf-sur-les-tares-de-la-politique-economique-des-presidents-wade-et-sall\/#primaryimage","inLanguage":"fr-FR","url":"https:\/\/www.nettali.com\/wp-content\/uploads\/2022\/03\/101803470_gettyimages-140684986.jpg","contentUrl":"https:\/\/www.nettali.com\/wp-content\/uploads\/2022\/03\/101803470_gettyimages-140684986.jpg","width":640,"height":428},{"@type":"WebPage","@id":"https:\/\/www.nettali.com\/2022\/03\/29\/le-pr-makhtar-diouf-sur-les-tares-de-la-politique-economique-des-presidents-wade-et-sall\/#webpage","url":"https:\/\/www.nettali.com\/2022\/03\/29\/le-pr-makhtar-diouf-sur-les-tares-de-la-politique-economique-des-presidents-wade-et-sall\/","name":"Le Pr Makhtar Diouf sur les tares de la politique \u00e9conomique des pr\u00e9sidents Wade et Sall | Nettali.com","isPartOf":{"@id":"https:\/\/www.nettali.com\/#website"},"primaryImageOfPage":{"@id":"https:\/\/www.nettali.com\/2022\/03\/29\/le-pr-makhtar-diouf-sur-les-tares-de-la-politique-economique-des-presidents-wade-et-sall\/#primaryimage"},"datePublished":"2022-03-29T10:58:40+00:00","dateModified":"2022-03-29T11:00:32+00:00","author":{"@id":"https:\/\/www.nettali.com\/#\/schema\/person\/d8ac7b7e27ddad43f1c0d2ef090d7f71"},"breadcrumb":{"@id":"https:\/\/www.nettali.com\/2022\/03\/29\/le-pr-makhtar-diouf-sur-les-tares-de-la-politique-economique-des-presidents-wade-et-sall\/#breadcrumb"},"inLanguage":"fr-FR","potentialAction":[{"@type":"ReadAction","target":["https:\/\/www.nettali.com\/2022\/03\/29\/le-pr-makhtar-diouf-sur-les-tares-de-la-politique-economique-des-presidents-wade-et-sall\/"]}]},{"@type":"BreadcrumbList","@id":"https:\/\/www.nettali.com\/2022\/03\/29\/le-pr-makhtar-diouf-sur-les-tares-de-la-politique-economique-des-presidents-wade-et-sall\/#breadcrumb","itemListElement":[{"@type":"ListItem","position":1,"name":"Accueil","item":"https:\/\/www.nettali.com\/"},{"@type":"ListItem","position":2,"name":"Le Pr Makhtar Diouf sur les tares de la politique \u00e9conomique des pr\u00e9sidents Wade et Sall"}]},{"@type":"Person","@id":"https:\/\/www.nettali.com\/#\/schema\/person\/d8ac7b7e27ddad43f1c0d2ef090d7f71","name":"CK","image":{"@type":"ImageObject","@id":"https:\/\/www.nettali.com\/#personlogo","inLanguage":"fr-FR","url":"https:\/\/secure.gravatar.com\/avatar\/1d8d5118b9327d94da7cd4ce7f17fec2?s=96&d=mm&r=g","contentUrl":"https:\/\/secure.gravatar.com\/avatar\/1d8d5118b9327d94da7cd4ce7f17fec2?s=96&d=mm&r=g","caption":"CK"},"sameAs":["https:\/\/www.nettali.com"]}]}},"_links":{"self":[{"href":"https:\/\/www.nettali.com\/rest\/wp\/v2\/posts\/83807"}],"collection":[{"href":"https:\/\/www.nettali.com\/rest\/wp\/v2\/posts"}],"about":[{"href":"https:\/\/www.nettali.com\/rest\/wp\/v2\/types\/post"}],"author":[{"embeddable":true,"href":"https:\/\/www.nettali.com\/rest\/wp\/v2\/users\/2"}],"replies":[{"embeddable":true,"href":"https:\/\/www.nettali.com\/rest\/wp\/v2\/comments?post=83807"}],"version-history":[{"count":2,"href":"https:\/\/www.nettali.com\/rest\/wp\/v2\/posts\/83807\/revisions"}],"predecessor-version":[{"id":83810,"href":"https:\/\/www.nettali.com\/rest\/wp\/v2\/posts\/83807\/revisions\/83810"}],"wp:featuredmedia":[{"embeddable":true,"href":"https:\/\/www.nettali.com\/rest\/wp\/v2\/media\/83811"}],"wp:attachment":[{"href":"https:\/\/www.nettali.com\/rest\/wp\/v2\/media?parent=83807"}],"wp:term":[{"taxonomy":"category","embeddable":true,"href":"https:\/\/www.nettali.com\/rest\/wp\/v2\/categories?post=83807"},{"taxonomy":"post_tag","embeddable":true,"href":"https:\/\/www.nettali.com\/rest\/wp\/v2\/tags?post=83807"}],"curies":[{"name":"wp","href":"https:\/\/api.w.org\/{rel}","templated":true}]}}