{"id":83806,"date":"2022-03-29T10:55:00","date_gmt":"2022-03-29T10:55:00","guid":{"rendered":"https:\/\/www.nettali.com\/?p=83806"},"modified":"2022-03-29T14:46:23","modified_gmt":"2022-03-29T14:46:23","slug":"affaire-adji-sarr-pas-de-mandat-darret-decerne-contre-sonko","status":"publish","type":"post","link":"https:\/\/www.nettali.com\/2022\/03\/29\/affaire-adji-sarr-pas-de-mandat-darret-decerne-contre-sonko\/","title":{"rendered":"AFFAIRE ADJI SARR - Pas de mandat d\u2019arr\u00eat d\u00e9cern\u00e9 contre Sonko"},"content":{"rendered":"<p><b>NETTALI.COM -\u00a0 Malgr\u00e9 une folle rumeur de nature \u00e0 faire croire le contraire, aucun mandat d'arr\u00eat n'a \u00e9t\u00e9 d\u00e9cern\u00e9 contre Ousmane Sonko. C'est ce que nous apprend la livraison du jour de \"Enqu\u00eate\", exploitant une information de Liberationonline.\u00a0<\/b><\/p>\n<p>L\u2019affaire Adji Sarr est revenue au-devant de la sc\u00e8ne m\u00e9diatiques et les rumeurs foisonnent sur la proc\u00e9dure qui a \u00e9t\u00e9 r\u00e9enclench\u00e9e par le Doyen des juges d\u2019instruction, Oumar Maham Diallo. La plus tenace veut que le doyen des juge sait d\u00e9cern\u00e9 un mandat d'arr\u00eat contre Ousmane Sonko. Et que l\u2019arrestation de l\u2019opposant soit imminente. Cette rumeur se fonde sur le fait que le leader dePastef\/Les patriotes ait viol\u00e9 une des conditions de sa mise sous contr\u00f4le judiciaire. Celle de ne pas avoir pas sign\u00e9 pour le dernier vendredi de ce mois.<\/p>\n<p>Selon Liberation online qui cite des sources judiciaires, le juge Oumar Maham Diallo n\u2019a pas d\u00e9cern\u00e9 de mandat d\u2019arr\u00eat contre Ousmane Sonko. \u201cIl n\u2019est sous le coup ni d\u2019un mandat d\u2019amener, pour le contraindre \u00e0 se rendre dans le cabinet du juge, encore moins d\u2019un mandat d\u2019arr\u00eat o\u00f9 il serait directement \u201cd\u00e9pos\u00e9\u2019\u2019 en prison apr\u00e8s arrestation\u2019\u2019, dit-on. Mieux, les m\u00eames sources renseignent que le doyen des juges et les avocats de Sonko qui devaient se voir, hier lundi, ont cal\u00e9 une autre date. Car, plusieurs membres du collectif des avocats de Sonko sont mobilis\u00e9s \u00e0 Ziguinchor dans le cadre du proc\u00e8s de l'affaire Boffa Bayotte.<\/p>\n<p>Le premier cabinet a rejet\u00e9, jeudi24 mars, la requ\u00eate de main lev\u00e9e du contr\u00f4le judiciaire d\u2019Ousmane Sonko. De ce fait, les deux parties essaient de convenir d\u2019une date pour \u201cl'audition au fond\u2019\u2019 d\u2019Ousmane Sonko qui est accus\u00e9 de viol suivi de menaces de mort sur la jeune masseuse Adji Sarr.<\/p>\n<div class='share-to-whatsapp-wrapper'><div class='share-on-whsp'>PARTAGER SUR : <\/div><a data-text='AFFAIRE ADJI SARR - Pas de mandat d\u2019arr\u00eat d\u00e9cern\u00e9 contre Sonko' data-link='https:\/\/www.nettali.com\/2022\/03\/29\/affaire-adji-sarr-pas-de-mandat-darret-decerne-contre-sonko\/' class='whatsapp-button whatsapp-share'>WhatsApp<\/a><div class='clear '><\/div><\/div>","protected":false},"excerpt":{"rendered":"<p>NETTALI.COM -\u00a0 Malgr\u00e9 une folle rumeur de nature \u00e0 faire croire le contraire, aucun mandat d'arr\u00eat n'a \u00e9t\u00e9 d\u00e9cern\u00e9 contre Ousmane Sonko. C'est ce que nous apprend la livraison du jour de \"Enqu\u00eate\", exploitant une information de Liberationonline.\u00a0 L\u2019affaire Adji Sarr est revenue au-devant de la sc\u00e8ne m\u00e9diatiques et les rumeurs foisonnent sur la proc\u00e9dure [&hellip;]<\/p>\n","protected":false},"author":11,"featured_media":58761,"comment_status":"open","ping_status":"open","sticky":false,"template":"","format":"standard","meta":{"_et_pb_use_builder":"","_et_pb_old_content":""},"categories":[2],"tags":[],"yoast_head":"<!-- This site is optimized with the Yoast SEO Premium plugin v17.8 (Yoast SEO v17.8) - https:\/\/yoast.com\/wordpress\/plugins\/seo\/ -->\n<title>AFFAIRE ADJI SARR - Pas de mandat d\u2019arr\u00eat d\u00e9cern\u00e9 contre Sonko | Nettali.com<\/title>\n<meta name=\"robots\" content=\"index, follow, max-snippet:-1, max-image-preview:large, max-video-preview:-1\" \/>\n<link rel=\"canonical\" href=\"https:\/\/www.nettali.com\/2022\/03\/29\/affaire-adji-sarr-pas-de-mandat-darret-decerne-contre-sonko\/\" \/>\n<meta property=\"og:locale\" content=\"fr_FR\" \/>\n<meta property=\"og:type\" content=\"article\" \/>\n<meta property=\"og:title\" content=\"AFFAIRE ADJI SARR - Pas de mandat d\u2019arr\u00eat d\u00e9cern\u00e9 contre Sonko\" \/>\n<meta property=\"og:description\" content=\"NETTALI.COM -\u00a0 Malgr\u00e9 une folle rumeur de nature \u00e0 faire croire le contraire, aucun mandat d&#039;arr\u00eat n&#039;a \u00e9t\u00e9 d\u00e9cern\u00e9 contre Ousmane Sonko. C&#039;est ce que nous apprend la livraison du jour de &quot;Enqu\u00eate&quot;, exploitant une information de Liberationonline.\u00a0 L\u2019affaire Adji Sarr est revenue au-devant de la sc\u00e8ne m\u00e9diatiques et les rumeurs foisonnent sur la proc\u00e9dure [&hellip;]\" \/>\n<meta property=\"og:url\" content=\"https:\/\/www.nettali.com\/2022\/03\/29\/affaire-adji-sarr-pas-de-mandat-darret-decerne-contre-sonko\/\" \/>\n<meta property=\"og:site_name\" content=\"Nettali.com\" \/>\n<meta property=\"article:publisher\" content=\"https:\/\/www.facebook.com\/nettalicom\" \/>\n<meta property=\"article:published_time\" content=\"2022-03-29T10:55:00+00:00\" \/>\n<meta property=\"article:modified_time\" content=\"2022-03-29T14:46:23+00:00\" \/>\n<meta property=\"og:image\" content=\"https:\/\/www.nettali.com\/wp-content\/uploads\/2021\/03\/ousmane-Sonko-1.jpg\" \/>\n\t<meta property=\"og:image:width\" content=\"600\" \/>\n\t<meta property=\"og:image:height\" content=\"377\" \/>\n<meta name=\"twitter:card\" content=\"summary_large_image\" \/>\n<meta name=\"twitter:label1\" content=\"\u00c9crit par\" \/>\n\t<meta name=\"twitter:data1\" content=\"Thierno Diop\" \/>\n\t<meta name=\"twitter:label2\" content=\"Dur\u00e9e de lecture estim\u00e9e\" \/>\n\t<meta name=\"twitter:data2\" content=\"2 minutes\" \/>\n<script type=\"application\/ld+json\" class=\"yoast-schema-graph\">{\"@context\":\"https:\/\/schema.org\",\"@graph\":[{\"@type\":\"WebSite\",\"@id\":\"https:\/\/www.nettali.com\/#website\",\"url\":\"https:\/\/www.nettali.com\/\",\"name\":\"Nettali.com\",\"description\":\"Le rendez-vous critique du Net\",\"potentialAction\":[{\"@type\":\"SearchAction\",\"target\":{\"@type\":\"EntryPoint\",\"urlTemplate\":\"https:\/\/www.nettali.com\/?s={search_term_string}\"},\"query-input\":\"required name=search_term_string\"}],\"inLanguage\":\"fr-FR\"},{\"@type\":\"ImageObject\",\"@id\":\"https:\/\/www.nettali.com\/2022\/03\/29\/affaire-adji-sarr-pas-de-mandat-darret-decerne-contre-sonko\/#primaryimage\",\"inLanguage\":\"fr-FR\",\"url\":\"https:\/\/www.nettali.com\/wp-content\/uploads\/2021\/03\/ousmane-Sonko-1.jpg\",\"contentUrl\":\"https:\/\/www.nettali.com\/wp-content\/uploads\/2021\/03\/ousmane-Sonko-1.jpg\",\"width\":600,\"height\":377},{\"@type\":\"WebPage\",\"@id\":\"https:\/\/www.nettali.com\/2022\/03\/29\/affaire-adji-sarr-pas-de-mandat-darret-decerne-contre-sonko\/#webpage\",\"url\":\"https:\/\/www.nettali.com\/2022\/03\/29\/affaire-adji-sarr-pas-de-mandat-darret-decerne-contre-sonko\/\",\"name\":\"AFFAIRE ADJI SARR - Pas de mandat d\\u2019arr\\u00eat d\\u00e9cern\\u00e9 contre Sonko | Nettali.com\",\"isPartOf\":{\"@id\":\"https:\/\/www.nettali.com\/#website\"},\"primaryImageOfPage\":{\"@id\":\"https:\/\/www.nettali.com\/2022\/03\/29\/affaire-adji-sarr-pas-de-mandat-darret-decerne-contre-sonko\/#primaryimage\"},\"datePublished\":\"2022-03-29T10:55:00+00:00\",\"dateModified\":\"2022-03-29T14:46:23+00:00\",\"author\":{\"@id\":\"https:\/\/www.nettali.com\/#\/schema\/person\/8a06c6bd7b19304cf4bf985862900b5b\"},\"breadcrumb\":{\"@id\":\"https:\/\/www.nettali.com\/2022\/03\/29\/affaire-adji-sarr-pas-de-mandat-darret-decerne-contre-sonko\/#breadcrumb\"},\"inLanguage\":\"fr-FR\",\"potentialAction\":[{\"@type\":\"ReadAction\",\"target\":[\"https:\/\/www.nettali.com\/2022\/03\/29\/affaire-adji-sarr-pas-de-mandat-darret-decerne-contre-sonko\/\"]}]},{\"@type\":\"BreadcrumbList\",\"@id\":\"https:\/\/www.nettali.com\/2022\/03\/29\/affaire-adji-sarr-pas-de-mandat-darret-decerne-contre-sonko\/#breadcrumb\",\"itemListElement\":[{\"@type\":\"ListItem\",\"position\":1,\"name\":\"Accueil\",\"item\":\"https:\/\/www.nettali.com\/\"},{\"@type\":\"ListItem\",\"position\":2,\"name\":\"AFFAIRE ADJI SARR - Pas de mandat d\\u2019arr\\u00eat d\\u00e9cern\\u00e9 contre Sonko\"}]},{\"@type\":\"Person\",\"@id\":\"https:\/\/www.nettali.com\/#\/schema\/person\/8a06c6bd7b19304cf4bf985862900b5b\",\"name\":\"Thierno Diop\",\"image\":{\"@type\":\"ImageObject\",\"@id\":\"https:\/\/www.nettali.com\/#personlogo\",\"inLanguage\":\"fr-FR\",\"url\":\"https:\/\/secure.gravatar.com\/avatar\/c8ca58550c94fd2ac856d27391a6c866?s=96&d=mm&r=g\",\"contentUrl\":\"https:\/\/secure.gravatar.com\/avatar\/c8ca58550c94fd2ac856d27391a6c866?s=96&d=mm&r=g\",\"caption\":\"Thierno Diop\"},\"sameAs\":[\"https:\/\/nettali.com\"]}]}<\/script>\n<!-- \/ Yoast SEO Premium plugin. -->","yoast_head_json":{"title":"AFFAIRE ADJI SARR - Pas de mandat d\u2019arr\u00eat d\u00e9cern\u00e9 contre Sonko | Nettali.com","robots":{"index":"index","follow":"follow","max-snippet":"max-snippet:-1","max-image-preview":"max-image-preview:large","max-video-preview":"max-video-preview:-1"},"canonical":"https:\/\/www.nettali.com\/2022\/03\/29\/affaire-adji-sarr-pas-de-mandat-darret-decerne-contre-sonko\/","og_locale":"fr_FR","og_type":"article","og_title":"AFFAIRE ADJI SARR - Pas de mandat d\u2019arr\u00eat d\u00e9cern\u00e9 contre Sonko","og_description":"NETTALI.COM -\u00a0 Malgr\u00e9 une folle rumeur de nature \u00e0 faire croire le contraire, aucun mandat d'arr\u00eat n'a \u00e9t\u00e9 d\u00e9cern\u00e9 contre Ousmane Sonko. C'est ce que nous apprend la livraison du jour de \"Enqu\u00eate\", exploitant une information de Liberationonline.\u00a0 L\u2019affaire Adji Sarr est revenue au-devant de la sc\u00e8ne m\u00e9diatiques et les rumeurs foisonnent sur la proc\u00e9dure [&hellip;]","og_url":"https:\/\/www.nettali.com\/2022\/03\/29\/affaire-adji-sarr-pas-de-mandat-darret-decerne-contre-sonko\/","og_site_name":"Nettali.com","article_publisher":"https:\/\/www.facebook.com\/nettalicom","article_published_time":"2022-03-29T10:55:00+00:00","article_modified_time":"2022-03-29T14:46:23+00:00","og_image":[{"width":600,"height":377,"url":"https:\/\/www.nettali.com\/wp-content\/uploads\/2021\/03\/ousmane-Sonko-1.jpg","type":"image\/jpeg"}],"twitter_card":"summary_large_image","twitter_misc":{"\u00c9crit par":"Thierno Diop","Dur\u00e9e de lecture estim\u00e9e":"2 minutes"},"schema":{"@context":"https:\/\/schema.org","@graph":[{"@type":"WebSite","@id":"https:\/\/www.nettali.com\/#website","url":"https:\/\/www.nettali.com\/","name":"Nettali.com","description":"Le rendez-vous critique du Net","potentialAction":[{"@type":"SearchAction","target":{"@type":"EntryPoint","urlTemplate":"https:\/\/www.nettali.com\/?s={search_term_string}"},"query-input":"required name=search_term_string"}],"inLanguage":"fr-FR"},{"@type":"ImageObject","@id":"https:\/\/www.nettali.com\/2022\/03\/29\/affaire-adji-sarr-pas-de-mandat-darret-decerne-contre-sonko\/#primaryimage","inLanguage":"fr-FR","url":"https:\/\/www.nettali.com\/wp-content\/uploads\/2021\/03\/ousmane-Sonko-1.jpg","contentUrl":"https:\/\/www.nettali.com\/wp-content\/uploads\/2021\/03\/ousmane-Sonko-1.jpg","width":600,"height":377},{"@type":"WebPage","@id":"https:\/\/www.nettali.com\/2022\/03\/29\/affaire-adji-sarr-pas-de-mandat-darret-decerne-contre-sonko\/#webpage","url":"https:\/\/www.nettali.com\/2022\/03\/29\/affaire-adji-sarr-pas-de-mandat-darret-decerne-contre-sonko\/","name":"AFFAIRE ADJI SARR - Pas de mandat d\u2019arr\u00eat d\u00e9cern\u00e9 contre Sonko | Nettali.com","isPartOf":{"@id":"https:\/\/www.nettali.com\/#website"},"primaryImageOfPage":{"@id":"https:\/\/www.nettali.com\/2022\/03\/29\/affaire-adji-sarr-pas-de-mandat-darret-decerne-contre-sonko\/#primaryimage"},"datePublished":"2022-03-29T10:55:00+00:00","dateModified":"2022-03-29T14:46:23+00:00","author":{"@id":"https:\/\/www.nettali.com\/#\/schema\/person\/8a06c6bd7b19304cf4bf985862900b5b"},"breadcrumb":{"@id":"https:\/\/www.nettali.com\/2022\/03\/29\/affaire-adji-sarr-pas-de-mandat-darret-decerne-contre-sonko\/#breadcrumb"},"inLanguage":"fr-FR","potentialAction":[{"@type":"ReadAction","target":["https:\/\/www.nettali.com\/2022\/03\/29\/affaire-adji-sarr-pas-de-mandat-darret-decerne-contre-sonko\/"]}]},{"@type":"BreadcrumbList","@id":"https:\/\/www.nettali.com\/2022\/03\/29\/affaire-adji-sarr-pas-de-mandat-darret-decerne-contre-sonko\/#breadcrumb","itemListElement":[{"@type":"ListItem","position":1,"name":"Accueil","item":"https:\/\/www.nettali.com\/"},{"@type":"ListItem","position":2,"name":"AFFAIRE ADJI SARR - Pas de mandat d\u2019arr\u00eat d\u00e9cern\u00e9 contre Sonko"}]},{"@type":"Person","@id":"https:\/\/www.nettali.com\/#\/schema\/person\/8a06c6bd7b19304cf4bf985862900b5b","name":"Thierno Diop","image":{"@type":"ImageObject","@id":"https:\/\/www.nettali.com\/#personlogo","inLanguage":"fr-FR","url":"https:\/\/secure.gravatar.com\/avatar\/c8ca58550c94fd2ac856d27391a6c866?s=96&d=mm&r=g","contentUrl":"https:\/\/secure.gravatar.com\/avatar\/c8ca58550c94fd2ac856d27391a6c866?s=96&d=mm&r=g","caption":"Thierno Diop"},"sameAs":["https:\/\/nettali.com"]}]}},"_links":{"self":[{"href":"https:\/\/www.nettali.com\/rest\/wp\/v2\/posts\/83806"}],"collection":[{"href":"https:\/\/www.nettali.com\/rest\/wp\/v2\/posts"}],"about":[{"href":"https:\/\/www.nettali.com\/rest\/wp\/v2\/types\/post"}],"author":[{"embeddable":true,"href":"https:\/\/www.nettali.com\/rest\/wp\/v2\/users\/11"}],"replies":[{"embeddable":true,"href":"https:\/\/www.nettali.com\/rest\/wp\/v2\/comments?post=83806"}],"version-history":[{"count":1,"href":"https:\/\/www.nettali.com\/rest\/wp\/v2\/posts\/83806\/revisions"}],"predecessor-version":[{"id":83808,"href":"https:\/\/www.nettali.com\/rest\/wp\/v2\/posts\/83806\/revisions\/83808"}],"wp:featuredmedia":[{"embeddable":true,"href":"https:\/\/www.nettali.com\/rest\/wp\/v2\/media\/58761"}],"wp:attachment":[{"href":"https:\/\/www.nettali.com\/rest\/wp\/v2\/media?parent=83806"}],"wp:term":[{"taxonomy":"category","embeddable":true,"href":"https:\/\/www.nettali.com\/rest\/wp\/v2\/categories?post=83806"},{"taxonomy":"post_tag","embeddable":true,"href":"https:\/\/www.nettali.com\/rest\/wp\/v2\/tags?post=83806"}],"curies":[{"name":"wp","href":"https:\/\/api.w.org\/{rel}","templated":true}]}}