{"id":83525,"date":"2022-03-24T11:01:49","date_gmt":"2022-03-24T11:01:49","guid":{"rendered":"https:\/\/www.nettali.com\/?p=83525"},"modified":"2022-03-24T11:01:49","modified_gmt":"2022-03-24T11:01:49","slug":"union-africaine-de-la-mutualite-babacar-ngom-devient-vice-president","status":"publish","type":"post","link":"https:\/\/www.nettali.com\/2022\/03\/24\/union-africaine-de-la-mutualite-babacar-ngom-devient-vice-president\/","title":{"rendered":"UNION AFRICAINE DE LA MUTUALITE \u2013 Babacar Ngom devient vice-pr\u00e9sident"},"content":{"rendered":"<p>NETTALI.COM - Le S\u00e9n\u00e9gal est port\u00e9 \u00e0 la vice-pr\u00e9sidence de l\u2019Union africaine de la mutualit\u00e9 (UAM), \u00e0 travers l\u2019\u00e9lection de Babacar Ngom, lors de la derni\u00e8re assembl\u00e9e g\u00e9n\u00e9rale ordinaire qui s\u2019est tenue dans la ville de Rabat, au Maroc.<\/p>\n<p>Il nous est revenu que le pr\u00e9sident de la MSAE a fait l\u2019unanimit\u00e9 devant ses coll\u00e8gues par le biais de suffrages qui ont, \u00e9galement, port\u00e9 le marocain Moulay Brahim Elatmani, pr\u00e9sident de la Mutuelle g\u00e9n\u00e9rale des personnels de l\u2019administration publique (MGPAP), \u00e0 la t\u00eate de l\u2019UAM. Il y avait une forte d\u00e9l\u00e9gation compos\u00e9e de membres de la Mutuelle de Sant\u00e9 des Agents de l\u2019Etat (MSAE) et de l\u2019Union des Mutuelles du minist\u00e8re de l\u2019Economie et des Finances (UMEF).<\/p>\n<p>Selon Enqu\u00eate, avec cette nouvelle \u00e9lection, Babacar Ngom vient d\u2019\u00eatre confort\u00e9 \u00e0 sa place de v\u00e9t\u00e9ran incontest\u00e9 dans un groupe d\u2019\u00e9lites qui ont apport\u00e9 une contribution de haute facture au syst\u00e8me mutualiste en Afrique. \u201cNotre mission, plus que jamais, est au c\u0153ur des enjeux socio-\u00e9conomiques. Faire de la prise en charge et de la sant\u00e9 des populations une priorit\u00e9, voil\u00e0 notre v\u00e9ritable fondement\u2019\u2019, a d\u00e9clar\u00e9 le nouveau premier vice-pr\u00e9sident de l\u2019UAM, Babacar Ngom. A noter que l\u2019Union africaine de la mutualit\u00e9 est une organisation internationale, constitu\u00e9e par les mutuelles, f\u00e9d\u00e9rations, r\u00e9seaux ou associations de mutuelles qui ont adh\u00e9r\u00e9 aux statuts. Elle a son si\u00e8ge \u00e0 Rabat, au Maroc. Elle a sign\u00e9 un accord de si\u00e8ge avec le Gouvernement du Royaume du Maroc. Toutefois, le si\u00e8ge social de l\u2019UAM peut \u00eatre transf\u00e9r\u00e9 sur le territoire de toute organisation membre de l\u2019UAM en cas de besoin, par d\u00e9cision de l\u2019Assembl\u00e9e g\u00e9n\u00e9rale. Comme dans toute organisation internationale, les langues officielles, pratiqu\u00e9es au sein de l\u2019UAM, sont l\u2019arabe, le fran\u00e7ais, l\u2019anglais, et le portugais. Les statuts et le r\u00e8glement int\u00e9rieur sont r\u00e9dig\u00e9s dans ces langues. Au-del\u00e0 d\u2019une large mission, l\u2019UAM s\u2019engage pour l\u2019appui aux mutuelles membres, pour l\u2019\u00e9change et le partage d\u2019informations et d\u2019exp\u00e9riences entre les organisations membres ainsi que pour l\u2019organisation des r\u00e9unions africaines internationales. Elle assure, tout aussi, la repr\u00e9sentation et la d\u00e9fense des principes communs au moyen de positions adopt\u00e9es ensemble envers les institutions.<\/p>\n<p>Dans un autre volet, l\u2019UAM s\u2019occupe de la promotion et de la collaboration de ses membres \u00e0 des projets de coop\u00e9ration internationale, \u201cfond\u00e9es sur le principe de la r\u00e9ciprocit\u00e9, en accord avec les principes de l\u2019organisation et utiles au d\u00e9veloppement d\u2019une \u00e9conomie nationale, sans pour autant se substituer \u00e0 ses membres dans leurs actions\u2019\u2019. Par ailleurs, pour l\u2019\u00e9mergence d\u2019un nouveau leadership social en Afrique, l\u2019UAM s\u2019active avec de nouveaux profils d\u2019acteurs de la mutualit\u00e9. Avec deux cat\u00e9gories socio-professionnelle et communautaire, sa mission devient plus \u00e9largie. En d\u00e9finitive, compte tenu du tout nouveau volet des mutuelles sociales, l\u2019UAM est, d\u00e9sormais, appel\u00e9e \u00e0 promouvoir des programmes sociaux en faveur des populations, d\u00e9velopper aupr\u00e8s des Etats et des institutions internationales un plaidoyer en faveur des personnes vuln\u00e9rables et aussi \u00e9largir les champs d\u2019action en faveur de l\u2019agriculture, de l\u2019habitat etc.<\/p>\n<p>&nbsp;<\/p>\n<div class='share-to-whatsapp-wrapper'><div class='share-on-whsp'>PARTAGER SUR : <\/div><a data-text='UNION AFRICAINE DE LA MUTUALITE \u2013 Babacar Ngom devient vice-pr\u00e9sident' data-link='https:\/\/www.nettali.com\/2022\/03\/24\/union-africaine-de-la-mutualite-babacar-ngom-devient-vice-president\/' class='whatsapp-button whatsapp-share'>WhatsApp<\/a><div class='clear '><\/div><\/div>","protected":false},"excerpt":{"rendered":"<p>NETTALI.COM - Le S\u00e9n\u00e9gal est port\u00e9 \u00e0 la vice-pr\u00e9sidence de l\u2019Union africaine de la mutualit\u00e9 (UAM), \u00e0 travers l\u2019\u00e9lection de Babacar Ngom, lors de la derni\u00e8re assembl\u00e9e g\u00e9n\u00e9rale ordinaire qui s\u2019est tenue dans la ville de Rabat, au Maroc. Il nous est revenu que le pr\u00e9sident de la MSAE a fait l\u2019unanimit\u00e9 devant ses coll\u00e8gues [&hellip;]<\/p>\n","protected":false},"author":11,"featured_media":36401,"comment_status":"open","ping_status":"open","sticky":false,"template":"","format":"standard","meta":{"_et_pb_use_builder":"","_et_pb_old_content":""},"categories":[3],"tags":[],"yoast_head":"<!-- This site is optimized with the Yoast SEO Premium plugin v17.8 (Yoast SEO v17.8) - https:\/\/yoast.com\/wordpress\/plugins\/seo\/ -->\n<title>UNION AFRICAINE DE LA MUTUALITE \u2013 Babacar Ngom devient vice-pr\u00e9sident | Nettali.com<\/title>\n<meta name=\"robots\" content=\"index, follow, max-snippet:-1, max-image-preview:large, max-video-preview:-1\" \/>\n<link rel=\"canonical\" href=\"https:\/\/www.nettali.com\/2022\/03\/24\/union-africaine-de-la-mutualite-babacar-ngom-devient-vice-president\/\" \/>\n<meta property=\"og:locale\" content=\"fr_FR\" \/>\n<meta property=\"og:type\" content=\"article\" \/>\n<meta property=\"og:title\" content=\"UNION AFRICAINE DE LA MUTUALITE \u2013 Babacar Ngom devient vice-pr\u00e9sident\" \/>\n<meta property=\"og:description\" content=\"NETTALI.COM - Le S\u00e9n\u00e9gal est port\u00e9 \u00e0 la vice-pr\u00e9sidence de l\u2019Union africaine de la mutualit\u00e9 (UAM), \u00e0 travers l\u2019\u00e9lection de Babacar Ngom, lors de la derni\u00e8re assembl\u00e9e g\u00e9n\u00e9rale ordinaire qui s\u2019est tenue dans la ville de Rabat, au Maroc. Il nous est revenu que le pr\u00e9sident de la MSAE a fait l\u2019unanimit\u00e9 devant ses coll\u00e8gues [&hellip;]\" \/>\n<meta property=\"og:url\" content=\"https:\/\/www.nettali.com\/2022\/03\/24\/union-africaine-de-la-mutualite-babacar-ngom-devient-vice-president\/\" \/>\n<meta property=\"og:site_name\" content=\"Nettali.com\" \/>\n<meta property=\"article:publisher\" content=\"https:\/\/www.facebook.com\/nettalicom\" \/>\n<meta property=\"article:published_time\" content=\"2022-03-24T11:01:49+00:00\" \/>\n<meta property=\"og:image\" content=\"https:\/\/www.nettali.com\/wp-content\/uploads\/2020\/05\/Babacar_Ngom_11.jpg\" \/>\n\t<meta property=\"og:image:width\" content=\"620\" \/>\n\t<meta property=\"og:image:height\" content=\"413\" \/>\n<meta name=\"twitter:card\" content=\"summary_large_image\" \/>\n<meta name=\"twitter:label1\" content=\"\u00c9crit par\" \/>\n\t<meta name=\"twitter:data1\" content=\"Thierno Diop\" \/>\n\t<meta name=\"twitter:label2\" content=\"Dur\u00e9e de lecture estim\u00e9e\" \/>\n\t<meta name=\"twitter:data2\" content=\"3 minutes\" \/>\n<script type=\"application\/ld+json\" class=\"yoast-schema-graph\">{\"@context\":\"https:\/\/schema.org\",\"@graph\":[{\"@type\":\"WebSite\",\"@id\":\"https:\/\/www.nettali.com\/#website\",\"url\":\"https:\/\/www.nettali.com\/\",\"name\":\"Nettali.com\",\"description\":\"Le rendez-vous critique du Net\",\"potentialAction\":[{\"@type\":\"SearchAction\",\"target\":{\"@type\":\"EntryPoint\",\"urlTemplate\":\"https:\/\/www.nettali.com\/?s={search_term_string}\"},\"query-input\":\"required name=search_term_string\"}],\"inLanguage\":\"fr-FR\"},{\"@type\":\"ImageObject\",\"@id\":\"https:\/\/www.nettali.com\/2022\/03\/24\/union-africaine-de-la-mutualite-babacar-ngom-devient-vice-president\/#primaryimage\",\"inLanguage\":\"fr-FR\",\"url\":\"https:\/\/www.nettali.com\/wp-content\/uploads\/2020\/05\/Babacar_Ngom_11.jpg\",\"contentUrl\":\"https:\/\/www.nettali.com\/wp-content\/uploads\/2020\/05\/Babacar_Ngom_11.jpg\",\"width\":620,\"height\":413},{\"@type\":\"WebPage\",\"@id\":\"https:\/\/www.nettali.com\/2022\/03\/24\/union-africaine-de-la-mutualite-babacar-ngom-devient-vice-president\/#webpage\",\"url\":\"https:\/\/www.nettali.com\/2022\/03\/24\/union-africaine-de-la-mutualite-babacar-ngom-devient-vice-president\/\",\"name\":\"UNION AFRICAINE DE LA MUTUALITE \\u2013 Babacar Ngom devient vice-pr\\u00e9sident | Nettali.com\",\"isPartOf\":{\"@id\":\"https:\/\/www.nettali.com\/#website\"},\"primaryImageOfPage\":{\"@id\":\"https:\/\/www.nettali.com\/2022\/03\/24\/union-africaine-de-la-mutualite-babacar-ngom-devient-vice-president\/#primaryimage\"},\"datePublished\":\"2022-03-24T11:01:49+00:00\",\"dateModified\":\"2022-03-24T11:01:49+00:00\",\"author\":{\"@id\":\"https:\/\/www.nettali.com\/#\/schema\/person\/8a06c6bd7b19304cf4bf985862900b5b\"},\"breadcrumb\":{\"@id\":\"https:\/\/www.nettali.com\/2022\/03\/24\/union-africaine-de-la-mutualite-babacar-ngom-devient-vice-president\/#breadcrumb\"},\"inLanguage\":\"fr-FR\",\"potentialAction\":[{\"@type\":\"ReadAction\",\"target\":[\"https:\/\/www.nettali.com\/2022\/03\/24\/union-africaine-de-la-mutualite-babacar-ngom-devient-vice-president\/\"]}]},{\"@type\":\"BreadcrumbList\",\"@id\":\"https:\/\/www.nettali.com\/2022\/03\/24\/union-africaine-de-la-mutualite-babacar-ngom-devient-vice-president\/#breadcrumb\",\"itemListElement\":[{\"@type\":\"ListItem\",\"position\":1,\"name\":\"Accueil\",\"item\":\"https:\/\/www.nettali.com\/\"},{\"@type\":\"ListItem\",\"position\":2,\"name\":\"UNION AFRICAINE DE LA MUTUALITE \\u2013 Babacar Ngom devient vice-pr\\u00e9sident\"}]},{\"@type\":\"Person\",\"@id\":\"https:\/\/www.nettali.com\/#\/schema\/person\/8a06c6bd7b19304cf4bf985862900b5b\",\"name\":\"Thierno Diop\",\"image\":{\"@type\":\"ImageObject\",\"@id\":\"https:\/\/www.nettali.com\/#personlogo\",\"inLanguage\":\"fr-FR\",\"url\":\"https:\/\/secure.gravatar.com\/avatar\/c8ca58550c94fd2ac856d27391a6c866?s=96&d=mm&r=g\",\"contentUrl\":\"https:\/\/secure.gravatar.com\/avatar\/c8ca58550c94fd2ac856d27391a6c866?s=96&d=mm&r=g\",\"caption\":\"Thierno Diop\"},\"sameAs\":[\"https:\/\/nettali.com\"]}]}<\/script>\n<!-- \/ Yoast SEO Premium plugin. -->","yoast_head_json":{"title":"UNION AFRICAINE DE LA MUTUALITE \u2013 Babacar Ngom devient vice-pr\u00e9sident | Nettali.com","robots":{"index":"index","follow":"follow","max-snippet":"max-snippet:-1","max-image-preview":"max-image-preview:large","max-video-preview":"max-video-preview:-1"},"canonical":"https:\/\/www.nettali.com\/2022\/03\/24\/union-africaine-de-la-mutualite-babacar-ngom-devient-vice-president\/","og_locale":"fr_FR","og_type":"article","og_title":"UNION AFRICAINE DE LA MUTUALITE \u2013 Babacar Ngom devient vice-pr\u00e9sident","og_description":"NETTALI.COM - Le S\u00e9n\u00e9gal est port\u00e9 \u00e0 la vice-pr\u00e9sidence de l\u2019Union africaine de la mutualit\u00e9 (UAM), \u00e0 travers l\u2019\u00e9lection de Babacar Ngom, lors de la derni\u00e8re assembl\u00e9e g\u00e9n\u00e9rale ordinaire qui s\u2019est tenue dans la ville de Rabat, au Maroc. Il nous est revenu que le pr\u00e9sident de la MSAE a fait l\u2019unanimit\u00e9 devant ses coll\u00e8gues [&hellip;]","og_url":"https:\/\/www.nettali.com\/2022\/03\/24\/union-africaine-de-la-mutualite-babacar-ngom-devient-vice-president\/","og_site_name":"Nettali.com","article_publisher":"https:\/\/www.facebook.com\/nettalicom","article_published_time":"2022-03-24T11:01:49+00:00","og_image":[{"width":620,"height":413,"url":"https:\/\/www.nettali.com\/wp-content\/uploads\/2020\/05\/Babacar_Ngom_11.jpg","type":"image\/jpeg"}],"twitter_card":"summary_large_image","twitter_misc":{"\u00c9crit par":"Thierno Diop","Dur\u00e9e de lecture estim\u00e9e":"3 minutes"},"schema":{"@context":"https:\/\/schema.org","@graph":[{"@type":"WebSite","@id":"https:\/\/www.nettali.com\/#website","url":"https:\/\/www.nettali.com\/","name":"Nettali.com","description":"Le rendez-vous critique du Net","potentialAction":[{"@type":"SearchAction","target":{"@type":"EntryPoint","urlTemplate":"https:\/\/www.nettali.com\/?s={search_term_string}"},"query-input":"required name=search_term_string"}],"inLanguage":"fr-FR"},{"@type":"ImageObject","@id":"https:\/\/www.nettali.com\/2022\/03\/24\/union-africaine-de-la-mutualite-babacar-ngom-devient-vice-president\/#primaryimage","inLanguage":"fr-FR","url":"https:\/\/www.nettali.com\/wp-content\/uploads\/2020\/05\/Babacar_Ngom_11.jpg","contentUrl":"https:\/\/www.nettali.com\/wp-content\/uploads\/2020\/05\/Babacar_Ngom_11.jpg","width":620,"height":413},{"@type":"WebPage","@id":"https:\/\/www.nettali.com\/2022\/03\/24\/union-africaine-de-la-mutualite-babacar-ngom-devient-vice-president\/#webpage","url":"https:\/\/www.nettali.com\/2022\/03\/24\/union-africaine-de-la-mutualite-babacar-ngom-devient-vice-president\/","name":"UNION AFRICAINE DE LA MUTUALITE \u2013 Babacar Ngom devient vice-pr\u00e9sident | Nettali.com","isPartOf":{"@id":"https:\/\/www.nettali.com\/#website"},"primaryImageOfPage":{"@id":"https:\/\/www.nettali.com\/2022\/03\/24\/union-africaine-de-la-mutualite-babacar-ngom-devient-vice-president\/#primaryimage"},"datePublished":"2022-03-24T11:01:49+00:00","dateModified":"2022-03-24T11:01:49+00:00","author":{"@id":"https:\/\/www.nettali.com\/#\/schema\/person\/8a06c6bd7b19304cf4bf985862900b5b"},"breadcrumb":{"@id":"https:\/\/www.nettali.com\/2022\/03\/24\/union-africaine-de-la-mutualite-babacar-ngom-devient-vice-president\/#breadcrumb"},"inLanguage":"fr-FR","potentialAction":[{"@type":"ReadAction","target":["https:\/\/www.nettali.com\/2022\/03\/24\/union-africaine-de-la-mutualite-babacar-ngom-devient-vice-president\/"]}]},{"@type":"BreadcrumbList","@id":"https:\/\/www.nettali.com\/2022\/03\/24\/union-africaine-de-la-mutualite-babacar-ngom-devient-vice-president\/#breadcrumb","itemListElement":[{"@type":"ListItem","position":1,"name":"Accueil","item":"https:\/\/www.nettali.com\/"},{"@type":"ListItem","position":2,"name":"UNION AFRICAINE DE LA MUTUALITE \u2013 Babacar Ngom devient vice-pr\u00e9sident"}]},{"@type":"Person","@id":"https:\/\/www.nettali.com\/#\/schema\/person\/8a06c6bd7b19304cf4bf985862900b5b","name":"Thierno Diop","image":{"@type":"ImageObject","@id":"https:\/\/www.nettali.com\/#personlogo","inLanguage":"fr-FR","url":"https:\/\/secure.gravatar.com\/avatar\/c8ca58550c94fd2ac856d27391a6c866?s=96&d=mm&r=g","contentUrl":"https:\/\/secure.gravatar.com\/avatar\/c8ca58550c94fd2ac856d27391a6c866?s=96&d=mm&r=g","caption":"Thierno Diop"},"sameAs":["https:\/\/nettali.com"]}]}},"_links":{"self":[{"href":"https:\/\/www.nettali.com\/rest\/wp\/v2\/posts\/83525"}],"collection":[{"href":"https:\/\/www.nettali.com\/rest\/wp\/v2\/posts"}],"about":[{"href":"https:\/\/www.nettali.com\/rest\/wp\/v2\/types\/post"}],"author":[{"embeddable":true,"href":"https:\/\/www.nettali.com\/rest\/wp\/v2\/users\/11"}],"replies":[{"embeddable":true,"href":"https:\/\/www.nettali.com\/rest\/wp\/v2\/comments?post=83525"}],"version-history":[{"count":1,"href":"https:\/\/www.nettali.com\/rest\/wp\/v2\/posts\/83525\/revisions"}],"predecessor-version":[{"id":83526,"href":"https:\/\/www.nettali.com\/rest\/wp\/v2\/posts\/83525\/revisions\/83526"}],"wp:featuredmedia":[{"embeddable":true,"href":"https:\/\/www.nettali.com\/rest\/wp\/v2\/media\/36401"}],"wp:attachment":[{"href":"https:\/\/www.nettali.com\/rest\/wp\/v2\/media?parent=83525"}],"wp:term":[{"taxonomy":"category","embeddable":true,"href":"https:\/\/www.nettali.com\/rest\/wp\/v2\/categories?post=83525"},{"taxonomy":"post_tag","embeddable":true,"href":"https:\/\/www.nettali.com\/rest\/wp\/v2\/tags?post=83525"}],"curies":[{"name":"wp","href":"https:\/\/api.w.org\/{rel}","templated":true}]}}