{"id":83520,"date":"2022-03-24T10:34:28","date_gmt":"2022-03-24T10:34:28","guid":{"rendered":"https:\/\/www.nettali.com\/?p=83520"},"modified":"2022-03-24T13:58:59","modified_gmt":"2022-03-24T13:58:59","slug":"apres-une-nuit-en-prison-aissatou-seydi-libre","status":"publish","type":"post","link":"https:\/\/www.nettali.com\/2022\/03\/24\/apres-une-nuit-en-prison-aissatou-seydi-libre\/","title":{"rendered":"APR\u00c8S UNE NUIT EN PRISON- A\u00efssatou Seydi libre"},"content":{"rendered":"<p><strong>NETTALI.COM - Apr\u00e8s une nuit pass\u00e9e \u00e0 la Maison d'arr\u00eat pour femmes de Libert\u00e9 VI, Aissatou Seydi, l\u2019ex \u00e9pouse de Diop Iseg a, recouvr\u00e9 la libert\u00e9 ce mercredi 23 mars. <\/strong><\/p>\n<p>L\u2019ex-\u00e9pouse de Diop-Iseg, Aissatou Seydi, recouvre la libert\u00e9. Mardi, elle a pass\u00e9 la nuit en prison. Pour cause, elle a \u00e9t\u00e9 plac\u00e9e sous mandat de d\u00e9p\u00f4t pour non respect des conditions de son contr\u00f4le judiciaire. En fait, inculp\u00e9e pour faux et usage de faux en \u00e9criture priv\u00e9e, suite \u00e0 une plainte de son ex-\u00e9poux Mamadou Diop de l'Iseg, elle doit \u00e9marger r\u00e9guli\u00e8rement au greffe du 8\u00e8me cabinet d\u2019instruction du Tribunal de grande instance de Dakar.\u00a0 Cependant elle n'a\u00a0 pas respect\u00e9 cette formalit\u00e9. C'est pourquoi, elle avait \u00e9t\u00e9 \u00e9crou\u00e9e.<\/p>\n<p>Cependant apr\u00e8s\u00a0 l'annonce de son arrestation, Aissatou Seydi a imput\u00e9 la d\u00e9tention \u00e0 Diop Iseg\u00a0 qui, dit-elle : \u00ab <em>depuis deux mois, il ne cesse de faire des tractations pour me mettre en prison<\/em> \u00bb. Une \u00e9preuve qu\u2019elle compte vivre dans la dignit\u00e9 en laissant tout, d\u2019apr\u00e8s elle, entre les mains du Cr\u00e9ateur. Elle dit prendre pour responsable son ex-mari qui lui a caus\u00e9 beaucoup de torts.<\/p>\n<p>En effet, dans cette affaire \u00e0 mille et un rebondissements, Aissatou Seydou, en instance de divorce avec Diop-Iseg, avait \u00e9t\u00e9 la premi\u00e8re \u00e0 initier une proc\u00e9dure devant le tribunal des r\u00e9f\u00e9r\u00e9s qui lui avait donn\u00e9 raison.<\/p>\n<p>Ainsi, dans une d\u00e9cision, les juges ont ordonn\u00e9 l\u2019expulsion de Mamadou Diop, des membres de sa famille et de la soci\u00e9t\u00e9 de gardiennage dite Ninki pro s\u00e9curit\u00e9 de l\u2019immeuble. Les d\u00e9fenseurs ont aussi \u00e9t\u00e9 condamn\u00e9s aux d\u00e9pens. Une ordonnance d'expulsion a \u00e9t\u00e9 ordonn\u00e9e au Directeur de l\u2019Iseg qui, \u00e0 sa sortie de prison, avait fait appel dans la proc\u00e9dure d\u2019urgence.<\/p>\n<p>\u00ab <em>Elle ne pensait pas que j\u2019allais sortir et d\u00e8s qu\u2019elle a \u00e9t\u00e9 inform\u00e9e de ma lib\u00e9ration, elle s\u2019est empress\u00e9e de d\u00e9truire les ch\u00e8ques. En complicit\u00e9 avec le propri\u00e9taire de la maison. Il y a eu un deal sur mon dos<\/em> \u00bb, d\u00e9non\u00e7ait-il. Avant de clarifier : \u00ab <em>ISEG a d\u00e9caiss\u00e9 110 millions de francs CFA pour la maison dont le prix est fix\u00e9 \u00e0 140 millions. Devant les enqu\u00eateurs, Aissatou Seydi a reconnu que la maison a \u00e9t\u00e9 achet\u00e9e avec des ch\u00e8ques de l\u2019ISEG. \u00ab On habite toujours ensemble et elle occupe une chambre dans la maison. Donc, l\u2019ordonnance n\u2019est pas valable car dans le code de la famille, un \u00e9poux ne peut pas exclure l\u2019autre tant qu\u2019ils sont dans les liens du mariage<\/em> \u00bb, disait Diop Iseg.<\/p>\n<div class='share-to-whatsapp-wrapper'><div class='share-on-whsp'>PARTAGER SUR : <\/div><a data-text='APR\u00c8S UNE NUIT EN PRISON- A\u00efssatou Seydi libre' data-link='https:\/\/www.nettali.com\/2022\/03\/24\/apres-une-nuit-en-prison-aissatou-seydi-libre\/' class='whatsapp-button whatsapp-share'>WhatsApp<\/a><div class='clear '><\/div><\/div>","protected":false},"excerpt":{"rendered":"<p>NETTALI.COM - Apr\u00e8s une nuit pass\u00e9e \u00e0 la Maison d'arr\u00eat pour femmes de Libert\u00e9 VI, Aissatou Seydi, l\u2019ex \u00e9pouse de Diop Iseg a, recouvr\u00e9 la libert\u00e9 ce mercredi 23 mars. L\u2019ex-\u00e9pouse de Diop-Iseg, Aissatou Seydi, recouvre la libert\u00e9. Mardi, elle a pass\u00e9 la nuit en prison. Pour cause, elle a \u00e9t\u00e9 plac\u00e9e sous mandat de [&hellip;]<\/p>\n","protected":false},"author":6,"featured_media":66550,"comment_status":"open","ping_status":"open","sticky":false,"template":"","format":"standard","meta":{"_et_pb_use_builder":"","_et_pb_old_content":""},"categories":[3],"tags":[],"yoast_head":"<!-- This site is optimized with the Yoast SEO Premium plugin v17.8 (Yoast SEO v17.8) - https:\/\/yoast.com\/wordpress\/plugins\/seo\/ -->\n<title>APR\u00c8S UNE NUIT EN PRISON- A\u00efssatou Seydi libre | Nettali.com<\/title>\n<meta name=\"robots\" content=\"index, follow, max-snippet:-1, max-image-preview:large, max-video-preview:-1\" \/>\n<link rel=\"canonical\" href=\"https:\/\/www.nettali.com\/2022\/03\/24\/apres-une-nuit-en-prison-aissatou-seydi-libre\/\" \/>\n<meta property=\"og:locale\" content=\"fr_FR\" \/>\n<meta property=\"og:type\" content=\"article\" \/>\n<meta property=\"og:title\" content=\"APR\u00c8S UNE NUIT EN PRISON- A\u00efssatou Seydi libre\" \/>\n<meta property=\"og:description\" content=\"NETTALI.COM - Apr\u00e8s une nuit pass\u00e9e \u00e0 la Maison d&#039;arr\u00eat pour femmes de Libert\u00e9 VI, Aissatou Seydi, l\u2019ex \u00e9pouse de Diop Iseg a, recouvr\u00e9 la libert\u00e9 ce mercredi 23 mars. L\u2019ex-\u00e9pouse de Diop-Iseg, Aissatou Seydi, recouvre la libert\u00e9. Mardi, elle a pass\u00e9 la nuit en prison. Pour cause, elle a \u00e9t\u00e9 plac\u00e9e sous mandat de [&hellip;]\" \/>\n<meta property=\"og:url\" content=\"https:\/\/www.nettali.com\/2022\/03\/24\/apres-une-nuit-en-prison-aissatou-seydi-libre\/\" \/>\n<meta property=\"og:site_name\" content=\"Nettali.com\" \/>\n<meta property=\"article:publisher\" content=\"https:\/\/www.facebook.com\/nettalicom\" \/>\n<meta property=\"article:published_time\" content=\"2022-03-24T10:34:28+00:00\" \/>\n<meta property=\"article:modified_time\" content=\"2022-03-24T13:58:59+00:00\" \/>\n<meta property=\"og:image\" content=\"https:\/\/www.nettali.com\/wp-content\/uploads\/2021\/06\/diop-iseg.png\" \/>\n\t<meta property=\"og:image:width\" content=\"665\" \/>\n\t<meta property=\"og:image:height\" content=\"430\" \/>\n<meta name=\"twitter:card\" content=\"summary_large_image\" \/>\n<meta name=\"twitter:label1\" content=\"\u00c9crit par\" \/>\n\t<meta name=\"twitter:data1\" content=\"Fatou\" \/>\n\t<meta name=\"twitter:label2\" content=\"Dur\u00e9e de lecture estim\u00e9e\" \/>\n\t<meta name=\"twitter:data2\" content=\"3 minutes\" \/>\n<script type=\"application\/ld+json\" class=\"yoast-schema-graph\">{\"@context\":\"https:\/\/schema.org\",\"@graph\":[{\"@type\":\"WebSite\",\"@id\":\"https:\/\/www.nettali.com\/#website\",\"url\":\"https:\/\/www.nettali.com\/\",\"name\":\"Nettali.com\",\"description\":\"Le rendez-vous critique du Net\",\"potentialAction\":[{\"@type\":\"SearchAction\",\"target\":{\"@type\":\"EntryPoint\",\"urlTemplate\":\"https:\/\/www.nettali.com\/?s={search_term_string}\"},\"query-input\":\"required name=search_term_string\"}],\"inLanguage\":\"fr-FR\"},{\"@type\":\"ImageObject\",\"@id\":\"https:\/\/www.nettali.com\/2022\/03\/24\/apres-une-nuit-en-prison-aissatou-seydi-libre\/#primaryimage\",\"inLanguage\":\"fr-FR\",\"url\":\"https:\/\/www.nettali.com\/wp-content\/uploads\/2021\/06\/diop-iseg.png\",\"contentUrl\":\"https:\/\/www.nettali.com\/wp-content\/uploads\/2021\/06\/diop-iseg.png\",\"width\":665,\"height\":430},{\"@type\":\"WebPage\",\"@id\":\"https:\/\/www.nettali.com\/2022\/03\/24\/apres-une-nuit-en-prison-aissatou-seydi-libre\/#webpage\",\"url\":\"https:\/\/www.nettali.com\/2022\/03\/24\/apres-une-nuit-en-prison-aissatou-seydi-libre\/\",\"name\":\"APR\\u00c8S UNE NUIT EN PRISON- A\\u00efssatou Seydi libre | Nettali.com\",\"isPartOf\":{\"@id\":\"https:\/\/www.nettali.com\/#website\"},\"primaryImageOfPage\":{\"@id\":\"https:\/\/www.nettali.com\/2022\/03\/24\/apres-une-nuit-en-prison-aissatou-seydi-libre\/#primaryimage\"},\"datePublished\":\"2022-03-24T10:34:28+00:00\",\"dateModified\":\"2022-03-24T13:58:59+00:00\",\"author\":{\"@id\":\"https:\/\/www.nettali.com\/#\/schema\/person\/418274a86bdf87caff7a3ef476bd0bbf\"},\"breadcrumb\":{\"@id\":\"https:\/\/www.nettali.com\/2022\/03\/24\/apres-une-nuit-en-prison-aissatou-seydi-libre\/#breadcrumb\"},\"inLanguage\":\"fr-FR\",\"potentialAction\":[{\"@type\":\"ReadAction\",\"target\":[\"https:\/\/www.nettali.com\/2022\/03\/24\/apres-une-nuit-en-prison-aissatou-seydi-libre\/\"]}]},{\"@type\":\"BreadcrumbList\",\"@id\":\"https:\/\/www.nettali.com\/2022\/03\/24\/apres-une-nuit-en-prison-aissatou-seydi-libre\/#breadcrumb\",\"itemListElement\":[{\"@type\":\"ListItem\",\"position\":1,\"name\":\"Accueil\",\"item\":\"https:\/\/www.nettali.com\/\"},{\"@type\":\"ListItem\",\"position\":2,\"name\":\"APR\\u00c8S UNE NUIT EN PRISON- A\\u00efssatou Seydi libre\"}]},{\"@type\":\"Person\",\"@id\":\"https:\/\/www.nettali.com\/#\/schema\/person\/418274a86bdf87caff7a3ef476bd0bbf\",\"name\":\"Fatou\",\"image\":{\"@type\":\"ImageObject\",\"@id\":\"https:\/\/www.nettali.com\/#personlogo\",\"inLanguage\":\"fr-FR\",\"url\":\"https:\/\/secure.gravatar.com\/avatar\/5a9442a2bee7b4dcf167cab035858e9a?s=96&d=mm&r=g\",\"contentUrl\":\"https:\/\/secure.gravatar.com\/avatar\/5a9442a2bee7b4dcf167cab035858e9a?s=96&d=mm&r=g\",\"caption\":\"Fatou\"},\"sameAs\":[\"https:\/\/www.nettali.com\"]}]}<\/script>\n<!-- \/ Yoast SEO Premium plugin. -->","yoast_head_json":{"title":"APR\u00c8S UNE NUIT EN PRISON- A\u00efssatou Seydi libre | Nettali.com","robots":{"index":"index","follow":"follow","max-snippet":"max-snippet:-1","max-image-preview":"max-image-preview:large","max-video-preview":"max-video-preview:-1"},"canonical":"https:\/\/www.nettali.com\/2022\/03\/24\/apres-une-nuit-en-prison-aissatou-seydi-libre\/","og_locale":"fr_FR","og_type":"article","og_title":"APR\u00c8S UNE NUIT EN PRISON- A\u00efssatou Seydi libre","og_description":"NETTALI.COM - Apr\u00e8s une nuit pass\u00e9e \u00e0 la Maison d'arr\u00eat pour femmes de Libert\u00e9 VI, Aissatou Seydi, l\u2019ex \u00e9pouse de Diop Iseg a, recouvr\u00e9 la libert\u00e9 ce mercredi 23 mars. L\u2019ex-\u00e9pouse de Diop-Iseg, Aissatou Seydi, recouvre la libert\u00e9. Mardi, elle a pass\u00e9 la nuit en prison. Pour cause, elle a \u00e9t\u00e9 plac\u00e9e sous mandat de [&hellip;]","og_url":"https:\/\/www.nettali.com\/2022\/03\/24\/apres-une-nuit-en-prison-aissatou-seydi-libre\/","og_site_name":"Nettali.com","article_publisher":"https:\/\/www.facebook.com\/nettalicom","article_published_time":"2022-03-24T10:34:28+00:00","article_modified_time":"2022-03-24T13:58:59+00:00","og_image":[{"width":665,"height":430,"url":"https:\/\/www.nettali.com\/wp-content\/uploads\/2021\/06\/diop-iseg.png","type":"image\/png"}],"twitter_card":"summary_large_image","twitter_misc":{"\u00c9crit par":"Fatou","Dur\u00e9e de lecture estim\u00e9e":"3 minutes"},"schema":{"@context":"https:\/\/schema.org","@graph":[{"@type":"WebSite","@id":"https:\/\/www.nettali.com\/#website","url":"https:\/\/www.nettali.com\/","name":"Nettali.com","description":"Le rendez-vous critique du Net","potentialAction":[{"@type":"SearchAction","target":{"@type":"EntryPoint","urlTemplate":"https:\/\/www.nettali.com\/?s={search_term_string}"},"query-input":"required name=search_term_string"}],"inLanguage":"fr-FR"},{"@type":"ImageObject","@id":"https:\/\/www.nettali.com\/2022\/03\/24\/apres-une-nuit-en-prison-aissatou-seydi-libre\/#primaryimage","inLanguage":"fr-FR","url":"https:\/\/www.nettali.com\/wp-content\/uploads\/2021\/06\/diop-iseg.png","contentUrl":"https:\/\/www.nettali.com\/wp-content\/uploads\/2021\/06\/diop-iseg.png","width":665,"height":430},{"@type":"WebPage","@id":"https:\/\/www.nettali.com\/2022\/03\/24\/apres-une-nuit-en-prison-aissatou-seydi-libre\/#webpage","url":"https:\/\/www.nettali.com\/2022\/03\/24\/apres-une-nuit-en-prison-aissatou-seydi-libre\/","name":"APR\u00c8S UNE NUIT EN PRISON- A\u00efssatou Seydi libre | Nettali.com","isPartOf":{"@id":"https:\/\/www.nettali.com\/#website"},"primaryImageOfPage":{"@id":"https:\/\/www.nettali.com\/2022\/03\/24\/apres-une-nuit-en-prison-aissatou-seydi-libre\/#primaryimage"},"datePublished":"2022-03-24T10:34:28+00:00","dateModified":"2022-03-24T13:58:59+00:00","author":{"@id":"https:\/\/www.nettali.com\/#\/schema\/person\/418274a86bdf87caff7a3ef476bd0bbf"},"breadcrumb":{"@id":"https:\/\/www.nettali.com\/2022\/03\/24\/apres-une-nuit-en-prison-aissatou-seydi-libre\/#breadcrumb"},"inLanguage":"fr-FR","potentialAction":[{"@type":"ReadAction","target":["https:\/\/www.nettali.com\/2022\/03\/24\/apres-une-nuit-en-prison-aissatou-seydi-libre\/"]}]},{"@type":"BreadcrumbList","@id":"https:\/\/www.nettali.com\/2022\/03\/24\/apres-une-nuit-en-prison-aissatou-seydi-libre\/#breadcrumb","itemListElement":[{"@type":"ListItem","position":1,"name":"Accueil","item":"https:\/\/www.nettali.com\/"},{"@type":"ListItem","position":2,"name":"APR\u00c8S UNE NUIT EN PRISON- A\u00efssatou Seydi libre"}]},{"@type":"Person","@id":"https:\/\/www.nettali.com\/#\/schema\/person\/418274a86bdf87caff7a3ef476bd0bbf","name":"Fatou","image":{"@type":"ImageObject","@id":"https:\/\/www.nettali.com\/#personlogo","inLanguage":"fr-FR","url":"https:\/\/secure.gravatar.com\/avatar\/5a9442a2bee7b4dcf167cab035858e9a?s=96&d=mm&r=g","contentUrl":"https:\/\/secure.gravatar.com\/avatar\/5a9442a2bee7b4dcf167cab035858e9a?s=96&d=mm&r=g","caption":"Fatou"},"sameAs":["https:\/\/www.nettali.com"]}]}},"_links":{"self":[{"href":"https:\/\/www.nettali.com\/rest\/wp\/v2\/posts\/83520"}],"collection":[{"href":"https:\/\/www.nettali.com\/rest\/wp\/v2\/posts"}],"about":[{"href":"https:\/\/www.nettali.com\/rest\/wp\/v2\/types\/post"}],"author":[{"embeddable":true,"href":"https:\/\/www.nettali.com\/rest\/wp\/v2\/users\/6"}],"replies":[{"embeddable":true,"href":"https:\/\/www.nettali.com\/rest\/wp\/v2\/comments?post=83520"}],"version-history":[{"count":5,"href":"https:\/\/www.nettali.com\/rest\/wp\/v2\/posts\/83520\/revisions"}],"predecessor-version":[{"id":83558,"href":"https:\/\/www.nettali.com\/rest\/wp\/v2\/posts\/83520\/revisions\/83558"}],"wp:featuredmedia":[{"embeddable":true,"href":"https:\/\/www.nettali.com\/rest\/wp\/v2\/media\/66550"}],"wp:attachment":[{"href":"https:\/\/www.nettali.com\/rest\/wp\/v2\/media?parent=83520"}],"wp:term":[{"taxonomy":"category","embeddable":true,"href":"https:\/\/www.nettali.com\/rest\/wp\/v2\/categories?post=83520"},{"taxonomy":"post_tag","embeddable":true,"href":"https:\/\/www.nettali.com\/rest\/wp\/v2\/tags?post=83520"}],"curies":[{"name":"wp","href":"https:\/\/api.w.org\/{rel}","templated":true}]}}