{"id":83459,"date":"2022-03-23T09:25:07","date_gmt":"2022-03-23T09:25:07","guid":{"rendered":"https:\/\/www.nettali.com\/?p=83459"},"modified":"2022-03-23T19:49:07","modified_gmt":"2022-03-23T19:49:07","slug":"forum-mondial-de-leau-le-terrible-constat-de-moustapha-niasse","status":"publish","type":"post","link":"https:\/\/www.nettali.com\/2022\/03\/23\/forum-mondial-de-leau-le-terrible-constat-de-moustapha-niasse\/","title":{"rendered":"FORUM MONDIAL DE L\u2019EAU - Le terrible constat de Moustapha Niasse"},"content":{"rendered":"<p><strong>NETTALI.COM - Le Forum mondial de l\u2019eau mobilise toutes forces vives du pays dont les Parlementaires qui tiennent un Segment parlementaire dudit Forum. Hier, le Pr\u00e9sident de l\u2019Assembl\u00e9e nationale, Moustapha Niasse, a fait un puissant plaidoyer pour trouver des solutions \u00e0 la question de l\u2019eau.<\/strong><\/p>\n<p>Le Pr\u00e9sident de l\u2019Assembl\u00e9e nationale a pr\u00e9sid\u00e9, hier, la c\u00e9r\u00e9monie d\u2019ouverture du Segment parlementaire du Forum mondial de l'Eau qui se tient \u00e0 Dakar. Moustapha Niasse, selon la livraison du jour de Enqu\u00eate, a d\u00e9peint un tableau pr\u00e9occupant pour souligner l\u2019urgence d\u2019agir, pour trouver des solutions \u00e0 la question de l\u2019eau. \u201cPendant, plusieurs d\u00e9cennies, depuis Marrakech, qui a accueilli le 1e Forum mondial en 1997, le Conseil mondial nous mobilise tous les trois ans, pour renouveler le plaidoyer, \u00e9valuer et r\u00e9ajuster nos strat\u00e9gies, en vue d'une meilleure prise en charge des questions li\u00e9es \u00e0 la bonne gestion de nos ressources hydriques. Malheureusement, malgr\u00e9 ces mobilisations cycliques, \u00e0 travers les Foras et Conf\u00e9rences au niveau mondial, la situation reste toujours pr\u00e9occupante. Les r\u00e9serves d'eau diminuent, les Lacs et les Cours d'eau se tarissent face aux d\u00e9r\u00e8glements climatiques. Le tiers des fleuves et rivi\u00e8res est pollu\u00e9, du fait des d\u00e9gradations humaines et industrielles. Tout ceci, dans un environnement de d\u00e9mographie galopante\u2019\u2019, pr\u00e9vient le Pr\u00e9sident de l\u2019Assembl\u00e9e nationale.<\/p>\n<p>D\u2019autant que les perspectives sont mauvaises, dans un contexte s\u00e9curitaire d\u00e9grad\u00e9 et le r\u00e9chauffement climatique qui soumet la plan\u00e8te \u00e0 rude \u00e9preuve. \u201cLes Pays en D\u00e9veloppement et, en particulier, ceux de l'espace subsaharien, souligne-t-il, souffrent davantage, face \u00e0 ces p\u00e9rils et ont du mal \u00e0 atteindre les objectifs du D\u00e9veloppement durable (ODD), notamment son point 6, relatif \u00e0 l'acc\u00e8s \u00e0 l'eau potable et \u00e0 l'assainissement. En effet, les cycles de s\u00e9cheresse r\u00e9currents dans plusieurs r\u00e9gions, la salinit\u00e9 croissante des Grands fleuves, et la rar\u00e9faction des nappes phr\u00e9atiques, exposent nos pays et nos populations \u00e0 une baisse drastique de leurs productions agricoles\u2019\u2019.<\/p>\n<p>De ce fait, c\u2019est l\u2019humanit\u00e9 qui est en danger, puisque \u201cdes milliards de personnes restent sans acc\u00e8s \u00e0 l\u2019eau courante, dans de nombreuses r\u00e9gions du monde, dans les quartiers pauvres des villes, dans les provinces rurales isol\u00e9es\u2019\u2019. Aux yeux de Moustapha Niasse, \u201cune telle situation est simplement inacceptable, tant elle constitue la n\u00e9gation d\u2019un droit humain universel, et une atteinte \u00e0 la dignit\u00e9, pour un nombre important d\u2019\u00eatres humains. Dans un tel contexte, notre monde court le risque d'une recrudescence des crises et des conflits, autour des contentieux r\u00e9gionaux ou internationaux, li\u00e9es \u00e0 l'acc\u00e8s aux ressources naturelles\u2019\u2019.<\/p>\n<p><strong>La partition des Parlementaires<\/strong><\/p>\n<p>D\u2019o\u00f9 le r\u00f4le pr\u00e9pond\u00e9rant que les Parlementaires qu\u2019ils sont ont \u00e0 jouer. \u201cFace \u00e0 ces enjeux majeurs, nous parlementaires, nous constituons un maillon essentiel et irrempla\u00e7able, pour porter et faire avancer la cause de l\u2019eau, \u00e0 toutes les \u00e9chelles (local, national, panafricaine et international). A travers nos actes l\u00e9gislatifs, nos engagements en mati\u00e8re de contr\u00f4le des actions publiques et d\u2019allocations budg\u00e9taires, il nous appartient de veiller \u00e0 ce que les secteurs de l'acc\u00e8s \u00e0 l'eau et \u00e0 l'assainissement soient prioritaires dans nos programmes de d\u00e9veloppement \u00e9conomique et social\u2019\u2019, enjoint-il \u00e0 ses pairs. D\u2019ailleurs, il estime qu\u2019il leur revient de \u201cmobiliser et sensibiliser toutes les<\/p>\n<p>composantes de nos Soci\u00e9t\u00e9s, sur la n\u00e9cessit\u00e9 d'une gestion rigoureuse, et d'un usage appropri\u00e9 de cette importante denr\u00e9e, que repr\u00e9sente l'eau, source de vie et de survie\u2019\u2019.<\/p>\n<p>Ce faisant, il est revenu sur les paliers qui ont \u00e9t\u00e9 franchis par le S\u00e9n\u00e9gal dans cette qu\u00eate d\u2019une eau abondante et de qualit\u00e9 pour les populations. \u201cD\u00e9j\u00e0, en Mars 1981, dit-il, le S\u00e9n\u00e9gal a adopt\u00e9 un Code de l'eau, qui a \u00e9t\u00e9 r\u00e9cemment r\u00e9vis\u00e9, pour l'adapter aux engagements internationaux relatifs \u00e0 la gestion int\u00e9gr\u00e9e des ressources en eau et \u00e0 la redynamisation du cadre l\u00e9gislatif y aff\u00e9rant. Il s'y ajoute l'appartenance du S\u00e9n\u00e9gal \u00e0 deux organismes de Bassins transfrontaliers, \u00e0 savoir l'OMVS et l\u2019OMVG, dont il abrite les Si\u00e8ges respectifs, et o\u00f9 il joue un r\u00f4le de premier plan\u2019\u2019. Moustapha Niasse a, ainsi, rappel\u00e9 qu\u2019au plan diplomatique, le S\u00e9n\u00e9gal, au cours de son mandat de Membre non permanent du Conseil de S\u00e9curit\u00e9 des Nations unies, a pu inscrire avec succ\u00e8s la th\u00e9matique '' Eau, Paix et S\u00e9curit\u00e9 '' au c\u0153ur de l'agenda de cette importante Instance.<\/p>\n<p>Il renseigne que \u201cl\u2019Assembl\u00e9e nationale du S\u00e9n\u00e9gal s'est \u00e9galement appropri\u00e9e cette probl\u00e9matique de l'eau, aussi bien au sein du R\u00e9seau des Parlementaires pour la protection de l'environnement au S\u00e9n\u00e9gal (le REPES), qu'au niveau du Comit\u00e9 de Partenariat, charg\u00e9 de la coordination de la pleine participation des parlementaires s\u00e9n\u00e9galais au Forum de Dakar\u2019\u2019.<\/p>\n<p>C\u2019est pourquoi, il garde le ferme espoir que les conclusions, qui seront issues de ce Forum, permettront de concr\u00e9tiser les objectifs qu\u2019ils se sont fix\u00e9s, au profit de leurs peuples respectifs.<\/p>\n<div class='share-to-whatsapp-wrapper'><div class='share-on-whsp'>PARTAGER SUR : <\/div><a data-text='FORUM MONDIAL DE L\u2019EAU - Le terrible constat de Moustapha Niasse' data-link='https:\/\/www.nettali.com\/2022\/03\/23\/forum-mondial-de-leau-le-terrible-constat-de-moustapha-niasse\/' class='whatsapp-button whatsapp-share'>WhatsApp<\/a><div class='clear '><\/div><\/div>","protected":false},"excerpt":{"rendered":"<p>NETTALI.COM - Le Forum mondial de l\u2019eau mobilise toutes forces vives du pays dont les Parlementaires qui tiennent un Segment parlementaire dudit Forum. Hier, le Pr\u00e9sident de l\u2019Assembl\u00e9e nationale, Moustapha Niasse, a fait un puissant plaidoyer pour trouver des solutions \u00e0 la question de l\u2019eau. Le Pr\u00e9sident de l\u2019Assembl\u00e9e nationale a pr\u00e9sid\u00e9, hier, la c\u00e9r\u00e9monie [&hellip;]<\/p>\n","protected":false},"author":11,"featured_media":11224,"comment_status":"open","ping_status":"open","sticky":false,"template":"","format":"standard","meta":{"_et_pb_use_builder":"","_et_pb_old_content":""},"categories":[3],"tags":[],"yoast_head":"<!-- This site is optimized with the Yoast SEO Premium plugin v17.8 (Yoast SEO v17.8) - https:\/\/yoast.com\/wordpress\/plugins\/seo\/ -->\n<title>FORUM MONDIAL DE L\u2019EAU - Le terrible constat de Moustapha Niasse | Nettali.com<\/title>\n<meta name=\"robots\" content=\"index, follow, max-snippet:-1, max-image-preview:large, max-video-preview:-1\" \/>\n<link rel=\"canonical\" href=\"https:\/\/www.nettali.com\/2022\/03\/23\/forum-mondial-de-leau-le-terrible-constat-de-moustapha-niasse\/\" \/>\n<meta property=\"og:locale\" content=\"fr_FR\" \/>\n<meta property=\"og:type\" content=\"article\" \/>\n<meta property=\"og:title\" content=\"FORUM MONDIAL DE L\u2019EAU - Le terrible constat de Moustapha Niasse\" \/>\n<meta property=\"og:description\" content=\"NETTALI.COM - Le Forum mondial de l\u2019eau mobilise toutes forces vives du pays dont les Parlementaires qui tiennent un Segment parlementaire dudit Forum. Hier, le Pr\u00e9sident de l\u2019Assembl\u00e9e nationale, Moustapha Niasse, a fait un puissant plaidoyer pour trouver des solutions \u00e0 la question de l\u2019eau. Le Pr\u00e9sident de l\u2019Assembl\u00e9e nationale a pr\u00e9sid\u00e9, hier, la c\u00e9r\u00e9monie [&hellip;]\" \/>\n<meta property=\"og:url\" content=\"https:\/\/www.nettali.com\/2022\/03\/23\/forum-mondial-de-leau-le-terrible-constat-de-moustapha-niasse\/\" \/>\n<meta property=\"og:site_name\" content=\"Nettali.com\" \/>\n<meta property=\"article:publisher\" content=\"https:\/\/www.facebook.com\/nettalicom\" \/>\n<meta property=\"article:published_time\" content=\"2022-03-23T09:25:07+00:00\" \/>\n<meta property=\"article:modified_time\" content=\"2022-03-23T19:49:07+00:00\" \/>\n<meta property=\"og:image\" content=\"https:\/\/www.nettali.com\/wp-content\/uploads\/2019\/06\/moustapha-niasse-696x464.jpg\" \/>\n\t<meta property=\"og:image:width\" content=\"696\" \/>\n\t<meta property=\"og:image:height\" content=\"464\" \/>\n<meta name=\"twitter:card\" content=\"summary_large_image\" \/>\n<meta name=\"twitter:label1\" content=\"\u00c9crit par\" \/>\n\t<meta name=\"twitter:data1\" content=\"Thierno Diop\" \/>\n\t<meta name=\"twitter:label2\" content=\"Dur\u00e9e de lecture estim\u00e9e\" \/>\n\t<meta name=\"twitter:data2\" content=\"4 minutes\" \/>\n<script type=\"application\/ld+json\" class=\"yoast-schema-graph\">{\"@context\":\"https:\/\/schema.org\",\"@graph\":[{\"@type\":\"WebSite\",\"@id\":\"https:\/\/www.nettali.com\/#website\",\"url\":\"https:\/\/www.nettali.com\/\",\"name\":\"Nettali.com\",\"description\":\"Le rendez-vous critique du Net\",\"potentialAction\":[{\"@type\":\"SearchAction\",\"target\":{\"@type\":\"EntryPoint\",\"urlTemplate\":\"https:\/\/www.nettali.com\/?s={search_term_string}\"},\"query-input\":\"required name=search_term_string\"}],\"inLanguage\":\"fr-FR\"},{\"@type\":\"ImageObject\",\"@id\":\"https:\/\/www.nettali.com\/2022\/03\/23\/forum-mondial-de-leau-le-terrible-constat-de-moustapha-niasse\/#primaryimage\",\"inLanguage\":\"fr-FR\",\"url\":\"https:\/\/www.nettali.com\/wp-content\/uploads\/2019\/06\/moustapha-niasse-696x464.jpg\",\"contentUrl\":\"https:\/\/www.nettali.com\/wp-content\/uploads\/2019\/06\/moustapha-niasse-696x464.jpg\",\"width\":696,\"height\":464},{\"@type\":\"WebPage\",\"@id\":\"https:\/\/www.nettali.com\/2022\/03\/23\/forum-mondial-de-leau-le-terrible-constat-de-moustapha-niasse\/#webpage\",\"url\":\"https:\/\/www.nettali.com\/2022\/03\/23\/forum-mondial-de-leau-le-terrible-constat-de-moustapha-niasse\/\",\"name\":\"FORUM MONDIAL DE L\\u2019EAU - Le terrible constat de Moustapha Niasse | Nettali.com\",\"isPartOf\":{\"@id\":\"https:\/\/www.nettali.com\/#website\"},\"primaryImageOfPage\":{\"@id\":\"https:\/\/www.nettali.com\/2022\/03\/23\/forum-mondial-de-leau-le-terrible-constat-de-moustapha-niasse\/#primaryimage\"},\"datePublished\":\"2022-03-23T09:25:07+00:00\",\"dateModified\":\"2022-03-23T19:49:07+00:00\",\"author\":{\"@id\":\"https:\/\/www.nettali.com\/#\/schema\/person\/8a06c6bd7b19304cf4bf985862900b5b\"},\"breadcrumb\":{\"@id\":\"https:\/\/www.nettali.com\/2022\/03\/23\/forum-mondial-de-leau-le-terrible-constat-de-moustapha-niasse\/#breadcrumb\"},\"inLanguage\":\"fr-FR\",\"potentialAction\":[{\"@type\":\"ReadAction\",\"target\":[\"https:\/\/www.nettali.com\/2022\/03\/23\/forum-mondial-de-leau-le-terrible-constat-de-moustapha-niasse\/\"]}]},{\"@type\":\"BreadcrumbList\",\"@id\":\"https:\/\/www.nettali.com\/2022\/03\/23\/forum-mondial-de-leau-le-terrible-constat-de-moustapha-niasse\/#breadcrumb\",\"itemListElement\":[{\"@type\":\"ListItem\",\"position\":1,\"name\":\"Accueil\",\"item\":\"https:\/\/www.nettali.com\/\"},{\"@type\":\"ListItem\",\"position\":2,\"name\":\"FORUM MONDIAL DE L\\u2019EAU - Le terrible constat de Moustapha Niasse\"}]},{\"@type\":\"Person\",\"@id\":\"https:\/\/www.nettali.com\/#\/schema\/person\/8a06c6bd7b19304cf4bf985862900b5b\",\"name\":\"Thierno Diop\",\"image\":{\"@type\":\"ImageObject\",\"@id\":\"https:\/\/www.nettali.com\/#personlogo\",\"inLanguage\":\"fr-FR\",\"url\":\"https:\/\/secure.gravatar.com\/avatar\/c8ca58550c94fd2ac856d27391a6c866?s=96&d=mm&r=g\",\"contentUrl\":\"https:\/\/secure.gravatar.com\/avatar\/c8ca58550c94fd2ac856d27391a6c866?s=96&d=mm&r=g\",\"caption\":\"Thierno Diop\"},\"sameAs\":[\"https:\/\/nettali.com\"]}]}<\/script>\n<!-- \/ Yoast SEO Premium plugin. -->","yoast_head_json":{"title":"FORUM MONDIAL DE L\u2019EAU - Le terrible constat de Moustapha Niasse | Nettali.com","robots":{"index":"index","follow":"follow","max-snippet":"max-snippet:-1","max-image-preview":"max-image-preview:large","max-video-preview":"max-video-preview:-1"},"canonical":"https:\/\/www.nettali.com\/2022\/03\/23\/forum-mondial-de-leau-le-terrible-constat-de-moustapha-niasse\/","og_locale":"fr_FR","og_type":"article","og_title":"FORUM MONDIAL DE L\u2019EAU - Le terrible constat de Moustapha Niasse","og_description":"NETTALI.COM - Le Forum mondial de l\u2019eau mobilise toutes forces vives du pays dont les Parlementaires qui tiennent un Segment parlementaire dudit Forum. Hier, le Pr\u00e9sident de l\u2019Assembl\u00e9e nationale, Moustapha Niasse, a fait un puissant plaidoyer pour trouver des solutions \u00e0 la question de l\u2019eau. Le Pr\u00e9sident de l\u2019Assembl\u00e9e nationale a pr\u00e9sid\u00e9, hier, la c\u00e9r\u00e9monie [&hellip;]","og_url":"https:\/\/www.nettali.com\/2022\/03\/23\/forum-mondial-de-leau-le-terrible-constat-de-moustapha-niasse\/","og_site_name":"Nettali.com","article_publisher":"https:\/\/www.facebook.com\/nettalicom","article_published_time":"2022-03-23T09:25:07+00:00","article_modified_time":"2022-03-23T19:49:07+00:00","og_image":[{"width":696,"height":464,"url":"https:\/\/www.nettali.com\/wp-content\/uploads\/2019\/06\/moustapha-niasse-696x464.jpg","type":"image\/jpeg"}],"twitter_card":"summary_large_image","twitter_misc":{"\u00c9crit par":"Thierno Diop","Dur\u00e9e de lecture estim\u00e9e":"4 minutes"},"schema":{"@context":"https:\/\/schema.org","@graph":[{"@type":"WebSite","@id":"https:\/\/www.nettali.com\/#website","url":"https:\/\/www.nettali.com\/","name":"Nettali.com","description":"Le rendez-vous critique du Net","potentialAction":[{"@type":"SearchAction","target":{"@type":"EntryPoint","urlTemplate":"https:\/\/www.nettali.com\/?s={search_term_string}"},"query-input":"required name=search_term_string"}],"inLanguage":"fr-FR"},{"@type":"ImageObject","@id":"https:\/\/www.nettali.com\/2022\/03\/23\/forum-mondial-de-leau-le-terrible-constat-de-moustapha-niasse\/#primaryimage","inLanguage":"fr-FR","url":"https:\/\/www.nettali.com\/wp-content\/uploads\/2019\/06\/moustapha-niasse-696x464.jpg","contentUrl":"https:\/\/www.nettali.com\/wp-content\/uploads\/2019\/06\/moustapha-niasse-696x464.jpg","width":696,"height":464},{"@type":"WebPage","@id":"https:\/\/www.nettali.com\/2022\/03\/23\/forum-mondial-de-leau-le-terrible-constat-de-moustapha-niasse\/#webpage","url":"https:\/\/www.nettali.com\/2022\/03\/23\/forum-mondial-de-leau-le-terrible-constat-de-moustapha-niasse\/","name":"FORUM MONDIAL DE L\u2019EAU - Le terrible constat de Moustapha Niasse | Nettali.com","isPartOf":{"@id":"https:\/\/www.nettali.com\/#website"},"primaryImageOfPage":{"@id":"https:\/\/www.nettali.com\/2022\/03\/23\/forum-mondial-de-leau-le-terrible-constat-de-moustapha-niasse\/#primaryimage"},"datePublished":"2022-03-23T09:25:07+00:00","dateModified":"2022-03-23T19:49:07+00:00","author":{"@id":"https:\/\/www.nettali.com\/#\/schema\/person\/8a06c6bd7b19304cf4bf985862900b5b"},"breadcrumb":{"@id":"https:\/\/www.nettali.com\/2022\/03\/23\/forum-mondial-de-leau-le-terrible-constat-de-moustapha-niasse\/#breadcrumb"},"inLanguage":"fr-FR","potentialAction":[{"@type":"ReadAction","target":["https:\/\/www.nettali.com\/2022\/03\/23\/forum-mondial-de-leau-le-terrible-constat-de-moustapha-niasse\/"]}]},{"@type":"BreadcrumbList","@id":"https:\/\/www.nettali.com\/2022\/03\/23\/forum-mondial-de-leau-le-terrible-constat-de-moustapha-niasse\/#breadcrumb","itemListElement":[{"@type":"ListItem","position":1,"name":"Accueil","item":"https:\/\/www.nettali.com\/"},{"@type":"ListItem","position":2,"name":"FORUM MONDIAL DE L\u2019EAU - Le terrible constat de Moustapha Niasse"}]},{"@type":"Person","@id":"https:\/\/www.nettali.com\/#\/schema\/person\/8a06c6bd7b19304cf4bf985862900b5b","name":"Thierno Diop","image":{"@type":"ImageObject","@id":"https:\/\/www.nettali.com\/#personlogo","inLanguage":"fr-FR","url":"https:\/\/secure.gravatar.com\/avatar\/c8ca58550c94fd2ac856d27391a6c866?s=96&d=mm&r=g","contentUrl":"https:\/\/secure.gravatar.com\/avatar\/c8ca58550c94fd2ac856d27391a6c866?s=96&d=mm&r=g","caption":"Thierno Diop"},"sameAs":["https:\/\/nettali.com"]}]}},"_links":{"self":[{"href":"https:\/\/www.nettali.com\/rest\/wp\/v2\/posts\/83459"}],"collection":[{"href":"https:\/\/www.nettali.com\/rest\/wp\/v2\/posts"}],"about":[{"href":"https:\/\/www.nettali.com\/rest\/wp\/v2\/types\/post"}],"author":[{"embeddable":true,"href":"https:\/\/www.nettali.com\/rest\/wp\/v2\/users\/11"}],"replies":[{"embeddable":true,"href":"https:\/\/www.nettali.com\/rest\/wp\/v2\/comments?post=83459"}],"version-history":[{"count":1,"href":"https:\/\/www.nettali.com\/rest\/wp\/v2\/posts\/83459\/revisions"}],"predecessor-version":[{"id":83460,"href":"https:\/\/www.nettali.com\/rest\/wp\/v2\/posts\/83459\/revisions\/83460"}],"wp:featuredmedia":[{"embeddable":true,"href":"https:\/\/www.nettali.com\/rest\/wp\/v2\/media\/11224"}],"wp:attachment":[{"href":"https:\/\/www.nettali.com\/rest\/wp\/v2\/media?parent=83459"}],"wp:term":[{"taxonomy":"category","embeddable":true,"href":"https:\/\/www.nettali.com\/rest\/wp\/v2\/categories?post=83459"},{"taxonomy":"post_tag","embeddable":true,"href":"https:\/\/www.nettali.com\/rest\/wp\/v2\/tags?post=83459"}],"curies":[{"name":"wp","href":"https:\/\/api.w.org\/{rel}","templated":true}]}}