{"id":83359,"date":"2022-03-22T08:10:54","date_gmt":"2022-03-22T08:10:54","guid":{"rendered":"https:\/\/www.nettali.com\/?p=83359"},"modified":"2022-03-22T08:10:54","modified_gmt":"2022-03-22T08:10:54","slug":"mane-salah-klopp-a-tranche-en-fonction-de-senegal-egypte","status":"publish","type":"post","link":"https:\/\/www.nettali.com\/2022\/03\/22\/mane-salah-klopp-a-tranche-en-fonction-de-senegal-egypte\/","title":{"rendered":"MAN\u00c9 \/ SALAH - Klopp a tranch\u00e9 en fonction de S\u00e9n\u00e9gal - Egypte"},"content":{"rendered":"<p><strong>NETTALI.COM - Vainqueur de Nottingham Forest (1-0), dimanche dernier, en quart de finale de la FA Cup, Liverpool a d\u00fb composer sans ses deux stars Mohamed Salah et Sadio Man\u00e9. Si le Pharaon \u00e9tait m\u00e9nag\u00e9 apr\u00e8s sa blessure au pied contract\u00e9e le week-end dernier contre Brighton (2-0), le Lion \u00e9tait en revanche apte, mais son entra\u00eeneur J\u00fcrgen Klopp a pr\u00e9f\u00e9r\u00e9 le laisser au repos dans un souci d\u2019\u00e9quit\u00e9 et afin d\u2019\u00e9viter toute pol\u00e9mique \u00e0 quelques jours d\u2019une double confrontation explosive entre le S\u00e9n\u00e9gal et l\u2019Egypte et ses deux stars en barrages de la Coupe du monde 2022 (25 et 29 mars). <\/strong><\/p>\n<p>\"<em>Mo a encore ressenti le coup du match de Brighton. Ce n\u2019est pas grave, mais il est clair que vous ne pouvez pas participer \u00e0 un match comme celui-ci si vous avez une petite douleur ici ou l\u00e0. Il n\u2019y a aucune chance. \u00c0 ce moment-l\u00e0, il \u00e9tait clair que nous n\u2019utiliserions pas Sadio pour cette rencontre parce que le match <\/em><em>(\u00e0 venir, ndlr) est trop important en Afrique<\/em>\", a expliqu\u00e9 l\u2019Allemand dans des propos rapport\u00e9s par le site officiel des Reds.<\/p>\n<p>\"<em>Je ne veux pas \u00eatre celui qui fait des choses comme \u00e7a, qui pourraient \u00eatre mal comprises. Les autres \u00e9taient tous indisponibles. Mo \u00e9tait indisponible,<\/em><br \/>\n<em>seul Sadio a \u00e9t\u00e9 laiss\u00e9 de c\u00f4t\u00e9<\/em>.\"<\/p>\n<p>Apr\u00e8s ses propos maladroits sur la Can durant l\u2019hiver, le technicien a tenu \u00e0 montrer qu\u2019il se soucie du football africain.<\/p>\n<div class='share-to-whatsapp-wrapper'><div class='share-on-whsp'>PARTAGER SUR : <\/div><a data-text='MAN\u00c9 \/ SALAH - Klopp a tranch\u00e9 en fonction de S\u00e9n\u00e9gal - Egypte' data-link='https:\/\/www.nettali.com\/2022\/03\/22\/mane-salah-klopp-a-tranche-en-fonction-de-senegal-egypte\/' class='whatsapp-button whatsapp-share'>WhatsApp<\/a><div class='clear '><\/div><\/div>","protected":false},"excerpt":{"rendered":"<p>NETTALI.COM - Vainqueur de Nottingham Forest (1-0), dimanche dernier, en quart de finale de la FA Cup, Liverpool a d\u00fb composer sans ses deux stars Mohamed Salah et Sadio Man\u00e9. Si le Pharaon \u00e9tait m\u00e9nag\u00e9 apr\u00e8s sa blessure au pied contract\u00e9e le week-end dernier contre Brighton (2-0), le Lion \u00e9tait en revanche apte, mais son [&hellip;]<\/p>\n","protected":false},"author":2,"featured_media":83363,"comment_status":"open","ping_status":"open","sticky":false,"template":"","format":"standard","meta":{"_et_pb_use_builder":"","_et_pb_old_content":""},"categories":[6],"tags":[],"yoast_head":"<!-- This site is optimized with the Yoast SEO Premium plugin v17.8 (Yoast SEO v17.8) - https:\/\/yoast.com\/wordpress\/plugins\/seo\/ -->\n<title>MAN\u00c9 \/ SALAH - Klopp a tranch\u00e9 en fonction de S\u00e9n\u00e9gal - Egypte | Nettali.com<\/title>\n<meta name=\"robots\" content=\"index, follow, max-snippet:-1, max-image-preview:large, max-video-preview:-1\" \/>\n<link rel=\"canonical\" href=\"https:\/\/www.nettali.com\/2022\/03\/22\/mane-salah-klopp-a-tranche-en-fonction-de-senegal-egypte\/\" \/>\n<meta property=\"og:locale\" content=\"fr_FR\" \/>\n<meta property=\"og:type\" content=\"article\" \/>\n<meta property=\"og:title\" content=\"MAN\u00c9 \/ SALAH - Klopp a tranch\u00e9 en fonction de S\u00e9n\u00e9gal - Egypte\" \/>\n<meta property=\"og:description\" content=\"NETTALI.COM - Vainqueur de Nottingham Forest (1-0), dimanche dernier, en quart de finale de la FA Cup, Liverpool a d\u00fb composer sans ses deux stars Mohamed Salah et Sadio Man\u00e9. Si le Pharaon \u00e9tait m\u00e9nag\u00e9 apr\u00e8s sa blessure au pied contract\u00e9e le week-end dernier contre Brighton (2-0), le Lion \u00e9tait en revanche apte, mais son [&hellip;]\" \/>\n<meta property=\"og:url\" content=\"https:\/\/www.nettali.com\/2022\/03\/22\/mane-salah-klopp-a-tranche-en-fonction-de-senegal-egypte\/\" \/>\n<meta property=\"og:site_name\" content=\"Nettali.com\" \/>\n<meta property=\"article:publisher\" content=\"https:\/\/www.facebook.com\/nettalicom\" \/>\n<meta property=\"article:published_time\" content=\"2022-03-22T08:10:54+00:00\" \/>\n<meta property=\"og:image\" content=\"https:\/\/www.nettali.com\/wp-content\/uploads\/2022\/03\/Icon_59881635.jpg\" \/>\n\t<meta property=\"og:image:width\" content=\"2000\" \/>\n\t<meta property=\"og:image:height\" content=\"1333\" \/>\n<meta name=\"twitter:card\" content=\"summary_large_image\" \/>\n<meta name=\"twitter:label1\" content=\"\u00c9crit par\" \/>\n\t<meta name=\"twitter:data1\" content=\"CK\" \/>\n\t<meta name=\"twitter:label2\" content=\"Dur\u00e9e de lecture estim\u00e9e\" \/>\n\t<meta name=\"twitter:data2\" content=\"2 minutes\" \/>\n<script type=\"application\/ld+json\" class=\"yoast-schema-graph\">{\"@context\":\"https:\/\/schema.org\",\"@graph\":[{\"@type\":\"WebSite\",\"@id\":\"https:\/\/www.nettali.com\/#website\",\"url\":\"https:\/\/www.nettali.com\/\",\"name\":\"Nettali.com\",\"description\":\"Le rendez-vous critique du Net\",\"potentialAction\":[{\"@type\":\"SearchAction\",\"target\":{\"@type\":\"EntryPoint\",\"urlTemplate\":\"https:\/\/www.nettali.com\/?s={search_term_string}\"},\"query-input\":\"required name=search_term_string\"}],\"inLanguage\":\"fr-FR\"},{\"@type\":\"ImageObject\",\"@id\":\"https:\/\/www.nettali.com\/2022\/03\/22\/mane-salah-klopp-a-tranche-en-fonction-de-senegal-egypte\/#primaryimage\",\"inLanguage\":\"fr-FR\",\"url\":\"https:\/\/www.nettali.com\/wp-content\/uploads\/2022\/03\/Icon_59881635.jpg\",\"contentUrl\":\"https:\/\/www.nettali.com\/wp-content\/uploads\/2022\/03\/Icon_59881635.jpg\",\"width\":2000,\"height\":1333},{\"@type\":\"WebPage\",\"@id\":\"https:\/\/www.nettali.com\/2022\/03\/22\/mane-salah-klopp-a-tranche-en-fonction-de-senegal-egypte\/#webpage\",\"url\":\"https:\/\/www.nettali.com\/2022\/03\/22\/mane-salah-klopp-a-tranche-en-fonction-de-senegal-egypte\/\",\"name\":\"MAN\\u00c9 \/ SALAH - Klopp a tranch\\u00e9 en fonction de S\\u00e9n\\u00e9gal - Egypte | Nettali.com\",\"isPartOf\":{\"@id\":\"https:\/\/www.nettali.com\/#website\"},\"primaryImageOfPage\":{\"@id\":\"https:\/\/www.nettali.com\/2022\/03\/22\/mane-salah-klopp-a-tranche-en-fonction-de-senegal-egypte\/#primaryimage\"},\"datePublished\":\"2022-03-22T08:10:54+00:00\",\"dateModified\":\"2022-03-22T08:10:54+00:00\",\"author\":{\"@id\":\"https:\/\/www.nettali.com\/#\/schema\/person\/d8ac7b7e27ddad43f1c0d2ef090d7f71\"},\"breadcrumb\":{\"@id\":\"https:\/\/www.nettali.com\/2022\/03\/22\/mane-salah-klopp-a-tranche-en-fonction-de-senegal-egypte\/#breadcrumb\"},\"inLanguage\":\"fr-FR\",\"potentialAction\":[{\"@type\":\"ReadAction\",\"target\":[\"https:\/\/www.nettali.com\/2022\/03\/22\/mane-salah-klopp-a-tranche-en-fonction-de-senegal-egypte\/\"]}]},{\"@type\":\"BreadcrumbList\",\"@id\":\"https:\/\/www.nettali.com\/2022\/03\/22\/mane-salah-klopp-a-tranche-en-fonction-de-senegal-egypte\/#breadcrumb\",\"itemListElement\":[{\"@type\":\"ListItem\",\"position\":1,\"name\":\"Accueil\",\"item\":\"https:\/\/www.nettali.com\/\"},{\"@type\":\"ListItem\",\"position\":2,\"name\":\"MAN\\u00c9 \/ SALAH - Klopp a tranch\\u00e9 en fonction de S\\u00e9n\\u00e9gal - Egypte\"}]},{\"@type\":\"Person\",\"@id\":\"https:\/\/www.nettali.com\/#\/schema\/person\/d8ac7b7e27ddad43f1c0d2ef090d7f71\",\"name\":\"CK\",\"image\":{\"@type\":\"ImageObject\",\"@id\":\"https:\/\/www.nettali.com\/#personlogo\",\"inLanguage\":\"fr-FR\",\"url\":\"https:\/\/secure.gravatar.com\/avatar\/1d8d5118b9327d94da7cd4ce7f17fec2?s=96&d=mm&r=g\",\"contentUrl\":\"https:\/\/secure.gravatar.com\/avatar\/1d8d5118b9327d94da7cd4ce7f17fec2?s=96&d=mm&r=g\",\"caption\":\"CK\"},\"sameAs\":[\"https:\/\/www.nettali.com\"]}]}<\/script>\n<!-- \/ Yoast SEO Premium plugin. -->","yoast_head_json":{"title":"MAN\u00c9 \/ SALAH - Klopp a tranch\u00e9 en fonction de S\u00e9n\u00e9gal - Egypte | Nettali.com","robots":{"index":"index","follow":"follow","max-snippet":"max-snippet:-1","max-image-preview":"max-image-preview:large","max-video-preview":"max-video-preview:-1"},"canonical":"https:\/\/www.nettali.com\/2022\/03\/22\/mane-salah-klopp-a-tranche-en-fonction-de-senegal-egypte\/","og_locale":"fr_FR","og_type":"article","og_title":"MAN\u00c9 \/ SALAH - Klopp a tranch\u00e9 en fonction de S\u00e9n\u00e9gal - Egypte","og_description":"NETTALI.COM - Vainqueur de Nottingham Forest (1-0), dimanche dernier, en quart de finale de la FA Cup, Liverpool a d\u00fb composer sans ses deux stars Mohamed Salah et Sadio Man\u00e9. Si le Pharaon \u00e9tait m\u00e9nag\u00e9 apr\u00e8s sa blessure au pied contract\u00e9e le week-end dernier contre Brighton (2-0), le Lion \u00e9tait en revanche apte, mais son [&hellip;]","og_url":"https:\/\/www.nettali.com\/2022\/03\/22\/mane-salah-klopp-a-tranche-en-fonction-de-senegal-egypte\/","og_site_name":"Nettali.com","article_publisher":"https:\/\/www.facebook.com\/nettalicom","article_published_time":"2022-03-22T08:10:54+00:00","og_image":[{"width":2000,"height":1333,"url":"https:\/\/www.nettali.com\/wp-content\/uploads\/2022\/03\/Icon_59881635.jpg","type":"image\/jpeg"}],"twitter_card":"summary_large_image","twitter_misc":{"\u00c9crit par":"CK","Dur\u00e9e de lecture estim\u00e9e":"2 minutes"},"schema":{"@context":"https:\/\/schema.org","@graph":[{"@type":"WebSite","@id":"https:\/\/www.nettali.com\/#website","url":"https:\/\/www.nettali.com\/","name":"Nettali.com","description":"Le rendez-vous critique du Net","potentialAction":[{"@type":"SearchAction","target":{"@type":"EntryPoint","urlTemplate":"https:\/\/www.nettali.com\/?s={search_term_string}"},"query-input":"required name=search_term_string"}],"inLanguage":"fr-FR"},{"@type":"ImageObject","@id":"https:\/\/www.nettali.com\/2022\/03\/22\/mane-salah-klopp-a-tranche-en-fonction-de-senegal-egypte\/#primaryimage","inLanguage":"fr-FR","url":"https:\/\/www.nettali.com\/wp-content\/uploads\/2022\/03\/Icon_59881635.jpg","contentUrl":"https:\/\/www.nettali.com\/wp-content\/uploads\/2022\/03\/Icon_59881635.jpg","width":2000,"height":1333},{"@type":"WebPage","@id":"https:\/\/www.nettali.com\/2022\/03\/22\/mane-salah-klopp-a-tranche-en-fonction-de-senegal-egypte\/#webpage","url":"https:\/\/www.nettali.com\/2022\/03\/22\/mane-salah-klopp-a-tranche-en-fonction-de-senegal-egypte\/","name":"MAN\u00c9 \/ SALAH - Klopp a tranch\u00e9 en fonction de S\u00e9n\u00e9gal - Egypte | Nettali.com","isPartOf":{"@id":"https:\/\/www.nettali.com\/#website"},"primaryImageOfPage":{"@id":"https:\/\/www.nettali.com\/2022\/03\/22\/mane-salah-klopp-a-tranche-en-fonction-de-senegal-egypte\/#primaryimage"},"datePublished":"2022-03-22T08:10:54+00:00","dateModified":"2022-03-22T08:10:54+00:00","author":{"@id":"https:\/\/www.nettali.com\/#\/schema\/person\/d8ac7b7e27ddad43f1c0d2ef090d7f71"},"breadcrumb":{"@id":"https:\/\/www.nettali.com\/2022\/03\/22\/mane-salah-klopp-a-tranche-en-fonction-de-senegal-egypte\/#breadcrumb"},"inLanguage":"fr-FR","potentialAction":[{"@type":"ReadAction","target":["https:\/\/www.nettali.com\/2022\/03\/22\/mane-salah-klopp-a-tranche-en-fonction-de-senegal-egypte\/"]}]},{"@type":"BreadcrumbList","@id":"https:\/\/www.nettali.com\/2022\/03\/22\/mane-salah-klopp-a-tranche-en-fonction-de-senegal-egypte\/#breadcrumb","itemListElement":[{"@type":"ListItem","position":1,"name":"Accueil","item":"https:\/\/www.nettali.com\/"},{"@type":"ListItem","position":2,"name":"MAN\u00c9 \/ SALAH - Klopp a tranch\u00e9 en fonction de S\u00e9n\u00e9gal - Egypte"}]},{"@type":"Person","@id":"https:\/\/www.nettali.com\/#\/schema\/person\/d8ac7b7e27ddad43f1c0d2ef090d7f71","name":"CK","image":{"@type":"ImageObject","@id":"https:\/\/www.nettali.com\/#personlogo","inLanguage":"fr-FR","url":"https:\/\/secure.gravatar.com\/avatar\/1d8d5118b9327d94da7cd4ce7f17fec2?s=96&d=mm&r=g","contentUrl":"https:\/\/secure.gravatar.com\/avatar\/1d8d5118b9327d94da7cd4ce7f17fec2?s=96&d=mm&r=g","caption":"CK"},"sameAs":["https:\/\/www.nettali.com"]}]}},"_links":{"self":[{"href":"https:\/\/www.nettali.com\/rest\/wp\/v2\/posts\/83359"}],"collection":[{"href":"https:\/\/www.nettali.com\/rest\/wp\/v2\/posts"}],"about":[{"href":"https:\/\/www.nettali.com\/rest\/wp\/v2\/types\/post"}],"author":[{"embeddable":true,"href":"https:\/\/www.nettali.com\/rest\/wp\/v2\/users\/2"}],"replies":[{"embeddable":true,"href":"https:\/\/www.nettali.com\/rest\/wp\/v2\/comments?post=83359"}],"version-history":[{"count":1,"href":"https:\/\/www.nettali.com\/rest\/wp\/v2\/posts\/83359\/revisions"}],"predecessor-version":[{"id":83360,"href":"https:\/\/www.nettali.com\/rest\/wp\/v2\/posts\/83359\/revisions\/83360"}],"wp:featuredmedia":[{"embeddable":true,"href":"https:\/\/www.nettali.com\/rest\/wp\/v2\/media\/83363"}],"wp:attachment":[{"href":"https:\/\/www.nettali.com\/rest\/wp\/v2\/media?parent=83359"}],"wp:term":[{"taxonomy":"category","embeddable":true,"href":"https:\/\/www.nettali.com\/rest\/wp\/v2\/categories?post=83359"},{"taxonomy":"post_tag","embeddable":true,"href":"https:\/\/www.nettali.com\/rest\/wp\/v2\/tags?post=83359"}],"curies":[{"name":"wp","href":"https:\/\/api.w.org\/{rel}","templated":true}]}}