{"id":83354,"date":"2022-03-22T07:26:38","date_gmt":"2022-03-22T07:26:38","guid":{"rendered":"https:\/\/www.nettali.com\/?p=83354"},"modified":"2022-03-22T19:24:37","modified_gmt":"2022-03-22T19:24:37","slug":"medias-cheikh-yerim-seck-quitte-la-vie-publique","status":"publish","type":"post","link":"https:\/\/www.nettali.com\/2022\/03\/22\/medias-cheikh-yerim-seck-quitte-la-vie-publique\/","title":{"rendered":"MEDIAS - Cheikh Y\u00e9rim Seck quitte la vie publique"},"content":{"rendered":"<p><strong>NETTALI.COM\u00a0 - Apr\u00e8s 10 mois de d\u00e9tention pour viol, d\u00e9tournement de mineure et collecte illicite de donn\u00e9es, Souleymane Sidy Seck est sorti de prison. Occasion saisie par son p\u00e8re Cheikh Y\u00e9rim Seck pour annoncer sa d\u00e9cision de se retirer de la vie publique.<\/strong><\/p>\n<p>Journaliste et chroniqueur sur la Tfm, Cheikh Y\u00e9rim Seck vient de prendre une d\u00e9cision majeure dans sa vie. L'ancien de <em>\"Jeune Afrique\"<\/em> a tout bonnement d\u00e9cid\u00e9 de se retirer de la vie publique. Il a, lui-m\u00eame, fait la r\u00e9v\u00e9lation dans une vid\u00e9o largement partag\u00e9e sur les r\u00e9seaux sociaux.<\/p>\n<p>\"<em>Je me retire de la vie publique du S\u00e9n\u00e9gal, c'est-\u00e0-dire que je ne ferai plus partie de ceux qui prennent la parole en public. Je veux d\u00e9sormais me consacrer \u00e0 mon fils qui vient de sortir de prison. La t\u00e9l\u00e9, la radio, la presse \u00e9crite, l'analyse des faits politiques... font d\u00e9sormais partie de mon pass\u00e9<\/em>\", informe Cheikh Y\u00e9rim Seck.<\/p>\n<p>Il va plus loin et annonce la fin de son blog <em>\"Y\u00e9rim post\",\u00a0<\/em>mais aussi la vente de ses parts \u00e0 <em>Dakaractu.\u00a0<\/em>\"<em>Ainsi, j'aurais du temps pour m'occuper de mes enfants, de mes femmes et de ma m\u00e8re dont l'\u00e2ge est assez avanc\u00e9. Le reste de mon temps sera consacr\u00e9 \u00e0 un cabinet que j'ai cr\u00e9\u00e9, il y a un mois<\/em>\", r\u00e9v\u00e8le le journaliste.<\/p>\n<p>Revenant sur les moments durs de sa vie, Cheikh Y\u00e9rim Seck demande \u00e0 \u00eatre oubli\u00e9 ainsi que sa famille. \"<em>Je souhaite b\u00e9n\u00e9ficier du droit de se faire oublier un peu<\/em>\", prie-t-il. Avant de poursuivre : \"<em>Je demande pardon \u00e0 tous ceux \u00e0 qui j'ai pu porter un quelconque tort \u00e0 travers mes \u00e9crits ou mes paroles, ces 20 derni\u00e8res ann\u00e9es. Je rends gr\u00e2ce \u00e0 Dieu de n'avoir jamais \u00e9crit sur la vie priv\u00e9e des gens. Des magazines comme Jakarloo, L'invit\u00e9 de MNF, le Grand Jury vont me manquer. D'autres rendez-vous vont aussi me manquer, mais ainsi va la vie<\/em>.\"<\/p>\n<div class='share-to-whatsapp-wrapper'><div class='share-on-whsp'>PARTAGER SUR : <\/div><a data-text='MEDIAS - Cheikh Y\u00e9rim Seck quitte la vie publique' data-link='https:\/\/www.nettali.com\/2022\/03\/22\/medias-cheikh-yerim-seck-quitte-la-vie-publique\/' class='whatsapp-button whatsapp-share'>WhatsApp<\/a><div class='clear '><\/div><\/div>","protected":false},"excerpt":{"rendered":"<p>NETTALI.COM\u00a0 - Apr\u00e8s 10 mois de d\u00e9tention pour viol, d\u00e9tournement de mineure et collecte illicite de donn\u00e9es, Souleymane Sidy Seck est sorti de prison. Occasion saisie par son p\u00e8re Cheikh Y\u00e9rim Seck pour annoncer sa d\u00e9cision de se retirer de la vie publique. Journaliste et chroniqueur sur la Tfm, Cheikh Y\u00e9rim Seck vient de prendre [&hellip;]<\/p>\n","protected":false},"author":3,"featured_media":83355,"comment_status":"open","ping_status":"open","sticky":false,"template":"","format":"standard","meta":{"_et_pb_use_builder":"","_et_pb_old_content":""},"categories":[3],"tags":[],"yoast_head":"<!-- This site is optimized with the Yoast SEO Premium plugin v17.8 (Yoast SEO v17.8) - https:\/\/yoast.com\/wordpress\/plugins\/seo\/ -->\n<title>MEDIAS - Cheikh Y\u00e9rim Seck quitte la vie publique | Nettali.com<\/title>\n<meta name=\"robots\" content=\"index, follow, max-snippet:-1, max-image-preview:large, max-video-preview:-1\" \/>\n<link rel=\"canonical\" href=\"https:\/\/www.nettali.com\/2022\/03\/22\/medias-cheikh-yerim-seck-quitte-la-vie-publique\/\" \/>\n<meta property=\"og:locale\" content=\"fr_FR\" \/>\n<meta property=\"og:type\" content=\"article\" \/>\n<meta property=\"og:title\" content=\"MEDIAS - Cheikh Y\u00e9rim Seck quitte la vie publique\" \/>\n<meta property=\"og:description\" content=\"NETTALI.COM\u00a0 - Apr\u00e8s 10 mois de d\u00e9tention pour viol, d\u00e9tournement de mineure et collecte illicite de donn\u00e9es, Souleymane Sidy Seck est sorti de prison. Occasion saisie par son p\u00e8re Cheikh Y\u00e9rim Seck pour annoncer sa d\u00e9cision de se retirer de la vie publique. Journaliste et chroniqueur sur la Tfm, Cheikh Y\u00e9rim Seck vient de prendre [&hellip;]\" \/>\n<meta property=\"og:url\" content=\"https:\/\/www.nettali.com\/2022\/03\/22\/medias-cheikh-yerim-seck-quitte-la-vie-publique\/\" \/>\n<meta property=\"og:site_name\" content=\"Nettali.com\" \/>\n<meta property=\"article:publisher\" content=\"https:\/\/www.facebook.com\/nettalicom\" \/>\n<meta property=\"article:published_time\" content=\"2022-03-22T07:26:38+00:00\" \/>\n<meta property=\"article:modified_time\" content=\"2022-03-22T19:24:37+00:00\" \/>\n<meta property=\"og:image\" content=\"https:\/\/www.nettali.com\/wp-content\/uploads\/2022\/03\/Cheikh-Yerim-Seck.jpg\" \/>\n\t<meta property=\"og:image:width\" content=\"620\" \/>\n\t<meta property=\"og:image:height\" content=\"464\" \/>\n<meta name=\"twitter:card\" content=\"summary_large_image\" \/>\n<meta name=\"twitter:label1\" content=\"\u00c9crit par\" \/>\n\t<meta name=\"twitter:data1\" content=\"Moustapha\" \/>\n\t<meta name=\"twitter:label2\" content=\"Dur\u00e9e de lecture estim\u00e9e\" \/>\n\t<meta name=\"twitter:data2\" content=\"2 minutes\" \/>\n<script type=\"application\/ld+json\" class=\"yoast-schema-graph\">{\"@context\":\"https:\/\/schema.org\",\"@graph\":[{\"@type\":\"WebSite\",\"@id\":\"https:\/\/www.nettali.com\/#website\",\"url\":\"https:\/\/www.nettali.com\/\",\"name\":\"Nettali.com\",\"description\":\"Le rendez-vous critique du Net\",\"potentialAction\":[{\"@type\":\"SearchAction\",\"target\":{\"@type\":\"EntryPoint\",\"urlTemplate\":\"https:\/\/www.nettali.com\/?s={search_term_string}\"},\"query-input\":\"required name=search_term_string\"}],\"inLanguage\":\"fr-FR\"},{\"@type\":\"ImageObject\",\"@id\":\"https:\/\/www.nettali.com\/2022\/03\/22\/medias-cheikh-yerim-seck-quitte-la-vie-publique\/#primaryimage\",\"inLanguage\":\"fr-FR\",\"url\":\"https:\/\/www.nettali.com\/wp-content\/uploads\/2022\/03\/Cheikh-Yerim-Seck.jpg\",\"contentUrl\":\"https:\/\/www.nettali.com\/wp-content\/uploads\/2022\/03\/Cheikh-Yerim-Seck.jpg\",\"width\":620,\"height\":464},{\"@type\":\"WebPage\",\"@id\":\"https:\/\/www.nettali.com\/2022\/03\/22\/medias-cheikh-yerim-seck-quitte-la-vie-publique\/#webpage\",\"url\":\"https:\/\/www.nettali.com\/2022\/03\/22\/medias-cheikh-yerim-seck-quitte-la-vie-publique\/\",\"name\":\"MEDIAS - Cheikh Y\\u00e9rim Seck quitte la vie publique | Nettali.com\",\"isPartOf\":{\"@id\":\"https:\/\/www.nettali.com\/#website\"},\"primaryImageOfPage\":{\"@id\":\"https:\/\/www.nettali.com\/2022\/03\/22\/medias-cheikh-yerim-seck-quitte-la-vie-publique\/#primaryimage\"},\"datePublished\":\"2022-03-22T07:26:38+00:00\",\"dateModified\":\"2022-03-22T19:24:37+00:00\",\"author\":{\"@id\":\"https:\/\/www.nettali.com\/#\/schema\/person\/7962a12a6e0267f88f0ffa544c36469a\"},\"breadcrumb\":{\"@id\":\"https:\/\/www.nettali.com\/2022\/03\/22\/medias-cheikh-yerim-seck-quitte-la-vie-publique\/#breadcrumb\"},\"inLanguage\":\"fr-FR\",\"potentialAction\":[{\"@type\":\"ReadAction\",\"target\":[\"https:\/\/www.nettali.com\/2022\/03\/22\/medias-cheikh-yerim-seck-quitte-la-vie-publique\/\"]}]},{\"@type\":\"BreadcrumbList\",\"@id\":\"https:\/\/www.nettali.com\/2022\/03\/22\/medias-cheikh-yerim-seck-quitte-la-vie-publique\/#breadcrumb\",\"itemListElement\":[{\"@type\":\"ListItem\",\"position\":1,\"name\":\"Accueil\",\"item\":\"https:\/\/www.nettali.com\/\"},{\"@type\":\"ListItem\",\"position\":2,\"name\":\"MEDIAS - Cheikh Y\\u00e9rim Seck quitte la vie publique\"}]},{\"@type\":\"Person\",\"@id\":\"https:\/\/www.nettali.com\/#\/schema\/person\/7962a12a6e0267f88f0ffa544c36469a\",\"name\":\"Moustapha\",\"image\":{\"@type\":\"ImageObject\",\"@id\":\"https:\/\/www.nettali.com\/#personlogo\",\"inLanguage\":\"fr-FR\",\"url\":\"https:\/\/secure.gravatar.com\/avatar\/10fdf6a071cccdcf374e3dbe45159590?s=96&d=mm&r=g\",\"contentUrl\":\"https:\/\/secure.gravatar.com\/avatar\/10fdf6a071cccdcf374e3dbe45159590?s=96&d=mm&r=g\",\"caption\":\"Moustapha\"},\"sameAs\":[\"https:\/\/www.nettali.com\"]}]}<\/script>\n<!-- \/ Yoast SEO Premium plugin. -->","yoast_head_json":{"title":"MEDIAS - Cheikh Y\u00e9rim Seck quitte la vie publique | Nettali.com","robots":{"index":"index","follow":"follow","max-snippet":"max-snippet:-1","max-image-preview":"max-image-preview:large","max-video-preview":"max-video-preview:-1"},"canonical":"https:\/\/www.nettali.com\/2022\/03\/22\/medias-cheikh-yerim-seck-quitte-la-vie-publique\/","og_locale":"fr_FR","og_type":"article","og_title":"MEDIAS - Cheikh Y\u00e9rim Seck quitte la vie publique","og_description":"NETTALI.COM\u00a0 - Apr\u00e8s 10 mois de d\u00e9tention pour viol, d\u00e9tournement de mineure et collecte illicite de donn\u00e9es, Souleymane Sidy Seck est sorti de prison. Occasion saisie par son p\u00e8re Cheikh Y\u00e9rim Seck pour annoncer sa d\u00e9cision de se retirer de la vie publique. Journaliste et chroniqueur sur la Tfm, Cheikh Y\u00e9rim Seck vient de prendre [&hellip;]","og_url":"https:\/\/www.nettali.com\/2022\/03\/22\/medias-cheikh-yerim-seck-quitte-la-vie-publique\/","og_site_name":"Nettali.com","article_publisher":"https:\/\/www.facebook.com\/nettalicom","article_published_time":"2022-03-22T07:26:38+00:00","article_modified_time":"2022-03-22T19:24:37+00:00","og_image":[{"width":620,"height":464,"url":"https:\/\/www.nettali.com\/wp-content\/uploads\/2022\/03\/Cheikh-Yerim-Seck.jpg","type":"image\/jpeg"}],"twitter_card":"summary_large_image","twitter_misc":{"\u00c9crit par":"Moustapha","Dur\u00e9e de lecture estim\u00e9e":"2 minutes"},"schema":{"@context":"https:\/\/schema.org","@graph":[{"@type":"WebSite","@id":"https:\/\/www.nettali.com\/#website","url":"https:\/\/www.nettali.com\/","name":"Nettali.com","description":"Le rendez-vous critique du Net","potentialAction":[{"@type":"SearchAction","target":{"@type":"EntryPoint","urlTemplate":"https:\/\/www.nettali.com\/?s={search_term_string}"},"query-input":"required name=search_term_string"}],"inLanguage":"fr-FR"},{"@type":"ImageObject","@id":"https:\/\/www.nettali.com\/2022\/03\/22\/medias-cheikh-yerim-seck-quitte-la-vie-publique\/#primaryimage","inLanguage":"fr-FR","url":"https:\/\/www.nettali.com\/wp-content\/uploads\/2022\/03\/Cheikh-Yerim-Seck.jpg","contentUrl":"https:\/\/www.nettali.com\/wp-content\/uploads\/2022\/03\/Cheikh-Yerim-Seck.jpg","width":620,"height":464},{"@type":"WebPage","@id":"https:\/\/www.nettali.com\/2022\/03\/22\/medias-cheikh-yerim-seck-quitte-la-vie-publique\/#webpage","url":"https:\/\/www.nettali.com\/2022\/03\/22\/medias-cheikh-yerim-seck-quitte-la-vie-publique\/","name":"MEDIAS - Cheikh Y\u00e9rim Seck quitte la vie publique | Nettali.com","isPartOf":{"@id":"https:\/\/www.nettali.com\/#website"},"primaryImageOfPage":{"@id":"https:\/\/www.nettali.com\/2022\/03\/22\/medias-cheikh-yerim-seck-quitte-la-vie-publique\/#primaryimage"},"datePublished":"2022-03-22T07:26:38+00:00","dateModified":"2022-03-22T19:24:37+00:00","author":{"@id":"https:\/\/www.nettali.com\/#\/schema\/person\/7962a12a6e0267f88f0ffa544c36469a"},"breadcrumb":{"@id":"https:\/\/www.nettali.com\/2022\/03\/22\/medias-cheikh-yerim-seck-quitte-la-vie-publique\/#breadcrumb"},"inLanguage":"fr-FR","potentialAction":[{"@type":"ReadAction","target":["https:\/\/www.nettali.com\/2022\/03\/22\/medias-cheikh-yerim-seck-quitte-la-vie-publique\/"]}]},{"@type":"BreadcrumbList","@id":"https:\/\/www.nettali.com\/2022\/03\/22\/medias-cheikh-yerim-seck-quitte-la-vie-publique\/#breadcrumb","itemListElement":[{"@type":"ListItem","position":1,"name":"Accueil","item":"https:\/\/www.nettali.com\/"},{"@type":"ListItem","position":2,"name":"MEDIAS - Cheikh Y\u00e9rim Seck quitte la vie publique"}]},{"@type":"Person","@id":"https:\/\/www.nettali.com\/#\/schema\/person\/7962a12a6e0267f88f0ffa544c36469a","name":"Moustapha","image":{"@type":"ImageObject","@id":"https:\/\/www.nettali.com\/#personlogo","inLanguage":"fr-FR","url":"https:\/\/secure.gravatar.com\/avatar\/10fdf6a071cccdcf374e3dbe45159590?s=96&d=mm&r=g","contentUrl":"https:\/\/secure.gravatar.com\/avatar\/10fdf6a071cccdcf374e3dbe45159590?s=96&d=mm&r=g","caption":"Moustapha"},"sameAs":["https:\/\/www.nettali.com"]}]}},"_links":{"self":[{"href":"https:\/\/www.nettali.com\/rest\/wp\/v2\/posts\/83354"}],"collection":[{"href":"https:\/\/www.nettali.com\/rest\/wp\/v2\/posts"}],"about":[{"href":"https:\/\/www.nettali.com\/rest\/wp\/v2\/types\/post"}],"author":[{"embeddable":true,"href":"https:\/\/www.nettali.com\/rest\/wp\/v2\/users\/3"}],"replies":[{"embeddable":true,"href":"https:\/\/www.nettali.com\/rest\/wp\/v2\/comments?post=83354"}],"version-history":[{"count":4,"href":"https:\/\/www.nettali.com\/rest\/wp\/v2\/posts\/83354\/revisions"}],"predecessor-version":[{"id":83387,"href":"https:\/\/www.nettali.com\/rest\/wp\/v2\/posts\/83354\/revisions\/83387"}],"wp:featuredmedia":[{"embeddable":true,"href":"https:\/\/www.nettali.com\/rest\/wp\/v2\/media\/83355"}],"wp:attachment":[{"href":"https:\/\/www.nettali.com\/rest\/wp\/v2\/media?parent=83354"}],"wp:term":[{"taxonomy":"category","embeddable":true,"href":"https:\/\/www.nettali.com\/rest\/wp\/v2\/categories?post=83354"},{"taxonomy":"post_tag","embeddable":true,"href":"https:\/\/www.nettali.com\/rest\/wp\/v2\/tags?post=83354"}],"curies":[{"name":"wp","href":"https:\/\/api.w.org\/{rel}","templated":true}]}}