{"id":83217,"date":"2022-03-19T17:35:22","date_gmt":"2022-03-19T17:35:22","guid":{"rendered":"https:\/\/www.nettali.com\/?p=83217"},"modified":"2022-03-20T13:37:30","modified_gmt":"2022-03-20T13:37:30","slug":"supposee-convocation-de-sonko-son-avocat-dement-et-precise","status":"publish","type":"post","link":"https:\/\/www.nettali.com\/2022\/03\/19\/supposee-convocation-de-sonko-son-avocat-dement-et-precise\/","title":{"rendered":"SUPPOSEE CONVOCATION DE SONKO \u2013 Son avocat d\u00e9ment et pr\u00e9cise"},"content":{"rendered":"<p><strong>NETTALI.COM \u2013 Me Bamba Ciss\u00e9, avocat de Ousmane Sonko, d\u00e9ment l\u2019information tendant \u00e0 \u00e9tablir que le leader de Pastef a \u00e9t\u00e9 convoqu\u00e9 par le Doyen des juges, dans le cadre de l\u2019affaire \u00ab\u00a0Sweet Beaut\u00e9\u00a0\u00bb. <\/strong><\/p>\n<p>Apr\u00e8s qu\u2019une certaine presse a annonc\u00e9\u00a0 que Ousmane Sonko est convoqu\u00e9 le 22 avril prochain, pour audition au fond dans l'enqu\u00eate sur l'affaire dite \u00ab Sweet Beaut\u00e9 \u00bb, son avocat Me Bamba Ciss\u00e9 d\u00e9ment.<\/p>\n<p>La robe noire pr\u00e9cise qu\u2019aucune convocation, en provenance du Doyen des juges, n\u2019a \u00e9t\u00e9 re\u00e7ue concernant le leader de Pastef. \u00ab Cette information s'est av\u00e9r\u00e9e inexacte. Nous n'avons pas re\u00e7u de convocation \u00bb, rejette Me Ciss\u00e9<\/p>\n<p>Pour m\u00e9moire, la patronne de Sweet Beaut\u00e9, Nd\u00e8ye Khady Ndiaye doit d\u00e9f\u00e9rer \u00e0 une convocation du Doyen des juges d'instruction Maham Diallo, mardi prochain, pour \u00eatre auditionn\u00e9e au fond.<\/p>\n<p>Inculp\u00e9e et plac\u00e9e sous contr\u00f4le judiciaire, elle \u00e9tait poursuivie pour incitation \u00e0 la d\u00e9bauche, complicit\u00e9 de viol et diffusion d\u2019images contraires aux bonnes m\u0153urs.<\/p>\n<p>Pour m\u00e9moire, c\u2019est le juge du 8e cabinet Mamadou Seck qui l\u2019avait re\u00e7ue lors de sa premi\u00e8re comparution. Ce dernier par la suite, s'\u00e9tait d\u00e9sist\u00e9 du dossier pour convenance personnelle.<\/p>\n<p>&nbsp;<\/p>\n<p>&nbsp;<\/p>\n<div class='share-to-whatsapp-wrapper'><div class='share-on-whsp'>PARTAGER SUR : <\/div><a data-text='SUPPOSEE CONVOCATION DE SONKO \u2013 Son avocat d\u00e9ment et pr\u00e9cise' data-link='https:\/\/www.nettali.com\/2022\/03\/19\/supposee-convocation-de-sonko-son-avocat-dement-et-precise\/' class='whatsapp-button whatsapp-share'>WhatsApp<\/a><div class='clear '><\/div><\/div>","protected":false},"excerpt":{"rendered":"<p>NETTALI.COM \u2013 Me Bamba Ciss\u00e9, avocat de Ousmane Sonko, d\u00e9ment l\u2019information tendant \u00e0 \u00e9tablir que le leader de Pastef a \u00e9t\u00e9 convoqu\u00e9 par le Doyen des juges, dans le cadre de l\u2019affaire \u00ab\u00a0Sweet Beaut\u00e9\u00a0\u00bb. Apr\u00e8s qu\u2019une certaine presse a annonc\u00e9\u00a0 que Ousmane Sonko est convoqu\u00e9 le 22 avril prochain, pour audition au fond dans l'enqu\u00eate [&hellip;]<\/p>\n","protected":false},"author":11,"featured_media":58761,"comment_status":"open","ping_status":"open","sticky":false,"template":"","format":"standard","meta":{"_et_pb_use_builder":"","_et_pb_old_content":""},"categories":[3878,3],"tags":[],"yoast_head":"<!-- This site is optimized with the Yoast SEO Premium plugin v17.8 (Yoast SEO v17.8) - https:\/\/yoast.com\/wordpress\/plugins\/seo\/ -->\n<title>SUPPOSEE CONVOCATION DE SONKO \u2013 Son avocat d\u00e9ment et pr\u00e9cise | Nettali.com<\/title>\n<meta name=\"robots\" content=\"index, follow, max-snippet:-1, max-image-preview:large, max-video-preview:-1\" \/>\n<link rel=\"canonical\" href=\"https:\/\/www.nettali.com\/2022\/03\/19\/supposee-convocation-de-sonko-son-avocat-dement-et-precise\/\" \/>\n<meta property=\"og:locale\" content=\"fr_FR\" \/>\n<meta property=\"og:type\" content=\"article\" \/>\n<meta property=\"og:title\" content=\"SUPPOSEE CONVOCATION DE SONKO \u2013 Son avocat d\u00e9ment et pr\u00e9cise\" \/>\n<meta property=\"og:description\" content=\"NETTALI.COM \u2013 Me Bamba Ciss\u00e9, avocat de Ousmane Sonko, d\u00e9ment l\u2019information tendant \u00e0 \u00e9tablir que le leader de Pastef a \u00e9t\u00e9 convoqu\u00e9 par le Doyen des juges, dans le cadre de l\u2019affaire \u00ab\u00a0Sweet Beaut\u00e9\u00a0\u00bb. Apr\u00e8s qu\u2019une certaine presse a annonc\u00e9\u00a0 que Ousmane Sonko est convoqu\u00e9 le 22 avril prochain, pour audition au fond dans l&#039;enqu\u00eate [&hellip;]\" \/>\n<meta property=\"og:url\" content=\"https:\/\/www.nettali.com\/2022\/03\/19\/supposee-convocation-de-sonko-son-avocat-dement-et-precise\/\" \/>\n<meta property=\"og:site_name\" content=\"Nettali.com\" \/>\n<meta property=\"article:publisher\" content=\"https:\/\/www.facebook.com\/nettalicom\" \/>\n<meta property=\"article:published_time\" content=\"2022-03-19T17:35:22+00:00\" \/>\n<meta property=\"article:modified_time\" content=\"2022-03-20T13:37:30+00:00\" \/>\n<meta property=\"og:image\" content=\"https:\/\/www.nettali.com\/wp-content\/uploads\/2021\/03\/ousmane-Sonko-1.jpg\" \/>\n\t<meta property=\"og:image:width\" content=\"600\" \/>\n\t<meta property=\"og:image:height\" content=\"377\" \/>\n<meta name=\"twitter:card\" content=\"summary_large_image\" \/>\n<meta name=\"twitter:label1\" content=\"\u00c9crit par\" \/>\n\t<meta name=\"twitter:data1\" content=\"Thierno Diop\" \/>\n\t<meta name=\"twitter:label2\" content=\"Dur\u00e9e de lecture estim\u00e9e\" \/>\n\t<meta name=\"twitter:data2\" content=\"1 minute\" \/>\n<script type=\"application\/ld+json\" class=\"yoast-schema-graph\">{\"@context\":\"https:\/\/schema.org\",\"@graph\":[{\"@type\":\"WebSite\",\"@id\":\"https:\/\/www.nettali.com\/#website\",\"url\":\"https:\/\/www.nettali.com\/\",\"name\":\"Nettali.com\",\"description\":\"Le rendez-vous critique du Net\",\"potentialAction\":[{\"@type\":\"SearchAction\",\"target\":{\"@type\":\"EntryPoint\",\"urlTemplate\":\"https:\/\/www.nettali.com\/?s={search_term_string}\"},\"query-input\":\"required name=search_term_string\"}],\"inLanguage\":\"fr-FR\"},{\"@type\":\"ImageObject\",\"@id\":\"https:\/\/www.nettali.com\/2022\/03\/19\/supposee-convocation-de-sonko-son-avocat-dement-et-precise\/#primaryimage\",\"inLanguage\":\"fr-FR\",\"url\":\"https:\/\/www.nettali.com\/wp-content\/uploads\/2021\/03\/ousmane-Sonko-1.jpg\",\"contentUrl\":\"https:\/\/www.nettali.com\/wp-content\/uploads\/2021\/03\/ousmane-Sonko-1.jpg\",\"width\":600,\"height\":377},{\"@type\":\"WebPage\",\"@id\":\"https:\/\/www.nettali.com\/2022\/03\/19\/supposee-convocation-de-sonko-son-avocat-dement-et-precise\/#webpage\",\"url\":\"https:\/\/www.nettali.com\/2022\/03\/19\/supposee-convocation-de-sonko-son-avocat-dement-et-precise\/\",\"name\":\"SUPPOSEE CONVOCATION DE SONKO \\u2013 Son avocat d\\u00e9ment et pr\\u00e9cise | Nettali.com\",\"isPartOf\":{\"@id\":\"https:\/\/www.nettali.com\/#website\"},\"primaryImageOfPage\":{\"@id\":\"https:\/\/www.nettali.com\/2022\/03\/19\/supposee-convocation-de-sonko-son-avocat-dement-et-precise\/#primaryimage\"},\"datePublished\":\"2022-03-19T17:35:22+00:00\",\"dateModified\":\"2022-03-20T13:37:30+00:00\",\"author\":{\"@id\":\"https:\/\/www.nettali.com\/#\/schema\/person\/8a06c6bd7b19304cf4bf985862900b5b\"},\"breadcrumb\":{\"@id\":\"https:\/\/www.nettali.com\/2022\/03\/19\/supposee-convocation-de-sonko-son-avocat-dement-et-precise\/#breadcrumb\"},\"inLanguage\":\"fr-FR\",\"potentialAction\":[{\"@type\":\"ReadAction\",\"target\":[\"https:\/\/www.nettali.com\/2022\/03\/19\/supposee-convocation-de-sonko-son-avocat-dement-et-precise\/\"]}]},{\"@type\":\"BreadcrumbList\",\"@id\":\"https:\/\/www.nettali.com\/2022\/03\/19\/supposee-convocation-de-sonko-son-avocat-dement-et-precise\/#breadcrumb\",\"itemListElement\":[{\"@type\":\"ListItem\",\"position\":1,\"name\":\"Accueil\",\"item\":\"https:\/\/www.nettali.com\/\"},{\"@type\":\"ListItem\",\"position\":2,\"name\":\"SUPPOSEE CONVOCATION DE SONKO \\u2013 Son avocat d\\u00e9ment et pr\\u00e9cise\"}]},{\"@type\":\"Person\",\"@id\":\"https:\/\/www.nettali.com\/#\/schema\/person\/8a06c6bd7b19304cf4bf985862900b5b\",\"name\":\"Thierno Diop\",\"image\":{\"@type\":\"ImageObject\",\"@id\":\"https:\/\/www.nettali.com\/#personlogo\",\"inLanguage\":\"fr-FR\",\"url\":\"https:\/\/secure.gravatar.com\/avatar\/c8ca58550c94fd2ac856d27391a6c866?s=96&d=mm&r=g\",\"contentUrl\":\"https:\/\/secure.gravatar.com\/avatar\/c8ca58550c94fd2ac856d27391a6c866?s=96&d=mm&r=g\",\"caption\":\"Thierno Diop\"},\"sameAs\":[\"https:\/\/nettali.com\"]}]}<\/script>\n<!-- \/ Yoast SEO Premium plugin. -->","yoast_head_json":{"title":"SUPPOSEE CONVOCATION DE SONKO \u2013 Son avocat d\u00e9ment et pr\u00e9cise | Nettali.com","robots":{"index":"index","follow":"follow","max-snippet":"max-snippet:-1","max-image-preview":"max-image-preview:large","max-video-preview":"max-video-preview:-1"},"canonical":"https:\/\/www.nettali.com\/2022\/03\/19\/supposee-convocation-de-sonko-son-avocat-dement-et-precise\/","og_locale":"fr_FR","og_type":"article","og_title":"SUPPOSEE CONVOCATION DE SONKO \u2013 Son avocat d\u00e9ment et pr\u00e9cise","og_description":"NETTALI.COM \u2013 Me Bamba Ciss\u00e9, avocat de Ousmane Sonko, d\u00e9ment l\u2019information tendant \u00e0 \u00e9tablir que le leader de Pastef a \u00e9t\u00e9 convoqu\u00e9 par le Doyen des juges, dans le cadre de l\u2019affaire \u00ab\u00a0Sweet Beaut\u00e9\u00a0\u00bb. Apr\u00e8s qu\u2019une certaine presse a annonc\u00e9\u00a0 que Ousmane Sonko est convoqu\u00e9 le 22 avril prochain, pour audition au fond dans l'enqu\u00eate [&hellip;]","og_url":"https:\/\/www.nettali.com\/2022\/03\/19\/supposee-convocation-de-sonko-son-avocat-dement-et-precise\/","og_site_name":"Nettali.com","article_publisher":"https:\/\/www.facebook.com\/nettalicom","article_published_time":"2022-03-19T17:35:22+00:00","article_modified_time":"2022-03-20T13:37:30+00:00","og_image":[{"width":600,"height":377,"url":"https:\/\/www.nettali.com\/wp-content\/uploads\/2021\/03\/ousmane-Sonko-1.jpg","type":"image\/jpeg"}],"twitter_card":"summary_large_image","twitter_misc":{"\u00c9crit par":"Thierno Diop","Dur\u00e9e de lecture estim\u00e9e":"1 minute"},"schema":{"@context":"https:\/\/schema.org","@graph":[{"@type":"WebSite","@id":"https:\/\/www.nettali.com\/#website","url":"https:\/\/www.nettali.com\/","name":"Nettali.com","description":"Le rendez-vous critique du Net","potentialAction":[{"@type":"SearchAction","target":{"@type":"EntryPoint","urlTemplate":"https:\/\/www.nettali.com\/?s={search_term_string}"},"query-input":"required name=search_term_string"}],"inLanguage":"fr-FR"},{"@type":"ImageObject","@id":"https:\/\/www.nettali.com\/2022\/03\/19\/supposee-convocation-de-sonko-son-avocat-dement-et-precise\/#primaryimage","inLanguage":"fr-FR","url":"https:\/\/www.nettali.com\/wp-content\/uploads\/2021\/03\/ousmane-Sonko-1.jpg","contentUrl":"https:\/\/www.nettali.com\/wp-content\/uploads\/2021\/03\/ousmane-Sonko-1.jpg","width":600,"height":377},{"@type":"WebPage","@id":"https:\/\/www.nettali.com\/2022\/03\/19\/supposee-convocation-de-sonko-son-avocat-dement-et-precise\/#webpage","url":"https:\/\/www.nettali.com\/2022\/03\/19\/supposee-convocation-de-sonko-son-avocat-dement-et-precise\/","name":"SUPPOSEE CONVOCATION DE SONKO \u2013 Son avocat d\u00e9ment et pr\u00e9cise | Nettali.com","isPartOf":{"@id":"https:\/\/www.nettali.com\/#website"},"primaryImageOfPage":{"@id":"https:\/\/www.nettali.com\/2022\/03\/19\/supposee-convocation-de-sonko-son-avocat-dement-et-precise\/#primaryimage"},"datePublished":"2022-03-19T17:35:22+00:00","dateModified":"2022-03-20T13:37:30+00:00","author":{"@id":"https:\/\/www.nettali.com\/#\/schema\/person\/8a06c6bd7b19304cf4bf985862900b5b"},"breadcrumb":{"@id":"https:\/\/www.nettali.com\/2022\/03\/19\/supposee-convocation-de-sonko-son-avocat-dement-et-precise\/#breadcrumb"},"inLanguage":"fr-FR","potentialAction":[{"@type":"ReadAction","target":["https:\/\/www.nettali.com\/2022\/03\/19\/supposee-convocation-de-sonko-son-avocat-dement-et-precise\/"]}]},{"@type":"BreadcrumbList","@id":"https:\/\/www.nettali.com\/2022\/03\/19\/supposee-convocation-de-sonko-son-avocat-dement-et-precise\/#breadcrumb","itemListElement":[{"@type":"ListItem","position":1,"name":"Accueil","item":"https:\/\/www.nettali.com\/"},{"@type":"ListItem","position":2,"name":"SUPPOSEE CONVOCATION DE SONKO \u2013 Son avocat d\u00e9ment et pr\u00e9cise"}]},{"@type":"Person","@id":"https:\/\/www.nettali.com\/#\/schema\/person\/8a06c6bd7b19304cf4bf985862900b5b","name":"Thierno Diop","image":{"@type":"ImageObject","@id":"https:\/\/www.nettali.com\/#personlogo","inLanguage":"fr-FR","url":"https:\/\/secure.gravatar.com\/avatar\/c8ca58550c94fd2ac856d27391a6c866?s=96&d=mm&r=g","contentUrl":"https:\/\/secure.gravatar.com\/avatar\/c8ca58550c94fd2ac856d27391a6c866?s=96&d=mm&r=g","caption":"Thierno Diop"},"sameAs":["https:\/\/nettali.com"]}]}},"_links":{"self":[{"href":"https:\/\/www.nettali.com\/rest\/wp\/v2\/posts\/83217"}],"collection":[{"href":"https:\/\/www.nettali.com\/rest\/wp\/v2\/posts"}],"about":[{"href":"https:\/\/www.nettali.com\/rest\/wp\/v2\/types\/post"}],"author":[{"embeddable":true,"href":"https:\/\/www.nettali.com\/rest\/wp\/v2\/users\/11"}],"replies":[{"embeddable":true,"href":"https:\/\/www.nettali.com\/rest\/wp\/v2\/comments?post=83217"}],"version-history":[{"count":1,"href":"https:\/\/www.nettali.com\/rest\/wp\/v2\/posts\/83217\/revisions"}],"predecessor-version":[{"id":83218,"href":"https:\/\/www.nettali.com\/rest\/wp\/v2\/posts\/83217\/revisions\/83218"}],"wp:featuredmedia":[{"embeddable":true,"href":"https:\/\/www.nettali.com\/rest\/wp\/v2\/media\/58761"}],"wp:attachment":[{"href":"https:\/\/www.nettali.com\/rest\/wp\/v2\/media?parent=83217"}],"wp:term":[{"taxonomy":"category","embeddable":true,"href":"https:\/\/www.nettali.com\/rest\/wp\/v2\/categories?post=83217"},{"taxonomy":"post_tag","embeddable":true,"href":"https:\/\/www.nettali.com\/rest\/wp\/v2\/tags?post=83217"}],"curies":[{"name":"wp","href":"https:\/\/api.w.org\/{rel}","templated":true}]}}