{"id":83212,"date":"2022-03-19T17:47:00","date_gmt":"2022-03-19T17:47:00","guid":{"rendered":"https:\/\/www.nettali.com\/?p=83212"},"modified":"2022-03-19T17:47:00","modified_gmt":"2022-03-19T17:47:00","slug":"clasico-barca-vs-real-benzema-forfait","status":"publish","type":"post","link":"https:\/\/www.nettali.com\/2022\/03\/19\/clasico-barca-vs-real-benzema-forfait\/","title":{"rendered":"CLASICO BAR\u00c7A vs REAL - Benzema forfait!"},"content":{"rendered":"<p><strong>NETTALI.COM - Coup dur pour le Real Madrid. Victime d'une blessure au mollet contre Majorque (3-0) lundi en Liga, Karim Benzema (34 ans, 25 matchs et 22 buts en Liga cette saison) ne sera pas disponible pour d\u00e9fier le FC Barcelone dimanche en championnat (20 h). L'attaquant des Merengue va aussi rater le prochain rassemblement de l'\u00e9quipe de France, avec deux matchs pr\u00e9vus contre la C\u00f4te d'Ivoire (le 26 mars) et l'Afrique du Sud (le 29 mars).<\/strong><\/p>\n<p>L'international fran\u00e7ais n'a pas particip\u00e9 \u00e0 l'entra\u00eenement collectif de la Maison Blanche ce samedi et ne sera pas retenu par l'entra\u00eeneur Carlo Ancelotti dans le groupe pour ce Clasico. Une mani\u00e8re de prot\u00e9ger l'ancien Lyonnais avant les prochaines \u00e9ch\u00e9ances importantes, notamment le quart de finale de la Ligue des Champions face \u00e0 Chelsea.<\/p>\n<p>En effet, l'entra\u00eeneur des Merengue, Carlo Ancelotti, a lev\u00e9 le suspense en conf\u00e9rence de presse et confirm\u00e9 la tuile pour son\u00a0attaquant phare, auteur de 32 buts en 34 matchs toutes comp\u00e9titions confondues cette saison.<\/p>\n<p>\" <em>Karim et Mendy ne peuvent pas jouer et n\u2019iront pas non plus en Equipe de France. Ils restent \u00e0 Madrid. (...) Nous n'avons jamais pris de risques. \u00c0 Paris, il n'a pas pris de risque, il a jou\u00e9 parce qu'il le pouvait. Mais il ne jouera pas demain, car il ne s'est pas entra\u00een\u00e9 avec le groupe. Il ressent toujours une g\u00eane<\/em> \", a annonc\u00e9 le technicien italien.<\/p>\n<div class='share-to-whatsapp-wrapper'><div class='share-on-whsp'>PARTAGER SUR : <\/div><a data-text='CLASICO BAR\u00c7A vs REAL - Benzema forfait!' data-link='https:\/\/www.nettali.com\/2022\/03\/19\/clasico-barca-vs-real-benzema-forfait\/' class='whatsapp-button whatsapp-share'>WhatsApp<\/a><div class='clear '><\/div><\/div>","protected":false},"excerpt":{"rendered":"<p>NETTALI.COM - Coup dur pour le Real Madrid. Victime d'une blessure au mollet contre Majorque (3-0) lundi en Liga, Karim Benzema (34 ans, 25 matchs et 22 buts en Liga cette saison) ne sera pas disponible pour d\u00e9fier le FC Barcelone dimanche en championnat (20 h). L'attaquant des Merengue va aussi rater le prochain rassemblement [&hellip;]<\/p>\n","protected":false},"author":5,"featured_media":83213,"comment_status":"open","ping_status":"open","sticky":false,"template":"","format":"standard","meta":{"_et_pb_use_builder":"","_et_pb_old_content":""},"categories":[6],"tags":[],"yoast_head":"<!-- This site is optimized with the Yoast SEO Premium plugin v17.8 (Yoast SEO v17.8) - https:\/\/yoast.com\/wordpress\/plugins\/seo\/ -->\n<title>CLASICO BAR\u00c7A vs REAL - Benzema forfait! | Nettali.com<\/title>\n<meta name=\"robots\" content=\"index, follow, max-snippet:-1, max-image-preview:large, max-video-preview:-1\" \/>\n<link rel=\"canonical\" href=\"https:\/\/www.nettali.com\/2022\/03\/19\/clasico-barca-vs-real-benzema-forfait\/\" \/>\n<meta property=\"og:locale\" content=\"fr_FR\" \/>\n<meta property=\"og:type\" content=\"article\" \/>\n<meta property=\"og:title\" content=\"CLASICO BAR\u00c7A vs REAL - Benzema forfait!\" \/>\n<meta property=\"og:description\" content=\"NETTALI.COM - Coup dur pour le Real Madrid. Victime d&#039;une blessure au mollet contre Majorque (3-0) lundi en Liga, Karim Benzema (34 ans, 25 matchs et 22 buts en Liga cette saison) ne sera pas disponible pour d\u00e9fier le FC Barcelone dimanche en championnat (20 h). L&#039;attaquant des Merengue va aussi rater le prochain rassemblement [&hellip;]\" \/>\n<meta property=\"og:url\" content=\"https:\/\/www.nettali.com\/2022\/03\/19\/clasico-barca-vs-real-benzema-forfait\/\" \/>\n<meta property=\"og:site_name\" content=\"Nettali.com\" \/>\n<meta property=\"article:publisher\" content=\"https:\/\/www.facebook.com\/nettalicom\" \/>\n<meta property=\"article:published_time\" content=\"2022-03-19T17:47:00+00:00\" \/>\n<meta property=\"og:image\" content=\"https:\/\/www.nettali.com\/wp-content\/uploads\/2022\/03\/801x410_gettyimages-1229449919.jpg\" \/>\n\t<meta property=\"og:image:width\" content=\"801\" \/>\n\t<meta property=\"og:image:height\" content=\"410\" \/>\n<meta name=\"twitter:card\" content=\"summary_large_image\" \/>\n<meta name=\"twitter:label1\" content=\"\u00c9crit par\" \/>\n\t<meta name=\"twitter:data1\" content=\"Ibrahima\" \/>\n\t<meta name=\"twitter:label2\" content=\"Dur\u00e9e de lecture estim\u00e9e\" \/>\n\t<meta name=\"twitter:data2\" content=\"2 minutes\" \/>\n<script type=\"application\/ld+json\" class=\"yoast-schema-graph\">{\"@context\":\"https:\/\/schema.org\",\"@graph\":[{\"@type\":\"WebSite\",\"@id\":\"https:\/\/www.nettali.com\/#website\",\"url\":\"https:\/\/www.nettali.com\/\",\"name\":\"Nettali.com\",\"description\":\"Le rendez-vous critique du Net\",\"potentialAction\":[{\"@type\":\"SearchAction\",\"target\":{\"@type\":\"EntryPoint\",\"urlTemplate\":\"https:\/\/www.nettali.com\/?s={search_term_string}\"},\"query-input\":\"required name=search_term_string\"}],\"inLanguage\":\"fr-FR\"},{\"@type\":\"ImageObject\",\"@id\":\"https:\/\/www.nettali.com\/2022\/03\/19\/clasico-barca-vs-real-benzema-forfait\/#primaryimage\",\"inLanguage\":\"fr-FR\",\"url\":\"https:\/\/www.nettali.com\/wp-content\/uploads\/2022\/03\/801x410_gettyimages-1229449919.jpg\",\"contentUrl\":\"https:\/\/www.nettali.com\/wp-content\/uploads\/2022\/03\/801x410_gettyimages-1229449919.jpg\",\"width\":801,\"height\":410},{\"@type\":\"WebPage\",\"@id\":\"https:\/\/www.nettali.com\/2022\/03\/19\/clasico-barca-vs-real-benzema-forfait\/#webpage\",\"url\":\"https:\/\/www.nettali.com\/2022\/03\/19\/clasico-barca-vs-real-benzema-forfait\/\",\"name\":\"CLASICO BAR\\u00c7A vs REAL - Benzema forfait! | Nettali.com\",\"isPartOf\":{\"@id\":\"https:\/\/www.nettali.com\/#website\"},\"primaryImageOfPage\":{\"@id\":\"https:\/\/www.nettali.com\/2022\/03\/19\/clasico-barca-vs-real-benzema-forfait\/#primaryimage\"},\"datePublished\":\"2022-03-19T17:47:00+00:00\",\"dateModified\":\"2022-03-19T17:47:00+00:00\",\"author\":{\"@id\":\"https:\/\/www.nettali.com\/#\/schema\/person\/bb147657c2986240405a608162b9bb23\"},\"breadcrumb\":{\"@id\":\"https:\/\/www.nettali.com\/2022\/03\/19\/clasico-barca-vs-real-benzema-forfait\/#breadcrumb\"},\"inLanguage\":\"fr-FR\",\"potentialAction\":[{\"@type\":\"ReadAction\",\"target\":[\"https:\/\/www.nettali.com\/2022\/03\/19\/clasico-barca-vs-real-benzema-forfait\/\"]}]},{\"@type\":\"BreadcrumbList\",\"@id\":\"https:\/\/www.nettali.com\/2022\/03\/19\/clasico-barca-vs-real-benzema-forfait\/#breadcrumb\",\"itemListElement\":[{\"@type\":\"ListItem\",\"position\":1,\"name\":\"Accueil\",\"item\":\"https:\/\/www.nettali.com\/\"},{\"@type\":\"ListItem\",\"position\":2,\"name\":\"CLASICO BAR\\u00c7A vs REAL - Benzema forfait!\"}]},{\"@type\":\"Person\",\"@id\":\"https:\/\/www.nettali.com\/#\/schema\/person\/bb147657c2986240405a608162b9bb23\",\"name\":\"Ibrahima\",\"image\":{\"@type\":\"ImageObject\",\"@id\":\"https:\/\/www.nettali.com\/#personlogo\",\"inLanguage\":\"fr-FR\",\"url\":\"https:\/\/secure.gravatar.com\/avatar\/26a8a81f09f0dd7624c9d5c36c9ba3a2?s=96&d=mm&r=g\",\"contentUrl\":\"https:\/\/secure.gravatar.com\/avatar\/26a8a81f09f0dd7624c9d5c36c9ba3a2?s=96&d=mm&r=g\",\"caption\":\"Ibrahima\"},\"sameAs\":[\"https:\/\/www.nettali.com\"]}]}<\/script>\n<!-- \/ Yoast SEO Premium plugin. -->","yoast_head_json":{"title":"CLASICO BAR\u00c7A vs REAL - Benzema forfait! | Nettali.com","robots":{"index":"index","follow":"follow","max-snippet":"max-snippet:-1","max-image-preview":"max-image-preview:large","max-video-preview":"max-video-preview:-1"},"canonical":"https:\/\/www.nettali.com\/2022\/03\/19\/clasico-barca-vs-real-benzema-forfait\/","og_locale":"fr_FR","og_type":"article","og_title":"CLASICO BAR\u00c7A vs REAL - Benzema forfait!","og_description":"NETTALI.COM - Coup dur pour le Real Madrid. Victime d'une blessure au mollet contre Majorque (3-0) lundi en Liga, Karim Benzema (34 ans, 25 matchs et 22 buts en Liga cette saison) ne sera pas disponible pour d\u00e9fier le FC Barcelone dimanche en championnat (20 h). L'attaquant des Merengue va aussi rater le prochain rassemblement [&hellip;]","og_url":"https:\/\/www.nettali.com\/2022\/03\/19\/clasico-barca-vs-real-benzema-forfait\/","og_site_name":"Nettali.com","article_publisher":"https:\/\/www.facebook.com\/nettalicom","article_published_time":"2022-03-19T17:47:00+00:00","og_image":[{"width":801,"height":410,"url":"https:\/\/www.nettali.com\/wp-content\/uploads\/2022\/03\/801x410_gettyimages-1229449919.jpg","type":"image\/jpeg"}],"twitter_card":"summary_large_image","twitter_misc":{"\u00c9crit par":"Ibrahima","Dur\u00e9e de lecture estim\u00e9e":"2 minutes"},"schema":{"@context":"https:\/\/schema.org","@graph":[{"@type":"WebSite","@id":"https:\/\/www.nettali.com\/#website","url":"https:\/\/www.nettali.com\/","name":"Nettali.com","description":"Le rendez-vous critique du Net","potentialAction":[{"@type":"SearchAction","target":{"@type":"EntryPoint","urlTemplate":"https:\/\/www.nettali.com\/?s={search_term_string}"},"query-input":"required name=search_term_string"}],"inLanguage":"fr-FR"},{"@type":"ImageObject","@id":"https:\/\/www.nettali.com\/2022\/03\/19\/clasico-barca-vs-real-benzema-forfait\/#primaryimage","inLanguage":"fr-FR","url":"https:\/\/www.nettali.com\/wp-content\/uploads\/2022\/03\/801x410_gettyimages-1229449919.jpg","contentUrl":"https:\/\/www.nettali.com\/wp-content\/uploads\/2022\/03\/801x410_gettyimages-1229449919.jpg","width":801,"height":410},{"@type":"WebPage","@id":"https:\/\/www.nettali.com\/2022\/03\/19\/clasico-barca-vs-real-benzema-forfait\/#webpage","url":"https:\/\/www.nettali.com\/2022\/03\/19\/clasico-barca-vs-real-benzema-forfait\/","name":"CLASICO BAR\u00c7A vs REAL - Benzema forfait! | Nettali.com","isPartOf":{"@id":"https:\/\/www.nettali.com\/#website"},"primaryImageOfPage":{"@id":"https:\/\/www.nettali.com\/2022\/03\/19\/clasico-barca-vs-real-benzema-forfait\/#primaryimage"},"datePublished":"2022-03-19T17:47:00+00:00","dateModified":"2022-03-19T17:47:00+00:00","author":{"@id":"https:\/\/www.nettali.com\/#\/schema\/person\/bb147657c2986240405a608162b9bb23"},"breadcrumb":{"@id":"https:\/\/www.nettali.com\/2022\/03\/19\/clasico-barca-vs-real-benzema-forfait\/#breadcrumb"},"inLanguage":"fr-FR","potentialAction":[{"@type":"ReadAction","target":["https:\/\/www.nettali.com\/2022\/03\/19\/clasico-barca-vs-real-benzema-forfait\/"]}]},{"@type":"BreadcrumbList","@id":"https:\/\/www.nettali.com\/2022\/03\/19\/clasico-barca-vs-real-benzema-forfait\/#breadcrumb","itemListElement":[{"@type":"ListItem","position":1,"name":"Accueil","item":"https:\/\/www.nettali.com\/"},{"@type":"ListItem","position":2,"name":"CLASICO BAR\u00c7A vs REAL - Benzema forfait!"}]},{"@type":"Person","@id":"https:\/\/www.nettali.com\/#\/schema\/person\/bb147657c2986240405a608162b9bb23","name":"Ibrahima","image":{"@type":"ImageObject","@id":"https:\/\/www.nettali.com\/#personlogo","inLanguage":"fr-FR","url":"https:\/\/secure.gravatar.com\/avatar\/26a8a81f09f0dd7624c9d5c36c9ba3a2?s=96&d=mm&r=g","contentUrl":"https:\/\/secure.gravatar.com\/avatar\/26a8a81f09f0dd7624c9d5c36c9ba3a2?s=96&d=mm&r=g","caption":"Ibrahima"},"sameAs":["https:\/\/www.nettali.com"]}]}},"_links":{"self":[{"href":"https:\/\/www.nettali.com\/rest\/wp\/v2\/posts\/83212"}],"collection":[{"href":"https:\/\/www.nettali.com\/rest\/wp\/v2\/posts"}],"about":[{"href":"https:\/\/www.nettali.com\/rest\/wp\/v2\/types\/post"}],"author":[{"embeddable":true,"href":"https:\/\/www.nettali.com\/rest\/wp\/v2\/users\/5"}],"replies":[{"embeddable":true,"href":"https:\/\/www.nettali.com\/rest\/wp\/v2\/comments?post=83212"}],"version-history":[{"count":2,"href":"https:\/\/www.nettali.com\/rest\/wp\/v2\/posts\/83212\/revisions"}],"predecessor-version":[{"id":83215,"href":"https:\/\/www.nettali.com\/rest\/wp\/v2\/posts\/83212\/revisions\/83215"}],"wp:featuredmedia":[{"embeddable":true,"href":"https:\/\/www.nettali.com\/rest\/wp\/v2\/media\/83213"}],"wp:attachment":[{"href":"https:\/\/www.nettali.com\/rest\/wp\/v2\/media?parent=83212"}],"wp:term":[{"taxonomy":"category","embeddable":true,"href":"https:\/\/www.nettali.com\/rest\/wp\/v2\/categories?post=83212"},{"taxonomy":"post_tag","embeddable":true,"href":"https:\/\/www.nettali.com\/rest\/wp\/v2\/tags?post=83212"}],"curies":[{"name":"wp","href":"https:\/\/api.w.org\/{rel}","templated":true}]}}