{"id":83185,"date":"2022-03-18T22:28:30","date_gmt":"2022-03-18T22:28:30","guid":{"rendered":"https:\/\/www.nettali.com\/?p=83185"},"modified":"2022-03-18T23:21:05","modified_gmt":"2022-03-18T23:21:05","slug":"9e-forum-de-leau-le-president-de-la-banque-mondial-attendue-au-senegal","status":"publish","type":"post","link":"https:\/\/www.nettali.com\/2022\/03\/18\/9e-forum-de-leau-le-president-de-la-banque-mondial-attendue-au-senegal\/","title":{"rendered":"9E FORUM DE L\u2019EAU - Le pr\u00e9sident de la Banque mondiale attendue au S\u00e9n\u00e9gal"},"content":{"rendered":"<p><strong>NETTALI.COM - Le pr\u00e9sident de la Banque mondiale sera au S\u00e9n\u00e9gal \u00e0 partir de lundi prochain. David Malpass prendra part au Forum de l\u2019eau.<\/strong><\/p>\n<p>Le Pr\u00e9sident de la Banque mondiale, David Malpass arrivera \u00e0 Dakar le lundi 21 mars 2022 pour une visite de deux jours. Il s'agit de son premier voyage officiel au S\u00e9n\u00e9gal et en Afrique de l\u2019Ouest et centrale en tant que pr\u00e9sident du Groupe de la Banque mondiale. Ce dernier, informe un communiqu\u00e9, participera au 9e Forum mondial de l\u2019eau, dont le th\u00e8me est \u00ab La s\u00e9curit\u00e9 de l'eau pour la paix et le d\u00e9veloppement \u00bb.<\/p>\n<p>Il rencontrera Macky Sall, pr\u00e9sident de la R\u00e9publique du S\u00e9n\u00e9gal, et s\u2019entretiendra \u00e9galement avec des partenaires au d\u00e9veloppement et des parties prenantes de premier plan. Cette visite, informe-t-on, vient r\u00e9affirmer l\u2019engagement du Groupe de la Banque mondiale \u00e0 collaborer avec le S\u00e9n\u00e9gal en vue d\u2019obtenir de meilleurs r\u00e9sultats de d\u00e9veloppement au profit de l\u2019ensemble de sa population. \u00ab <em>Cette ann\u00e9e avec la pr\u00e9sidence de l\u2019Union africaine et en accueillant le Forum mondial de l\u2019eau \u00e0 Dakar, le S\u00e9n\u00e9gal d\u00e9montre un leadership international marquant<\/em> \u00bb, a soulign\u00e9, souligne David Malpass, pr\u00e9sident du Groupe de la Banque mondiale.<\/p>\n<p>Avant d\u2019ajouter : \u00ab<em> Notre institution est tr\u00e8s attach\u00e9e \u00e0 maintenir son partenariat de longue date avec le S\u00e9n\u00e9gal pour augmenter le revenu m\u00e9dian des m\u00e9nages et promouvoir une prosp\u00e9rit\u00e9 partag\u00e9e.<\/em> \u00bb En effet, au cours de son s\u00e9jour, M. Malpass aura l\u2019occasion de visiter divers projets financ\u00e9s par le Groupe de la Banque mondiale, avec notamment une visite sur le chantier de construction du syst\u00e8me de bus rapides BRT \u00e0 Dakar et un fournisseur de service internet. Il faut rappeler que le portefeuille de la Banque mondiale au S\u00e9n\u00e9gal comprend actuellement 20 projets nationaux financ\u00e9s par l\u2019Association internationale de d\u00e9veloppement (Ida), pour un montant total de 2,32 milliards de dollars, et 10 op\u00e9rations r\u00e9gionales, \u00e9galement soutenues par l\u2019IDA et repr\u00e9sentant 480 millions de dollars d\u2019engagements.<\/p>\n<div class='share-to-whatsapp-wrapper'><div class='share-on-whsp'>PARTAGER SUR : <\/div><a data-text='9E FORUM DE L\u2019EAU - Le pr\u00e9sident de la Banque mondiale attendue au S\u00e9n\u00e9gal' data-link='https:\/\/www.nettali.com\/2022\/03\/18\/9e-forum-de-leau-le-president-de-la-banque-mondial-attendue-au-senegal\/' class='whatsapp-button whatsapp-share'>WhatsApp<\/a><div class='clear '><\/div><\/div>","protected":false},"excerpt":{"rendered":"<p>NETTALI.COM - Le pr\u00e9sident de la Banque mondiale sera au S\u00e9n\u00e9gal \u00e0 partir de lundi prochain. David Malpass prendra part au Forum de l\u2019eau. Le Pr\u00e9sident de la Banque mondiale, David Malpass arrivera \u00e0 Dakar le lundi 21 mars 2022 pour une visite de deux jours. Il s'agit de son premier voyage officiel au S\u00e9n\u00e9gal [&hellip;]<\/p>\n","protected":false},"author":6,"featured_media":83193,"comment_status":"open","ping_status":"open","sticky":false,"template":"","format":"standard","meta":{"_et_pb_use_builder":"","_et_pb_old_content":""},"categories":[4],"tags":[],"yoast_head":"<!-- This site is optimized with the Yoast SEO Premium plugin v17.8 (Yoast SEO v17.8) - https:\/\/yoast.com\/wordpress\/plugins\/seo\/ -->\n<title>9E FORUM DE L\u2019EAU - Le pr\u00e9sident de la Banque mondiale attendue au S\u00e9n\u00e9gal | Nettali.com<\/title>\n<meta name=\"robots\" content=\"index, follow, max-snippet:-1, max-image-preview:large, max-video-preview:-1\" \/>\n<link rel=\"canonical\" href=\"https:\/\/www.nettali.com\/2022\/03\/18\/9e-forum-de-leau-le-president-de-la-banque-mondial-attendue-au-senegal\/\" \/>\n<meta property=\"og:locale\" content=\"fr_FR\" \/>\n<meta property=\"og:type\" content=\"article\" \/>\n<meta property=\"og:title\" content=\"9E FORUM DE L\u2019EAU - Le pr\u00e9sident de la Banque mondiale attendue au S\u00e9n\u00e9gal\" \/>\n<meta property=\"og:description\" content=\"NETTALI.COM - Le pr\u00e9sident de la Banque mondiale sera au S\u00e9n\u00e9gal \u00e0 partir de lundi prochain. David Malpass prendra part au Forum de l\u2019eau. Le Pr\u00e9sident de la Banque mondiale, David Malpass arrivera \u00e0 Dakar le lundi 21 mars 2022 pour une visite de deux jours. Il s&#039;agit de son premier voyage officiel au S\u00e9n\u00e9gal [&hellip;]\" \/>\n<meta property=\"og:url\" content=\"https:\/\/www.nettali.com\/2022\/03\/18\/9e-forum-de-leau-le-president-de-la-banque-mondial-attendue-au-senegal\/\" \/>\n<meta property=\"og:site_name\" content=\"Nettali.com\" \/>\n<meta property=\"article:publisher\" content=\"https:\/\/www.facebook.com\/nettalicom\" \/>\n<meta property=\"article:published_time\" content=\"2022-03-18T22:28:30+00:00\" \/>\n<meta property=\"article:modified_time\" content=\"2022-03-18T23:21:05+00:00\" \/>\n<meta property=\"og:image\" content=\"https:\/\/www.nettali.com\/wp-content\/uploads\/2022\/03\/david.jpg\" \/>\n\t<meta property=\"og:image:width\" content=\"300\" \/>\n\t<meta property=\"og:image:height\" content=\"168\" \/>\n<meta name=\"twitter:card\" content=\"summary_large_image\" \/>\n<meta name=\"twitter:label1\" content=\"\u00c9crit par\" \/>\n\t<meta name=\"twitter:data1\" content=\"Fatou\" \/>\n\t<meta name=\"twitter:label2\" content=\"Dur\u00e9e de lecture estim\u00e9e\" \/>\n\t<meta name=\"twitter:data2\" content=\"2 minutes\" \/>\n<script type=\"application\/ld+json\" class=\"yoast-schema-graph\">{\"@context\":\"https:\/\/schema.org\",\"@graph\":[{\"@type\":\"WebSite\",\"@id\":\"https:\/\/www.nettali.com\/#website\",\"url\":\"https:\/\/www.nettali.com\/\",\"name\":\"Nettali.com\",\"description\":\"Le rendez-vous critique du Net\",\"potentialAction\":[{\"@type\":\"SearchAction\",\"target\":{\"@type\":\"EntryPoint\",\"urlTemplate\":\"https:\/\/www.nettali.com\/?s={search_term_string}\"},\"query-input\":\"required name=search_term_string\"}],\"inLanguage\":\"fr-FR\"},{\"@type\":\"ImageObject\",\"@id\":\"https:\/\/www.nettali.com\/2022\/03\/18\/9e-forum-de-leau-le-president-de-la-banque-mondial-attendue-au-senegal\/#primaryimage\",\"inLanguage\":\"fr-FR\",\"url\":\"https:\/\/www.nettali.com\/wp-content\/uploads\/2022\/03\/david.jpg\",\"contentUrl\":\"https:\/\/www.nettali.com\/wp-content\/uploads\/2022\/03\/david.jpg\",\"width\":300,\"height\":168},{\"@type\":\"WebPage\",\"@id\":\"https:\/\/www.nettali.com\/2022\/03\/18\/9e-forum-de-leau-le-president-de-la-banque-mondial-attendue-au-senegal\/#webpage\",\"url\":\"https:\/\/www.nettali.com\/2022\/03\/18\/9e-forum-de-leau-le-president-de-la-banque-mondial-attendue-au-senegal\/\",\"name\":\"9E FORUM DE L\\u2019EAU - Le pr\\u00e9sident de la Banque mondiale attendue au S\\u00e9n\\u00e9gal | Nettali.com\",\"isPartOf\":{\"@id\":\"https:\/\/www.nettali.com\/#website\"},\"primaryImageOfPage\":{\"@id\":\"https:\/\/www.nettali.com\/2022\/03\/18\/9e-forum-de-leau-le-president-de-la-banque-mondial-attendue-au-senegal\/#primaryimage\"},\"datePublished\":\"2022-03-18T22:28:30+00:00\",\"dateModified\":\"2022-03-18T23:21:05+00:00\",\"author\":{\"@id\":\"https:\/\/www.nettali.com\/#\/schema\/person\/418274a86bdf87caff7a3ef476bd0bbf\"},\"breadcrumb\":{\"@id\":\"https:\/\/www.nettali.com\/2022\/03\/18\/9e-forum-de-leau-le-president-de-la-banque-mondial-attendue-au-senegal\/#breadcrumb\"},\"inLanguage\":\"fr-FR\",\"potentialAction\":[{\"@type\":\"ReadAction\",\"target\":[\"https:\/\/www.nettali.com\/2022\/03\/18\/9e-forum-de-leau-le-president-de-la-banque-mondial-attendue-au-senegal\/\"]}]},{\"@type\":\"BreadcrumbList\",\"@id\":\"https:\/\/www.nettali.com\/2022\/03\/18\/9e-forum-de-leau-le-president-de-la-banque-mondial-attendue-au-senegal\/#breadcrumb\",\"itemListElement\":[{\"@type\":\"ListItem\",\"position\":1,\"name\":\"Accueil\",\"item\":\"https:\/\/www.nettali.com\/\"},{\"@type\":\"ListItem\",\"position\":2,\"name\":\"9E FORUM DE L\\u2019EAU - Le pr\\u00e9sident de la Banque mondiale attendue au S\\u00e9n\\u00e9gal\"}]},{\"@type\":\"Person\",\"@id\":\"https:\/\/www.nettali.com\/#\/schema\/person\/418274a86bdf87caff7a3ef476bd0bbf\",\"name\":\"Fatou\",\"image\":{\"@type\":\"ImageObject\",\"@id\":\"https:\/\/www.nettali.com\/#personlogo\",\"inLanguage\":\"fr-FR\",\"url\":\"https:\/\/secure.gravatar.com\/avatar\/5a9442a2bee7b4dcf167cab035858e9a?s=96&d=mm&r=g\",\"contentUrl\":\"https:\/\/secure.gravatar.com\/avatar\/5a9442a2bee7b4dcf167cab035858e9a?s=96&d=mm&r=g\",\"caption\":\"Fatou\"},\"sameAs\":[\"https:\/\/www.nettali.com\"]}]}<\/script>\n<!-- \/ Yoast SEO Premium plugin. -->","yoast_head_json":{"title":"9E FORUM DE L\u2019EAU - Le pr\u00e9sident de la Banque mondiale attendue au S\u00e9n\u00e9gal | Nettali.com","robots":{"index":"index","follow":"follow","max-snippet":"max-snippet:-1","max-image-preview":"max-image-preview:large","max-video-preview":"max-video-preview:-1"},"canonical":"https:\/\/www.nettali.com\/2022\/03\/18\/9e-forum-de-leau-le-president-de-la-banque-mondial-attendue-au-senegal\/","og_locale":"fr_FR","og_type":"article","og_title":"9E FORUM DE L\u2019EAU - Le pr\u00e9sident de la Banque mondiale attendue au S\u00e9n\u00e9gal","og_description":"NETTALI.COM - Le pr\u00e9sident de la Banque mondiale sera au S\u00e9n\u00e9gal \u00e0 partir de lundi prochain. David Malpass prendra part au Forum de l\u2019eau. Le Pr\u00e9sident de la Banque mondiale, David Malpass arrivera \u00e0 Dakar le lundi 21 mars 2022 pour une visite de deux jours. Il s'agit de son premier voyage officiel au S\u00e9n\u00e9gal [&hellip;]","og_url":"https:\/\/www.nettali.com\/2022\/03\/18\/9e-forum-de-leau-le-president-de-la-banque-mondial-attendue-au-senegal\/","og_site_name":"Nettali.com","article_publisher":"https:\/\/www.facebook.com\/nettalicom","article_published_time":"2022-03-18T22:28:30+00:00","article_modified_time":"2022-03-18T23:21:05+00:00","og_image":[{"width":300,"height":168,"url":"https:\/\/www.nettali.com\/wp-content\/uploads\/2022\/03\/david.jpg","type":"image\/jpeg"}],"twitter_card":"summary_large_image","twitter_misc":{"\u00c9crit par":"Fatou","Dur\u00e9e de lecture estim\u00e9e":"2 minutes"},"schema":{"@context":"https:\/\/schema.org","@graph":[{"@type":"WebSite","@id":"https:\/\/www.nettali.com\/#website","url":"https:\/\/www.nettali.com\/","name":"Nettali.com","description":"Le rendez-vous critique du Net","potentialAction":[{"@type":"SearchAction","target":{"@type":"EntryPoint","urlTemplate":"https:\/\/www.nettali.com\/?s={search_term_string}"},"query-input":"required name=search_term_string"}],"inLanguage":"fr-FR"},{"@type":"ImageObject","@id":"https:\/\/www.nettali.com\/2022\/03\/18\/9e-forum-de-leau-le-president-de-la-banque-mondial-attendue-au-senegal\/#primaryimage","inLanguage":"fr-FR","url":"https:\/\/www.nettali.com\/wp-content\/uploads\/2022\/03\/david.jpg","contentUrl":"https:\/\/www.nettali.com\/wp-content\/uploads\/2022\/03\/david.jpg","width":300,"height":168},{"@type":"WebPage","@id":"https:\/\/www.nettali.com\/2022\/03\/18\/9e-forum-de-leau-le-president-de-la-banque-mondial-attendue-au-senegal\/#webpage","url":"https:\/\/www.nettali.com\/2022\/03\/18\/9e-forum-de-leau-le-president-de-la-banque-mondial-attendue-au-senegal\/","name":"9E FORUM DE L\u2019EAU - Le pr\u00e9sident de la Banque mondiale attendue au S\u00e9n\u00e9gal | Nettali.com","isPartOf":{"@id":"https:\/\/www.nettali.com\/#website"},"primaryImageOfPage":{"@id":"https:\/\/www.nettali.com\/2022\/03\/18\/9e-forum-de-leau-le-president-de-la-banque-mondial-attendue-au-senegal\/#primaryimage"},"datePublished":"2022-03-18T22:28:30+00:00","dateModified":"2022-03-18T23:21:05+00:00","author":{"@id":"https:\/\/www.nettali.com\/#\/schema\/person\/418274a86bdf87caff7a3ef476bd0bbf"},"breadcrumb":{"@id":"https:\/\/www.nettali.com\/2022\/03\/18\/9e-forum-de-leau-le-president-de-la-banque-mondial-attendue-au-senegal\/#breadcrumb"},"inLanguage":"fr-FR","potentialAction":[{"@type":"ReadAction","target":["https:\/\/www.nettali.com\/2022\/03\/18\/9e-forum-de-leau-le-president-de-la-banque-mondial-attendue-au-senegal\/"]}]},{"@type":"BreadcrumbList","@id":"https:\/\/www.nettali.com\/2022\/03\/18\/9e-forum-de-leau-le-president-de-la-banque-mondial-attendue-au-senegal\/#breadcrumb","itemListElement":[{"@type":"ListItem","position":1,"name":"Accueil","item":"https:\/\/www.nettali.com\/"},{"@type":"ListItem","position":2,"name":"9E FORUM DE L\u2019EAU - Le pr\u00e9sident de la Banque mondiale attendue au S\u00e9n\u00e9gal"}]},{"@type":"Person","@id":"https:\/\/www.nettali.com\/#\/schema\/person\/418274a86bdf87caff7a3ef476bd0bbf","name":"Fatou","image":{"@type":"ImageObject","@id":"https:\/\/www.nettali.com\/#personlogo","inLanguage":"fr-FR","url":"https:\/\/secure.gravatar.com\/avatar\/5a9442a2bee7b4dcf167cab035858e9a?s=96&d=mm&r=g","contentUrl":"https:\/\/secure.gravatar.com\/avatar\/5a9442a2bee7b4dcf167cab035858e9a?s=96&d=mm&r=g","caption":"Fatou"},"sameAs":["https:\/\/www.nettali.com"]}]}},"_links":{"self":[{"href":"https:\/\/www.nettali.com\/rest\/wp\/v2\/posts\/83185"}],"collection":[{"href":"https:\/\/www.nettali.com\/rest\/wp\/v2\/posts"}],"about":[{"href":"https:\/\/www.nettali.com\/rest\/wp\/v2\/types\/post"}],"author":[{"embeddable":true,"href":"https:\/\/www.nettali.com\/rest\/wp\/v2\/users\/6"}],"replies":[{"embeddable":true,"href":"https:\/\/www.nettali.com\/rest\/wp\/v2\/comments?post=83185"}],"version-history":[{"count":3,"href":"https:\/\/www.nettali.com\/rest\/wp\/v2\/posts\/83185\/revisions"}],"predecessor-version":[{"id":83191,"href":"https:\/\/www.nettali.com\/rest\/wp\/v2\/posts\/83185\/revisions\/83191"}],"wp:featuredmedia":[{"embeddable":true,"href":"https:\/\/www.nettali.com\/rest\/wp\/v2\/media\/83193"}],"wp:attachment":[{"href":"https:\/\/www.nettali.com\/rest\/wp\/v2\/media?parent=83185"}],"wp:term":[{"taxonomy":"category","embeddable":true,"href":"https:\/\/www.nettali.com\/rest\/wp\/v2\/categories?post=83185"},{"taxonomy":"post_tag","embeddable":true,"href":"https:\/\/www.nettali.com\/rest\/wp\/v2\/tags?post=83185"}],"curies":[{"name":"wp","href":"https:\/\/api.w.org\/{rel}","templated":true}]}}