{"id":83183,"date":"2022-03-18T22:11:18","date_gmt":"2022-03-18T22:11:18","guid":{"rendered":"https:\/\/www.nettali.com\/?p=83183"},"modified":"2022-03-19T10:33:16","modified_gmt":"2022-03-19T10:33:16","slug":"contre-forum-mondial-de-leau-barthelemy-dias-fait-un-diagnostic-de-la-situation-a-dakar","status":"publish","type":"post","link":"https:\/\/www.nettali.com\/2022\/03\/18\/contre-forum-mondial-de-leau-barthelemy-dias-fait-un-diagnostic-de-la-situation-a-dakar\/","title":{"rendered":"CONTRE FORUM MONDIAL DE L\u2019EAU - Barth\u00e9l\u00e9my Dias fait un diagnostic de la situation \u00e0 Dakar"},"content":{"rendered":"<p><strong>NETTALI.COM- Ecart\u00e9 de l\u2019organisation du 9e Forum mondial de l\u2019eau, Barth\u00e9l\u00e9my Dias a initi\u00e9 le Forum Alternatif Mondial de l\u2019Eau (FAME). Il l\u2019a fait savoir, ce vendredi face \u00e0 la presse. <\/strong><\/p>\n<p>Car, pour lui, le Forum mondial de l\u2019eau n\u2019est pas une occasion pour parler v\u00e9ritablement des difficult\u00e9s que rencontrent des populations dakaroises pour pouvoir avoir acc\u00e8s \u00e0 l\u2019eau. \u00ab<em> Il y a des quartiers \u00e0 Dakar qui peuvent rester des jours voire des semaines sans eau. Mais, il y a \u00e9norm\u00e9ment de sites qui regroupent du public et qui n\u2019ont pas acc\u00e8s \u00e0 l\u2019eau<\/em> \u00bb, a d\u00e9clar\u00e9 Barth\u00e9l\u00e9my Dias prenant exemple sur l\u2019incendie qui s\u2019est d\u00e9roul\u00e9 \u00e0 la Salle des ventes. Il y avait, selon lui, des difficult\u00e9s pour \u00e9teindre le feu parce que, malheureusement, il n\u2019y avait pas de bouche d\u2019incendie. \u00ab <em>Dakar, capitale, Dakar ville, Dakar porte de l\u2019Afrique sans bouche d\u2019incendie. C\u2019est une probl\u00e9matique<\/em> \u00bb, regrette-t-il.<\/p>\n<p>En sus des p\u00e9nuries d\u2019eau qui sont not\u00e9es dans la capitale, le maire de la ville a \u00e9voqu\u00e9 le probl\u00e8me des inondations. A l\u2019en croire, ces inondations sont assez traumatisantes pour les populations dakaroises mais souligne-t-il : \u00ab<em>\u00a0Dakar dans les eaux nous interpelle, nous interpelle en tant que peuple, nous interpelle en tant que Nation. Comment peut-on accepter aujourd\u2019hui \u00e0 Dakar de voir des lotissements pour ne pas dire des villes se d\u00e9velopper sans aucun assainissement<\/em> \u00bb, s\u2019interroge-t-il.<\/p>\n<div class='share-to-whatsapp-wrapper'><div class='share-on-whsp'>PARTAGER SUR : <\/div><a data-text='CONTRE FORUM MONDIAL DE L\u2019EAU - Barth\u00e9l\u00e9my Dias fait un diagnostic de la situation \u00e0 Dakar' data-link='https:\/\/www.nettali.com\/2022\/03\/18\/contre-forum-mondial-de-leau-barthelemy-dias-fait-un-diagnostic-de-la-situation-a-dakar\/' class='whatsapp-button whatsapp-share'>WhatsApp<\/a><div class='clear '><\/div><\/div>","protected":false},"excerpt":{"rendered":"<p>NETTALI.COM- Ecart\u00e9 de l\u2019organisation du 9e Forum mondial de l\u2019eau, Barth\u00e9l\u00e9my Dias a initi\u00e9 le Forum Alternatif Mondial de l\u2019Eau (FAME). Il l\u2019a fait savoir, ce vendredi face \u00e0 la presse. Car, pour lui, le Forum mondial de l\u2019eau n\u2019est pas une occasion pour parler v\u00e9ritablement des difficult\u00e9s que rencontrent des populations dakaroises pour pouvoir [&hellip;]<\/p>\n","protected":false},"author":6,"featured_media":51548,"comment_status":"open","ping_status":"open","sticky":false,"template":"","format":"standard","meta":{"_et_pb_use_builder":"","_et_pb_old_content":""},"categories":[3],"tags":[],"yoast_head":"<!-- This site is optimized with the Yoast SEO Premium plugin v17.8 (Yoast SEO v17.8) - https:\/\/yoast.com\/wordpress\/plugins\/seo\/ -->\n<title>CONTRE FORUM MONDIAL DE L\u2019EAU - Barth\u00e9l\u00e9my Dias fait un diagnostic de la situation \u00e0 Dakar | Nettali.com<\/title>\n<meta name=\"robots\" content=\"index, follow, max-snippet:-1, max-image-preview:large, max-video-preview:-1\" \/>\n<link rel=\"canonical\" href=\"https:\/\/www.nettali.com\/2022\/03\/18\/contre-forum-mondial-de-leau-barthelemy-dias-fait-un-diagnostic-de-la-situation-a-dakar\/\" \/>\n<meta property=\"og:locale\" content=\"fr_FR\" \/>\n<meta property=\"og:type\" content=\"article\" \/>\n<meta property=\"og:title\" content=\"CONTRE FORUM MONDIAL DE L\u2019EAU - Barth\u00e9l\u00e9my Dias fait un diagnostic de la situation \u00e0 Dakar\" \/>\n<meta property=\"og:description\" content=\"NETTALI.COM- Ecart\u00e9 de l\u2019organisation du 9e Forum mondial de l\u2019eau, Barth\u00e9l\u00e9my Dias a initi\u00e9 le Forum Alternatif Mondial de l\u2019Eau (FAME). Il l\u2019a fait savoir, ce vendredi face \u00e0 la presse. Car, pour lui, le Forum mondial de l\u2019eau n\u2019est pas une occasion pour parler v\u00e9ritablement des difficult\u00e9s que rencontrent des populations dakaroises pour pouvoir [&hellip;]\" \/>\n<meta property=\"og:url\" content=\"https:\/\/www.nettali.com\/2022\/03\/18\/contre-forum-mondial-de-leau-barthelemy-dias-fait-un-diagnostic-de-la-situation-a-dakar\/\" \/>\n<meta property=\"og:site_name\" content=\"Nettali.com\" \/>\n<meta property=\"article:publisher\" content=\"https:\/\/www.facebook.com\/nettalicom\" \/>\n<meta property=\"article:published_time\" content=\"2022-03-18T22:11:18+00:00\" \/>\n<meta property=\"article:modified_time\" content=\"2022-03-19T10:33:16+00:00\" \/>\n<meta property=\"og:image\" content=\"https:\/\/www.nettali.com\/wp-content\/uploads\/2020\/11\/barthelemy.jpg\" \/>\n\t<meta property=\"og:image:width\" content=\"840\" \/>\n\t<meta property=\"og:image:height\" content=\"701\" \/>\n<meta name=\"twitter:card\" content=\"summary_large_image\" \/>\n<meta name=\"twitter:label1\" content=\"\u00c9crit par\" \/>\n\t<meta name=\"twitter:data1\" content=\"Fatou\" \/>\n\t<meta name=\"twitter:label2\" content=\"Dur\u00e9e de lecture estim\u00e9e\" \/>\n\t<meta name=\"twitter:data2\" content=\"2 minutes\" \/>\n<script type=\"application\/ld+json\" class=\"yoast-schema-graph\">{\"@context\":\"https:\/\/schema.org\",\"@graph\":[{\"@type\":\"WebSite\",\"@id\":\"https:\/\/www.nettali.com\/#website\",\"url\":\"https:\/\/www.nettali.com\/\",\"name\":\"Nettali.com\",\"description\":\"Le rendez-vous critique du Net\",\"potentialAction\":[{\"@type\":\"SearchAction\",\"target\":{\"@type\":\"EntryPoint\",\"urlTemplate\":\"https:\/\/www.nettali.com\/?s={search_term_string}\"},\"query-input\":\"required name=search_term_string\"}],\"inLanguage\":\"fr-FR\"},{\"@type\":\"ImageObject\",\"@id\":\"https:\/\/www.nettali.com\/2022\/03\/18\/contre-forum-mondial-de-leau-barthelemy-dias-fait-un-diagnostic-de-la-situation-a-dakar\/#primaryimage\",\"inLanguage\":\"fr-FR\",\"url\":\"https:\/\/www.nettali.com\/wp-content\/uploads\/2020\/11\/barthelemy.jpg\",\"contentUrl\":\"https:\/\/www.nettali.com\/wp-content\/uploads\/2020\/11\/barthelemy.jpg\",\"width\":840,\"height\":701},{\"@type\":\"WebPage\",\"@id\":\"https:\/\/www.nettali.com\/2022\/03\/18\/contre-forum-mondial-de-leau-barthelemy-dias-fait-un-diagnostic-de-la-situation-a-dakar\/#webpage\",\"url\":\"https:\/\/www.nettali.com\/2022\/03\/18\/contre-forum-mondial-de-leau-barthelemy-dias-fait-un-diagnostic-de-la-situation-a-dakar\/\",\"name\":\"CONTRE FORUM MONDIAL DE L\\u2019EAU - Barth\\u00e9l\\u00e9my Dias fait un diagnostic de la situation \\u00e0 Dakar | Nettali.com\",\"isPartOf\":{\"@id\":\"https:\/\/www.nettali.com\/#website\"},\"primaryImageOfPage\":{\"@id\":\"https:\/\/www.nettali.com\/2022\/03\/18\/contre-forum-mondial-de-leau-barthelemy-dias-fait-un-diagnostic-de-la-situation-a-dakar\/#primaryimage\"},\"datePublished\":\"2022-03-18T22:11:18+00:00\",\"dateModified\":\"2022-03-19T10:33:16+00:00\",\"author\":{\"@id\":\"https:\/\/www.nettali.com\/#\/schema\/person\/418274a86bdf87caff7a3ef476bd0bbf\"},\"breadcrumb\":{\"@id\":\"https:\/\/www.nettali.com\/2022\/03\/18\/contre-forum-mondial-de-leau-barthelemy-dias-fait-un-diagnostic-de-la-situation-a-dakar\/#breadcrumb\"},\"inLanguage\":\"fr-FR\",\"potentialAction\":[{\"@type\":\"ReadAction\",\"target\":[\"https:\/\/www.nettali.com\/2022\/03\/18\/contre-forum-mondial-de-leau-barthelemy-dias-fait-un-diagnostic-de-la-situation-a-dakar\/\"]}]},{\"@type\":\"BreadcrumbList\",\"@id\":\"https:\/\/www.nettali.com\/2022\/03\/18\/contre-forum-mondial-de-leau-barthelemy-dias-fait-un-diagnostic-de-la-situation-a-dakar\/#breadcrumb\",\"itemListElement\":[{\"@type\":\"ListItem\",\"position\":1,\"name\":\"Accueil\",\"item\":\"https:\/\/www.nettali.com\/\"},{\"@type\":\"ListItem\",\"position\":2,\"name\":\"CONTRE FORUM MONDIAL DE L\\u2019EAU - Barth\\u00e9l\\u00e9my Dias fait un diagnostic de la situation \\u00e0 Dakar\"}]},{\"@type\":\"Person\",\"@id\":\"https:\/\/www.nettali.com\/#\/schema\/person\/418274a86bdf87caff7a3ef476bd0bbf\",\"name\":\"Fatou\",\"image\":{\"@type\":\"ImageObject\",\"@id\":\"https:\/\/www.nettali.com\/#personlogo\",\"inLanguage\":\"fr-FR\",\"url\":\"https:\/\/secure.gravatar.com\/avatar\/5a9442a2bee7b4dcf167cab035858e9a?s=96&d=mm&r=g\",\"contentUrl\":\"https:\/\/secure.gravatar.com\/avatar\/5a9442a2bee7b4dcf167cab035858e9a?s=96&d=mm&r=g\",\"caption\":\"Fatou\"},\"sameAs\":[\"https:\/\/www.nettali.com\"]}]}<\/script>\n<!-- \/ Yoast SEO Premium plugin. -->","yoast_head_json":{"title":"CONTRE FORUM MONDIAL DE L\u2019EAU - Barth\u00e9l\u00e9my Dias fait un diagnostic de la situation \u00e0 Dakar | Nettali.com","robots":{"index":"index","follow":"follow","max-snippet":"max-snippet:-1","max-image-preview":"max-image-preview:large","max-video-preview":"max-video-preview:-1"},"canonical":"https:\/\/www.nettali.com\/2022\/03\/18\/contre-forum-mondial-de-leau-barthelemy-dias-fait-un-diagnostic-de-la-situation-a-dakar\/","og_locale":"fr_FR","og_type":"article","og_title":"CONTRE FORUM MONDIAL DE L\u2019EAU - Barth\u00e9l\u00e9my Dias fait un diagnostic de la situation \u00e0 Dakar","og_description":"NETTALI.COM- Ecart\u00e9 de l\u2019organisation du 9e Forum mondial de l\u2019eau, Barth\u00e9l\u00e9my Dias a initi\u00e9 le Forum Alternatif Mondial de l\u2019Eau (FAME). Il l\u2019a fait savoir, ce vendredi face \u00e0 la presse. Car, pour lui, le Forum mondial de l\u2019eau n\u2019est pas une occasion pour parler v\u00e9ritablement des difficult\u00e9s que rencontrent des populations dakaroises pour pouvoir [&hellip;]","og_url":"https:\/\/www.nettali.com\/2022\/03\/18\/contre-forum-mondial-de-leau-barthelemy-dias-fait-un-diagnostic-de-la-situation-a-dakar\/","og_site_name":"Nettali.com","article_publisher":"https:\/\/www.facebook.com\/nettalicom","article_published_time":"2022-03-18T22:11:18+00:00","article_modified_time":"2022-03-19T10:33:16+00:00","og_image":[{"width":840,"height":701,"url":"https:\/\/www.nettali.com\/wp-content\/uploads\/2020\/11\/barthelemy.jpg","type":"image\/jpeg"}],"twitter_card":"summary_large_image","twitter_misc":{"\u00c9crit par":"Fatou","Dur\u00e9e de lecture estim\u00e9e":"2 minutes"},"schema":{"@context":"https:\/\/schema.org","@graph":[{"@type":"WebSite","@id":"https:\/\/www.nettali.com\/#website","url":"https:\/\/www.nettali.com\/","name":"Nettali.com","description":"Le rendez-vous critique du Net","potentialAction":[{"@type":"SearchAction","target":{"@type":"EntryPoint","urlTemplate":"https:\/\/www.nettali.com\/?s={search_term_string}"},"query-input":"required name=search_term_string"}],"inLanguage":"fr-FR"},{"@type":"ImageObject","@id":"https:\/\/www.nettali.com\/2022\/03\/18\/contre-forum-mondial-de-leau-barthelemy-dias-fait-un-diagnostic-de-la-situation-a-dakar\/#primaryimage","inLanguage":"fr-FR","url":"https:\/\/www.nettali.com\/wp-content\/uploads\/2020\/11\/barthelemy.jpg","contentUrl":"https:\/\/www.nettali.com\/wp-content\/uploads\/2020\/11\/barthelemy.jpg","width":840,"height":701},{"@type":"WebPage","@id":"https:\/\/www.nettali.com\/2022\/03\/18\/contre-forum-mondial-de-leau-barthelemy-dias-fait-un-diagnostic-de-la-situation-a-dakar\/#webpage","url":"https:\/\/www.nettali.com\/2022\/03\/18\/contre-forum-mondial-de-leau-barthelemy-dias-fait-un-diagnostic-de-la-situation-a-dakar\/","name":"CONTRE FORUM MONDIAL DE L\u2019EAU - Barth\u00e9l\u00e9my Dias fait un diagnostic de la situation \u00e0 Dakar | Nettali.com","isPartOf":{"@id":"https:\/\/www.nettali.com\/#website"},"primaryImageOfPage":{"@id":"https:\/\/www.nettali.com\/2022\/03\/18\/contre-forum-mondial-de-leau-barthelemy-dias-fait-un-diagnostic-de-la-situation-a-dakar\/#primaryimage"},"datePublished":"2022-03-18T22:11:18+00:00","dateModified":"2022-03-19T10:33:16+00:00","author":{"@id":"https:\/\/www.nettali.com\/#\/schema\/person\/418274a86bdf87caff7a3ef476bd0bbf"},"breadcrumb":{"@id":"https:\/\/www.nettali.com\/2022\/03\/18\/contre-forum-mondial-de-leau-barthelemy-dias-fait-un-diagnostic-de-la-situation-a-dakar\/#breadcrumb"},"inLanguage":"fr-FR","potentialAction":[{"@type":"ReadAction","target":["https:\/\/www.nettali.com\/2022\/03\/18\/contre-forum-mondial-de-leau-barthelemy-dias-fait-un-diagnostic-de-la-situation-a-dakar\/"]}]},{"@type":"BreadcrumbList","@id":"https:\/\/www.nettali.com\/2022\/03\/18\/contre-forum-mondial-de-leau-barthelemy-dias-fait-un-diagnostic-de-la-situation-a-dakar\/#breadcrumb","itemListElement":[{"@type":"ListItem","position":1,"name":"Accueil","item":"https:\/\/www.nettali.com\/"},{"@type":"ListItem","position":2,"name":"CONTRE FORUM MONDIAL DE L\u2019EAU - Barth\u00e9l\u00e9my Dias fait un diagnostic de la situation \u00e0 Dakar"}]},{"@type":"Person","@id":"https:\/\/www.nettali.com\/#\/schema\/person\/418274a86bdf87caff7a3ef476bd0bbf","name":"Fatou","image":{"@type":"ImageObject","@id":"https:\/\/www.nettali.com\/#personlogo","inLanguage":"fr-FR","url":"https:\/\/secure.gravatar.com\/avatar\/5a9442a2bee7b4dcf167cab035858e9a?s=96&d=mm&r=g","contentUrl":"https:\/\/secure.gravatar.com\/avatar\/5a9442a2bee7b4dcf167cab035858e9a?s=96&d=mm&r=g","caption":"Fatou"},"sameAs":["https:\/\/www.nettali.com"]}]}},"_links":{"self":[{"href":"https:\/\/www.nettali.com\/rest\/wp\/v2\/posts\/83183"}],"collection":[{"href":"https:\/\/www.nettali.com\/rest\/wp\/v2\/posts"}],"about":[{"href":"https:\/\/www.nettali.com\/rest\/wp\/v2\/types\/post"}],"author":[{"embeddable":true,"href":"https:\/\/www.nettali.com\/rest\/wp\/v2\/users\/6"}],"replies":[{"embeddable":true,"href":"https:\/\/www.nettali.com\/rest\/wp\/v2\/comments?post=83183"}],"version-history":[{"count":3,"href":"https:\/\/www.nettali.com\/rest\/wp\/v2\/posts\/83183\/revisions"}],"predecessor-version":[{"id":83189,"href":"https:\/\/www.nettali.com\/rest\/wp\/v2\/posts\/83183\/revisions\/83189"}],"wp:featuredmedia":[{"embeddable":true,"href":"https:\/\/www.nettali.com\/rest\/wp\/v2\/media\/51548"}],"wp:attachment":[{"href":"https:\/\/www.nettali.com\/rest\/wp\/v2\/media?parent=83183"}],"wp:term":[{"taxonomy":"category","embeddable":true,"href":"https:\/\/www.nettali.com\/rest\/wp\/v2\/categories?post=83183"},{"taxonomy":"post_tag","embeddable":true,"href":"https:\/\/www.nettali.com\/rest\/wp\/v2\/tags?post=83183"}],"curies":[{"name":"wp","href":"https:\/\/api.w.org\/{rel}","templated":true}]}}