{"id":83137,"date":"2022-03-17T19:58:59","date_gmt":"2022-03-17T19:58:59","guid":{"rendered":"https:\/\/www.nettali.com\/?p=83137"},"modified":"2022-03-17T19:58:59","modified_gmt":"2022-03-17T19:58:59","slug":"mali-macron-condamne-la-suspension-de-rfi-et-france24","status":"publish","type":"post","link":"https:\/\/www.nettali.com\/2022\/03\/17\/mali-macron-condamne-la-suspension-de-rfi-et-france24\/","title":{"rendered":"MALI - Macron condamne la suspension de RFI et France24"},"content":{"rendered":"<p>NETTALI.COM - Emmanuel Macron a d\u00e9clar\u00e9 jeudi condamner \"avec la plus grande fermet\u00e9\" la suspension de la diffusion de la radio RFI et de la cha\u00eene de t\u00e9l\u00e9vision France24 au Mali qui t\u00e9moigne, selon lui, d'une \"course en avant vers le pire\" de la part de la junte militaire au pouvoir \u00e0 Bamako.<\/p>\n<p>\"Je condamne avec la plus grande fermet\u00e9 cette d\u00e9cision qui me semble totalement contraire aux valeurs que portent le peuple malien et le Mali depuis son ind\u00e9pendance\", a dit le pr\u00e9sident fran\u00e7ais au cours d'une conf\u00e9rence de presse de pr\u00e9sentation de son programme pour l'\u00e9lection pr\u00e9sidentielle du mois prochain en France.<\/p>\n<p>\"Elle est le signe d'une course en avant vers le pire\", a-t-il ajout\u00e9.<\/p>\n<div class='share-to-whatsapp-wrapper'><div class='share-on-whsp'>PARTAGER SUR : <\/div><a data-text='MALI - Macron condamne la suspension de RFI et France24' data-link='https:\/\/www.nettali.com\/2022\/03\/17\/mali-macron-condamne-la-suspension-de-rfi-et-france24\/' class='whatsapp-button whatsapp-share'>WhatsApp<\/a><div class='clear '><\/div><\/div>","protected":false},"excerpt":{"rendered":"<p>NETTALI.COM - Emmanuel Macron a d\u00e9clar\u00e9 jeudi condamner \"avec la plus grande fermet\u00e9\" la suspension de la diffusion de la radio RFI et de la cha\u00eene de t\u00e9l\u00e9vision France24 au Mali qui t\u00e9moigne, selon lui, d'une \"course en avant vers le pire\" de la part de la junte militaire au pouvoir \u00e0 Bamako. \"Je condamne [&hellip;]<\/p>\n","protected":false},"author":11,"featured_media":72892,"comment_status":"open","ping_status":"open","sticky":false,"template":"","format":"standard","meta":{"_et_pb_use_builder":"","_et_pb_old_content":""},"categories":[8],"tags":[],"yoast_head":"<!-- This site is optimized with the Yoast SEO Premium plugin v17.8 (Yoast SEO v17.8) - https:\/\/yoast.com\/wordpress\/plugins\/seo\/ -->\n<title>MALI - Macron condamne la suspension de RFI et France24 | Nettali.com<\/title>\n<meta name=\"robots\" content=\"index, follow, max-snippet:-1, max-image-preview:large, max-video-preview:-1\" \/>\n<link rel=\"canonical\" href=\"https:\/\/www.nettali.com\/2022\/03\/17\/mali-macron-condamne-la-suspension-de-rfi-et-france24\/\" \/>\n<meta property=\"og:locale\" content=\"fr_FR\" \/>\n<meta property=\"og:type\" content=\"article\" \/>\n<meta property=\"og:title\" content=\"MALI - Macron condamne la suspension de RFI et France24\" \/>\n<meta property=\"og:description\" content=\"NETTALI.COM - Emmanuel Macron a d\u00e9clar\u00e9 jeudi condamner &quot;avec la plus grande fermet\u00e9&quot; la suspension de la diffusion de la radio RFI et de la cha\u00eene de t\u00e9l\u00e9vision France24 au Mali qui t\u00e9moigne, selon lui, d&#039;une &quot;course en avant vers le pire&quot; de la part de la junte militaire au pouvoir \u00e0 Bamako. &quot;Je condamne [&hellip;]\" \/>\n<meta property=\"og:url\" content=\"https:\/\/www.nettali.com\/2022\/03\/17\/mali-macron-condamne-la-suspension-de-rfi-et-france24\/\" \/>\n<meta property=\"og:site_name\" content=\"Nettali.com\" \/>\n<meta property=\"article:publisher\" content=\"https:\/\/www.facebook.com\/nettalicom\" \/>\n<meta property=\"article:published_time\" content=\"2022-03-17T19:58:59+00:00\" \/>\n<meta property=\"og:image\" content=\"https:\/\/www.nettali.com\/wp-content\/uploads\/2021\/09\/Macron.jpg\" \/>\n\t<meta property=\"og:image:width\" content=\"613\" \/>\n\t<meta property=\"og:image:height\" content=\"344\" \/>\n<meta name=\"twitter:card\" content=\"summary_large_image\" \/>\n<meta name=\"twitter:label1\" content=\"\u00c9crit par\" \/>\n\t<meta name=\"twitter:data1\" content=\"Thierno Diop\" \/>\n\t<meta name=\"twitter:label2\" content=\"Dur\u00e9e de lecture estim\u00e9e\" \/>\n\t<meta name=\"twitter:data2\" content=\"1 minute\" \/>\n<script type=\"application\/ld+json\" class=\"yoast-schema-graph\">{\"@context\":\"https:\/\/schema.org\",\"@graph\":[{\"@type\":\"WebSite\",\"@id\":\"https:\/\/www.nettali.com\/#website\",\"url\":\"https:\/\/www.nettali.com\/\",\"name\":\"Nettali.com\",\"description\":\"Le rendez-vous critique du Net\",\"potentialAction\":[{\"@type\":\"SearchAction\",\"target\":{\"@type\":\"EntryPoint\",\"urlTemplate\":\"https:\/\/www.nettali.com\/?s={search_term_string}\"},\"query-input\":\"required name=search_term_string\"}],\"inLanguage\":\"fr-FR\"},{\"@type\":\"ImageObject\",\"@id\":\"https:\/\/www.nettali.com\/2022\/03\/17\/mali-macron-condamne-la-suspension-de-rfi-et-france24\/#primaryimage\",\"inLanguage\":\"fr-FR\",\"url\":\"https:\/\/www.nettali.com\/wp-content\/uploads\/2021\/09\/Macron.jpg\",\"contentUrl\":\"https:\/\/www.nettali.com\/wp-content\/uploads\/2021\/09\/Macron.jpg\",\"width\":613,\"height\":344},{\"@type\":\"WebPage\",\"@id\":\"https:\/\/www.nettali.com\/2022\/03\/17\/mali-macron-condamne-la-suspension-de-rfi-et-france24\/#webpage\",\"url\":\"https:\/\/www.nettali.com\/2022\/03\/17\/mali-macron-condamne-la-suspension-de-rfi-et-france24\/\",\"name\":\"MALI - Macron condamne la suspension de RFI et France24 | Nettali.com\",\"isPartOf\":{\"@id\":\"https:\/\/www.nettali.com\/#website\"},\"primaryImageOfPage\":{\"@id\":\"https:\/\/www.nettali.com\/2022\/03\/17\/mali-macron-condamne-la-suspension-de-rfi-et-france24\/#primaryimage\"},\"datePublished\":\"2022-03-17T19:58:59+00:00\",\"dateModified\":\"2022-03-17T19:58:59+00:00\",\"author\":{\"@id\":\"https:\/\/www.nettali.com\/#\/schema\/person\/8a06c6bd7b19304cf4bf985862900b5b\"},\"breadcrumb\":{\"@id\":\"https:\/\/www.nettali.com\/2022\/03\/17\/mali-macron-condamne-la-suspension-de-rfi-et-france24\/#breadcrumb\"},\"inLanguage\":\"fr-FR\",\"potentialAction\":[{\"@type\":\"ReadAction\",\"target\":[\"https:\/\/www.nettali.com\/2022\/03\/17\/mali-macron-condamne-la-suspension-de-rfi-et-france24\/\"]}]},{\"@type\":\"BreadcrumbList\",\"@id\":\"https:\/\/www.nettali.com\/2022\/03\/17\/mali-macron-condamne-la-suspension-de-rfi-et-france24\/#breadcrumb\",\"itemListElement\":[{\"@type\":\"ListItem\",\"position\":1,\"name\":\"Accueil\",\"item\":\"https:\/\/www.nettali.com\/\"},{\"@type\":\"ListItem\",\"position\":2,\"name\":\"MALI - Macron condamne la suspension de RFI et France24\"}]},{\"@type\":\"Person\",\"@id\":\"https:\/\/www.nettali.com\/#\/schema\/person\/8a06c6bd7b19304cf4bf985862900b5b\",\"name\":\"Thierno Diop\",\"image\":{\"@type\":\"ImageObject\",\"@id\":\"https:\/\/www.nettali.com\/#personlogo\",\"inLanguage\":\"fr-FR\",\"url\":\"https:\/\/secure.gravatar.com\/avatar\/c8ca58550c94fd2ac856d27391a6c866?s=96&d=mm&r=g\",\"contentUrl\":\"https:\/\/secure.gravatar.com\/avatar\/c8ca58550c94fd2ac856d27391a6c866?s=96&d=mm&r=g\",\"caption\":\"Thierno Diop\"},\"sameAs\":[\"https:\/\/nettali.com\"]}]}<\/script>\n<!-- \/ Yoast SEO Premium plugin. -->","yoast_head_json":{"title":"MALI - Macron condamne la suspension de RFI et France24 | Nettali.com","robots":{"index":"index","follow":"follow","max-snippet":"max-snippet:-1","max-image-preview":"max-image-preview:large","max-video-preview":"max-video-preview:-1"},"canonical":"https:\/\/www.nettali.com\/2022\/03\/17\/mali-macron-condamne-la-suspension-de-rfi-et-france24\/","og_locale":"fr_FR","og_type":"article","og_title":"MALI - Macron condamne la suspension de RFI et France24","og_description":"NETTALI.COM - Emmanuel Macron a d\u00e9clar\u00e9 jeudi condamner \"avec la plus grande fermet\u00e9\" la suspension de la diffusion de la radio RFI et de la cha\u00eene de t\u00e9l\u00e9vision France24 au Mali qui t\u00e9moigne, selon lui, d'une \"course en avant vers le pire\" de la part de la junte militaire au pouvoir \u00e0 Bamako. \"Je condamne [&hellip;]","og_url":"https:\/\/www.nettali.com\/2022\/03\/17\/mali-macron-condamne-la-suspension-de-rfi-et-france24\/","og_site_name":"Nettali.com","article_publisher":"https:\/\/www.facebook.com\/nettalicom","article_published_time":"2022-03-17T19:58:59+00:00","og_image":[{"width":613,"height":344,"url":"https:\/\/www.nettali.com\/wp-content\/uploads\/2021\/09\/Macron.jpg","type":"image\/jpeg"}],"twitter_card":"summary_large_image","twitter_misc":{"\u00c9crit par":"Thierno Diop","Dur\u00e9e de lecture estim\u00e9e":"1 minute"},"schema":{"@context":"https:\/\/schema.org","@graph":[{"@type":"WebSite","@id":"https:\/\/www.nettali.com\/#website","url":"https:\/\/www.nettali.com\/","name":"Nettali.com","description":"Le rendez-vous critique du Net","potentialAction":[{"@type":"SearchAction","target":{"@type":"EntryPoint","urlTemplate":"https:\/\/www.nettali.com\/?s={search_term_string}"},"query-input":"required name=search_term_string"}],"inLanguage":"fr-FR"},{"@type":"ImageObject","@id":"https:\/\/www.nettali.com\/2022\/03\/17\/mali-macron-condamne-la-suspension-de-rfi-et-france24\/#primaryimage","inLanguage":"fr-FR","url":"https:\/\/www.nettali.com\/wp-content\/uploads\/2021\/09\/Macron.jpg","contentUrl":"https:\/\/www.nettali.com\/wp-content\/uploads\/2021\/09\/Macron.jpg","width":613,"height":344},{"@type":"WebPage","@id":"https:\/\/www.nettali.com\/2022\/03\/17\/mali-macron-condamne-la-suspension-de-rfi-et-france24\/#webpage","url":"https:\/\/www.nettali.com\/2022\/03\/17\/mali-macron-condamne-la-suspension-de-rfi-et-france24\/","name":"MALI - Macron condamne la suspension de RFI et France24 | Nettali.com","isPartOf":{"@id":"https:\/\/www.nettali.com\/#website"},"primaryImageOfPage":{"@id":"https:\/\/www.nettali.com\/2022\/03\/17\/mali-macron-condamne-la-suspension-de-rfi-et-france24\/#primaryimage"},"datePublished":"2022-03-17T19:58:59+00:00","dateModified":"2022-03-17T19:58:59+00:00","author":{"@id":"https:\/\/www.nettali.com\/#\/schema\/person\/8a06c6bd7b19304cf4bf985862900b5b"},"breadcrumb":{"@id":"https:\/\/www.nettali.com\/2022\/03\/17\/mali-macron-condamne-la-suspension-de-rfi-et-france24\/#breadcrumb"},"inLanguage":"fr-FR","potentialAction":[{"@type":"ReadAction","target":["https:\/\/www.nettali.com\/2022\/03\/17\/mali-macron-condamne-la-suspension-de-rfi-et-france24\/"]}]},{"@type":"BreadcrumbList","@id":"https:\/\/www.nettali.com\/2022\/03\/17\/mali-macron-condamne-la-suspension-de-rfi-et-france24\/#breadcrumb","itemListElement":[{"@type":"ListItem","position":1,"name":"Accueil","item":"https:\/\/www.nettali.com\/"},{"@type":"ListItem","position":2,"name":"MALI - Macron condamne la suspension de RFI et France24"}]},{"@type":"Person","@id":"https:\/\/www.nettali.com\/#\/schema\/person\/8a06c6bd7b19304cf4bf985862900b5b","name":"Thierno Diop","image":{"@type":"ImageObject","@id":"https:\/\/www.nettali.com\/#personlogo","inLanguage":"fr-FR","url":"https:\/\/secure.gravatar.com\/avatar\/c8ca58550c94fd2ac856d27391a6c866?s=96&d=mm&r=g","contentUrl":"https:\/\/secure.gravatar.com\/avatar\/c8ca58550c94fd2ac856d27391a6c866?s=96&d=mm&r=g","caption":"Thierno Diop"},"sameAs":["https:\/\/nettali.com"]}]}},"_links":{"self":[{"href":"https:\/\/www.nettali.com\/rest\/wp\/v2\/posts\/83137"}],"collection":[{"href":"https:\/\/www.nettali.com\/rest\/wp\/v2\/posts"}],"about":[{"href":"https:\/\/www.nettali.com\/rest\/wp\/v2\/types\/post"}],"author":[{"embeddable":true,"href":"https:\/\/www.nettali.com\/rest\/wp\/v2\/users\/11"}],"replies":[{"embeddable":true,"href":"https:\/\/www.nettali.com\/rest\/wp\/v2\/comments?post=83137"}],"version-history":[{"count":1,"href":"https:\/\/www.nettali.com\/rest\/wp\/v2\/posts\/83137\/revisions"}],"predecessor-version":[{"id":83138,"href":"https:\/\/www.nettali.com\/rest\/wp\/v2\/posts\/83137\/revisions\/83138"}],"wp:featuredmedia":[{"embeddable":true,"href":"https:\/\/www.nettali.com\/rest\/wp\/v2\/media\/72892"}],"wp:attachment":[{"href":"https:\/\/www.nettali.com\/rest\/wp\/v2\/media?parent=83137"}],"wp:term":[{"taxonomy":"category","embeddable":true,"href":"https:\/\/www.nettali.com\/rest\/wp\/v2\/categories?post=83137"},{"taxonomy":"post_tag","embeddable":true,"href":"https:\/\/www.nettali.com\/rest\/wp\/v2\/tags?post=83137"}],"curies":[{"name":"wp","href":"https:\/\/api.w.org\/{rel}","templated":true}]}}