{"id":83116,"date":"2022-03-17T09:07:39","date_gmt":"2022-03-17T09:07:39","guid":{"rendered":"https:\/\/www.nettali.com\/?p=83116"},"modified":"2022-03-17T21:29:02","modified_gmt":"2022-03-17T21:29:02","slug":"trafic-de-passeports-diplomatiques-les-deputes-mamadou-sall-et-boubacar-biaye-devant-le-pretoire-ce-jeudi","status":"publish","type":"post","link":"https:\/\/www.nettali.com\/2022\/03\/17\/trafic-de-passeports-diplomatiques-les-deputes-mamadou-sall-et-boubacar-biaye-devant-le-pretoire-ce-jeudi\/","title":{"rendered":"TRAFIC DE PASSEPORTS DIPLOMATIQUES - Le proc\u00e8s des d\u00e9put\u00e9s Mamadou Sall et Boubacar Biaye renvoy\u00e9 au 7 avril"},"content":{"rendered":"<p><strong>NETTALI.COM - Poursuivis pour association de malfaiteurs, escroquerie, blanchiment de capitaux, faux et usage de faux sur des documents administratifs et faux en \u00e9critures publiques authentifi\u00e9es, les d\u00e9put\u00e9s Mamadou Sall et Boubacar Biaye ont \u00e9t\u00e9 attraits, ce jeudi, \u00e0 la barre du tribunal correctionnel de Dakar. Les pr\u00e9venus n'ont pas pu \u00eatre jug\u00e9s car le dossier a \u00e9t\u00e9 renvoy\u00e9 au 7 avril 2022. Le tribunal a rejet\u00e9 la demande de libert\u00e9 provisoire des pr\u00e9venus.<\/strong><\/p>\n<p>Les deux d\u00e9put\u00e9s Mamadou Sall et Boubacar Biaye arr\u00eat\u00e9s et inculp\u00e9s dans l\u2019affaire du trafic de passeports diplomatiques ayant \u00e9clabouss\u00e9 l\u2019Assembl\u00e9e nationale et d\u2019autres institutions de l\u2019Etat ont comparu, ce jeudi 17 mars 2022, \u00e0 la barre du tribunal correctionnel de Dakar. Alors qu'il devaient \u00eatre jug\u00e9s, le proc\u00e8s a \u00e9t\u00e9 renvoy\u00e9 au 7 avril 2022. Car un de leurs co-pr\u00e9venus, leur ex-collegue\u00a0 Sadio Dansokho n'a pas \u00e9t\u00e9 extrait. Ainsi outre les deux d\u00e9put\u00e9s, El Hadj Diadji Cond\u00e9 a comparu. Les parties civiles et les t\u00e9moins ont \u00e9galement fait d\u00e9faut. C'est pourquoi le proc\u00e8s a \u00e9t\u00e9 renvoy\u00e9.<\/p>\n<p>Le tribunal s'est \u00e9galement oppos\u00e9 \u00e0 la demande de libert\u00e9 provisoire formul\u00e9e par les avocats des pr\u00e9venus.<\/p>\n<p>Les pr\u00e9venus sont poursuivis pour association de malfaiteurs, escroquerie, blanchiment de capitaux, faux et usage de faux sur des documents administratifs et faux en \u00e9critures publiques authentifi\u00e9es.<\/p>\n<p>Il faut rappeler que dans cette affaire de trafic de faux passeports diplomatiques, l\u2019enqu\u00eate lanc\u00e9e en d\u00e9but septembre 2021 avait permis l\u2019arrestation d\u2019El Hadj Djadji Cond\u00e9, consid\u00e9r\u00e9 comme le cerveau du r\u00e9seau. Cond\u00e9 a \u00e9t\u00e9 par la suite plac\u00e9 sous mandat de d\u00e9p\u00f4t le 13 septembre avant l\u2019arrestation de ses acolytes.<\/p>\n<div class='share-to-whatsapp-wrapper'><div class='share-on-whsp'>PARTAGER SUR : <\/div><a data-text='TRAFIC DE PASSEPORTS DIPLOMATIQUES - Le proc\u00e8s des d\u00e9put\u00e9s Mamadou Sall et Boubacar Biaye renvoy\u00e9 au 7 avril' data-link='https:\/\/www.nettali.com\/2022\/03\/17\/trafic-de-passeports-diplomatiques-les-deputes-mamadou-sall-et-boubacar-biaye-devant-le-pretoire-ce-jeudi\/' class='whatsapp-button whatsapp-share'>WhatsApp<\/a><div class='clear '><\/div><\/div>","protected":false},"excerpt":{"rendered":"<p>NETTALI.COM - Poursuivis pour association de malfaiteurs, escroquerie, blanchiment de capitaux, faux et usage de faux sur des documents administratifs et faux en \u00e9critures publiques authentifi\u00e9es, les d\u00e9put\u00e9s Mamadou Sall et Boubacar Biaye ont \u00e9t\u00e9 attraits, ce jeudi, \u00e0 la barre du tribunal correctionnel de Dakar. Les pr\u00e9venus n'ont pas pu \u00eatre jug\u00e9s car le [&hellip;]<\/p>\n","protected":false},"author":6,"featured_media":73766,"comment_status":"open","ping_status":"open","sticky":false,"template":"","format":"standard","meta":{"_et_pb_use_builder":"","_et_pb_old_content":""},"categories":[3],"tags":[],"yoast_head":"<!-- This site is optimized with the Yoast SEO Premium plugin v17.8 (Yoast SEO v17.8) - https:\/\/yoast.com\/wordpress\/plugins\/seo\/ -->\n<title>TRAFIC DE PASSEPORTS DIPLOMATIQUES - Le proc\u00e8s des d\u00e9put\u00e9s Mamadou Sall et Boubacar Biaye renvoy\u00e9 au 7 avril | Nettali.com<\/title>\n<meta name=\"robots\" content=\"index, follow, max-snippet:-1, max-image-preview:large, max-video-preview:-1\" \/>\n<link rel=\"canonical\" href=\"https:\/\/www.nettali.com\/2022\/03\/17\/trafic-de-passeports-diplomatiques-les-deputes-mamadou-sall-et-boubacar-biaye-devant-le-pretoire-ce-jeudi\/\" \/>\n<meta property=\"og:locale\" content=\"fr_FR\" \/>\n<meta property=\"og:type\" content=\"article\" \/>\n<meta property=\"og:title\" content=\"TRAFIC DE PASSEPORTS DIPLOMATIQUES - Le proc\u00e8s des d\u00e9put\u00e9s Mamadou Sall et Boubacar Biaye renvoy\u00e9 au 7 avril\" \/>\n<meta property=\"og:description\" content=\"NETTALI.COM - Poursuivis pour association de malfaiteurs, escroquerie, blanchiment de capitaux, faux et usage de faux sur des documents administratifs et faux en \u00e9critures publiques authentifi\u00e9es, les d\u00e9put\u00e9s Mamadou Sall et Boubacar Biaye ont \u00e9t\u00e9 attraits, ce jeudi, \u00e0 la barre du tribunal correctionnel de Dakar. Les pr\u00e9venus n&#039;ont pas pu \u00eatre jug\u00e9s car le [&hellip;]\" \/>\n<meta property=\"og:url\" content=\"https:\/\/www.nettali.com\/2022\/03\/17\/trafic-de-passeports-diplomatiques-les-deputes-mamadou-sall-et-boubacar-biaye-devant-le-pretoire-ce-jeudi\/\" \/>\n<meta property=\"og:site_name\" content=\"Nettali.com\" \/>\n<meta property=\"article:publisher\" content=\"https:\/\/www.facebook.com\/nettalicom\" \/>\n<meta property=\"article:published_time\" content=\"2022-03-17T09:07:39+00:00\" \/>\n<meta property=\"article:modified_time\" content=\"2022-03-17T21:29:02+00:00\" \/>\n<meta property=\"og:image\" content=\"https:\/\/www.nettali.com\/wp-content\/uploads\/2021\/10\/voici-les-deux-deputes-cites-dans-laffaire-de-trafic-de-passeports-696x445-1.jpg\" \/>\n\t<meta property=\"og:image:width\" content=\"696\" \/>\n\t<meta property=\"og:image:height\" content=\"445\" \/>\n<meta name=\"twitter:card\" content=\"summary_large_image\" \/>\n<meta name=\"twitter:label1\" content=\"\u00c9crit par\" \/>\n\t<meta name=\"twitter:data1\" content=\"Fatou\" \/>\n\t<meta name=\"twitter:label2\" content=\"Dur\u00e9e de lecture estim\u00e9e\" \/>\n\t<meta name=\"twitter:data2\" content=\"2 minutes\" \/>\n<script type=\"application\/ld+json\" class=\"yoast-schema-graph\">{\"@context\":\"https:\/\/schema.org\",\"@graph\":[{\"@type\":\"WebSite\",\"@id\":\"https:\/\/www.nettali.com\/#website\",\"url\":\"https:\/\/www.nettali.com\/\",\"name\":\"Nettali.com\",\"description\":\"Le rendez-vous critique du Net\",\"potentialAction\":[{\"@type\":\"SearchAction\",\"target\":{\"@type\":\"EntryPoint\",\"urlTemplate\":\"https:\/\/www.nettali.com\/?s={search_term_string}\"},\"query-input\":\"required name=search_term_string\"}],\"inLanguage\":\"fr-FR\"},{\"@type\":\"ImageObject\",\"@id\":\"https:\/\/www.nettali.com\/2022\/03\/17\/trafic-de-passeports-diplomatiques-les-deputes-mamadou-sall-et-boubacar-biaye-devant-le-pretoire-ce-jeudi\/#primaryimage\",\"inLanguage\":\"fr-FR\",\"url\":\"https:\/\/www.nettali.com\/wp-content\/uploads\/2021\/10\/voici-les-deux-deputes-cites-dans-laffaire-de-trafic-de-passeports-696x445-1.jpg\",\"contentUrl\":\"https:\/\/www.nettali.com\/wp-content\/uploads\/2021\/10\/voici-les-deux-deputes-cites-dans-laffaire-de-trafic-de-passeports-696x445-1.jpg\",\"width\":696,\"height\":445},{\"@type\":\"WebPage\",\"@id\":\"https:\/\/www.nettali.com\/2022\/03\/17\/trafic-de-passeports-diplomatiques-les-deputes-mamadou-sall-et-boubacar-biaye-devant-le-pretoire-ce-jeudi\/#webpage\",\"url\":\"https:\/\/www.nettali.com\/2022\/03\/17\/trafic-de-passeports-diplomatiques-les-deputes-mamadou-sall-et-boubacar-biaye-devant-le-pretoire-ce-jeudi\/\",\"name\":\"TRAFIC DE PASSEPORTS DIPLOMATIQUES - Le proc\\u00e8s des d\\u00e9put\\u00e9s Mamadou Sall et Boubacar Biaye renvoy\\u00e9 au 7 avril | Nettali.com\",\"isPartOf\":{\"@id\":\"https:\/\/www.nettali.com\/#website\"},\"primaryImageOfPage\":{\"@id\":\"https:\/\/www.nettali.com\/2022\/03\/17\/trafic-de-passeports-diplomatiques-les-deputes-mamadou-sall-et-boubacar-biaye-devant-le-pretoire-ce-jeudi\/#primaryimage\"},\"datePublished\":\"2022-03-17T09:07:39+00:00\",\"dateModified\":\"2022-03-17T21:29:02+00:00\",\"author\":{\"@id\":\"https:\/\/www.nettali.com\/#\/schema\/person\/418274a86bdf87caff7a3ef476bd0bbf\"},\"breadcrumb\":{\"@id\":\"https:\/\/www.nettali.com\/2022\/03\/17\/trafic-de-passeports-diplomatiques-les-deputes-mamadou-sall-et-boubacar-biaye-devant-le-pretoire-ce-jeudi\/#breadcrumb\"},\"inLanguage\":\"fr-FR\",\"potentialAction\":[{\"@type\":\"ReadAction\",\"target\":[\"https:\/\/www.nettali.com\/2022\/03\/17\/trafic-de-passeports-diplomatiques-les-deputes-mamadou-sall-et-boubacar-biaye-devant-le-pretoire-ce-jeudi\/\"]}]},{\"@type\":\"BreadcrumbList\",\"@id\":\"https:\/\/www.nettali.com\/2022\/03\/17\/trafic-de-passeports-diplomatiques-les-deputes-mamadou-sall-et-boubacar-biaye-devant-le-pretoire-ce-jeudi\/#breadcrumb\",\"itemListElement\":[{\"@type\":\"ListItem\",\"position\":1,\"name\":\"Accueil\",\"item\":\"https:\/\/www.nettali.com\/\"},{\"@type\":\"ListItem\",\"position\":2,\"name\":\"TRAFIC DE PASSEPORTS DIPLOMATIQUES - Le proc\\u00e8s des d\\u00e9put\\u00e9s Mamadou Sall et Boubacar Biaye renvoy\\u00e9 au 7 avril\"}]},{\"@type\":\"Person\",\"@id\":\"https:\/\/www.nettali.com\/#\/schema\/person\/418274a86bdf87caff7a3ef476bd0bbf\",\"name\":\"Fatou\",\"image\":{\"@type\":\"ImageObject\",\"@id\":\"https:\/\/www.nettali.com\/#personlogo\",\"inLanguage\":\"fr-FR\",\"url\":\"https:\/\/secure.gravatar.com\/avatar\/5a9442a2bee7b4dcf167cab035858e9a?s=96&d=mm&r=g\",\"contentUrl\":\"https:\/\/secure.gravatar.com\/avatar\/5a9442a2bee7b4dcf167cab035858e9a?s=96&d=mm&r=g\",\"caption\":\"Fatou\"},\"sameAs\":[\"https:\/\/www.nettali.com\"]}]}<\/script>\n<!-- \/ Yoast SEO Premium plugin. -->","yoast_head_json":{"title":"TRAFIC DE PASSEPORTS DIPLOMATIQUES - Le proc\u00e8s des d\u00e9put\u00e9s Mamadou Sall et Boubacar Biaye renvoy\u00e9 au 7 avril | Nettali.com","robots":{"index":"index","follow":"follow","max-snippet":"max-snippet:-1","max-image-preview":"max-image-preview:large","max-video-preview":"max-video-preview:-1"},"canonical":"https:\/\/www.nettali.com\/2022\/03\/17\/trafic-de-passeports-diplomatiques-les-deputes-mamadou-sall-et-boubacar-biaye-devant-le-pretoire-ce-jeudi\/","og_locale":"fr_FR","og_type":"article","og_title":"TRAFIC DE PASSEPORTS DIPLOMATIQUES - Le proc\u00e8s des d\u00e9put\u00e9s Mamadou Sall et Boubacar Biaye renvoy\u00e9 au 7 avril","og_description":"NETTALI.COM - Poursuivis pour association de malfaiteurs, escroquerie, blanchiment de capitaux, faux et usage de faux sur des documents administratifs et faux en \u00e9critures publiques authentifi\u00e9es, les d\u00e9put\u00e9s Mamadou Sall et Boubacar Biaye ont \u00e9t\u00e9 attraits, ce jeudi, \u00e0 la barre du tribunal correctionnel de Dakar. Les pr\u00e9venus n'ont pas pu \u00eatre jug\u00e9s car le [&hellip;]","og_url":"https:\/\/www.nettali.com\/2022\/03\/17\/trafic-de-passeports-diplomatiques-les-deputes-mamadou-sall-et-boubacar-biaye-devant-le-pretoire-ce-jeudi\/","og_site_name":"Nettali.com","article_publisher":"https:\/\/www.facebook.com\/nettalicom","article_published_time":"2022-03-17T09:07:39+00:00","article_modified_time":"2022-03-17T21:29:02+00:00","og_image":[{"width":696,"height":445,"url":"https:\/\/www.nettali.com\/wp-content\/uploads\/2021\/10\/voici-les-deux-deputes-cites-dans-laffaire-de-trafic-de-passeports-696x445-1.jpg","type":"image\/jpeg"}],"twitter_card":"summary_large_image","twitter_misc":{"\u00c9crit par":"Fatou","Dur\u00e9e de lecture estim\u00e9e":"2 minutes"},"schema":{"@context":"https:\/\/schema.org","@graph":[{"@type":"WebSite","@id":"https:\/\/www.nettali.com\/#website","url":"https:\/\/www.nettali.com\/","name":"Nettali.com","description":"Le rendez-vous critique du Net","potentialAction":[{"@type":"SearchAction","target":{"@type":"EntryPoint","urlTemplate":"https:\/\/www.nettali.com\/?s={search_term_string}"},"query-input":"required name=search_term_string"}],"inLanguage":"fr-FR"},{"@type":"ImageObject","@id":"https:\/\/www.nettali.com\/2022\/03\/17\/trafic-de-passeports-diplomatiques-les-deputes-mamadou-sall-et-boubacar-biaye-devant-le-pretoire-ce-jeudi\/#primaryimage","inLanguage":"fr-FR","url":"https:\/\/www.nettali.com\/wp-content\/uploads\/2021\/10\/voici-les-deux-deputes-cites-dans-laffaire-de-trafic-de-passeports-696x445-1.jpg","contentUrl":"https:\/\/www.nettali.com\/wp-content\/uploads\/2021\/10\/voici-les-deux-deputes-cites-dans-laffaire-de-trafic-de-passeports-696x445-1.jpg","width":696,"height":445},{"@type":"WebPage","@id":"https:\/\/www.nettali.com\/2022\/03\/17\/trafic-de-passeports-diplomatiques-les-deputes-mamadou-sall-et-boubacar-biaye-devant-le-pretoire-ce-jeudi\/#webpage","url":"https:\/\/www.nettali.com\/2022\/03\/17\/trafic-de-passeports-diplomatiques-les-deputes-mamadou-sall-et-boubacar-biaye-devant-le-pretoire-ce-jeudi\/","name":"TRAFIC DE PASSEPORTS DIPLOMATIQUES - Le proc\u00e8s des d\u00e9put\u00e9s Mamadou Sall et Boubacar Biaye renvoy\u00e9 au 7 avril | Nettali.com","isPartOf":{"@id":"https:\/\/www.nettali.com\/#website"},"primaryImageOfPage":{"@id":"https:\/\/www.nettali.com\/2022\/03\/17\/trafic-de-passeports-diplomatiques-les-deputes-mamadou-sall-et-boubacar-biaye-devant-le-pretoire-ce-jeudi\/#primaryimage"},"datePublished":"2022-03-17T09:07:39+00:00","dateModified":"2022-03-17T21:29:02+00:00","author":{"@id":"https:\/\/www.nettali.com\/#\/schema\/person\/418274a86bdf87caff7a3ef476bd0bbf"},"breadcrumb":{"@id":"https:\/\/www.nettali.com\/2022\/03\/17\/trafic-de-passeports-diplomatiques-les-deputes-mamadou-sall-et-boubacar-biaye-devant-le-pretoire-ce-jeudi\/#breadcrumb"},"inLanguage":"fr-FR","potentialAction":[{"@type":"ReadAction","target":["https:\/\/www.nettali.com\/2022\/03\/17\/trafic-de-passeports-diplomatiques-les-deputes-mamadou-sall-et-boubacar-biaye-devant-le-pretoire-ce-jeudi\/"]}]},{"@type":"BreadcrumbList","@id":"https:\/\/www.nettali.com\/2022\/03\/17\/trafic-de-passeports-diplomatiques-les-deputes-mamadou-sall-et-boubacar-biaye-devant-le-pretoire-ce-jeudi\/#breadcrumb","itemListElement":[{"@type":"ListItem","position":1,"name":"Accueil","item":"https:\/\/www.nettali.com\/"},{"@type":"ListItem","position":2,"name":"TRAFIC DE PASSEPORTS DIPLOMATIQUES - Le proc\u00e8s des d\u00e9put\u00e9s Mamadou Sall et Boubacar Biaye renvoy\u00e9 au 7 avril"}]},{"@type":"Person","@id":"https:\/\/www.nettali.com\/#\/schema\/person\/418274a86bdf87caff7a3ef476bd0bbf","name":"Fatou","image":{"@type":"ImageObject","@id":"https:\/\/www.nettali.com\/#personlogo","inLanguage":"fr-FR","url":"https:\/\/secure.gravatar.com\/avatar\/5a9442a2bee7b4dcf167cab035858e9a?s=96&d=mm&r=g","contentUrl":"https:\/\/secure.gravatar.com\/avatar\/5a9442a2bee7b4dcf167cab035858e9a?s=96&d=mm&r=g","caption":"Fatou"},"sameAs":["https:\/\/www.nettali.com"]}]}},"_links":{"self":[{"href":"https:\/\/www.nettali.com\/rest\/wp\/v2\/posts\/83116"}],"collection":[{"href":"https:\/\/www.nettali.com\/rest\/wp\/v2\/posts"}],"about":[{"href":"https:\/\/www.nettali.com\/rest\/wp\/v2\/types\/post"}],"author":[{"embeddable":true,"href":"https:\/\/www.nettali.com\/rest\/wp\/v2\/users\/6"}],"replies":[{"embeddable":true,"href":"https:\/\/www.nettali.com\/rest\/wp\/v2\/comments?post=83116"}],"version-history":[{"count":6,"href":"https:\/\/www.nettali.com\/rest\/wp\/v2\/posts\/83116\/revisions"}],"predecessor-version":[{"id":83126,"href":"https:\/\/www.nettali.com\/rest\/wp\/v2\/posts\/83116\/revisions\/83126"}],"wp:featuredmedia":[{"embeddable":true,"href":"https:\/\/www.nettali.com\/rest\/wp\/v2\/media\/73766"}],"wp:attachment":[{"href":"https:\/\/www.nettali.com\/rest\/wp\/v2\/media?parent=83116"}],"wp:term":[{"taxonomy":"category","embeddable":true,"href":"https:\/\/www.nettali.com\/rest\/wp\/v2\/categories?post=83116"},{"taxonomy":"post_tag","embeddable":true,"href":"https:\/\/www.nettali.com\/rest\/wp\/v2\/tags?post=83116"}],"curies":[{"name":"wp","href":"https:\/\/api.w.org\/{rel}","templated":true}]}}