{"id":83110,"date":"2022-03-17T09:11:56","date_gmt":"2022-03-17T09:11:56","guid":{"rendered":"https:\/\/www.nettali.com\/?p=83110"},"modified":"2022-03-17T09:11:56","modified_gmt":"2022-03-17T09:11:56","slug":"me-el-hadji-diouf-actuellement-sonko-aurait-du-se-retrouver-a-rebeuss","status":"publish","type":"post","link":"https:\/\/www.nettali.com\/2022\/03\/17\/me-el-hadji-diouf-actuellement-sonko-aurait-du-se-retrouver-a-rebeuss\/","title":{"rendered":"ME EL HADJI DIOUF - \" Actuellement, Sonko aurait d\u00fb se retrouver \u00e0 Rebeuss \""},"content":{"rendered":"<p><strong>NETTALI.COM - En conf\u00e9rence de presse ce mercredi, Me El Hadji Diouf s\u2019en est encore pris au leader de Pastef. La robe noire est all\u00e9e jusqu'\u00e0 demander l'emprisonnement d\u2019Ousmane Sonko car selon lui, \" <em>le leader du Pastef a viol\u00e9 l'obligation de signature du registre de contr\u00f4le judiciaire<\/em> \". Ce qui peut mener \u00e0 la prison.<\/strong><\/p>\n<p>\" <em>Sonko a sign\u00e9 son emprisonnement, Je demande \u00e0 la justice de mon pays de ne pas \u00eatre faible. Sonko n\u2019est pas au-dessus de la loi. Une personne inculp\u00e9e b\u00e9n\u00e9ficiant d\u2019une libert\u00e9 provisoire sous contr\u00f4le judiciaire, si cette personne viole l\u2019obligation de signer donc viole le contr\u00f4le judiciaire. Elle voit ce contr\u00f4le judiciaire r\u00e9voqu\u00e9 et si le juge r\u00e9voque le contr\u00f4le judiciaire, la suite c\u2019est le mandat de d\u00e9p\u00f4t. C\u2019est la loi<\/em> \", a d\u00e9clar\u00e9 Me Diouf devant la presse.<\/p>\n<p>A l'en croire, tous ceux qui sont accus\u00e9s de viol sont plac\u00e9s sous mandat de d\u00e9p\u00f4t, sauf le leader de Pastef qui b\u00e9n\u00e9ficie d\u2019une faveur.<br \/>\n\"\u00a0<em>Nous sommes en face d\u2019un crime. Mais Sonko contre toute attente, a b\u00e9n\u00e9fici\u00e9 d\u2019une libert\u00e9 provisoire, une faveur exceptionnelle assortie d\u2019un contr\u00f4le judiciaire. Il oublie l\u2019avantage, la faveur qu\u2019on lui a accord\u00e9e alors qu\u2019il devait aller en prison. Maintenant, il d\u00e9fie le juge, il viole l\u2019obligation de signer tous les 15 jours le registre des contr\u00f4les judiciaires et il refuse de signer<\/em>\u00a0\", a d\u00e9nonc\u00e9 l\u2019avocat.<\/p>\n<p>\"\u00a0<em>Quand on viole l\u2019obligation de signer, imm\u00e9diatement on est envoy\u00e9 en prison, c\u2019est la loi<\/em>\u00a0\", a-t-il ajout\u00e9.<\/p>\n<p>Pour El Hadj Diouf \" <em>il faut que la justice s\u2019applique, que la justice soit respect\u00e9e. Il faut que force reste \u00e0 la loi. Si la justice fait preuve de faiblesse ce sera une faiblesse coupable et un pr\u00e9c\u00e9dent dangereux<\/em>\u00a0\".<\/p>\n<p>\" <em>Aujourd\u2019hui, au moment o\u00f9 je vous parle, Sonko aurait d\u00fb se retrouver \u00e0 \u00a0la prison Rebeuss. Depuis que le juge s\u2019est rendu compte qu\u2019il ne signe\u00a0 plus, il aurait d\u00fb envoyer le chercher pour l\u2019envoyer en prison<\/em>\u00a0\", a fait savoir la robe noire.<\/p>\n<div class='share-to-whatsapp-wrapper'><div class='share-on-whsp'>PARTAGER SUR : <\/div><a data-text='ME EL HADJI DIOUF - \" Actuellement, Sonko aurait d\u00fb se retrouver \u00e0 Rebeuss \"' data-link='https:\/\/www.nettali.com\/2022\/03\/17\/me-el-hadji-diouf-actuellement-sonko-aurait-du-se-retrouver-a-rebeuss\/' class='whatsapp-button whatsapp-share'>WhatsApp<\/a><div class='clear '><\/div><\/div>","protected":false},"excerpt":{"rendered":"<p>NETTALI.COM - En conf\u00e9rence de presse ce mercredi, Me El Hadji Diouf s\u2019en est encore pris au leader de Pastef. La robe noire est all\u00e9e jusqu'\u00e0 demander l'emprisonnement d\u2019Ousmane Sonko car selon lui, \" le leader du Pastef a viol\u00e9 l'obligation de signature du registre de contr\u00f4le judiciaire \". Ce qui peut mener \u00e0 la [&hellip;]<\/p>\n","protected":false},"author":5,"featured_media":83111,"comment_status":"open","ping_status":"open","sticky":false,"template":"","format":"standard","meta":{"_et_pb_use_builder":"","_et_pb_old_content":""},"categories":[2],"tags":[],"yoast_head":"<!-- This site is optimized with the Yoast SEO Premium plugin v17.8 (Yoast SEO v17.8) - https:\/\/yoast.com\/wordpress\/plugins\/seo\/ -->\n<title>ME EL HADJI DIOUF - &quot; Actuellement, Sonko aurait d\u00fb se retrouver \u00e0 Rebeuss &quot; | Nettali.com<\/title>\n<meta name=\"robots\" content=\"index, follow, max-snippet:-1, max-image-preview:large, max-video-preview:-1\" \/>\n<link rel=\"canonical\" href=\"https:\/\/www.nettali.com\/2022\/03\/17\/me-el-hadji-diouf-actuellement-sonko-aurait-du-se-retrouver-a-rebeuss\/\" \/>\n<meta property=\"og:locale\" content=\"fr_FR\" \/>\n<meta property=\"og:type\" content=\"article\" \/>\n<meta property=\"og:title\" content=\"ME EL HADJI DIOUF - &quot; Actuellement, Sonko aurait d\u00fb se retrouver \u00e0 Rebeuss &quot;\" \/>\n<meta property=\"og:description\" content=\"NETTALI.COM - En conf\u00e9rence de presse ce mercredi, Me El Hadji Diouf s\u2019en est encore pris au leader de Pastef. La robe noire est all\u00e9e jusqu&#039;\u00e0 demander l&#039;emprisonnement d\u2019Ousmane Sonko car selon lui, &quot; le leader du Pastef a viol\u00e9 l&#039;obligation de signature du registre de contr\u00f4le judiciaire &quot;. Ce qui peut mener \u00e0 la [&hellip;]\" \/>\n<meta property=\"og:url\" content=\"https:\/\/www.nettali.com\/2022\/03\/17\/me-el-hadji-diouf-actuellement-sonko-aurait-du-se-retrouver-a-rebeuss\/\" \/>\n<meta property=\"og:site_name\" content=\"Nettali.com\" \/>\n<meta property=\"article:publisher\" content=\"https:\/\/www.facebook.com\/nettalicom\" \/>\n<meta property=\"article:published_time\" content=\"2022-03-17T09:11:56+00:00\" \/>\n<meta property=\"og:image\" content=\"https:\/\/www.nettali.com\/wp-content\/uploads\/2022\/03\/ousmane-sonko-Me.el-hadji-Diouf.jpg\" \/>\n\t<meta property=\"og:image:width\" content=\"699\" \/>\n\t<meta property=\"og:image:height\" content=\"437\" \/>\n<meta name=\"twitter:card\" content=\"summary_large_image\" \/>\n<meta name=\"twitter:label1\" content=\"\u00c9crit par\" \/>\n\t<meta name=\"twitter:data1\" content=\"Ibrahima\" \/>\n\t<meta name=\"twitter:label2\" content=\"Dur\u00e9e de lecture estim\u00e9e\" \/>\n\t<meta name=\"twitter:data2\" content=\"2 minutes\" \/>\n<script type=\"application\/ld+json\" class=\"yoast-schema-graph\">{\"@context\":\"https:\/\/schema.org\",\"@graph\":[{\"@type\":\"WebSite\",\"@id\":\"https:\/\/www.nettali.com\/#website\",\"url\":\"https:\/\/www.nettali.com\/\",\"name\":\"Nettali.com\",\"description\":\"Le rendez-vous critique du Net\",\"potentialAction\":[{\"@type\":\"SearchAction\",\"target\":{\"@type\":\"EntryPoint\",\"urlTemplate\":\"https:\/\/www.nettali.com\/?s={search_term_string}\"},\"query-input\":\"required name=search_term_string\"}],\"inLanguage\":\"fr-FR\"},{\"@type\":\"ImageObject\",\"@id\":\"https:\/\/www.nettali.com\/2022\/03\/17\/me-el-hadji-diouf-actuellement-sonko-aurait-du-se-retrouver-a-rebeuss\/#primaryimage\",\"inLanguage\":\"fr-FR\",\"url\":\"https:\/\/www.nettali.com\/wp-content\/uploads\/2022\/03\/ousmane-sonko-Me.el-hadji-Diouf.jpg\",\"contentUrl\":\"https:\/\/www.nettali.com\/wp-content\/uploads\/2022\/03\/ousmane-sonko-Me.el-hadji-Diouf.jpg\",\"width\":699,\"height\":437},{\"@type\":\"WebPage\",\"@id\":\"https:\/\/www.nettali.com\/2022\/03\/17\/me-el-hadji-diouf-actuellement-sonko-aurait-du-se-retrouver-a-rebeuss\/#webpage\",\"url\":\"https:\/\/www.nettali.com\/2022\/03\/17\/me-el-hadji-diouf-actuellement-sonko-aurait-du-se-retrouver-a-rebeuss\/\",\"name\":\"ME EL HADJI DIOUF - \\\" Actuellement, Sonko aurait d\\u00fb se retrouver \\u00e0 Rebeuss \\\" | Nettali.com\",\"isPartOf\":{\"@id\":\"https:\/\/www.nettali.com\/#website\"},\"primaryImageOfPage\":{\"@id\":\"https:\/\/www.nettali.com\/2022\/03\/17\/me-el-hadji-diouf-actuellement-sonko-aurait-du-se-retrouver-a-rebeuss\/#primaryimage\"},\"datePublished\":\"2022-03-17T09:11:56+00:00\",\"dateModified\":\"2022-03-17T09:11:56+00:00\",\"author\":{\"@id\":\"https:\/\/www.nettali.com\/#\/schema\/person\/bb147657c2986240405a608162b9bb23\"},\"breadcrumb\":{\"@id\":\"https:\/\/www.nettali.com\/2022\/03\/17\/me-el-hadji-diouf-actuellement-sonko-aurait-du-se-retrouver-a-rebeuss\/#breadcrumb\"},\"inLanguage\":\"fr-FR\",\"potentialAction\":[{\"@type\":\"ReadAction\",\"target\":[\"https:\/\/www.nettali.com\/2022\/03\/17\/me-el-hadji-diouf-actuellement-sonko-aurait-du-se-retrouver-a-rebeuss\/\"]}]},{\"@type\":\"BreadcrumbList\",\"@id\":\"https:\/\/www.nettali.com\/2022\/03\/17\/me-el-hadji-diouf-actuellement-sonko-aurait-du-se-retrouver-a-rebeuss\/#breadcrumb\",\"itemListElement\":[{\"@type\":\"ListItem\",\"position\":1,\"name\":\"Accueil\",\"item\":\"https:\/\/www.nettali.com\/\"},{\"@type\":\"ListItem\",\"position\":2,\"name\":\"ME EL HADJI DIOUF - \\\" Actuellement, Sonko aurait d\\u00fb se retrouver \\u00e0 Rebeuss \\\"\"}]},{\"@type\":\"Person\",\"@id\":\"https:\/\/www.nettali.com\/#\/schema\/person\/bb147657c2986240405a608162b9bb23\",\"name\":\"Ibrahima\",\"image\":{\"@type\":\"ImageObject\",\"@id\":\"https:\/\/www.nettali.com\/#personlogo\",\"inLanguage\":\"fr-FR\",\"url\":\"https:\/\/secure.gravatar.com\/avatar\/26a8a81f09f0dd7624c9d5c36c9ba3a2?s=96&d=mm&r=g\",\"contentUrl\":\"https:\/\/secure.gravatar.com\/avatar\/26a8a81f09f0dd7624c9d5c36c9ba3a2?s=96&d=mm&r=g\",\"caption\":\"Ibrahima\"},\"sameAs\":[\"https:\/\/www.nettali.com\"]}]}<\/script>\n<!-- \/ Yoast SEO Premium plugin. -->","yoast_head_json":{"title":"ME EL HADJI DIOUF - \" Actuellement, Sonko aurait d\u00fb se retrouver \u00e0 Rebeuss \" | Nettali.com","robots":{"index":"index","follow":"follow","max-snippet":"max-snippet:-1","max-image-preview":"max-image-preview:large","max-video-preview":"max-video-preview:-1"},"canonical":"https:\/\/www.nettali.com\/2022\/03\/17\/me-el-hadji-diouf-actuellement-sonko-aurait-du-se-retrouver-a-rebeuss\/","og_locale":"fr_FR","og_type":"article","og_title":"ME EL HADJI DIOUF - \" Actuellement, Sonko aurait d\u00fb se retrouver \u00e0 Rebeuss \"","og_description":"NETTALI.COM - En conf\u00e9rence de presse ce mercredi, Me El Hadji Diouf s\u2019en est encore pris au leader de Pastef. La robe noire est all\u00e9e jusqu'\u00e0 demander l'emprisonnement d\u2019Ousmane Sonko car selon lui, \" le leader du Pastef a viol\u00e9 l'obligation de signature du registre de contr\u00f4le judiciaire \". Ce qui peut mener \u00e0 la [&hellip;]","og_url":"https:\/\/www.nettali.com\/2022\/03\/17\/me-el-hadji-diouf-actuellement-sonko-aurait-du-se-retrouver-a-rebeuss\/","og_site_name":"Nettali.com","article_publisher":"https:\/\/www.facebook.com\/nettalicom","article_published_time":"2022-03-17T09:11:56+00:00","og_image":[{"width":699,"height":437,"url":"https:\/\/www.nettali.com\/wp-content\/uploads\/2022\/03\/ousmane-sonko-Me.el-hadji-Diouf.jpg","type":"image\/jpeg"}],"twitter_card":"summary_large_image","twitter_misc":{"\u00c9crit par":"Ibrahima","Dur\u00e9e de lecture estim\u00e9e":"2 minutes"},"schema":{"@context":"https:\/\/schema.org","@graph":[{"@type":"WebSite","@id":"https:\/\/www.nettali.com\/#website","url":"https:\/\/www.nettali.com\/","name":"Nettali.com","description":"Le rendez-vous critique du Net","potentialAction":[{"@type":"SearchAction","target":{"@type":"EntryPoint","urlTemplate":"https:\/\/www.nettali.com\/?s={search_term_string}"},"query-input":"required name=search_term_string"}],"inLanguage":"fr-FR"},{"@type":"ImageObject","@id":"https:\/\/www.nettali.com\/2022\/03\/17\/me-el-hadji-diouf-actuellement-sonko-aurait-du-se-retrouver-a-rebeuss\/#primaryimage","inLanguage":"fr-FR","url":"https:\/\/www.nettali.com\/wp-content\/uploads\/2022\/03\/ousmane-sonko-Me.el-hadji-Diouf.jpg","contentUrl":"https:\/\/www.nettali.com\/wp-content\/uploads\/2022\/03\/ousmane-sonko-Me.el-hadji-Diouf.jpg","width":699,"height":437},{"@type":"WebPage","@id":"https:\/\/www.nettali.com\/2022\/03\/17\/me-el-hadji-diouf-actuellement-sonko-aurait-du-se-retrouver-a-rebeuss\/#webpage","url":"https:\/\/www.nettali.com\/2022\/03\/17\/me-el-hadji-diouf-actuellement-sonko-aurait-du-se-retrouver-a-rebeuss\/","name":"ME EL HADJI DIOUF - \" Actuellement, Sonko aurait d\u00fb se retrouver \u00e0 Rebeuss \" | Nettali.com","isPartOf":{"@id":"https:\/\/www.nettali.com\/#website"},"primaryImageOfPage":{"@id":"https:\/\/www.nettali.com\/2022\/03\/17\/me-el-hadji-diouf-actuellement-sonko-aurait-du-se-retrouver-a-rebeuss\/#primaryimage"},"datePublished":"2022-03-17T09:11:56+00:00","dateModified":"2022-03-17T09:11:56+00:00","author":{"@id":"https:\/\/www.nettali.com\/#\/schema\/person\/bb147657c2986240405a608162b9bb23"},"breadcrumb":{"@id":"https:\/\/www.nettali.com\/2022\/03\/17\/me-el-hadji-diouf-actuellement-sonko-aurait-du-se-retrouver-a-rebeuss\/#breadcrumb"},"inLanguage":"fr-FR","potentialAction":[{"@type":"ReadAction","target":["https:\/\/www.nettali.com\/2022\/03\/17\/me-el-hadji-diouf-actuellement-sonko-aurait-du-se-retrouver-a-rebeuss\/"]}]},{"@type":"BreadcrumbList","@id":"https:\/\/www.nettali.com\/2022\/03\/17\/me-el-hadji-diouf-actuellement-sonko-aurait-du-se-retrouver-a-rebeuss\/#breadcrumb","itemListElement":[{"@type":"ListItem","position":1,"name":"Accueil","item":"https:\/\/www.nettali.com\/"},{"@type":"ListItem","position":2,"name":"ME EL HADJI DIOUF - \" Actuellement, Sonko aurait d\u00fb se retrouver \u00e0 Rebeuss \""}]},{"@type":"Person","@id":"https:\/\/www.nettali.com\/#\/schema\/person\/bb147657c2986240405a608162b9bb23","name":"Ibrahima","image":{"@type":"ImageObject","@id":"https:\/\/www.nettali.com\/#personlogo","inLanguage":"fr-FR","url":"https:\/\/secure.gravatar.com\/avatar\/26a8a81f09f0dd7624c9d5c36c9ba3a2?s=96&d=mm&r=g","contentUrl":"https:\/\/secure.gravatar.com\/avatar\/26a8a81f09f0dd7624c9d5c36c9ba3a2?s=96&d=mm&r=g","caption":"Ibrahima"},"sameAs":["https:\/\/www.nettali.com"]}]}},"_links":{"self":[{"href":"https:\/\/www.nettali.com\/rest\/wp\/v2\/posts\/83110"}],"collection":[{"href":"https:\/\/www.nettali.com\/rest\/wp\/v2\/posts"}],"about":[{"href":"https:\/\/www.nettali.com\/rest\/wp\/v2\/types\/post"}],"author":[{"embeddable":true,"href":"https:\/\/www.nettali.com\/rest\/wp\/v2\/users\/5"}],"replies":[{"embeddable":true,"href":"https:\/\/www.nettali.com\/rest\/wp\/v2\/comments?post=83110"}],"version-history":[{"count":3,"href":"https:\/\/www.nettali.com\/rest\/wp\/v2\/posts\/83110\/revisions"}],"predecessor-version":[{"id":83121,"href":"https:\/\/www.nettali.com\/rest\/wp\/v2\/posts\/83110\/revisions\/83121"}],"wp:featuredmedia":[{"embeddable":true,"href":"https:\/\/www.nettali.com\/rest\/wp\/v2\/media\/83111"}],"wp:attachment":[{"href":"https:\/\/www.nettali.com\/rest\/wp\/v2\/media?parent=83110"}],"wp:term":[{"taxonomy":"category","embeddable":true,"href":"https:\/\/www.nettali.com\/rest\/wp\/v2\/categories?post=83110"},{"taxonomy":"post_tag","embeddable":true,"href":"https:\/\/www.nettali.com\/rest\/wp\/v2\/tags?post=83110"}],"curies":[{"name":"wp","href":"https:\/\/api.w.org\/{rel}","templated":true}]}}