{"id":83100,"date":"2022-03-16T22:16:14","date_gmt":"2022-03-16T22:16:14","guid":{"rendered":"https:\/\/www.nettali.com\/?p=83100"},"modified":"2022-03-16T22:16:14","modified_gmt":"2022-03-16T22:16:14","slug":"programme-special-keur-massar-macky-presse-le-gouvernement","status":"publish","type":"post","link":"https:\/\/www.nettali.com\/2022\/03\/16\/programme-special-keur-massar-macky-presse-le-gouvernement\/","title":{"rendered":"PROGRAMME SPECIAL KEUR MASSAR \u2013 Macky presse le gouvernement"},"content":{"rendered":"<p>NETTALI.COM - Le Chef de l\u2019Etat, mercredi en Conseil des ministres, a abord\u00e9 la question li\u00e9e au d\u00e9veloppement durable du d\u00e9partement de Keur Massar, 46\u00e8me d\u00e9partement, qu\u2019il a cr\u00e9\u00e9 \u00ab\u00a0pour renforcer l\u2019administration de proximit\u00e9 et consolider le d\u00e9veloppement territorial durable de cette localit\u00e9\u00a0\u00bb.<\/p>\n<p>&nbsp;<\/p>\n<p>Sous ce rapport, et tirant les conclusions de la seconde s\u00e9ance d\u2019\u00e9coute \"JOKKO AK MACKY\", \u00e9changes avec les jeunes et les forces vives de Keur Massar, durant lesquels les urgences et les priorit\u00e9s des populations ont \u00e9t\u00e9 signal\u00e9es et rappel\u00e9es, le Pr\u00e9sident de la R\u00e9publique demande au Ministre des Collectivit\u00e9s territoriales, du D\u00e9veloppement et de l\u2019Am\u00e9nagement des Territoires, en relation avec les Ministres en charge de l\u2019Urbanisme, des Finances et de l\u2019Economie, d\u2019acc\u00e9l\u00e9rer en coh\u00e9rence avec le Plan national d\u2019Am\u00e9nagement et de D\u00e9veloppement territorial (PNADT), la finalisation, avant le 15 avril 2022, d\u2019un programme sp\u00e9cial d\u2019am\u00e9nagement et de d\u00e9veloppement du d\u00e9partement de Keur Massar.<\/p>\n<p>&nbsp;<\/p>\n<p>Ce programme sp\u00e9cial, doit int\u00e9grer une phase d\u2019urgence d\u2019investissements publics prioritaires sur la p\u00e9riode 2022-2023.<\/p>\n<p>&nbsp;<\/p>\n<p>Le Chef de l\u2019Etat indique, dans ce cadre, l\u2019imp\u00e9ratif d\u2019acc\u00e9l\u00e9rer la finalisation des travaux de la route des Niayes, du Centre de Sant\u00e9, ainsi que la r\u00e9alisation d\u2019une Gare routi\u00e8re, d\u2019un Lyc\u00e9e d\u2019enseignement technique, d\u2019un Centre socio-culturel et d\u2019un march\u00e9 moderne.<\/p>\n<p>&nbsp;<\/p>\n<p>Le Pr\u00e9sident de la R\u00e9publique invite, aussi, le Gouvernement \u00e0 intensifier, avec la DER\/FJ, les financements des jeunes et des femmes r\u00e9sidant \u00e0 Keur Massar, afin de consolider la culture entreprenariale dans le d\u00e9partement.<\/p>\n<p>&nbsp;<\/p>\n<p>Le Pr\u00e9sident de la R\u00e9publique demande, dans le cadre de l\u2019amplification de la mise en \u0153uvre des programmes d\u2019\u00e9quit\u00e9 territoriale et d\u2019inclusion sociale, aux Ministres de tutelle (du PUDC, PUMA, PROMOVILLES, PACASEN urbain, PACASEN rural, PNDL), d\u2019intensifier avec leurs \u00e9quipes, les missions de terrain aupr\u00e8s des populations, en vue d\u2019acc\u00e9l\u00e9rer les r\u00e9alisations d\u2019infrastructures sociales de base au niveau territorial.<\/p>\n<p>&nbsp;<\/p>\n<div class='share-to-whatsapp-wrapper'><div class='share-on-whsp'>PARTAGER SUR : <\/div><a data-text='PROGRAMME SPECIAL KEUR MASSAR \u2013 Macky presse le gouvernement' data-link='https:\/\/www.nettali.com\/2022\/03\/16\/programme-special-keur-massar-macky-presse-le-gouvernement\/' class='whatsapp-button whatsapp-share'>WhatsApp<\/a><div class='clear '><\/div><\/div>","protected":false},"excerpt":{"rendered":"<p>NETTALI.COM - Le Chef de l\u2019Etat, mercredi en Conseil des ministres, a abord\u00e9 la question li\u00e9e au d\u00e9veloppement durable du d\u00e9partement de Keur Massar, 46\u00e8me d\u00e9partement, qu\u2019il a cr\u00e9\u00e9 \u00ab\u00a0pour renforcer l\u2019administration de proximit\u00e9 et consolider le d\u00e9veloppement territorial durable de cette localit\u00e9\u00a0\u00bb. &nbsp; Sous ce rapport, et tirant les conclusions de la seconde s\u00e9ance [&hellip;]<\/p>\n","protected":false},"author":11,"featured_media":33349,"comment_status":"open","ping_status":"open","sticky":false,"template":"","format":"standard","meta":{"_et_pb_use_builder":"","_et_pb_old_content":""},"categories":[4],"tags":[],"yoast_head":"<!-- This site is optimized with the Yoast SEO Premium plugin v17.8 (Yoast SEO v17.8) - https:\/\/yoast.com\/wordpress\/plugins\/seo\/ -->\n<title>PROGRAMME SPECIAL KEUR MASSAR \u2013 Macky presse le gouvernement | Nettali.com<\/title>\n<meta name=\"robots\" content=\"index, follow, max-snippet:-1, max-image-preview:large, max-video-preview:-1\" \/>\n<link rel=\"canonical\" href=\"https:\/\/www.nettali.com\/2022\/03\/16\/programme-special-keur-massar-macky-presse-le-gouvernement\/\" \/>\n<meta property=\"og:locale\" content=\"fr_FR\" \/>\n<meta property=\"og:type\" content=\"article\" \/>\n<meta property=\"og:title\" content=\"PROGRAMME SPECIAL KEUR MASSAR \u2013 Macky presse le gouvernement\" \/>\n<meta property=\"og:description\" content=\"NETTALI.COM - Le Chef de l\u2019Etat, mercredi en Conseil des ministres, a abord\u00e9 la question li\u00e9e au d\u00e9veloppement durable du d\u00e9partement de Keur Massar, 46\u00e8me d\u00e9partement, qu\u2019il a cr\u00e9\u00e9 \u00ab\u00a0pour renforcer l\u2019administration de proximit\u00e9 et consolider le d\u00e9veloppement territorial durable de cette localit\u00e9\u00a0\u00bb. &nbsp; Sous ce rapport, et tirant les conclusions de la seconde s\u00e9ance [&hellip;]\" \/>\n<meta property=\"og:url\" content=\"https:\/\/www.nettali.com\/2022\/03\/16\/programme-special-keur-massar-macky-presse-le-gouvernement\/\" \/>\n<meta property=\"og:site_name\" content=\"Nettali.com\" \/>\n<meta property=\"article:publisher\" content=\"https:\/\/www.facebook.com\/nettalicom\" \/>\n<meta property=\"article:published_time\" content=\"2022-03-16T22:16:14+00:00\" \/>\n<meta property=\"og:image\" content=\"https:\/\/www.nettali.com\/wp-content\/uploads\/2020\/04\/Keur-Massar2.jpg\" \/>\n\t<meta property=\"og:image:width\" content=\"550\" \/>\n\t<meta property=\"og:image:height\" content=\"412\" \/>\n<meta name=\"twitter:card\" content=\"summary_large_image\" \/>\n<meta name=\"twitter:label1\" content=\"\u00c9crit par\" \/>\n\t<meta name=\"twitter:data1\" content=\"Thierno Diop\" \/>\n\t<meta name=\"twitter:label2\" content=\"Dur\u00e9e de lecture estim\u00e9e\" \/>\n\t<meta name=\"twitter:data2\" content=\"2 minutes\" \/>\n<script type=\"application\/ld+json\" class=\"yoast-schema-graph\">{\"@context\":\"https:\/\/schema.org\",\"@graph\":[{\"@type\":\"WebSite\",\"@id\":\"https:\/\/www.nettali.com\/#website\",\"url\":\"https:\/\/www.nettali.com\/\",\"name\":\"Nettali.com\",\"description\":\"Le rendez-vous critique du Net\",\"potentialAction\":[{\"@type\":\"SearchAction\",\"target\":{\"@type\":\"EntryPoint\",\"urlTemplate\":\"https:\/\/www.nettali.com\/?s={search_term_string}\"},\"query-input\":\"required name=search_term_string\"}],\"inLanguage\":\"fr-FR\"},{\"@type\":\"ImageObject\",\"@id\":\"https:\/\/www.nettali.com\/2022\/03\/16\/programme-special-keur-massar-macky-presse-le-gouvernement\/#primaryimage\",\"inLanguage\":\"fr-FR\",\"url\":\"https:\/\/www.nettali.com\/wp-content\/uploads\/2020\/04\/Keur-Massar2.jpg\",\"contentUrl\":\"https:\/\/www.nettali.com\/wp-content\/uploads\/2020\/04\/Keur-Massar2.jpg\",\"width\":550,\"height\":412},{\"@type\":\"WebPage\",\"@id\":\"https:\/\/www.nettali.com\/2022\/03\/16\/programme-special-keur-massar-macky-presse-le-gouvernement\/#webpage\",\"url\":\"https:\/\/www.nettali.com\/2022\/03\/16\/programme-special-keur-massar-macky-presse-le-gouvernement\/\",\"name\":\"PROGRAMME SPECIAL KEUR MASSAR \\u2013 Macky presse le gouvernement | Nettali.com\",\"isPartOf\":{\"@id\":\"https:\/\/www.nettali.com\/#website\"},\"primaryImageOfPage\":{\"@id\":\"https:\/\/www.nettali.com\/2022\/03\/16\/programme-special-keur-massar-macky-presse-le-gouvernement\/#primaryimage\"},\"datePublished\":\"2022-03-16T22:16:14+00:00\",\"dateModified\":\"2022-03-16T22:16:14+00:00\",\"author\":{\"@id\":\"https:\/\/www.nettali.com\/#\/schema\/person\/8a06c6bd7b19304cf4bf985862900b5b\"},\"breadcrumb\":{\"@id\":\"https:\/\/www.nettali.com\/2022\/03\/16\/programme-special-keur-massar-macky-presse-le-gouvernement\/#breadcrumb\"},\"inLanguage\":\"fr-FR\",\"potentialAction\":[{\"@type\":\"ReadAction\",\"target\":[\"https:\/\/www.nettali.com\/2022\/03\/16\/programme-special-keur-massar-macky-presse-le-gouvernement\/\"]}]},{\"@type\":\"BreadcrumbList\",\"@id\":\"https:\/\/www.nettali.com\/2022\/03\/16\/programme-special-keur-massar-macky-presse-le-gouvernement\/#breadcrumb\",\"itemListElement\":[{\"@type\":\"ListItem\",\"position\":1,\"name\":\"Accueil\",\"item\":\"https:\/\/www.nettali.com\/\"},{\"@type\":\"ListItem\",\"position\":2,\"name\":\"PROGRAMME SPECIAL KEUR MASSAR \\u2013 Macky presse le gouvernement\"}]},{\"@type\":\"Person\",\"@id\":\"https:\/\/www.nettali.com\/#\/schema\/person\/8a06c6bd7b19304cf4bf985862900b5b\",\"name\":\"Thierno Diop\",\"image\":{\"@type\":\"ImageObject\",\"@id\":\"https:\/\/www.nettali.com\/#personlogo\",\"inLanguage\":\"fr-FR\",\"url\":\"https:\/\/secure.gravatar.com\/avatar\/c8ca58550c94fd2ac856d27391a6c866?s=96&d=mm&r=g\",\"contentUrl\":\"https:\/\/secure.gravatar.com\/avatar\/c8ca58550c94fd2ac856d27391a6c866?s=96&d=mm&r=g\",\"caption\":\"Thierno Diop\"},\"sameAs\":[\"https:\/\/nettali.com\"]}]}<\/script>\n<!-- \/ Yoast SEO Premium plugin. -->","yoast_head_json":{"title":"PROGRAMME SPECIAL KEUR MASSAR \u2013 Macky presse le gouvernement | Nettali.com","robots":{"index":"index","follow":"follow","max-snippet":"max-snippet:-1","max-image-preview":"max-image-preview:large","max-video-preview":"max-video-preview:-1"},"canonical":"https:\/\/www.nettali.com\/2022\/03\/16\/programme-special-keur-massar-macky-presse-le-gouvernement\/","og_locale":"fr_FR","og_type":"article","og_title":"PROGRAMME SPECIAL KEUR MASSAR \u2013 Macky presse le gouvernement","og_description":"NETTALI.COM - Le Chef de l\u2019Etat, mercredi en Conseil des ministres, a abord\u00e9 la question li\u00e9e au d\u00e9veloppement durable du d\u00e9partement de Keur Massar, 46\u00e8me d\u00e9partement, qu\u2019il a cr\u00e9\u00e9 \u00ab\u00a0pour renforcer l\u2019administration de proximit\u00e9 et consolider le d\u00e9veloppement territorial durable de cette localit\u00e9\u00a0\u00bb. &nbsp; Sous ce rapport, et tirant les conclusions de la seconde s\u00e9ance [&hellip;]","og_url":"https:\/\/www.nettali.com\/2022\/03\/16\/programme-special-keur-massar-macky-presse-le-gouvernement\/","og_site_name":"Nettali.com","article_publisher":"https:\/\/www.facebook.com\/nettalicom","article_published_time":"2022-03-16T22:16:14+00:00","og_image":[{"width":550,"height":412,"url":"https:\/\/www.nettali.com\/wp-content\/uploads\/2020\/04\/Keur-Massar2.jpg","type":"image\/jpeg"}],"twitter_card":"summary_large_image","twitter_misc":{"\u00c9crit par":"Thierno Diop","Dur\u00e9e de lecture estim\u00e9e":"2 minutes"},"schema":{"@context":"https:\/\/schema.org","@graph":[{"@type":"WebSite","@id":"https:\/\/www.nettali.com\/#website","url":"https:\/\/www.nettali.com\/","name":"Nettali.com","description":"Le rendez-vous critique du Net","potentialAction":[{"@type":"SearchAction","target":{"@type":"EntryPoint","urlTemplate":"https:\/\/www.nettali.com\/?s={search_term_string}"},"query-input":"required name=search_term_string"}],"inLanguage":"fr-FR"},{"@type":"ImageObject","@id":"https:\/\/www.nettali.com\/2022\/03\/16\/programme-special-keur-massar-macky-presse-le-gouvernement\/#primaryimage","inLanguage":"fr-FR","url":"https:\/\/www.nettali.com\/wp-content\/uploads\/2020\/04\/Keur-Massar2.jpg","contentUrl":"https:\/\/www.nettali.com\/wp-content\/uploads\/2020\/04\/Keur-Massar2.jpg","width":550,"height":412},{"@type":"WebPage","@id":"https:\/\/www.nettali.com\/2022\/03\/16\/programme-special-keur-massar-macky-presse-le-gouvernement\/#webpage","url":"https:\/\/www.nettali.com\/2022\/03\/16\/programme-special-keur-massar-macky-presse-le-gouvernement\/","name":"PROGRAMME SPECIAL KEUR MASSAR \u2013 Macky presse le gouvernement | Nettali.com","isPartOf":{"@id":"https:\/\/www.nettali.com\/#website"},"primaryImageOfPage":{"@id":"https:\/\/www.nettali.com\/2022\/03\/16\/programme-special-keur-massar-macky-presse-le-gouvernement\/#primaryimage"},"datePublished":"2022-03-16T22:16:14+00:00","dateModified":"2022-03-16T22:16:14+00:00","author":{"@id":"https:\/\/www.nettali.com\/#\/schema\/person\/8a06c6bd7b19304cf4bf985862900b5b"},"breadcrumb":{"@id":"https:\/\/www.nettali.com\/2022\/03\/16\/programme-special-keur-massar-macky-presse-le-gouvernement\/#breadcrumb"},"inLanguage":"fr-FR","potentialAction":[{"@type":"ReadAction","target":["https:\/\/www.nettali.com\/2022\/03\/16\/programme-special-keur-massar-macky-presse-le-gouvernement\/"]}]},{"@type":"BreadcrumbList","@id":"https:\/\/www.nettali.com\/2022\/03\/16\/programme-special-keur-massar-macky-presse-le-gouvernement\/#breadcrumb","itemListElement":[{"@type":"ListItem","position":1,"name":"Accueil","item":"https:\/\/www.nettali.com\/"},{"@type":"ListItem","position":2,"name":"PROGRAMME SPECIAL KEUR MASSAR \u2013 Macky presse le gouvernement"}]},{"@type":"Person","@id":"https:\/\/www.nettali.com\/#\/schema\/person\/8a06c6bd7b19304cf4bf985862900b5b","name":"Thierno Diop","image":{"@type":"ImageObject","@id":"https:\/\/www.nettali.com\/#personlogo","inLanguage":"fr-FR","url":"https:\/\/secure.gravatar.com\/avatar\/c8ca58550c94fd2ac856d27391a6c866?s=96&d=mm&r=g","contentUrl":"https:\/\/secure.gravatar.com\/avatar\/c8ca58550c94fd2ac856d27391a6c866?s=96&d=mm&r=g","caption":"Thierno Diop"},"sameAs":["https:\/\/nettali.com"]}]}},"_links":{"self":[{"href":"https:\/\/www.nettali.com\/rest\/wp\/v2\/posts\/83100"}],"collection":[{"href":"https:\/\/www.nettali.com\/rest\/wp\/v2\/posts"}],"about":[{"href":"https:\/\/www.nettali.com\/rest\/wp\/v2\/types\/post"}],"author":[{"embeddable":true,"href":"https:\/\/www.nettali.com\/rest\/wp\/v2\/users\/11"}],"replies":[{"embeddable":true,"href":"https:\/\/www.nettali.com\/rest\/wp\/v2\/comments?post=83100"}],"version-history":[{"count":1,"href":"https:\/\/www.nettali.com\/rest\/wp\/v2\/posts\/83100\/revisions"}],"predecessor-version":[{"id":83101,"href":"https:\/\/www.nettali.com\/rest\/wp\/v2\/posts\/83100\/revisions\/83101"}],"wp:featuredmedia":[{"embeddable":true,"href":"https:\/\/www.nettali.com\/rest\/wp\/v2\/media\/33349"}],"wp:attachment":[{"href":"https:\/\/www.nettali.com\/rest\/wp\/v2\/media?parent=83100"}],"wp:term":[{"taxonomy":"category","embeddable":true,"href":"https:\/\/www.nettali.com\/rest\/wp\/v2\/categories?post=83100"},{"taxonomy":"post_tag","embeddable":true,"href":"https:\/\/www.nettali.com\/rest\/wp\/v2\/tags?post=83100"}],"curies":[{"name":"wp","href":"https:\/\/api.w.org\/{rel}","templated":true}]}}