{"id":83043,"date":"2022-03-15T19:45:36","date_gmt":"2022-03-15T19:45:36","guid":{"rendered":"https:\/\/www.nettali.com\/?p=83043"},"modified":"2022-03-15T19:45:36","modified_gmt":"2022-03-15T19:45:36","slug":"crise-casamancaise-mimi-demande-a-sonko-de-clarifier-sa-position","status":"publish","type":"post","link":"https:\/\/www.nettali.com\/2022\/03\/15\/crise-casamancaise-mimi-demande-a-sonko-de-clarifier-sa-position\/","title":{"rendered":"CRISE CASAMANCAISE - Mimi demande \u00e0 Sonko de clarifier sa position"},"content":{"rendered":"<p><strong>NETTALI.COM \u2013 Aminata Tour\u00e9 indexe \u00ab\u00a0le silence assourdissant et l\u2019hypocrisie m\u00eame de certains acteurs politiques\u00a0\u00bb et demande \u00e0 Ousmane Sonko de se prononcer clairement sur le conflit en Casamance. <\/strong><\/p>\n<p>Animant la conf\u00e9rence de presse de la mouvance pr\u00e9sidentielle ce mardi, Aminata Tour\u00e9 a rappel\u00e9 que \u00a0depuis l\u2019Appel de Ziguinchor de 2012, \u00ab\u00a0Macky Sall a privil\u00e9gi\u00e9 la d\u00e9marche de n\u00e9gociation pour r\u00e9soudre une fois pour toutes le conflit en Casamance, o\u00f9 il ne saurait y avoir ni vainqueur, ni vaincu\u00a0\u00bb.<\/p>\n<p>\u00ab\u00a0Cependant, avertit l\u2019ancien Premier ministre, \u00a0\u00a0il est inacceptable, il est m\u00eame intol\u00e9rable que nos soldats soient attaqu\u00e9s impun\u00e9ment\u00a0\u00bb.<\/p>\n<p>Mimi Tour\u00e9 de faire remarquer que l\u2019arm\u00e9e m\u00e8ne pr\u00e9sentement des op\u00e9rations de d\u00e9mant\u00e8lement de toutes les bandes arm\u00e9es. Elle exprime le soutien de Benno bok yakaar \u00e0 nos soldats \u00ab garants de notre paix et de notre s\u00e9curit\u00e9 \u00bb.<\/p>\n<p>Elle a ainsi tacl\u00e9 une certaine opposition qu\u2019elle accuse d\u2019\u00eatre mutique devant ces man\u0153uvres irr\u00e9dentistes.<\/p>\n<p>\u00ab\u00a0C\u2019est l\u2019occasion de d\u00e9noncer le silence assourdissant et l\u2019hypocrisie m\u00eame de certains acteurs politiques qui pensent tirer profit du conflit en Casamance qui n\u2019a que trop dur\u00e9\u00a0\u00bb, d\u00e9plore Aminata Tour\u00e9.<\/p>\n<p>Ainsi, met-elle en demeure Ousmane Sonko en ces termes : \u00ab Que tous les leaders qui cherchent les suffrages des S\u00e9n\u00e9galais se prononcent tr\u00e8s clairement ! Monsieur Ousmane Sonko, maire de Ziguinchor, qu\u2019il explique clairement sa position sur la Casamance ! Il a \u00e9t\u00e9 silencieux lors des derni\u00e8res attaques et la prise d\u2019otages de nos soldats. Nous ne l\u2019avons pas entendu \u00bb.<\/p>\n<div class='share-to-whatsapp-wrapper'><div class='share-on-whsp'>PARTAGER SUR : <\/div><a data-text='CRISE CASAMANCAISE - Mimi demande \u00e0 Sonko de clarifier sa position' data-link='https:\/\/www.nettali.com\/2022\/03\/15\/crise-casamancaise-mimi-demande-a-sonko-de-clarifier-sa-position\/' class='whatsapp-button whatsapp-share'>WhatsApp<\/a><div class='clear '><\/div><\/div>","protected":false},"excerpt":{"rendered":"<p>NETTALI.COM \u2013 Aminata Tour\u00e9 indexe \u00ab\u00a0le silence assourdissant et l\u2019hypocrisie m\u00eame de certains acteurs politiques\u00a0\u00bb et demande \u00e0 Ousmane Sonko de se prononcer clairement sur le conflit en Casamance. Animant la conf\u00e9rence de presse de la mouvance pr\u00e9sidentielle ce mardi, Aminata Tour\u00e9 a rappel\u00e9 que \u00a0depuis l\u2019Appel de Ziguinchor de 2012, \u00ab\u00a0Macky Sall a privil\u00e9gi\u00e9 [&hellip;]<\/p>\n","protected":false},"author":11,"featured_media":11832,"comment_status":"open","ping_status":"open","sticky":false,"template":"","format":"standard","meta":{"_et_pb_use_builder":"","_et_pb_old_content":""},"categories":[3],"tags":[],"yoast_head":"<!-- This site is optimized with the Yoast SEO Premium plugin v17.8 (Yoast SEO v17.8) - https:\/\/yoast.com\/wordpress\/plugins\/seo\/ -->\n<title>CRISE CASAMANCAISE - Mimi demande \u00e0 Sonko de clarifier sa position | Nettali.com<\/title>\n<meta name=\"robots\" content=\"index, follow, max-snippet:-1, max-image-preview:large, max-video-preview:-1\" \/>\n<link rel=\"canonical\" href=\"https:\/\/www.nettali.com\/2022\/03\/15\/crise-casamancaise-mimi-demande-a-sonko-de-clarifier-sa-position\/\" \/>\n<meta property=\"og:locale\" content=\"fr_FR\" \/>\n<meta property=\"og:type\" content=\"article\" \/>\n<meta property=\"og:title\" content=\"CRISE CASAMANCAISE - Mimi demande \u00e0 Sonko de clarifier sa position\" \/>\n<meta property=\"og:description\" content=\"NETTALI.COM \u2013 Aminata Tour\u00e9 indexe \u00ab\u00a0le silence assourdissant et l\u2019hypocrisie m\u00eame de certains acteurs politiques\u00a0\u00bb et demande \u00e0 Ousmane Sonko de se prononcer clairement sur le conflit en Casamance. Animant la conf\u00e9rence de presse de la mouvance pr\u00e9sidentielle ce mardi, Aminata Tour\u00e9 a rappel\u00e9 que \u00a0depuis l\u2019Appel de Ziguinchor de 2012, \u00ab\u00a0Macky Sall a privil\u00e9gi\u00e9 [&hellip;]\" \/>\n<meta property=\"og:url\" content=\"https:\/\/www.nettali.com\/2022\/03\/15\/crise-casamancaise-mimi-demande-a-sonko-de-clarifier-sa-position\/\" \/>\n<meta property=\"og:site_name\" content=\"Nettali.com\" \/>\n<meta property=\"article:publisher\" content=\"https:\/\/www.facebook.com\/nettalicom\" \/>\n<meta property=\"article:published_time\" content=\"2022-03-15T19:45:36+00:00\" \/>\n<meta property=\"og:image\" content=\"https:\/\/www.nettali.com\/wp-content\/uploads\/2019\/06\/Aminata-Toure.jpg\" \/>\n\t<meta property=\"og:image:width\" content=\"637\" \/>\n\t<meta property=\"og:image:height\" content=\"478\" \/>\n<meta name=\"twitter:card\" content=\"summary_large_image\" \/>\n<meta name=\"twitter:label1\" content=\"\u00c9crit par\" \/>\n\t<meta name=\"twitter:data1\" content=\"Thierno Diop\" \/>\n\t<meta name=\"twitter:label2\" content=\"Dur\u00e9e de lecture estim\u00e9e\" \/>\n\t<meta name=\"twitter:data2\" content=\"2 minutes\" \/>\n<script type=\"application\/ld+json\" class=\"yoast-schema-graph\">{\"@context\":\"https:\/\/schema.org\",\"@graph\":[{\"@type\":\"WebSite\",\"@id\":\"https:\/\/www.nettali.com\/#website\",\"url\":\"https:\/\/www.nettali.com\/\",\"name\":\"Nettali.com\",\"description\":\"Le rendez-vous critique du Net\",\"potentialAction\":[{\"@type\":\"SearchAction\",\"target\":{\"@type\":\"EntryPoint\",\"urlTemplate\":\"https:\/\/www.nettali.com\/?s={search_term_string}\"},\"query-input\":\"required name=search_term_string\"}],\"inLanguage\":\"fr-FR\"},{\"@type\":\"ImageObject\",\"@id\":\"https:\/\/www.nettali.com\/2022\/03\/15\/crise-casamancaise-mimi-demande-a-sonko-de-clarifier-sa-position\/#primaryimage\",\"inLanguage\":\"fr-FR\",\"url\":\"https:\/\/www.nettali.com\/wp-content\/uploads\/2019\/06\/Aminata-Toure.jpg\",\"contentUrl\":\"https:\/\/www.nettali.com\/wp-content\/uploads\/2019\/06\/Aminata-Toure.jpg\",\"width\":637,\"height\":478},{\"@type\":\"WebPage\",\"@id\":\"https:\/\/www.nettali.com\/2022\/03\/15\/crise-casamancaise-mimi-demande-a-sonko-de-clarifier-sa-position\/#webpage\",\"url\":\"https:\/\/www.nettali.com\/2022\/03\/15\/crise-casamancaise-mimi-demande-a-sonko-de-clarifier-sa-position\/\",\"name\":\"CRISE CASAMANCAISE - Mimi demande \\u00e0 Sonko de clarifier sa position | Nettali.com\",\"isPartOf\":{\"@id\":\"https:\/\/www.nettali.com\/#website\"},\"primaryImageOfPage\":{\"@id\":\"https:\/\/www.nettali.com\/2022\/03\/15\/crise-casamancaise-mimi-demande-a-sonko-de-clarifier-sa-position\/#primaryimage\"},\"datePublished\":\"2022-03-15T19:45:36+00:00\",\"dateModified\":\"2022-03-15T19:45:36+00:00\",\"author\":{\"@id\":\"https:\/\/www.nettali.com\/#\/schema\/person\/8a06c6bd7b19304cf4bf985862900b5b\"},\"breadcrumb\":{\"@id\":\"https:\/\/www.nettali.com\/2022\/03\/15\/crise-casamancaise-mimi-demande-a-sonko-de-clarifier-sa-position\/#breadcrumb\"},\"inLanguage\":\"fr-FR\",\"potentialAction\":[{\"@type\":\"ReadAction\",\"target\":[\"https:\/\/www.nettali.com\/2022\/03\/15\/crise-casamancaise-mimi-demande-a-sonko-de-clarifier-sa-position\/\"]}]},{\"@type\":\"BreadcrumbList\",\"@id\":\"https:\/\/www.nettali.com\/2022\/03\/15\/crise-casamancaise-mimi-demande-a-sonko-de-clarifier-sa-position\/#breadcrumb\",\"itemListElement\":[{\"@type\":\"ListItem\",\"position\":1,\"name\":\"Accueil\",\"item\":\"https:\/\/www.nettali.com\/\"},{\"@type\":\"ListItem\",\"position\":2,\"name\":\"CRISE CASAMANCAISE - Mimi demande \\u00e0 Sonko de clarifier sa position\"}]},{\"@type\":\"Person\",\"@id\":\"https:\/\/www.nettali.com\/#\/schema\/person\/8a06c6bd7b19304cf4bf985862900b5b\",\"name\":\"Thierno Diop\",\"image\":{\"@type\":\"ImageObject\",\"@id\":\"https:\/\/www.nettali.com\/#personlogo\",\"inLanguage\":\"fr-FR\",\"url\":\"https:\/\/secure.gravatar.com\/avatar\/c8ca58550c94fd2ac856d27391a6c866?s=96&d=mm&r=g\",\"contentUrl\":\"https:\/\/secure.gravatar.com\/avatar\/c8ca58550c94fd2ac856d27391a6c866?s=96&d=mm&r=g\",\"caption\":\"Thierno Diop\"},\"sameAs\":[\"https:\/\/nettali.com\"]}]}<\/script>\n<!-- \/ Yoast SEO Premium plugin. -->","yoast_head_json":{"title":"CRISE CASAMANCAISE - Mimi demande \u00e0 Sonko de clarifier sa position | Nettali.com","robots":{"index":"index","follow":"follow","max-snippet":"max-snippet:-1","max-image-preview":"max-image-preview:large","max-video-preview":"max-video-preview:-1"},"canonical":"https:\/\/www.nettali.com\/2022\/03\/15\/crise-casamancaise-mimi-demande-a-sonko-de-clarifier-sa-position\/","og_locale":"fr_FR","og_type":"article","og_title":"CRISE CASAMANCAISE - Mimi demande \u00e0 Sonko de clarifier sa position","og_description":"NETTALI.COM \u2013 Aminata Tour\u00e9 indexe \u00ab\u00a0le silence assourdissant et l\u2019hypocrisie m\u00eame de certains acteurs politiques\u00a0\u00bb et demande \u00e0 Ousmane Sonko de se prononcer clairement sur le conflit en Casamance. Animant la conf\u00e9rence de presse de la mouvance pr\u00e9sidentielle ce mardi, Aminata Tour\u00e9 a rappel\u00e9 que \u00a0depuis l\u2019Appel de Ziguinchor de 2012, \u00ab\u00a0Macky Sall a privil\u00e9gi\u00e9 [&hellip;]","og_url":"https:\/\/www.nettali.com\/2022\/03\/15\/crise-casamancaise-mimi-demande-a-sonko-de-clarifier-sa-position\/","og_site_name":"Nettali.com","article_publisher":"https:\/\/www.facebook.com\/nettalicom","article_published_time":"2022-03-15T19:45:36+00:00","og_image":[{"width":637,"height":478,"url":"https:\/\/www.nettali.com\/wp-content\/uploads\/2019\/06\/Aminata-Toure.jpg","type":"image\/jpeg"}],"twitter_card":"summary_large_image","twitter_misc":{"\u00c9crit par":"Thierno Diop","Dur\u00e9e de lecture estim\u00e9e":"2 minutes"},"schema":{"@context":"https:\/\/schema.org","@graph":[{"@type":"WebSite","@id":"https:\/\/www.nettali.com\/#website","url":"https:\/\/www.nettali.com\/","name":"Nettali.com","description":"Le rendez-vous critique du Net","potentialAction":[{"@type":"SearchAction","target":{"@type":"EntryPoint","urlTemplate":"https:\/\/www.nettali.com\/?s={search_term_string}"},"query-input":"required name=search_term_string"}],"inLanguage":"fr-FR"},{"@type":"ImageObject","@id":"https:\/\/www.nettali.com\/2022\/03\/15\/crise-casamancaise-mimi-demande-a-sonko-de-clarifier-sa-position\/#primaryimage","inLanguage":"fr-FR","url":"https:\/\/www.nettali.com\/wp-content\/uploads\/2019\/06\/Aminata-Toure.jpg","contentUrl":"https:\/\/www.nettali.com\/wp-content\/uploads\/2019\/06\/Aminata-Toure.jpg","width":637,"height":478},{"@type":"WebPage","@id":"https:\/\/www.nettali.com\/2022\/03\/15\/crise-casamancaise-mimi-demande-a-sonko-de-clarifier-sa-position\/#webpage","url":"https:\/\/www.nettali.com\/2022\/03\/15\/crise-casamancaise-mimi-demande-a-sonko-de-clarifier-sa-position\/","name":"CRISE CASAMANCAISE - Mimi demande \u00e0 Sonko de clarifier sa position | Nettali.com","isPartOf":{"@id":"https:\/\/www.nettali.com\/#website"},"primaryImageOfPage":{"@id":"https:\/\/www.nettali.com\/2022\/03\/15\/crise-casamancaise-mimi-demande-a-sonko-de-clarifier-sa-position\/#primaryimage"},"datePublished":"2022-03-15T19:45:36+00:00","dateModified":"2022-03-15T19:45:36+00:00","author":{"@id":"https:\/\/www.nettali.com\/#\/schema\/person\/8a06c6bd7b19304cf4bf985862900b5b"},"breadcrumb":{"@id":"https:\/\/www.nettali.com\/2022\/03\/15\/crise-casamancaise-mimi-demande-a-sonko-de-clarifier-sa-position\/#breadcrumb"},"inLanguage":"fr-FR","potentialAction":[{"@type":"ReadAction","target":["https:\/\/www.nettali.com\/2022\/03\/15\/crise-casamancaise-mimi-demande-a-sonko-de-clarifier-sa-position\/"]}]},{"@type":"BreadcrumbList","@id":"https:\/\/www.nettali.com\/2022\/03\/15\/crise-casamancaise-mimi-demande-a-sonko-de-clarifier-sa-position\/#breadcrumb","itemListElement":[{"@type":"ListItem","position":1,"name":"Accueil","item":"https:\/\/www.nettali.com\/"},{"@type":"ListItem","position":2,"name":"CRISE CASAMANCAISE - Mimi demande \u00e0 Sonko de clarifier sa position"}]},{"@type":"Person","@id":"https:\/\/www.nettali.com\/#\/schema\/person\/8a06c6bd7b19304cf4bf985862900b5b","name":"Thierno Diop","image":{"@type":"ImageObject","@id":"https:\/\/www.nettali.com\/#personlogo","inLanguage":"fr-FR","url":"https:\/\/secure.gravatar.com\/avatar\/c8ca58550c94fd2ac856d27391a6c866?s=96&d=mm&r=g","contentUrl":"https:\/\/secure.gravatar.com\/avatar\/c8ca58550c94fd2ac856d27391a6c866?s=96&d=mm&r=g","caption":"Thierno Diop"},"sameAs":["https:\/\/nettali.com"]}]}},"_links":{"self":[{"href":"https:\/\/www.nettali.com\/rest\/wp\/v2\/posts\/83043"}],"collection":[{"href":"https:\/\/www.nettali.com\/rest\/wp\/v2\/posts"}],"about":[{"href":"https:\/\/www.nettali.com\/rest\/wp\/v2\/types\/post"}],"author":[{"embeddable":true,"href":"https:\/\/www.nettali.com\/rest\/wp\/v2\/users\/11"}],"replies":[{"embeddable":true,"href":"https:\/\/www.nettali.com\/rest\/wp\/v2\/comments?post=83043"}],"version-history":[{"count":1,"href":"https:\/\/www.nettali.com\/rest\/wp\/v2\/posts\/83043\/revisions"}],"predecessor-version":[{"id":83044,"href":"https:\/\/www.nettali.com\/rest\/wp\/v2\/posts\/83043\/revisions\/83044"}],"wp:featuredmedia":[{"embeddable":true,"href":"https:\/\/www.nettali.com\/rest\/wp\/v2\/media\/11832"}],"wp:attachment":[{"href":"https:\/\/www.nettali.com\/rest\/wp\/v2\/media?parent=83043"}],"wp:term":[{"taxonomy":"category","embeddable":true,"href":"https:\/\/www.nettali.com\/rest\/wp\/v2\/categories?post=83043"},{"taxonomy":"post_tag","embeddable":true,"href":"https:\/\/www.nettali.com\/rest\/wp\/v2\/tags?post=83043"}],"curies":[{"name":"wp","href":"https:\/\/api.w.org\/{rel}","templated":true}]}}