{"id":82978,"date":"2022-03-14T19:01:03","date_gmt":"2022-03-14T19:01:03","guid":{"rendered":"https:\/\/www.nettali.com\/?p=82978"},"modified":"2022-03-14T19:01:03","modified_gmt":"2022-03-14T19:01:03","slug":"conflit-casamancais-larmee-a-lassaut-de-salif-sadio","status":"publish","type":"post","link":"https:\/\/www.nettali.com\/2022\/03\/14\/conflit-casamancais-larmee-a-lassaut-de-salif-sadio\/","title":{"rendered":"CONFLIT CASAMAN\u00c7AIS - L'arm\u00e9e \u00e0 l'assaut de Salif Sadio"},"content":{"rendered":"<p><strong>NETTALI.COM - L\u2019arm\u00e9e s\u00e9n\u00e9galaise a lanc\u00e9 une offensive dans le sud du pays. Elle est dirig\u00e9e contre la faction Salif Sadio du Mouvement des forces d\u00e9mocratiques de la Casamance (Mfdc) et autres bandes criminelles qui \u00e9cument cette partie du pays.<\/strong><\/p>\n<p>\" <em>Dans le cadre de leurs missions r\u00e9galiennes de s\u00e9curisation des personnes et des biens, les Arm\u00e9es ont lanc\u00e9, le dimanche 13 mars 2022, une op\u00e9ration dont l'objectif principal est de d\u00e9manteler les bases de la faction MFDC de Salif SADIO situ\u00e9es le long de la fronti\u00e8re nord<\/em> \", a annonc\u00e9 l\u2019arm\u00e9e, dans un communiqu\u00e9 de presse.<\/p>\n<p>Dans son document, la Direction des relations publiques des arm\u00e9es (Dirpa) renseigne que l\u2019op\u00e9ration vise \u00e9galement \u00e0 d\u00e9truire toutes les bandes arm\u00e9es menant des activit\u00e9s criminelles dans la zone et \u00e0 neutraliser toute personne ou entit\u00e9 collaborant directement ou indirectement avec elles.<\/p>\n<div class='share-to-whatsapp-wrapper'><div class='share-on-whsp'>PARTAGER SUR : <\/div><a data-text='CONFLIT CASAMAN\u00c7AIS - L'arm\u00e9e \u00e0 l'assaut de Salif Sadio' data-link='https:\/\/www.nettali.com\/2022\/03\/14\/conflit-casamancais-larmee-a-lassaut-de-salif-sadio\/' class='whatsapp-button whatsapp-share'>WhatsApp<\/a><div class='clear '><\/div><\/div>","protected":false},"excerpt":{"rendered":"<p>NETTALI.COM - L\u2019arm\u00e9e s\u00e9n\u00e9galaise a lanc\u00e9 une offensive dans le sud du pays. Elle est dirig\u00e9e contre la faction Salif Sadio du Mouvement des forces d\u00e9mocratiques de la Casamance (Mfdc) et autres bandes criminelles qui \u00e9cument cette partie du pays. \" Dans le cadre de leurs missions r\u00e9galiennes de s\u00e9curisation des personnes et des biens, [&hellip;]<\/p>\n","protected":false},"author":5,"featured_media":82979,"comment_status":"open","ping_status":"open","sticky":false,"template":"","format":"standard","meta":{"_et_pb_use_builder":"","_et_pb_old_content":""},"categories":[3],"tags":[],"yoast_head":"<!-- This site is optimized with the Yoast SEO Premium plugin v17.8 (Yoast SEO v17.8) - https:\/\/yoast.com\/wordpress\/plugins\/seo\/ -->\n<title>CONFLIT CASAMAN\u00c7AIS - L&#039;arm\u00e9e \u00e0 l&#039;assaut de Salif Sadio | Nettali.com<\/title>\n<meta name=\"robots\" content=\"index, follow, max-snippet:-1, max-image-preview:large, max-video-preview:-1\" \/>\n<link rel=\"canonical\" href=\"https:\/\/www.nettali.com\/2022\/03\/14\/conflit-casamancais-larmee-a-lassaut-de-salif-sadio\/\" \/>\n<meta property=\"og:locale\" content=\"fr_FR\" \/>\n<meta property=\"og:type\" content=\"article\" \/>\n<meta property=\"og:title\" content=\"CONFLIT CASAMAN\u00c7AIS - L&#039;arm\u00e9e \u00e0 l&#039;assaut de Salif Sadio\" \/>\n<meta property=\"og:description\" content=\"NETTALI.COM - L\u2019arm\u00e9e s\u00e9n\u00e9galaise a lanc\u00e9 une offensive dans le sud du pays. Elle est dirig\u00e9e contre la faction Salif Sadio du Mouvement des forces d\u00e9mocratiques de la Casamance (Mfdc) et autres bandes criminelles qui \u00e9cument cette partie du pays. &quot; Dans le cadre de leurs missions r\u00e9galiennes de s\u00e9curisation des personnes et des biens, [&hellip;]\" \/>\n<meta property=\"og:url\" content=\"https:\/\/www.nettali.com\/2022\/03\/14\/conflit-casamancais-larmee-a-lassaut-de-salif-sadio\/\" \/>\n<meta property=\"og:site_name\" content=\"Nettali.com\" \/>\n<meta property=\"article:publisher\" content=\"https:\/\/www.facebook.com\/nettalicom\" \/>\n<meta property=\"article:published_time\" content=\"2022-03-14T19:01:03+00:00\" \/>\n<meta property=\"og:image\" content=\"https:\/\/www.nettali.com\/wp-content\/uploads\/2022\/03\/Armee-Casamance-militaire.jpg\" \/>\n\t<meta property=\"og:image:width\" content=\"696\" \/>\n\t<meta property=\"og:image:height\" content=\"399\" \/>\n<meta name=\"twitter:card\" content=\"summary_large_image\" \/>\n<meta name=\"twitter:label1\" content=\"\u00c9crit par\" \/>\n\t<meta name=\"twitter:data1\" content=\"Ibrahima\" \/>\n\t<meta name=\"twitter:label2\" content=\"Dur\u00e9e de lecture estim\u00e9e\" \/>\n\t<meta name=\"twitter:data2\" content=\"1 minute\" \/>\n<script type=\"application\/ld+json\" class=\"yoast-schema-graph\">{\"@context\":\"https:\/\/schema.org\",\"@graph\":[{\"@type\":\"WebSite\",\"@id\":\"https:\/\/www.nettali.com\/#website\",\"url\":\"https:\/\/www.nettali.com\/\",\"name\":\"Nettali.com\",\"description\":\"Le rendez-vous critique du Net\",\"potentialAction\":[{\"@type\":\"SearchAction\",\"target\":{\"@type\":\"EntryPoint\",\"urlTemplate\":\"https:\/\/www.nettali.com\/?s={search_term_string}\"},\"query-input\":\"required name=search_term_string\"}],\"inLanguage\":\"fr-FR\"},{\"@type\":\"ImageObject\",\"@id\":\"https:\/\/www.nettali.com\/2022\/03\/14\/conflit-casamancais-larmee-a-lassaut-de-salif-sadio\/#primaryimage\",\"inLanguage\":\"fr-FR\",\"url\":\"https:\/\/www.nettali.com\/wp-content\/uploads\/2022\/03\/Armee-Casamance-militaire.jpg\",\"contentUrl\":\"https:\/\/www.nettali.com\/wp-content\/uploads\/2022\/03\/Armee-Casamance-militaire.jpg\",\"width\":696,\"height\":399},{\"@type\":\"WebPage\",\"@id\":\"https:\/\/www.nettali.com\/2022\/03\/14\/conflit-casamancais-larmee-a-lassaut-de-salif-sadio\/#webpage\",\"url\":\"https:\/\/www.nettali.com\/2022\/03\/14\/conflit-casamancais-larmee-a-lassaut-de-salif-sadio\/\",\"name\":\"CONFLIT CASAMAN\\u00c7AIS - L'arm\\u00e9e \\u00e0 l'assaut de Salif Sadio | Nettali.com\",\"isPartOf\":{\"@id\":\"https:\/\/www.nettali.com\/#website\"},\"primaryImageOfPage\":{\"@id\":\"https:\/\/www.nettali.com\/2022\/03\/14\/conflit-casamancais-larmee-a-lassaut-de-salif-sadio\/#primaryimage\"},\"datePublished\":\"2022-03-14T19:01:03+00:00\",\"dateModified\":\"2022-03-14T19:01:03+00:00\",\"author\":{\"@id\":\"https:\/\/www.nettali.com\/#\/schema\/person\/bb147657c2986240405a608162b9bb23\"},\"breadcrumb\":{\"@id\":\"https:\/\/www.nettali.com\/2022\/03\/14\/conflit-casamancais-larmee-a-lassaut-de-salif-sadio\/#breadcrumb\"},\"inLanguage\":\"fr-FR\",\"potentialAction\":[{\"@type\":\"ReadAction\",\"target\":[\"https:\/\/www.nettali.com\/2022\/03\/14\/conflit-casamancais-larmee-a-lassaut-de-salif-sadio\/\"]}]},{\"@type\":\"BreadcrumbList\",\"@id\":\"https:\/\/www.nettali.com\/2022\/03\/14\/conflit-casamancais-larmee-a-lassaut-de-salif-sadio\/#breadcrumb\",\"itemListElement\":[{\"@type\":\"ListItem\",\"position\":1,\"name\":\"Accueil\",\"item\":\"https:\/\/www.nettali.com\/\"},{\"@type\":\"ListItem\",\"position\":2,\"name\":\"CONFLIT CASAMAN\\u00c7AIS - L'arm\\u00e9e \\u00e0 l'assaut de Salif Sadio\"}]},{\"@type\":\"Person\",\"@id\":\"https:\/\/www.nettali.com\/#\/schema\/person\/bb147657c2986240405a608162b9bb23\",\"name\":\"Ibrahima\",\"image\":{\"@type\":\"ImageObject\",\"@id\":\"https:\/\/www.nettali.com\/#personlogo\",\"inLanguage\":\"fr-FR\",\"url\":\"https:\/\/secure.gravatar.com\/avatar\/26a8a81f09f0dd7624c9d5c36c9ba3a2?s=96&d=mm&r=g\",\"contentUrl\":\"https:\/\/secure.gravatar.com\/avatar\/26a8a81f09f0dd7624c9d5c36c9ba3a2?s=96&d=mm&r=g\",\"caption\":\"Ibrahima\"},\"sameAs\":[\"https:\/\/www.nettali.com\"]}]}<\/script>\n<!-- \/ Yoast SEO Premium plugin. -->","yoast_head_json":{"title":"CONFLIT CASAMAN\u00c7AIS - L'arm\u00e9e \u00e0 l'assaut de Salif Sadio | Nettali.com","robots":{"index":"index","follow":"follow","max-snippet":"max-snippet:-1","max-image-preview":"max-image-preview:large","max-video-preview":"max-video-preview:-1"},"canonical":"https:\/\/www.nettali.com\/2022\/03\/14\/conflit-casamancais-larmee-a-lassaut-de-salif-sadio\/","og_locale":"fr_FR","og_type":"article","og_title":"CONFLIT CASAMAN\u00c7AIS - L'arm\u00e9e \u00e0 l'assaut de Salif Sadio","og_description":"NETTALI.COM - L\u2019arm\u00e9e s\u00e9n\u00e9galaise a lanc\u00e9 une offensive dans le sud du pays. Elle est dirig\u00e9e contre la faction Salif Sadio du Mouvement des forces d\u00e9mocratiques de la Casamance (Mfdc) et autres bandes criminelles qui \u00e9cument cette partie du pays. \" Dans le cadre de leurs missions r\u00e9galiennes de s\u00e9curisation des personnes et des biens, [&hellip;]","og_url":"https:\/\/www.nettali.com\/2022\/03\/14\/conflit-casamancais-larmee-a-lassaut-de-salif-sadio\/","og_site_name":"Nettali.com","article_publisher":"https:\/\/www.facebook.com\/nettalicom","article_published_time":"2022-03-14T19:01:03+00:00","og_image":[{"width":696,"height":399,"url":"https:\/\/www.nettali.com\/wp-content\/uploads\/2022\/03\/Armee-Casamance-militaire.jpg","type":"image\/jpeg"}],"twitter_card":"summary_large_image","twitter_misc":{"\u00c9crit par":"Ibrahima","Dur\u00e9e de lecture estim\u00e9e":"1 minute"},"schema":{"@context":"https:\/\/schema.org","@graph":[{"@type":"WebSite","@id":"https:\/\/www.nettali.com\/#website","url":"https:\/\/www.nettali.com\/","name":"Nettali.com","description":"Le rendez-vous critique du Net","potentialAction":[{"@type":"SearchAction","target":{"@type":"EntryPoint","urlTemplate":"https:\/\/www.nettali.com\/?s={search_term_string}"},"query-input":"required name=search_term_string"}],"inLanguage":"fr-FR"},{"@type":"ImageObject","@id":"https:\/\/www.nettali.com\/2022\/03\/14\/conflit-casamancais-larmee-a-lassaut-de-salif-sadio\/#primaryimage","inLanguage":"fr-FR","url":"https:\/\/www.nettali.com\/wp-content\/uploads\/2022\/03\/Armee-Casamance-militaire.jpg","contentUrl":"https:\/\/www.nettali.com\/wp-content\/uploads\/2022\/03\/Armee-Casamance-militaire.jpg","width":696,"height":399},{"@type":"WebPage","@id":"https:\/\/www.nettali.com\/2022\/03\/14\/conflit-casamancais-larmee-a-lassaut-de-salif-sadio\/#webpage","url":"https:\/\/www.nettali.com\/2022\/03\/14\/conflit-casamancais-larmee-a-lassaut-de-salif-sadio\/","name":"CONFLIT CASAMAN\u00c7AIS - L'arm\u00e9e \u00e0 l'assaut de Salif Sadio | Nettali.com","isPartOf":{"@id":"https:\/\/www.nettali.com\/#website"},"primaryImageOfPage":{"@id":"https:\/\/www.nettali.com\/2022\/03\/14\/conflit-casamancais-larmee-a-lassaut-de-salif-sadio\/#primaryimage"},"datePublished":"2022-03-14T19:01:03+00:00","dateModified":"2022-03-14T19:01:03+00:00","author":{"@id":"https:\/\/www.nettali.com\/#\/schema\/person\/bb147657c2986240405a608162b9bb23"},"breadcrumb":{"@id":"https:\/\/www.nettali.com\/2022\/03\/14\/conflit-casamancais-larmee-a-lassaut-de-salif-sadio\/#breadcrumb"},"inLanguage":"fr-FR","potentialAction":[{"@type":"ReadAction","target":["https:\/\/www.nettali.com\/2022\/03\/14\/conflit-casamancais-larmee-a-lassaut-de-salif-sadio\/"]}]},{"@type":"BreadcrumbList","@id":"https:\/\/www.nettali.com\/2022\/03\/14\/conflit-casamancais-larmee-a-lassaut-de-salif-sadio\/#breadcrumb","itemListElement":[{"@type":"ListItem","position":1,"name":"Accueil","item":"https:\/\/www.nettali.com\/"},{"@type":"ListItem","position":2,"name":"CONFLIT CASAMAN\u00c7AIS - L'arm\u00e9e \u00e0 l'assaut de Salif Sadio"}]},{"@type":"Person","@id":"https:\/\/www.nettali.com\/#\/schema\/person\/bb147657c2986240405a608162b9bb23","name":"Ibrahima","image":{"@type":"ImageObject","@id":"https:\/\/www.nettali.com\/#personlogo","inLanguage":"fr-FR","url":"https:\/\/secure.gravatar.com\/avatar\/26a8a81f09f0dd7624c9d5c36c9ba3a2?s=96&d=mm&r=g","contentUrl":"https:\/\/secure.gravatar.com\/avatar\/26a8a81f09f0dd7624c9d5c36c9ba3a2?s=96&d=mm&r=g","caption":"Ibrahima"},"sameAs":["https:\/\/www.nettali.com"]}]}},"_links":{"self":[{"href":"https:\/\/www.nettali.com\/rest\/wp\/v2\/posts\/82978"}],"collection":[{"href":"https:\/\/www.nettali.com\/rest\/wp\/v2\/posts"}],"about":[{"href":"https:\/\/www.nettali.com\/rest\/wp\/v2\/types\/post"}],"author":[{"embeddable":true,"href":"https:\/\/www.nettali.com\/rest\/wp\/v2\/users\/5"}],"replies":[{"embeddable":true,"href":"https:\/\/www.nettali.com\/rest\/wp\/v2\/comments?post=82978"}],"version-history":[{"count":1,"href":"https:\/\/www.nettali.com\/rest\/wp\/v2\/posts\/82978\/revisions"}],"predecessor-version":[{"id":82980,"href":"https:\/\/www.nettali.com\/rest\/wp\/v2\/posts\/82978\/revisions\/82980"}],"wp:featuredmedia":[{"embeddable":true,"href":"https:\/\/www.nettali.com\/rest\/wp\/v2\/media\/82979"}],"wp:attachment":[{"href":"https:\/\/www.nettali.com\/rest\/wp\/v2\/media?parent=82978"}],"wp:term":[{"taxonomy":"category","embeddable":true,"href":"https:\/\/www.nettali.com\/rest\/wp\/v2\/categories?post=82978"},{"taxonomy":"post_tag","embeddable":true,"href":"https:\/\/www.nettali.com\/rest\/wp\/v2\/tags?post=82978"}],"curies":[{"name":"wp","href":"https:\/\/api.w.org\/{rel}","templated":true}]}}