{"id":82889,"date":"2022-03-12T23:44:47","date_gmt":"2022-03-12T23:44:47","guid":{"rendered":"https:\/\/www.nettali.com\/?p=82889"},"modified":"2022-03-13T13:26:42","modified_gmt":"2022-03-13T13:26:42","slug":"sadio-mane-la-coupe-du-monde-cest-mon-nouveau-reve","status":"publish","type":"post","link":"https:\/\/www.nettali.com\/2022\/03\/12\/sadio-mane-la-coupe-du-monde-cest-mon-nouveau-reve\/","title":{"rendered":"SADIO MAN\u00c9 - \"La coupe du monde, c'est mon nouveau r\u00eave\""},"content":{"rendered":"<p><strong>NETTALI.COM - Vainqueur de la Coupe d\u2019Afrique des Nations avec le S\u00e9n\u00e9gal, en f\u00e9vrier dernier, Sadio Man\u00e9 s\u2019est longuement confi\u00e9 dans un entretien accord\u00e9 \u00e0 France Football. L\u2019occasion pour l\u2019attaquant des Lions de d\u00e9voiler ses folles ambitions : gagner la coupe du monde avec l'\u00e9quipe nationale du S\u00e9n\u00e9gal.<\/strong><\/p>\n<p>Sacr\u00e9 avec les Lions de la T\u00e9ranga, pour la premi\u00e8re fois de son histoire, lors de la derni\u00e8re Coupe d\u2019Afrique des Nations, Sadio Man\u00e9 (29 ans) continue de s\u2019imposer un peu plus comme un joueur incontournable de la plan\u00e8te football. \u00c9tincelant sous le maillot de Liverpool, en t\u00e9moignent ses 12 r\u00e9alisations inscrites en Premier League depuis le d\u00e9but de la saison, l\u2019attaquant s\u00e9n\u00e9galais a donc ajout\u00e9 une ligne \u00e0 son CV en soulevant cette CAN si attendue au S\u00e9n\u00e9gal.<\/p>\n<p>Fier et habill\u00e9, encore un peu plus, du costume de h\u00e9ros national, Sadio Man\u00e9 garde malgr\u00e9 tout la t\u00eate sur les \u00e9paules. Combl\u00e9 par ce titre sur la sc\u00e8ne continentale, l\u2019enfant de Bambali se projette enfin sur la suite de sa carri\u00e8re et les ambitions sont bien pr\u00e9sentes.<\/p>\n<p>Non retenu dans la liste des nomm\u00e9s du dernier le Ballon d\u2019Or 2021, le buteur des Reds ne l\u2019a pas encore totalement dig\u00e9r\u00e9 mais compte bien travailler dur pour esp\u00e9rer soulever, un jour, cette prestigieuse r\u00e9compense individuelle.<br \/>\n\" <em>J\u2019ai tellement faim que je reste \u00e0 l\u2019aff\u00fbt de ce qu\u2019il y a de bon et de beau \u00e0 d\u00e9vorer. Et le Ballon d\u2019Or en fait forc\u00e9ment partie. Mais je ne veux pas trop en parler maintenant<\/em> \", a laiss\u00e9 entendre Super Man\u00e9.<\/p>\n<p>Une chose est s\u00fbre, avec\u00a0les r\u00e9cents changements apport\u00e9s au r\u00e8glement du vote\u00a0et apr\u00e8s avoir \u00e9t\u00e9 sacr\u00e9 champion d\u2019Afrique en f\u00e9vrier dernier, l\u2019ancien de G\u00e9n\u00e9ration Foot reste plus que jamais en course. M\u00eame si pour lui, une chose lui manque encore\u2026<\/p>\n<p>\" <em>La Coupe du Monde, c\u2019est mon nouveau r\u00eave. Mais avant cela, il va falloir se qualifier, mais j\u2019ai envie de croire en des projets un peu fous et celui qui consiste \u00e0 remporter le Mondial avec le S\u00e9n\u00e9gal en est un. Si on y arrive, forc\u00e9ment, je me rapprocherai un peu plus de tous les joueurs qui postulent tous les ans au Ballon d\u2019Or. Si je gagne la Coupe du Monde, je pense que \u00e7a deviendra un objectif, oui<\/em> \", a ainsi reconnu Man\u00e9 et parmi les joueurs postulant tous les ans au Ballon d\u2019Or, Man\u00e9 doit forc\u00e9ment penser \u00e0 un certain Kylian Mbapp\u00e9 qu\u2019il aimerait m\u00eame voir \u00e9voluer \u00e0 ses c\u00f4t\u00e9s.<br \/>\n\" <em>Oui, jouer avec lui me plairait bien s\u00fbr. \u00c7a serait une association exceptionnelle. Il n\u2019a qu\u2019\u00e0 venir \u00e0 Liverpool. Je suis s\u00fbr qu\u2019il s\u2019y plairait<\/em> \", a conclu le dernier Ballon d'or africain.<\/p>\n<div class='share-to-whatsapp-wrapper'><div class='share-on-whsp'>PARTAGER SUR : <\/div><a data-text='SADIO MAN\u00c9 - \"La coupe du monde, c'est mon nouveau r\u00eave\"' data-link='https:\/\/www.nettali.com\/2022\/03\/12\/sadio-mane-la-coupe-du-monde-cest-mon-nouveau-reve\/' class='whatsapp-button whatsapp-share'>WhatsApp<\/a><div class='clear '><\/div><\/div>","protected":false},"excerpt":{"rendered":"<p>NETTALI.COM - Vainqueur de la Coupe d\u2019Afrique des Nations avec le S\u00e9n\u00e9gal, en f\u00e9vrier dernier, Sadio Man\u00e9 s\u2019est longuement confi\u00e9 dans un entretien accord\u00e9 \u00e0 France Football. L\u2019occasion pour l\u2019attaquant des Lions de d\u00e9voiler ses folles ambitions : gagner la coupe du monde avec l'\u00e9quipe nationale du S\u00e9n\u00e9gal. Sacr\u00e9 avec les Lions de la T\u00e9ranga, [&hellip;]<\/p>\n","protected":false},"author":5,"featured_media":82890,"comment_status":"open","ping_status":"open","sticky":false,"template":"","format":"standard","meta":{"_et_pb_use_builder":"","_et_pb_old_content":""},"categories":[6],"tags":[],"yoast_head":"<!-- This site is optimized with the Yoast SEO Premium plugin v17.8 (Yoast SEO v17.8) - https:\/\/yoast.com\/wordpress\/plugins\/seo\/ -->\n<title>SADIO MAN\u00c9 - &quot;La coupe du monde, c&#039;est mon nouveau r\u00eave&quot; | Nettali.com<\/title>\n<meta name=\"robots\" content=\"index, follow, max-snippet:-1, max-image-preview:large, max-video-preview:-1\" \/>\n<link rel=\"canonical\" href=\"https:\/\/www.nettali.com\/2022\/03\/12\/sadio-mane-la-coupe-du-monde-cest-mon-nouveau-reve\/\" \/>\n<meta property=\"og:locale\" content=\"fr_FR\" \/>\n<meta property=\"og:type\" content=\"article\" \/>\n<meta property=\"og:title\" content=\"SADIO MAN\u00c9 - &quot;La coupe du monde, c&#039;est mon nouveau r\u00eave&quot;\" \/>\n<meta property=\"og:description\" content=\"NETTALI.COM - Vainqueur de la Coupe d\u2019Afrique des Nations avec le S\u00e9n\u00e9gal, en f\u00e9vrier dernier, Sadio Man\u00e9 s\u2019est longuement confi\u00e9 dans un entretien accord\u00e9 \u00e0 France Football. L\u2019occasion pour l\u2019attaquant des Lions de d\u00e9voiler ses folles ambitions : gagner la coupe du monde avec l&#039;\u00e9quipe nationale du S\u00e9n\u00e9gal. Sacr\u00e9 avec les Lions de la T\u00e9ranga, [&hellip;]\" \/>\n<meta property=\"og:url\" content=\"https:\/\/www.nettali.com\/2022\/03\/12\/sadio-mane-la-coupe-du-monde-cest-mon-nouveau-reve\/\" \/>\n<meta property=\"og:site_name\" content=\"Nettali.com\" \/>\n<meta property=\"article:publisher\" content=\"https:\/\/www.facebook.com\/nettalicom\" \/>\n<meta property=\"article:published_time\" content=\"2022-03-12T23:44:47+00:00\" \/>\n<meta property=\"article:modified_time\" content=\"2022-03-13T13:26:42+00:00\" \/>\n<meta property=\"og:image\" content=\"https:\/\/www.nettali.com\/wp-content\/uploads\/2022\/03\/Sadio-Mane-champion-dAfrique.jpg\" \/>\n\t<meta property=\"og:image:width\" content=\"1200\" \/>\n\t<meta property=\"og:image:height\" content=\"675\" \/>\n<meta name=\"twitter:card\" content=\"summary_large_image\" \/>\n<meta name=\"twitter:label1\" content=\"\u00c9crit par\" \/>\n\t<meta name=\"twitter:data1\" content=\"Ibrahima\" \/>\n\t<meta name=\"twitter:label2\" content=\"Dur\u00e9e de lecture estim\u00e9e\" \/>\n\t<meta name=\"twitter:data2\" content=\"3 minutes\" \/>\n<script type=\"application\/ld+json\" class=\"yoast-schema-graph\">{\"@context\":\"https:\/\/schema.org\",\"@graph\":[{\"@type\":\"WebSite\",\"@id\":\"https:\/\/www.nettali.com\/#website\",\"url\":\"https:\/\/www.nettali.com\/\",\"name\":\"Nettali.com\",\"description\":\"Le rendez-vous critique du Net\",\"potentialAction\":[{\"@type\":\"SearchAction\",\"target\":{\"@type\":\"EntryPoint\",\"urlTemplate\":\"https:\/\/www.nettali.com\/?s={search_term_string}\"},\"query-input\":\"required name=search_term_string\"}],\"inLanguage\":\"fr-FR\"},{\"@type\":\"ImageObject\",\"@id\":\"https:\/\/www.nettali.com\/2022\/03\/12\/sadio-mane-la-coupe-du-monde-cest-mon-nouveau-reve\/#primaryimage\",\"inLanguage\":\"fr-FR\",\"url\":\"https:\/\/www.nettali.com\/wp-content\/uploads\/2022\/03\/Sadio-Mane-champion-dAfrique.jpg\",\"contentUrl\":\"https:\/\/www.nettali.com\/wp-content\/uploads\/2022\/03\/Sadio-Mane-champion-dAfrique.jpg\",\"width\":1200,\"height\":675},{\"@type\":\"WebPage\",\"@id\":\"https:\/\/www.nettali.com\/2022\/03\/12\/sadio-mane-la-coupe-du-monde-cest-mon-nouveau-reve\/#webpage\",\"url\":\"https:\/\/www.nettali.com\/2022\/03\/12\/sadio-mane-la-coupe-du-monde-cest-mon-nouveau-reve\/\",\"name\":\"SADIO MAN\\u00c9 - \\\"La coupe du monde, c'est mon nouveau r\\u00eave\\\" | Nettali.com\",\"isPartOf\":{\"@id\":\"https:\/\/www.nettali.com\/#website\"},\"primaryImageOfPage\":{\"@id\":\"https:\/\/www.nettali.com\/2022\/03\/12\/sadio-mane-la-coupe-du-monde-cest-mon-nouveau-reve\/#primaryimage\"},\"datePublished\":\"2022-03-12T23:44:47+00:00\",\"dateModified\":\"2022-03-13T13:26:42+00:00\",\"author\":{\"@id\":\"https:\/\/www.nettali.com\/#\/schema\/person\/bb147657c2986240405a608162b9bb23\"},\"breadcrumb\":{\"@id\":\"https:\/\/www.nettali.com\/2022\/03\/12\/sadio-mane-la-coupe-du-monde-cest-mon-nouveau-reve\/#breadcrumb\"},\"inLanguage\":\"fr-FR\",\"potentialAction\":[{\"@type\":\"ReadAction\",\"target\":[\"https:\/\/www.nettali.com\/2022\/03\/12\/sadio-mane-la-coupe-du-monde-cest-mon-nouveau-reve\/\"]}]},{\"@type\":\"BreadcrumbList\",\"@id\":\"https:\/\/www.nettali.com\/2022\/03\/12\/sadio-mane-la-coupe-du-monde-cest-mon-nouveau-reve\/#breadcrumb\",\"itemListElement\":[{\"@type\":\"ListItem\",\"position\":1,\"name\":\"Accueil\",\"item\":\"https:\/\/www.nettali.com\/\"},{\"@type\":\"ListItem\",\"position\":2,\"name\":\"SADIO MAN\\u00c9 &#8211; \\u00ab\\u00a0La coupe du monde, c&rsquo;est mon nouveau r\\u00eave\\u00a0\\u00bb\"}]},{\"@type\":\"Person\",\"@id\":\"https:\/\/www.nettali.com\/#\/schema\/person\/bb147657c2986240405a608162b9bb23\",\"name\":\"Ibrahima\",\"image\":{\"@type\":\"ImageObject\",\"@id\":\"https:\/\/www.nettali.com\/#personlogo\",\"inLanguage\":\"fr-FR\",\"url\":\"https:\/\/secure.gravatar.com\/avatar\/26a8a81f09f0dd7624c9d5c36c9ba3a2?s=96&d=mm&r=g\",\"contentUrl\":\"https:\/\/secure.gravatar.com\/avatar\/26a8a81f09f0dd7624c9d5c36c9ba3a2?s=96&d=mm&r=g\",\"caption\":\"Ibrahima\"},\"sameAs\":[\"https:\/\/www.nettali.com\"]}]}<\/script>\n<!-- \/ Yoast SEO Premium plugin. -->","yoast_head_json":{"title":"SADIO MAN\u00c9 - \"La coupe du monde, c'est mon nouveau r\u00eave\" | Nettali.com","robots":{"index":"index","follow":"follow","max-snippet":"max-snippet:-1","max-image-preview":"max-image-preview:large","max-video-preview":"max-video-preview:-1"},"canonical":"https:\/\/www.nettali.com\/2022\/03\/12\/sadio-mane-la-coupe-du-monde-cest-mon-nouveau-reve\/","og_locale":"fr_FR","og_type":"article","og_title":"SADIO MAN\u00c9 - \"La coupe du monde, c'est mon nouveau r\u00eave\"","og_description":"NETTALI.COM - Vainqueur de la Coupe d\u2019Afrique des Nations avec le S\u00e9n\u00e9gal, en f\u00e9vrier dernier, Sadio Man\u00e9 s\u2019est longuement confi\u00e9 dans un entretien accord\u00e9 \u00e0 France Football. L\u2019occasion pour l\u2019attaquant des Lions de d\u00e9voiler ses folles ambitions : gagner la coupe du monde avec l'\u00e9quipe nationale du S\u00e9n\u00e9gal. Sacr\u00e9 avec les Lions de la T\u00e9ranga, [&hellip;]","og_url":"https:\/\/www.nettali.com\/2022\/03\/12\/sadio-mane-la-coupe-du-monde-cest-mon-nouveau-reve\/","og_site_name":"Nettali.com","article_publisher":"https:\/\/www.facebook.com\/nettalicom","article_published_time":"2022-03-12T23:44:47+00:00","article_modified_time":"2022-03-13T13:26:42+00:00","og_image":[{"width":1200,"height":675,"url":"https:\/\/www.nettali.com\/wp-content\/uploads\/2022\/03\/Sadio-Mane-champion-dAfrique.jpg","type":"image\/jpeg"}],"twitter_card":"summary_large_image","twitter_misc":{"\u00c9crit par":"Ibrahima","Dur\u00e9e de lecture estim\u00e9e":"3 minutes"},"schema":{"@context":"https:\/\/schema.org","@graph":[{"@type":"WebSite","@id":"https:\/\/www.nettali.com\/#website","url":"https:\/\/www.nettali.com\/","name":"Nettali.com","description":"Le rendez-vous critique du Net","potentialAction":[{"@type":"SearchAction","target":{"@type":"EntryPoint","urlTemplate":"https:\/\/www.nettali.com\/?s={search_term_string}"},"query-input":"required name=search_term_string"}],"inLanguage":"fr-FR"},{"@type":"ImageObject","@id":"https:\/\/www.nettali.com\/2022\/03\/12\/sadio-mane-la-coupe-du-monde-cest-mon-nouveau-reve\/#primaryimage","inLanguage":"fr-FR","url":"https:\/\/www.nettali.com\/wp-content\/uploads\/2022\/03\/Sadio-Mane-champion-dAfrique.jpg","contentUrl":"https:\/\/www.nettali.com\/wp-content\/uploads\/2022\/03\/Sadio-Mane-champion-dAfrique.jpg","width":1200,"height":675},{"@type":"WebPage","@id":"https:\/\/www.nettali.com\/2022\/03\/12\/sadio-mane-la-coupe-du-monde-cest-mon-nouveau-reve\/#webpage","url":"https:\/\/www.nettali.com\/2022\/03\/12\/sadio-mane-la-coupe-du-monde-cest-mon-nouveau-reve\/","name":"SADIO MAN\u00c9 - \"La coupe du monde, c'est mon nouveau r\u00eave\" | Nettali.com","isPartOf":{"@id":"https:\/\/www.nettali.com\/#website"},"primaryImageOfPage":{"@id":"https:\/\/www.nettali.com\/2022\/03\/12\/sadio-mane-la-coupe-du-monde-cest-mon-nouveau-reve\/#primaryimage"},"datePublished":"2022-03-12T23:44:47+00:00","dateModified":"2022-03-13T13:26:42+00:00","author":{"@id":"https:\/\/www.nettali.com\/#\/schema\/person\/bb147657c2986240405a608162b9bb23"},"breadcrumb":{"@id":"https:\/\/www.nettali.com\/2022\/03\/12\/sadio-mane-la-coupe-du-monde-cest-mon-nouveau-reve\/#breadcrumb"},"inLanguage":"fr-FR","potentialAction":[{"@type":"ReadAction","target":["https:\/\/www.nettali.com\/2022\/03\/12\/sadio-mane-la-coupe-du-monde-cest-mon-nouveau-reve\/"]}]},{"@type":"BreadcrumbList","@id":"https:\/\/www.nettali.com\/2022\/03\/12\/sadio-mane-la-coupe-du-monde-cest-mon-nouveau-reve\/#breadcrumb","itemListElement":[{"@type":"ListItem","position":1,"name":"Accueil","item":"https:\/\/www.nettali.com\/"},{"@type":"ListItem","position":2,"name":"SADIO MAN\u00c9 &#8211; \u00ab\u00a0La coupe du monde, c&rsquo;est mon nouveau r\u00eave\u00a0\u00bb"}]},{"@type":"Person","@id":"https:\/\/www.nettali.com\/#\/schema\/person\/bb147657c2986240405a608162b9bb23","name":"Ibrahima","image":{"@type":"ImageObject","@id":"https:\/\/www.nettali.com\/#personlogo","inLanguage":"fr-FR","url":"https:\/\/secure.gravatar.com\/avatar\/26a8a81f09f0dd7624c9d5c36c9ba3a2?s=96&d=mm&r=g","contentUrl":"https:\/\/secure.gravatar.com\/avatar\/26a8a81f09f0dd7624c9d5c36c9ba3a2?s=96&d=mm&r=g","caption":"Ibrahima"},"sameAs":["https:\/\/www.nettali.com"]}]}},"_links":{"self":[{"href":"https:\/\/www.nettali.com\/rest\/wp\/v2\/posts\/82889"}],"collection":[{"href":"https:\/\/www.nettali.com\/rest\/wp\/v2\/posts"}],"about":[{"href":"https:\/\/www.nettali.com\/rest\/wp\/v2\/types\/post"}],"author":[{"embeddable":true,"href":"https:\/\/www.nettali.com\/rest\/wp\/v2\/users\/5"}],"replies":[{"embeddable":true,"href":"https:\/\/www.nettali.com\/rest\/wp\/v2\/comments?post=82889"}],"version-history":[{"count":5,"href":"https:\/\/www.nettali.com\/rest\/wp\/v2\/posts\/82889\/revisions"}],"predecessor-version":[{"id":82918,"href":"https:\/\/www.nettali.com\/rest\/wp\/v2\/posts\/82889\/revisions\/82918"}],"wp:featuredmedia":[{"embeddable":true,"href":"https:\/\/www.nettali.com\/rest\/wp\/v2\/media\/82890"}],"wp:attachment":[{"href":"https:\/\/www.nettali.com\/rest\/wp\/v2\/media?parent=82889"}],"wp:term":[{"taxonomy":"category","embeddable":true,"href":"https:\/\/www.nettali.com\/rest\/wp\/v2\/categories?post=82889"},{"taxonomy":"post_tag","embeddable":true,"href":"https:\/\/www.nettali.com\/rest\/wp\/v2\/tags?post=82889"}],"curies":[{"name":"wp","href":"https:\/\/api.w.org\/{rel}","templated":true}]}}