{"id":82820,"date":"2022-03-11T10:16:12","date_gmt":"2022-03-11T10:16:12","guid":{"rendered":"https:\/\/www.nettali.com\/?p=82820"},"modified":"2022-03-11T10:16:12","modified_gmt":"2022-03-11T10:16:12","slug":"saint-louis-journee-du-rein-un-taux-inquietant-de-plus-de-12-de-malades-chroniques-affiche","status":"publish","type":"post","link":"https:\/\/www.nettali.com\/2022\/03\/11\/saint-louis-journee-du-rein-un-taux-inquietant-de-plus-de-12-de-malades-chroniques-affiche\/","title":{"rendered":"SAINT-LOUIS - JOURN\u00c9E DU REIN - Un taux inqui\u00e9tant de plus de 12 % de malades chroniques affich\u00e9"},"content":{"rendered":"<p><strong>NETTALI.COM - Le ravage de la maladie des reins n\u2019a pas \u00e9pargn\u00e9 la r\u00e9gion de Saint-Louis. D\u2019ailleurs, pr\u00e8s des 2\/3 des patients hospitalis\u00e9s au service n\u00e9phrologie de l\u2019h\u00f4pital r\u00e9gional souffrent d\u2019insuffisance r\u00e9nale chronique. D\u2019o\u00f9 l\u2019appel lanc\u00e9 par docteur Ibrahima Demba Diallo, Chef du Service de n\u00e9phrologie h\u00e9modialyse de l\u2019h\u00f4pital r\u00e9gional de Saint-Louis pour un d\u00e9pistage pr\u00e9coce de la maladie.<\/strong><\/p>\n<p>Malgr\u00e9 les gros efforts fournis par les autorit\u00e9s sanitaires pour soulager les malades du rein, les h\u00e9modialys\u00e9s traversent toujours des moments tr\u00e8s difficiles. Pour le chef du Service de n\u00e9phrologie clinique et d\u2019h\u00e9modialyse de l\u2019h\u00f4pital r\u00e9gional de Saint-Louis, la demande des malades est toujours plus forte que l\u2019offre pour la prise en charge. \u201cPr\u00e9sentement, notre service a recens\u00e9 pr\u00e8s de 80 h\u00e9modialys\u00e9s, dont 40 malades sont sous traitement et 37 autres patients inscrits sur la liste d\u2019attente. Au service de n\u00e9phrologie, les 2\/3 des patients hospitalis\u00e9s souffrent de l'insuffisance r\u00e9nale chronique\u2019\u2019, a renseign\u00e9 le docteur Ibrahima Demba Diallo. Avant de souligner que la maladie des reins progresse \u00e9galement \u00e0 une vitesse insoup\u00e7onn\u00e9e dans la r\u00e9gion Nord.<\/p>\n<p>Il y a 10 ans, des \u00e9tudes dans la r\u00e9gion avaient r\u00e9v\u00e9l\u00e9 un taux de pr\u00e9valence de 12 % de malades souffrant de l\u2019insuffisance r\u00e9nale. Mais on peut dire que ce chiffre est sous-\u00e9valu\u00e9. Puisque de nombreux malades sont d\u00e9c\u00e9d\u00e9s de la maladie des reins sans se faire consulter et d\u00e9pister dans une structure sanitaire\u2019\u2019, a poursuivi le Dr Diallo. Raison pour laquelle le chef du Service de n\u00e9phrologie-h\u00e9modialyse du centre hospitalier r\u00e9gional de Saint-Louis invite la population \u00e0 aller se faire d\u00e9pister tr\u00e8s t\u00f4t, pour \u00e9viter l'insuffisance r\u00e9nale chronique. Pour lui, la maladie r\u00e9nale constitue un tueur silencieux. \u201cChaque ann\u00e9e, des millions de personnes dont des milliers de S\u00e9n\u00e9galais meurent de l\u2019insuffisance r\u00e9nale sans \u00eatre vus par un m\u00e9decin sp\u00e9cialiste ou g\u00e9n\u00e9raliste\u2019\u2019, a insist\u00e9 le Dr Diallo.<\/p>\n<p>Ainsi, pour renverser la tendance, la direction de l\u2019h\u00f4pital, en collaboration avec l\u2019association des malades de Saint-Louis, ont organis\u00e9 une journ\u00e9e de d\u00e9pistage suivie d\u2019une conf\u00e9rence publique sur les dangers de la maladie. D\u2019ailleurs, les activit\u00e9s de la Journ\u00e9e mondiale du rein ont \u00e9t\u00e9 \u00e9galement mises \u00e0 profit par les professionnels de la sant\u00e9 pour inviter les populations \u00e0 faire du sport, \u00e0 ne pas toucher \u00e0 l\u2019alcool, au tabac, \u00e0 boire beaucoup d\u2019eau et \u00e0 se faire consulter par un sp\u00e9cialiste sant\u00e9, en cas de p\u00e9pins sanitaires, entre autres, afin d\u2019\u00e9viter la maladie.<\/p>\n<div class='share-to-whatsapp-wrapper'><div class='share-on-whsp'>PARTAGER SUR : <\/div><a data-text='SAINT-LOUIS - JOURN\u00c9E DU REIN - Un taux inqui\u00e9tant de plus de 12 % de malades chroniques affich\u00e9' data-link='https:\/\/www.nettali.com\/2022\/03\/11\/saint-louis-journee-du-rein-un-taux-inquietant-de-plus-de-12-de-malades-chroniques-affiche\/' class='whatsapp-button whatsapp-share'>WhatsApp<\/a><div class='clear '><\/div><\/div>","protected":false},"excerpt":{"rendered":"<p>NETTALI.COM - Le ravage de la maladie des reins n\u2019a pas \u00e9pargn\u00e9 la r\u00e9gion de Saint-Louis. D\u2019ailleurs, pr\u00e8s des 2\/3 des patients hospitalis\u00e9s au service n\u00e9phrologie de l\u2019h\u00f4pital r\u00e9gional souffrent d\u2019insuffisance r\u00e9nale chronique. D\u2019o\u00f9 l\u2019appel lanc\u00e9 par docteur Ibrahima Demba Diallo, Chef du Service de n\u00e9phrologie h\u00e9modialyse de l\u2019h\u00f4pital r\u00e9gional de Saint-Louis pour un d\u00e9pistage [&hellip;]<\/p>\n","protected":false},"author":11,"featured_media":70177,"comment_status":"open","ping_status":"open","sticky":false,"template":"","format":"standard","meta":{"_et_pb_use_builder":"","_et_pb_old_content":""},"categories":[22],"tags":[],"yoast_head":"<!-- This site is optimized with the Yoast SEO Premium plugin v17.8 (Yoast SEO v17.8) - https:\/\/yoast.com\/wordpress\/plugins\/seo\/ -->\n<title>SAINT-LOUIS - JOURN\u00c9E DU REIN - Un taux inqui\u00e9tant de plus de 12 % de malades chroniques affich\u00e9 | Nettali.com<\/title>\n<meta name=\"robots\" content=\"index, follow, max-snippet:-1, max-image-preview:large, max-video-preview:-1\" \/>\n<link rel=\"canonical\" href=\"https:\/\/www.nettali.com\/2022\/03\/11\/saint-louis-journee-du-rein-un-taux-inquietant-de-plus-de-12-de-malades-chroniques-affiche\/\" \/>\n<meta property=\"og:locale\" content=\"fr_FR\" \/>\n<meta property=\"og:type\" content=\"article\" \/>\n<meta property=\"og:title\" content=\"SAINT-LOUIS - JOURN\u00c9E DU REIN - Un taux inqui\u00e9tant de plus de 12 % de malades chroniques affich\u00e9\" \/>\n<meta property=\"og:description\" content=\"NETTALI.COM - Le ravage de la maladie des reins n\u2019a pas \u00e9pargn\u00e9 la r\u00e9gion de Saint-Louis. D\u2019ailleurs, pr\u00e8s des 2\/3 des patients hospitalis\u00e9s au service n\u00e9phrologie de l\u2019h\u00f4pital r\u00e9gional souffrent d\u2019insuffisance r\u00e9nale chronique. D\u2019o\u00f9 l\u2019appel lanc\u00e9 par docteur Ibrahima Demba Diallo, Chef du Service de n\u00e9phrologie h\u00e9modialyse de l\u2019h\u00f4pital r\u00e9gional de Saint-Louis pour un d\u00e9pistage [&hellip;]\" \/>\n<meta property=\"og:url\" content=\"https:\/\/www.nettali.com\/2022\/03\/11\/saint-louis-journee-du-rein-un-taux-inquietant-de-plus-de-12-de-malades-chroniques-affiche\/\" \/>\n<meta property=\"og:site_name\" content=\"Nettali.com\" \/>\n<meta property=\"article:publisher\" content=\"https:\/\/www.facebook.com\/nettalicom\" \/>\n<meta property=\"article:published_time\" content=\"2022-03-11T10:16:12+00:00\" \/>\n<meta property=\"og:image\" content=\"https:\/\/www.nettali.com\/wp-content\/uploads\/2021\/08\/reins_malades.jpg\" \/>\n\t<meta property=\"og:image:width\" content=\"692\" \/>\n\t<meta property=\"og:image:height\" content=\"351\" \/>\n<meta name=\"twitter:card\" content=\"summary_large_image\" \/>\n<meta name=\"twitter:label1\" content=\"\u00c9crit par\" \/>\n\t<meta name=\"twitter:data1\" content=\"Thierno Diop\" \/>\n\t<meta name=\"twitter:label2\" content=\"Dur\u00e9e de lecture estim\u00e9e\" \/>\n\t<meta name=\"twitter:data2\" content=\"3 minutes\" \/>\n<script type=\"application\/ld+json\" class=\"yoast-schema-graph\">{\"@context\":\"https:\/\/schema.org\",\"@graph\":[{\"@type\":\"WebSite\",\"@id\":\"https:\/\/www.nettali.com\/#website\",\"url\":\"https:\/\/www.nettali.com\/\",\"name\":\"Nettali.com\",\"description\":\"Le rendez-vous critique du Net\",\"potentialAction\":[{\"@type\":\"SearchAction\",\"target\":{\"@type\":\"EntryPoint\",\"urlTemplate\":\"https:\/\/www.nettali.com\/?s={search_term_string}\"},\"query-input\":\"required name=search_term_string\"}],\"inLanguage\":\"fr-FR\"},{\"@type\":\"ImageObject\",\"@id\":\"https:\/\/www.nettali.com\/2022\/03\/11\/saint-louis-journee-du-rein-un-taux-inquietant-de-plus-de-12-de-malades-chroniques-affiche\/#primaryimage\",\"inLanguage\":\"fr-FR\",\"url\":\"https:\/\/www.nettali.com\/wp-content\/uploads\/2021\/08\/reins_malades.jpg\",\"contentUrl\":\"https:\/\/www.nettali.com\/wp-content\/uploads\/2021\/08\/reins_malades.jpg\",\"width\":692,\"height\":351},{\"@type\":\"WebPage\",\"@id\":\"https:\/\/www.nettali.com\/2022\/03\/11\/saint-louis-journee-du-rein-un-taux-inquietant-de-plus-de-12-de-malades-chroniques-affiche\/#webpage\",\"url\":\"https:\/\/www.nettali.com\/2022\/03\/11\/saint-louis-journee-du-rein-un-taux-inquietant-de-plus-de-12-de-malades-chroniques-affiche\/\",\"name\":\"SAINT-LOUIS - JOURN\\u00c9E DU REIN - Un taux inqui\\u00e9tant de plus de 12 % de malades chroniques affich\\u00e9 | Nettali.com\",\"isPartOf\":{\"@id\":\"https:\/\/www.nettali.com\/#website\"},\"primaryImageOfPage\":{\"@id\":\"https:\/\/www.nettali.com\/2022\/03\/11\/saint-louis-journee-du-rein-un-taux-inquietant-de-plus-de-12-de-malades-chroniques-affiche\/#primaryimage\"},\"datePublished\":\"2022-03-11T10:16:12+00:00\",\"dateModified\":\"2022-03-11T10:16:12+00:00\",\"author\":{\"@id\":\"https:\/\/www.nettali.com\/#\/schema\/person\/8a06c6bd7b19304cf4bf985862900b5b\"},\"breadcrumb\":{\"@id\":\"https:\/\/www.nettali.com\/2022\/03\/11\/saint-louis-journee-du-rein-un-taux-inquietant-de-plus-de-12-de-malades-chroniques-affiche\/#breadcrumb\"},\"inLanguage\":\"fr-FR\",\"potentialAction\":[{\"@type\":\"ReadAction\",\"target\":[\"https:\/\/www.nettali.com\/2022\/03\/11\/saint-louis-journee-du-rein-un-taux-inquietant-de-plus-de-12-de-malades-chroniques-affiche\/\"]}]},{\"@type\":\"BreadcrumbList\",\"@id\":\"https:\/\/www.nettali.com\/2022\/03\/11\/saint-louis-journee-du-rein-un-taux-inquietant-de-plus-de-12-de-malades-chroniques-affiche\/#breadcrumb\",\"itemListElement\":[{\"@type\":\"ListItem\",\"position\":1,\"name\":\"Accueil\",\"item\":\"https:\/\/www.nettali.com\/\"},{\"@type\":\"ListItem\",\"position\":2,\"name\":\"SAINT-LOUIS &#8211; JOURN\\u00c9E DU REIN &#8211; Un taux inqui\\u00e9tant de plus de 12 % de malades chroniques affich\\u00e9\"}]},{\"@type\":\"Person\",\"@id\":\"https:\/\/www.nettali.com\/#\/schema\/person\/8a06c6bd7b19304cf4bf985862900b5b\",\"name\":\"Thierno Diop\",\"image\":{\"@type\":\"ImageObject\",\"@id\":\"https:\/\/www.nettali.com\/#personlogo\",\"inLanguage\":\"fr-FR\",\"url\":\"https:\/\/secure.gravatar.com\/avatar\/c8ca58550c94fd2ac856d27391a6c866?s=96&d=mm&r=g\",\"contentUrl\":\"https:\/\/secure.gravatar.com\/avatar\/c8ca58550c94fd2ac856d27391a6c866?s=96&d=mm&r=g\",\"caption\":\"Thierno Diop\"},\"sameAs\":[\"https:\/\/nettali.com\"]}]}<\/script>\n<!-- \/ Yoast SEO Premium plugin. -->","yoast_head_json":{"title":"SAINT-LOUIS - JOURN\u00c9E DU REIN - Un taux inqui\u00e9tant de plus de 12 % de malades chroniques affich\u00e9 | Nettali.com","robots":{"index":"index","follow":"follow","max-snippet":"max-snippet:-1","max-image-preview":"max-image-preview:large","max-video-preview":"max-video-preview:-1"},"canonical":"https:\/\/www.nettali.com\/2022\/03\/11\/saint-louis-journee-du-rein-un-taux-inquietant-de-plus-de-12-de-malades-chroniques-affiche\/","og_locale":"fr_FR","og_type":"article","og_title":"SAINT-LOUIS - JOURN\u00c9E DU REIN - Un taux inqui\u00e9tant de plus de 12 % de malades chroniques affich\u00e9","og_description":"NETTALI.COM - Le ravage de la maladie des reins n\u2019a pas \u00e9pargn\u00e9 la r\u00e9gion de Saint-Louis. D\u2019ailleurs, pr\u00e8s des 2\/3 des patients hospitalis\u00e9s au service n\u00e9phrologie de l\u2019h\u00f4pital r\u00e9gional souffrent d\u2019insuffisance r\u00e9nale chronique. D\u2019o\u00f9 l\u2019appel lanc\u00e9 par docteur Ibrahima Demba Diallo, Chef du Service de n\u00e9phrologie h\u00e9modialyse de l\u2019h\u00f4pital r\u00e9gional de Saint-Louis pour un d\u00e9pistage [&hellip;]","og_url":"https:\/\/www.nettali.com\/2022\/03\/11\/saint-louis-journee-du-rein-un-taux-inquietant-de-plus-de-12-de-malades-chroniques-affiche\/","og_site_name":"Nettali.com","article_publisher":"https:\/\/www.facebook.com\/nettalicom","article_published_time":"2022-03-11T10:16:12+00:00","og_image":[{"width":692,"height":351,"url":"https:\/\/www.nettali.com\/wp-content\/uploads\/2021\/08\/reins_malades.jpg","type":"image\/jpeg"}],"twitter_card":"summary_large_image","twitter_misc":{"\u00c9crit par":"Thierno Diop","Dur\u00e9e de lecture estim\u00e9e":"3 minutes"},"schema":{"@context":"https:\/\/schema.org","@graph":[{"@type":"WebSite","@id":"https:\/\/www.nettali.com\/#website","url":"https:\/\/www.nettali.com\/","name":"Nettali.com","description":"Le rendez-vous critique du Net","potentialAction":[{"@type":"SearchAction","target":{"@type":"EntryPoint","urlTemplate":"https:\/\/www.nettali.com\/?s={search_term_string}"},"query-input":"required name=search_term_string"}],"inLanguage":"fr-FR"},{"@type":"ImageObject","@id":"https:\/\/www.nettali.com\/2022\/03\/11\/saint-louis-journee-du-rein-un-taux-inquietant-de-plus-de-12-de-malades-chroniques-affiche\/#primaryimage","inLanguage":"fr-FR","url":"https:\/\/www.nettali.com\/wp-content\/uploads\/2021\/08\/reins_malades.jpg","contentUrl":"https:\/\/www.nettali.com\/wp-content\/uploads\/2021\/08\/reins_malades.jpg","width":692,"height":351},{"@type":"WebPage","@id":"https:\/\/www.nettali.com\/2022\/03\/11\/saint-louis-journee-du-rein-un-taux-inquietant-de-plus-de-12-de-malades-chroniques-affiche\/#webpage","url":"https:\/\/www.nettali.com\/2022\/03\/11\/saint-louis-journee-du-rein-un-taux-inquietant-de-plus-de-12-de-malades-chroniques-affiche\/","name":"SAINT-LOUIS - JOURN\u00c9E DU REIN - Un taux inqui\u00e9tant de plus de 12 % de malades chroniques affich\u00e9 | Nettali.com","isPartOf":{"@id":"https:\/\/www.nettali.com\/#website"},"primaryImageOfPage":{"@id":"https:\/\/www.nettali.com\/2022\/03\/11\/saint-louis-journee-du-rein-un-taux-inquietant-de-plus-de-12-de-malades-chroniques-affiche\/#primaryimage"},"datePublished":"2022-03-11T10:16:12+00:00","dateModified":"2022-03-11T10:16:12+00:00","author":{"@id":"https:\/\/www.nettali.com\/#\/schema\/person\/8a06c6bd7b19304cf4bf985862900b5b"},"breadcrumb":{"@id":"https:\/\/www.nettali.com\/2022\/03\/11\/saint-louis-journee-du-rein-un-taux-inquietant-de-plus-de-12-de-malades-chroniques-affiche\/#breadcrumb"},"inLanguage":"fr-FR","potentialAction":[{"@type":"ReadAction","target":["https:\/\/www.nettali.com\/2022\/03\/11\/saint-louis-journee-du-rein-un-taux-inquietant-de-plus-de-12-de-malades-chroniques-affiche\/"]}]},{"@type":"BreadcrumbList","@id":"https:\/\/www.nettali.com\/2022\/03\/11\/saint-louis-journee-du-rein-un-taux-inquietant-de-plus-de-12-de-malades-chroniques-affiche\/#breadcrumb","itemListElement":[{"@type":"ListItem","position":1,"name":"Accueil","item":"https:\/\/www.nettali.com\/"},{"@type":"ListItem","position":2,"name":"SAINT-LOUIS &#8211; JOURN\u00c9E DU REIN &#8211; Un taux inqui\u00e9tant de plus de 12 % de malades chroniques affich\u00e9"}]},{"@type":"Person","@id":"https:\/\/www.nettali.com\/#\/schema\/person\/8a06c6bd7b19304cf4bf985862900b5b","name":"Thierno Diop","image":{"@type":"ImageObject","@id":"https:\/\/www.nettali.com\/#personlogo","inLanguage":"fr-FR","url":"https:\/\/secure.gravatar.com\/avatar\/c8ca58550c94fd2ac856d27391a6c866?s=96&d=mm&r=g","contentUrl":"https:\/\/secure.gravatar.com\/avatar\/c8ca58550c94fd2ac856d27391a6c866?s=96&d=mm&r=g","caption":"Thierno Diop"},"sameAs":["https:\/\/nettali.com"]}]}},"_links":{"self":[{"href":"https:\/\/www.nettali.com\/rest\/wp\/v2\/posts\/82820"}],"collection":[{"href":"https:\/\/www.nettali.com\/rest\/wp\/v2\/posts"}],"about":[{"href":"https:\/\/www.nettali.com\/rest\/wp\/v2\/types\/post"}],"author":[{"embeddable":true,"href":"https:\/\/www.nettali.com\/rest\/wp\/v2\/users\/11"}],"replies":[{"embeddable":true,"href":"https:\/\/www.nettali.com\/rest\/wp\/v2\/comments?post=82820"}],"version-history":[{"count":1,"href":"https:\/\/www.nettali.com\/rest\/wp\/v2\/posts\/82820\/revisions"}],"predecessor-version":[{"id":82821,"href":"https:\/\/www.nettali.com\/rest\/wp\/v2\/posts\/82820\/revisions\/82821"}],"wp:featuredmedia":[{"embeddable":true,"href":"https:\/\/www.nettali.com\/rest\/wp\/v2\/media\/70177"}],"wp:attachment":[{"href":"https:\/\/www.nettali.com\/rest\/wp\/v2\/media?parent=82820"}],"wp:term":[{"taxonomy":"category","embeddable":true,"href":"https:\/\/www.nettali.com\/rest\/wp\/v2\/categories?post=82820"},{"taxonomy":"post_tag","embeddable":true,"href":"https:\/\/www.nettali.com\/rest\/wp\/v2\/tags?post=82820"}],"curies":[{"name":"wp","href":"https:\/\/api.w.org\/{rel}","templated":true}]}}