{"id":82808,"date":"2022-03-11T08:32:30","date_gmt":"2022-03-11T08:32:30","guid":{"rendered":"https:\/\/www.nettali.com\/?p=82808"},"modified":"2022-03-11T08:32:30","modified_gmt":"2022-03-11T08:32:30","slug":"psg-nasser-leonardo-la-procedure-disciplinaire","status":"publish","type":"post","link":"https:\/\/www.nettali.com\/2022\/03\/11\/psg-nasser-leonardo-la-procedure-disciplinaire\/","title":{"rendered":"PSG - Nasser-Leonardo, la proc\u00e9dure disciplinaire"},"content":{"rendered":"<p><strong>NETTALI.COM -<\/strong> Nasser Al Khela\u00effi et Leonardo se retrouvent dans le viseur de l'UEFA. En furie apr\u00e8s la d\u00e9faite du Paris Saint- Germain contre le Real Madrid (3-1), mercredi en Ligue des Champions, les deux dirigeants s'en sont pris \u00e0 l'arbitre de la rencontre, Danny Makkelie, qui a r\u00e9dig\u00e9 un rapport \u00e0 charge \u00e0 leur encontre.<\/p>\n<p>\"<em>Un cas disciplinaire a \u00e9t\u00e9 ouvert contre Nasser Al Khela\u00effi et Leonardo et plus g\u00e9n\u00e9ralement contre le club parisien<\/em>\", affirme L'Equipe. Sale soir\u00e9e pour le pr\u00e9sident et le directeur sportif du club de la capitale.<\/p>\n<div class='share-to-whatsapp-wrapper'><div class='share-on-whsp'>PARTAGER SUR : <\/div><a data-text='PSG - Nasser-Leonardo, la proc\u00e9dure disciplinaire' data-link='https:\/\/www.nettali.com\/2022\/03\/11\/psg-nasser-leonardo-la-procedure-disciplinaire\/' class='whatsapp-button whatsapp-share'>WhatsApp<\/a><div class='clear '><\/div><\/div>","protected":false},"excerpt":{"rendered":"<p>NETTALI.COM - Nasser Al Khela\u00effi et Leonardo se retrouvent dans le viseur de l'UEFA. En furie apr\u00e8s la d\u00e9faite du Paris Saint- Germain contre le Real Madrid (3-1), mercredi en Ligue des Champions, les deux dirigeants s'en sont pris \u00e0 l'arbitre de la rencontre, Danny Makkelie, qui a r\u00e9dig\u00e9 un rapport \u00e0 charge \u00e0 leur [&hellip;]<\/p>\n","protected":false},"author":2,"featured_media":82810,"comment_status":"open","ping_status":"open","sticky":false,"template":"","format":"standard","meta":{"_et_pb_use_builder":"","_et_pb_old_content":""},"categories":[6],"tags":[],"yoast_head":"<!-- This site is optimized with the Yoast SEO Premium plugin v17.8 (Yoast SEO v17.8) - https:\/\/yoast.com\/wordpress\/plugins\/seo\/ -->\n<title>PSG - Nasser-Leonardo, la proc\u00e9dure disciplinaire | Nettali.com<\/title>\n<meta name=\"robots\" content=\"index, follow, max-snippet:-1, max-image-preview:large, max-video-preview:-1\" \/>\n<link rel=\"canonical\" href=\"https:\/\/www.nettali.com\/2022\/03\/11\/psg-nasser-leonardo-la-procedure-disciplinaire\/\" \/>\n<meta property=\"og:locale\" content=\"fr_FR\" \/>\n<meta property=\"og:type\" content=\"article\" \/>\n<meta property=\"og:title\" content=\"PSG - Nasser-Leonardo, la proc\u00e9dure disciplinaire\" \/>\n<meta property=\"og:description\" content=\"NETTALI.COM - Nasser Al Khela\u00effi et Leonardo se retrouvent dans le viseur de l&#039;UEFA. En furie apr\u00e8s la d\u00e9faite du Paris Saint- Germain contre le Real Madrid (3-1), mercredi en Ligue des Champions, les deux dirigeants s&#039;en sont pris \u00e0 l&#039;arbitre de la rencontre, Danny Makkelie, qui a r\u00e9dig\u00e9 un rapport \u00e0 charge \u00e0 leur [&hellip;]\" \/>\n<meta property=\"og:url\" content=\"https:\/\/www.nettali.com\/2022\/03\/11\/psg-nasser-leonardo-la-procedure-disciplinaire\/\" \/>\n<meta property=\"og:site_name\" content=\"Nettali.com\" \/>\n<meta property=\"article:publisher\" content=\"https:\/\/www.facebook.com\/nettalicom\" \/>\n<meta property=\"article:published_time\" content=\"2022-03-11T08:32:30+00:00\" \/>\n<meta property=\"og:image\" content=\"https:\/\/www.nettali.com\/wp-content\/uploads\/2022\/03\/phpRsGoSj.jpg\" \/>\n\t<meta property=\"og:image:width\" content=\"752\" \/>\n\t<meta property=\"og:image:height\" content=\"423\" \/>\n<meta name=\"twitter:card\" content=\"summary_large_image\" \/>\n<meta name=\"twitter:label1\" content=\"\u00c9crit par\" \/>\n\t<meta name=\"twitter:data1\" content=\"CK\" \/>\n\t<meta name=\"twitter:label2\" content=\"Dur\u00e9e de lecture estim\u00e9e\" \/>\n\t<meta name=\"twitter:data2\" content=\"1 minute\" \/>\n<script type=\"application\/ld+json\" class=\"yoast-schema-graph\">{\"@context\":\"https:\/\/schema.org\",\"@graph\":[{\"@type\":\"WebSite\",\"@id\":\"https:\/\/www.nettali.com\/#website\",\"url\":\"https:\/\/www.nettali.com\/\",\"name\":\"Nettali.com\",\"description\":\"Le rendez-vous critique du Net\",\"potentialAction\":[{\"@type\":\"SearchAction\",\"target\":{\"@type\":\"EntryPoint\",\"urlTemplate\":\"https:\/\/www.nettali.com\/?s={search_term_string}\"},\"query-input\":\"required name=search_term_string\"}],\"inLanguage\":\"fr-FR\"},{\"@type\":\"ImageObject\",\"@id\":\"https:\/\/www.nettali.com\/2022\/03\/11\/psg-nasser-leonardo-la-procedure-disciplinaire\/#primaryimage\",\"inLanguage\":\"fr-FR\",\"url\":\"https:\/\/www.nettali.com\/wp-content\/uploads\/2022\/03\/phpRsGoSj.jpg\",\"contentUrl\":\"https:\/\/www.nettali.com\/wp-content\/uploads\/2022\/03\/phpRsGoSj.jpg\",\"width\":752,\"height\":423},{\"@type\":\"WebPage\",\"@id\":\"https:\/\/www.nettali.com\/2022\/03\/11\/psg-nasser-leonardo-la-procedure-disciplinaire\/#webpage\",\"url\":\"https:\/\/www.nettali.com\/2022\/03\/11\/psg-nasser-leonardo-la-procedure-disciplinaire\/\",\"name\":\"PSG - Nasser-Leonardo, la proc\\u00e9dure disciplinaire | Nettali.com\",\"isPartOf\":{\"@id\":\"https:\/\/www.nettali.com\/#website\"},\"primaryImageOfPage\":{\"@id\":\"https:\/\/www.nettali.com\/2022\/03\/11\/psg-nasser-leonardo-la-procedure-disciplinaire\/#primaryimage\"},\"datePublished\":\"2022-03-11T08:32:30+00:00\",\"dateModified\":\"2022-03-11T08:32:30+00:00\",\"author\":{\"@id\":\"https:\/\/www.nettali.com\/#\/schema\/person\/d8ac7b7e27ddad43f1c0d2ef090d7f71\"},\"breadcrumb\":{\"@id\":\"https:\/\/www.nettali.com\/2022\/03\/11\/psg-nasser-leonardo-la-procedure-disciplinaire\/#breadcrumb\"},\"inLanguage\":\"fr-FR\",\"potentialAction\":[{\"@type\":\"ReadAction\",\"target\":[\"https:\/\/www.nettali.com\/2022\/03\/11\/psg-nasser-leonardo-la-procedure-disciplinaire\/\"]}]},{\"@type\":\"BreadcrumbList\",\"@id\":\"https:\/\/www.nettali.com\/2022\/03\/11\/psg-nasser-leonardo-la-procedure-disciplinaire\/#breadcrumb\",\"itemListElement\":[{\"@type\":\"ListItem\",\"position\":1,\"name\":\"Accueil\",\"item\":\"https:\/\/www.nettali.com\/\"},{\"@type\":\"ListItem\",\"position\":2,\"name\":\"PSG &#8211; Nasser-Leonardo, la proc\\u00e9dure disciplinaire\"}]},{\"@type\":\"Person\",\"@id\":\"https:\/\/www.nettali.com\/#\/schema\/person\/d8ac7b7e27ddad43f1c0d2ef090d7f71\",\"name\":\"CK\",\"image\":{\"@type\":\"ImageObject\",\"@id\":\"https:\/\/www.nettali.com\/#personlogo\",\"inLanguage\":\"fr-FR\",\"url\":\"https:\/\/secure.gravatar.com\/avatar\/1d8d5118b9327d94da7cd4ce7f17fec2?s=96&d=mm&r=g\",\"contentUrl\":\"https:\/\/secure.gravatar.com\/avatar\/1d8d5118b9327d94da7cd4ce7f17fec2?s=96&d=mm&r=g\",\"caption\":\"CK\"},\"sameAs\":[\"https:\/\/www.nettali.com\"]}]}<\/script>\n<!-- \/ Yoast SEO Premium plugin. -->","yoast_head_json":{"title":"PSG - Nasser-Leonardo, la proc\u00e9dure disciplinaire | Nettali.com","robots":{"index":"index","follow":"follow","max-snippet":"max-snippet:-1","max-image-preview":"max-image-preview:large","max-video-preview":"max-video-preview:-1"},"canonical":"https:\/\/www.nettali.com\/2022\/03\/11\/psg-nasser-leonardo-la-procedure-disciplinaire\/","og_locale":"fr_FR","og_type":"article","og_title":"PSG - Nasser-Leonardo, la proc\u00e9dure disciplinaire","og_description":"NETTALI.COM - Nasser Al Khela\u00effi et Leonardo se retrouvent dans le viseur de l'UEFA. En furie apr\u00e8s la d\u00e9faite du Paris Saint- Germain contre le Real Madrid (3-1), mercredi en Ligue des Champions, les deux dirigeants s'en sont pris \u00e0 l'arbitre de la rencontre, Danny Makkelie, qui a r\u00e9dig\u00e9 un rapport \u00e0 charge \u00e0 leur [&hellip;]","og_url":"https:\/\/www.nettali.com\/2022\/03\/11\/psg-nasser-leonardo-la-procedure-disciplinaire\/","og_site_name":"Nettali.com","article_publisher":"https:\/\/www.facebook.com\/nettalicom","article_published_time":"2022-03-11T08:32:30+00:00","og_image":[{"width":752,"height":423,"url":"https:\/\/www.nettali.com\/wp-content\/uploads\/2022\/03\/phpRsGoSj.jpg","type":"image\/jpeg"}],"twitter_card":"summary_large_image","twitter_misc":{"\u00c9crit par":"CK","Dur\u00e9e de lecture estim\u00e9e":"1 minute"},"schema":{"@context":"https:\/\/schema.org","@graph":[{"@type":"WebSite","@id":"https:\/\/www.nettali.com\/#website","url":"https:\/\/www.nettali.com\/","name":"Nettali.com","description":"Le rendez-vous critique du Net","potentialAction":[{"@type":"SearchAction","target":{"@type":"EntryPoint","urlTemplate":"https:\/\/www.nettali.com\/?s={search_term_string}"},"query-input":"required name=search_term_string"}],"inLanguage":"fr-FR"},{"@type":"ImageObject","@id":"https:\/\/www.nettali.com\/2022\/03\/11\/psg-nasser-leonardo-la-procedure-disciplinaire\/#primaryimage","inLanguage":"fr-FR","url":"https:\/\/www.nettali.com\/wp-content\/uploads\/2022\/03\/phpRsGoSj.jpg","contentUrl":"https:\/\/www.nettali.com\/wp-content\/uploads\/2022\/03\/phpRsGoSj.jpg","width":752,"height":423},{"@type":"WebPage","@id":"https:\/\/www.nettali.com\/2022\/03\/11\/psg-nasser-leonardo-la-procedure-disciplinaire\/#webpage","url":"https:\/\/www.nettali.com\/2022\/03\/11\/psg-nasser-leonardo-la-procedure-disciplinaire\/","name":"PSG - Nasser-Leonardo, la proc\u00e9dure disciplinaire | Nettali.com","isPartOf":{"@id":"https:\/\/www.nettali.com\/#website"},"primaryImageOfPage":{"@id":"https:\/\/www.nettali.com\/2022\/03\/11\/psg-nasser-leonardo-la-procedure-disciplinaire\/#primaryimage"},"datePublished":"2022-03-11T08:32:30+00:00","dateModified":"2022-03-11T08:32:30+00:00","author":{"@id":"https:\/\/www.nettali.com\/#\/schema\/person\/d8ac7b7e27ddad43f1c0d2ef090d7f71"},"breadcrumb":{"@id":"https:\/\/www.nettali.com\/2022\/03\/11\/psg-nasser-leonardo-la-procedure-disciplinaire\/#breadcrumb"},"inLanguage":"fr-FR","potentialAction":[{"@type":"ReadAction","target":["https:\/\/www.nettali.com\/2022\/03\/11\/psg-nasser-leonardo-la-procedure-disciplinaire\/"]}]},{"@type":"BreadcrumbList","@id":"https:\/\/www.nettali.com\/2022\/03\/11\/psg-nasser-leonardo-la-procedure-disciplinaire\/#breadcrumb","itemListElement":[{"@type":"ListItem","position":1,"name":"Accueil","item":"https:\/\/www.nettali.com\/"},{"@type":"ListItem","position":2,"name":"PSG &#8211; Nasser-Leonardo, la proc\u00e9dure disciplinaire"}]},{"@type":"Person","@id":"https:\/\/www.nettali.com\/#\/schema\/person\/d8ac7b7e27ddad43f1c0d2ef090d7f71","name":"CK","image":{"@type":"ImageObject","@id":"https:\/\/www.nettali.com\/#personlogo","inLanguage":"fr-FR","url":"https:\/\/secure.gravatar.com\/avatar\/1d8d5118b9327d94da7cd4ce7f17fec2?s=96&d=mm&r=g","contentUrl":"https:\/\/secure.gravatar.com\/avatar\/1d8d5118b9327d94da7cd4ce7f17fec2?s=96&d=mm&r=g","caption":"CK"},"sameAs":["https:\/\/www.nettali.com"]}]}},"_links":{"self":[{"href":"https:\/\/www.nettali.com\/rest\/wp\/v2\/posts\/82808"}],"collection":[{"href":"https:\/\/www.nettali.com\/rest\/wp\/v2\/posts"}],"about":[{"href":"https:\/\/www.nettali.com\/rest\/wp\/v2\/types\/post"}],"author":[{"embeddable":true,"href":"https:\/\/www.nettali.com\/rest\/wp\/v2\/users\/2"}],"replies":[{"embeddable":true,"href":"https:\/\/www.nettali.com\/rest\/wp\/v2\/comments?post=82808"}],"version-history":[{"count":1,"href":"https:\/\/www.nettali.com\/rest\/wp\/v2\/posts\/82808\/revisions"}],"predecessor-version":[{"id":82809,"href":"https:\/\/www.nettali.com\/rest\/wp\/v2\/posts\/82808\/revisions\/82809"}],"wp:featuredmedia":[{"embeddable":true,"href":"https:\/\/www.nettali.com\/rest\/wp\/v2\/media\/82810"}],"wp:attachment":[{"href":"https:\/\/www.nettali.com\/rest\/wp\/v2\/media?parent=82808"}],"wp:term":[{"taxonomy":"category","embeddable":true,"href":"https:\/\/www.nettali.com\/rest\/wp\/v2\/categories?post=82808"},{"taxonomy":"post_tag","embeddable":true,"href":"https:\/\/www.nettali.com\/rest\/wp\/v2\/tags?post=82808"}],"curies":[{"name":"wp","href":"https:\/\/api.w.org\/{rel}","templated":true}]}}