{"id":82787,"date":"2022-03-10T22:36:19","date_gmt":"2022-03-10T22:36:19","guid":{"rendered":"https:\/\/www.nettali.com\/?p=82787"},"modified":"2022-03-10T22:36:19","modified_gmt":"2022-03-10T22:36:19","slug":"der-fj-mame-aby-seye-remplace-pape-amadou-sarr","status":"publish","type":"post","link":"https:\/\/www.nettali.com\/2022\/03\/10\/der-fj-mame-aby-seye-remplace-pape-amadou-sarr\/","title":{"rendered":"DER\/FJ - Mame Aby S\u00e8ye remplace Pape Amadou Sarr"},"content":{"rendered":"<p><strong>NETTALI.COM - Mame Aby Seye a \u00e9t\u00e9 nomm\u00e9e ce jeudi soir, par d\u00e9cret, ministre d\u00e9l\u00e9gu\u00e9 G\u00e9n\u00e9ral de la D\u00e9l\u00e9gation G\u00e9n\u00e9rale des Femmes et des Jeunes (DER\/FJ), en remplacement de Papa Amadou Sarr, limog\u00e9 mercredi. <\/strong><\/p>\n<p>Depuis mai 2019, elle dirigeait le Fonds de Financement de la Formation Professionnelle et Technique (3FPT), cr\u00e9\u00e9 en 2014.<\/p>\n<p>Pape Amadou Sarr a \u00e9t\u00e9 d\u00e9mis de ses fonctions mercredi par le chef de l\u2019Etat Macky Sall, apr\u00e8s avoir qualifi\u00e9, lors du 8 mars, journ\u00e9e internationale des droits des femmes, \" d\u2019inepties \" certaines pratiques dans la religion musulmane. Il avait cit\u00e9 par exemple le fait pour la femme de ne pas pouvoir serrer la main d\u2019un homme, entre autres.<\/p>\n<div class='share-to-whatsapp-wrapper'><div class='share-on-whsp'>PARTAGER SUR : <\/div><a data-text='DER\/FJ - Mame Aby S\u00e8ye remplace Pape Amadou Sarr' data-link='https:\/\/www.nettali.com\/2022\/03\/10\/der-fj-mame-aby-seye-remplace-pape-amadou-sarr\/' class='whatsapp-button whatsapp-share'>WhatsApp<\/a><div class='clear '><\/div><\/div>","protected":false},"excerpt":{"rendered":"<p>NETTALI.COM - Mame Aby Seye a \u00e9t\u00e9 nomm\u00e9e ce jeudi soir, par d\u00e9cret, ministre d\u00e9l\u00e9gu\u00e9 G\u00e9n\u00e9ral de la D\u00e9l\u00e9gation G\u00e9n\u00e9rale des Femmes et des Jeunes (DER\/FJ), en remplacement de Papa Amadou Sarr, limog\u00e9 mercredi. Depuis mai 2019, elle dirigeait le Fonds de Financement de la Formation Professionnelle et Technique (3FPT), cr\u00e9\u00e9 en 2014. Pape Amadou [&hellip;]<\/p>\n","protected":false},"author":5,"featured_media":82788,"comment_status":"open","ping_status":"open","sticky":false,"template":"","format":"standard","meta":{"_et_pb_use_builder":"","_et_pb_old_content":""},"categories":[3],"tags":[],"yoast_head":"<!-- This site is optimized with the Yoast SEO Premium plugin v17.8 (Yoast SEO v17.8) - https:\/\/yoast.com\/wordpress\/plugins\/seo\/ -->\n<title>DER\/FJ - Mame Aby S\u00e8ye remplace Pape Amadou Sarr | Nettali.com<\/title>\n<meta name=\"robots\" content=\"index, follow, max-snippet:-1, max-image-preview:large, max-video-preview:-1\" \/>\n<link rel=\"canonical\" href=\"https:\/\/www.nettali.com\/2022\/03\/10\/der-fj-mame-aby-seye-remplace-pape-amadou-sarr\/\" \/>\n<meta property=\"og:locale\" content=\"fr_FR\" \/>\n<meta property=\"og:type\" content=\"article\" \/>\n<meta property=\"og:title\" content=\"DER\/FJ - Mame Aby S\u00e8ye remplace Pape Amadou Sarr\" \/>\n<meta property=\"og:description\" content=\"NETTALI.COM - Mame Aby Seye a \u00e9t\u00e9 nomm\u00e9e ce jeudi soir, par d\u00e9cret, ministre d\u00e9l\u00e9gu\u00e9 G\u00e9n\u00e9ral de la D\u00e9l\u00e9gation G\u00e9n\u00e9rale des Femmes et des Jeunes (DER\/FJ), en remplacement de Papa Amadou Sarr, limog\u00e9 mercredi. Depuis mai 2019, elle dirigeait le Fonds de Financement de la Formation Professionnelle et Technique (3FPT), cr\u00e9\u00e9 en 2014. Pape Amadou [&hellip;]\" \/>\n<meta property=\"og:url\" content=\"https:\/\/www.nettali.com\/2022\/03\/10\/der-fj-mame-aby-seye-remplace-pape-amadou-sarr\/\" \/>\n<meta property=\"og:site_name\" content=\"Nettali.com\" \/>\n<meta property=\"article:publisher\" content=\"https:\/\/www.facebook.com\/nettalicom\" \/>\n<meta property=\"article:published_time\" content=\"2022-03-10T22:36:19+00:00\" \/>\n<meta property=\"og:image\" content=\"https:\/\/www.nettali.com\/wp-content\/uploads\/2022\/03\/E1GuVYCXEAMO9yH.png\" \/>\n\t<meta property=\"og:image:width\" content=\"804\" \/>\n\t<meta property=\"og:image:height\" content=\"584\" \/>\n<meta name=\"twitter:card\" content=\"summary_large_image\" \/>\n<meta name=\"twitter:label1\" content=\"\u00c9crit par\" \/>\n\t<meta name=\"twitter:data1\" content=\"Ibrahima\" \/>\n\t<meta name=\"twitter:label2\" content=\"Dur\u00e9e de lecture estim\u00e9e\" \/>\n\t<meta name=\"twitter:data2\" content=\"1 minute\" \/>\n<script type=\"application\/ld+json\" class=\"yoast-schema-graph\">{\"@context\":\"https:\/\/schema.org\",\"@graph\":[{\"@type\":\"WebSite\",\"@id\":\"https:\/\/www.nettali.com\/#website\",\"url\":\"https:\/\/www.nettali.com\/\",\"name\":\"Nettali.com\",\"description\":\"Le rendez-vous critique du Net\",\"potentialAction\":[{\"@type\":\"SearchAction\",\"target\":{\"@type\":\"EntryPoint\",\"urlTemplate\":\"https:\/\/www.nettali.com\/?s={search_term_string}\"},\"query-input\":\"required name=search_term_string\"}],\"inLanguage\":\"fr-FR\"},{\"@type\":\"ImageObject\",\"@id\":\"https:\/\/www.nettali.com\/2022\/03\/10\/der-fj-mame-aby-seye-remplace-pape-amadou-sarr\/#primaryimage\",\"inLanguage\":\"fr-FR\",\"url\":\"https:\/\/www.nettali.com\/wp-content\/uploads\/2022\/03\/E1GuVYCXEAMO9yH.png\",\"contentUrl\":\"https:\/\/www.nettali.com\/wp-content\/uploads\/2022\/03\/E1GuVYCXEAMO9yH.png\",\"width\":804,\"height\":584},{\"@type\":\"WebPage\",\"@id\":\"https:\/\/www.nettali.com\/2022\/03\/10\/der-fj-mame-aby-seye-remplace-pape-amadou-sarr\/#webpage\",\"url\":\"https:\/\/www.nettali.com\/2022\/03\/10\/der-fj-mame-aby-seye-remplace-pape-amadou-sarr\/\",\"name\":\"DER\/FJ - Mame Aby S\\u00e8ye remplace Pape Amadou Sarr | Nettali.com\",\"isPartOf\":{\"@id\":\"https:\/\/www.nettali.com\/#website\"},\"primaryImageOfPage\":{\"@id\":\"https:\/\/www.nettali.com\/2022\/03\/10\/der-fj-mame-aby-seye-remplace-pape-amadou-sarr\/#primaryimage\"},\"datePublished\":\"2022-03-10T22:36:19+00:00\",\"dateModified\":\"2022-03-10T22:36:19+00:00\",\"author\":{\"@id\":\"https:\/\/www.nettali.com\/#\/schema\/person\/bb147657c2986240405a608162b9bb23\"},\"breadcrumb\":{\"@id\":\"https:\/\/www.nettali.com\/2022\/03\/10\/der-fj-mame-aby-seye-remplace-pape-amadou-sarr\/#breadcrumb\"},\"inLanguage\":\"fr-FR\",\"potentialAction\":[{\"@type\":\"ReadAction\",\"target\":[\"https:\/\/www.nettali.com\/2022\/03\/10\/der-fj-mame-aby-seye-remplace-pape-amadou-sarr\/\"]}]},{\"@type\":\"BreadcrumbList\",\"@id\":\"https:\/\/www.nettali.com\/2022\/03\/10\/der-fj-mame-aby-seye-remplace-pape-amadou-sarr\/#breadcrumb\",\"itemListElement\":[{\"@type\":\"ListItem\",\"position\":1,\"name\":\"Accueil\",\"item\":\"https:\/\/www.nettali.com\/\"},{\"@type\":\"ListItem\",\"position\":2,\"name\":\"DER\/FJ &#8211; Mame Aby S\\u00e8ye remplace Pape Amadou Sarr\"}]},{\"@type\":\"Person\",\"@id\":\"https:\/\/www.nettali.com\/#\/schema\/person\/bb147657c2986240405a608162b9bb23\",\"name\":\"Ibrahima\",\"image\":{\"@type\":\"ImageObject\",\"@id\":\"https:\/\/www.nettali.com\/#personlogo\",\"inLanguage\":\"fr-FR\",\"url\":\"https:\/\/secure.gravatar.com\/avatar\/26a8a81f09f0dd7624c9d5c36c9ba3a2?s=96&d=mm&r=g\",\"contentUrl\":\"https:\/\/secure.gravatar.com\/avatar\/26a8a81f09f0dd7624c9d5c36c9ba3a2?s=96&d=mm&r=g\",\"caption\":\"Ibrahima\"},\"sameAs\":[\"https:\/\/www.nettali.com\"]}]}<\/script>\n<!-- \/ Yoast SEO Premium plugin. -->","yoast_head_json":{"title":"DER\/FJ - Mame Aby S\u00e8ye remplace Pape Amadou Sarr | Nettali.com","robots":{"index":"index","follow":"follow","max-snippet":"max-snippet:-1","max-image-preview":"max-image-preview:large","max-video-preview":"max-video-preview:-1"},"canonical":"https:\/\/www.nettali.com\/2022\/03\/10\/der-fj-mame-aby-seye-remplace-pape-amadou-sarr\/","og_locale":"fr_FR","og_type":"article","og_title":"DER\/FJ - Mame Aby S\u00e8ye remplace Pape Amadou Sarr","og_description":"NETTALI.COM - Mame Aby Seye a \u00e9t\u00e9 nomm\u00e9e ce jeudi soir, par d\u00e9cret, ministre d\u00e9l\u00e9gu\u00e9 G\u00e9n\u00e9ral de la D\u00e9l\u00e9gation G\u00e9n\u00e9rale des Femmes et des Jeunes (DER\/FJ), en remplacement de Papa Amadou Sarr, limog\u00e9 mercredi. Depuis mai 2019, elle dirigeait le Fonds de Financement de la Formation Professionnelle et Technique (3FPT), cr\u00e9\u00e9 en 2014. Pape Amadou [&hellip;]","og_url":"https:\/\/www.nettali.com\/2022\/03\/10\/der-fj-mame-aby-seye-remplace-pape-amadou-sarr\/","og_site_name":"Nettali.com","article_publisher":"https:\/\/www.facebook.com\/nettalicom","article_published_time":"2022-03-10T22:36:19+00:00","og_image":[{"width":804,"height":584,"url":"https:\/\/www.nettali.com\/wp-content\/uploads\/2022\/03\/E1GuVYCXEAMO9yH.png","type":"image\/png"}],"twitter_card":"summary_large_image","twitter_misc":{"\u00c9crit par":"Ibrahima","Dur\u00e9e de lecture estim\u00e9e":"1 minute"},"schema":{"@context":"https:\/\/schema.org","@graph":[{"@type":"WebSite","@id":"https:\/\/www.nettali.com\/#website","url":"https:\/\/www.nettali.com\/","name":"Nettali.com","description":"Le rendez-vous critique du Net","potentialAction":[{"@type":"SearchAction","target":{"@type":"EntryPoint","urlTemplate":"https:\/\/www.nettali.com\/?s={search_term_string}"},"query-input":"required name=search_term_string"}],"inLanguage":"fr-FR"},{"@type":"ImageObject","@id":"https:\/\/www.nettali.com\/2022\/03\/10\/der-fj-mame-aby-seye-remplace-pape-amadou-sarr\/#primaryimage","inLanguage":"fr-FR","url":"https:\/\/www.nettali.com\/wp-content\/uploads\/2022\/03\/E1GuVYCXEAMO9yH.png","contentUrl":"https:\/\/www.nettali.com\/wp-content\/uploads\/2022\/03\/E1GuVYCXEAMO9yH.png","width":804,"height":584},{"@type":"WebPage","@id":"https:\/\/www.nettali.com\/2022\/03\/10\/der-fj-mame-aby-seye-remplace-pape-amadou-sarr\/#webpage","url":"https:\/\/www.nettali.com\/2022\/03\/10\/der-fj-mame-aby-seye-remplace-pape-amadou-sarr\/","name":"DER\/FJ - Mame Aby S\u00e8ye remplace Pape Amadou Sarr | Nettali.com","isPartOf":{"@id":"https:\/\/www.nettali.com\/#website"},"primaryImageOfPage":{"@id":"https:\/\/www.nettali.com\/2022\/03\/10\/der-fj-mame-aby-seye-remplace-pape-amadou-sarr\/#primaryimage"},"datePublished":"2022-03-10T22:36:19+00:00","dateModified":"2022-03-10T22:36:19+00:00","author":{"@id":"https:\/\/www.nettali.com\/#\/schema\/person\/bb147657c2986240405a608162b9bb23"},"breadcrumb":{"@id":"https:\/\/www.nettali.com\/2022\/03\/10\/der-fj-mame-aby-seye-remplace-pape-amadou-sarr\/#breadcrumb"},"inLanguage":"fr-FR","potentialAction":[{"@type":"ReadAction","target":["https:\/\/www.nettali.com\/2022\/03\/10\/der-fj-mame-aby-seye-remplace-pape-amadou-sarr\/"]}]},{"@type":"BreadcrumbList","@id":"https:\/\/www.nettali.com\/2022\/03\/10\/der-fj-mame-aby-seye-remplace-pape-amadou-sarr\/#breadcrumb","itemListElement":[{"@type":"ListItem","position":1,"name":"Accueil","item":"https:\/\/www.nettali.com\/"},{"@type":"ListItem","position":2,"name":"DER\/FJ &#8211; Mame Aby S\u00e8ye remplace Pape Amadou Sarr"}]},{"@type":"Person","@id":"https:\/\/www.nettali.com\/#\/schema\/person\/bb147657c2986240405a608162b9bb23","name":"Ibrahima","image":{"@type":"ImageObject","@id":"https:\/\/www.nettali.com\/#personlogo","inLanguage":"fr-FR","url":"https:\/\/secure.gravatar.com\/avatar\/26a8a81f09f0dd7624c9d5c36c9ba3a2?s=96&d=mm&r=g","contentUrl":"https:\/\/secure.gravatar.com\/avatar\/26a8a81f09f0dd7624c9d5c36c9ba3a2?s=96&d=mm&r=g","caption":"Ibrahima"},"sameAs":["https:\/\/www.nettali.com"]}]}},"_links":{"self":[{"href":"https:\/\/www.nettali.com\/rest\/wp\/v2\/posts\/82787"}],"collection":[{"href":"https:\/\/www.nettali.com\/rest\/wp\/v2\/posts"}],"about":[{"href":"https:\/\/www.nettali.com\/rest\/wp\/v2\/types\/post"}],"author":[{"embeddable":true,"href":"https:\/\/www.nettali.com\/rest\/wp\/v2\/users\/5"}],"replies":[{"embeddable":true,"href":"https:\/\/www.nettali.com\/rest\/wp\/v2\/comments?post=82787"}],"version-history":[{"count":3,"href":"https:\/\/www.nettali.com\/rest\/wp\/v2\/posts\/82787\/revisions"}],"predecessor-version":[{"id":82792,"href":"https:\/\/www.nettali.com\/rest\/wp\/v2\/posts\/82787\/revisions\/82792"}],"wp:featuredmedia":[{"embeddable":true,"href":"https:\/\/www.nettali.com\/rest\/wp\/v2\/media\/82788"}],"wp:attachment":[{"href":"https:\/\/www.nettali.com\/rest\/wp\/v2\/media?parent=82787"}],"wp:term":[{"taxonomy":"category","embeddable":true,"href":"https:\/\/www.nettali.com\/rest\/wp\/v2\/categories?post=82787"},{"taxonomy":"post_tag","embeddable":true,"href":"https:\/\/www.nettali.com\/rest\/wp\/v2\/tags?post=82787"}],"curies":[{"name":"wp","href":"https:\/\/api.w.org\/{rel}","templated":true}]}}