{"id":82658,"date":"2022-03-10T08:00:37","date_gmt":"2022-03-10T08:00:37","guid":{"rendered":"https:\/\/www.nettali.com\/?p=82658"},"modified":"2022-03-12T10:36:16","modified_gmt":"2022-03-12T10:36:16","slug":"coups-de-pilon-terre-darrangements","status":"publish","type":"post","link":"https:\/\/www.nettali.com\/2022\/03\/10\/coups-de-pilon-terre-darrangements\/","title":{"rendered":"COUPS DE PILON - Terre d\u2019arrangements\u00a0!"},"content":{"rendered":"<p><strong>NETTALI.COM - Qu\u2019est-ce qu\u2019on nous a bourr\u00e9s le cerveau avec ces histoires d\u2019enrichissement illicite et de d\u00e9tournement de deniers publics. Il \u00e9tait question \u00e0 l\u2019\u00e9poque de pr\u00e9parer l\u2019opinion avant d\u2019envoyer Karim Wade et de Khalifa Sall \u00e0 l\u2019\u00e9chafaud, reconnus coupables qu\u2019ils sont de ce dont ils \u00e9taient accus\u00e9s. <\/strong><\/p>\n<p>Les deniers des citoyens ont \u00e9t\u00e9 d\u00e9pens\u00e9s dans des commissions rogatoires, des \u00ab<em>experts<\/em>\u00bb ont \u00e9t\u00e9 commis pour d\u00e9busquer les suppos\u00e9s fonds spoli\u00e9s, des \u00e9difices ont \u00e9t\u00e9 r\u00e9fectionn\u00e9s pour abriter les proc\u00e8s de la Cour de R\u00e9pression de l\u2019Enrichissement illicite (Crei), sans oublier les exorbitants frais pay\u00e9s aux \u00ab<em>avocats de l\u2019Etat<\/em>\u00bb, dans le cas de l\u2019affaire Karim Wade et Khalifa Sall. Mais, \u00e0 l\u2019arriv\u00e9e, c\u2019est le flou total sur des montants qui seraient recouvr\u00e9s, puisque c\u2019est de restitution de biens mal acquis dont il \u00e9tait question. La suite, on la conna\u00eet, Wade-fils a eu droit \u00e0 un exil forc\u00e9 mais en m\u00eame temps dor\u00e9 qui l\u2019emp\u00eache d\u00e9sormais de revenir sur ses terres s\u00e9n\u00e9galaises, \u00e9tant sous la menace d\u2019une contrainte par corps. Aminata Tour\u00e9, en tant que garde des sceaux \u00e0 l'\u00e9poque, est revenue mardi 8 mars sur le sujet \u00e0 Walf TV. Selon elle, Karim Wade a une amende \u00e0 payer, et c\u2019est peut-\u00eatre ce qui l\u2019emp\u00eacherait de rentrer au pays. Un r\u00e9ponse bien br\u00e8ve qui aurait certainement n\u00e9cessit\u00e9 quelques d\u00e9veloppements.<\/p>\n<p>Difficile en tout cas de savoir o\u00f9 se trouve Karim Wade \u00e0 l'heure actuelle. Est-il toujours dans sa prison \u00e0 ciel ouvert ? Ou serait-il en train de parcourir le monde ? La v\u00e9rit\u00e9 est que, plus le temps passe, plus il perd en popularit\u00e9 chez ses soutiens, sans oublier les rats lib\u00e9raux qui quittent le navire pour prendre la direction des prairies marron-beige. Rapprochement avec le pouvoir dans une logique de recomposition de la famille lib\u00e9rale. C'est la division sur la question dans les rangs lib\u00e9raux.<\/p>\n<p>Mais, qu\u2019est-ce qu\u2019on nous a enquiquin\u00e9s avec tous ces politiciens \u00e9pingl\u00e9s et passibles de poursuites ! L\u2019on d\u00e9couvre plus tard que c\u2019est le coude de Macky Sall qui a emp\u00each\u00e9 leurs dossiers d\u2019\u00eatre d\u00e9poussi\u00e9r\u00e9s. Parce qu\u2019\u00e0 la v\u00e9rit\u00e9, la Crei est rang\u00e9e aux oubliettes depuis qu\u2019on a fini de discr\u00e9diter cette juridiction caract\u00e9ris\u00e9e dans son m\u00e9canisme par une inversion de la charge de la preuve qui incombe \u00e0 l\u2019accus\u00e9 : l'absence de voies de recours est un autre grief. Une charge de la preuve qui incombe, suivant les principes g\u00e9n\u00e9raux du droit au demandeur (ou accusateur). Ce qui veut dire que n\u2019importe quel justiciable doit pouvoir faire appel apr\u00e8s une 1\u00e8re d\u00e9cision, les droits de la d\u00e9fense \u00e9tant sacr\u00e9s.<\/p>\n<p>Le paradoxe, c\u2019est que certains de ces mis en cause ont atterri, figurez-vous, dans le gouvernement de Macky Sall, alors qu\u2019ils avaient \u00e0 un certain moment os\u00e9 braver l\u2019interdiction de sortir du territoire qui pesait sur eux, puisqu\u2019\u00e9tant sous contr\u00f4le judiciaire. Aujourd\u2019hui, ces m\u00eames personnes qui ont des dossiers pendants devant la justice, se retrouvent autour de la table du Conseil des ministres.<\/p>\n<p>Le peuple lui continue de se plaindre de la vie ch\u00e8re et d\u2019une existence difficile, \u00e9reint\u00e9 par les loyers exorbitants, les factures \u00e9lev\u00e9es d\u2019eau et d\u2019\u00e9lectricit\u00e9, sans oublier ce co\u00fbt \u00e9lev\u00e9 des denr\u00e9es qui l'emp\u00eache de vivre d\u00e9cemment. \u00a0Les politiciens n\u2019en ont cure. Ils ont la t\u00eate aux l\u00e9gislatives prochaines avant l'\u00e9tape de la pr\u00e9sidentielle de 2024 et cherchent d\u00e9sormais des arrangements pour consolider leurs positions. Comme cette sortie sur RFI et France 24 d'il y a quelques temps au cours de laquelle Macky Sall nous a inform\u00e9s que des amnisties ou r\u00e9habilitation vont avoir lieu, sans en pr\u00e9ciser la forme, l\u2019essentiel \u00e9tant qu\u2019elles ne contreviennent pas aux lois. Khalifa Sall, \u00e0 la suite du pr\u00e9sident Sall, a aussi pr\u00e9venu avec assurance, dans les m\u00eames m\u00e9dias fran\u00e7ais, qu'il sera candidat en 2024, pr\u00e9cisant au passage qu\u2019il n'est demandeur de quelque amnistie que ce soit.<\/p>\n<p>Karim Wade lui, a plaid\u00e9 pour une r\u00e9vision de son proc\u00e8s. Ibrahima S\u00e8ne du Parti de l\u2019Ind\u00e9pendance et du Travail (PIT) est d\u2019un tout autre avis puisqu'au cours d'une interview du lundi 7 mars avec Walf quotidien, il a fait savoir qu\u2019une amnistie se n\u00e9gocie et que si Karim Wade et Khalifa Sall en veulent une, ils doivent n\u00e9gocier avec le pouvoir.<\/p>\n<p>Mais \u00e0 la v\u00e9rit\u00e9, ils n\u2019ont tout simplement pas besoin de demander une telle faveur, \u00e9tant entendu que l\u2019amnistie ne concerne que des faits, et pas des personnes. Seule existe la possibilit\u00e9 de demande d\u2019une gr\u00e2ce pr\u00e9sidentielle. Que cela leur plaise ou non, si la loi est vot\u00e9e, ils en b\u00e9n\u00e9ficieront au m\u00eame titre que toutes ces personnes couvertes par le spectre de la loi. Bref, au royaume des amuseurs publics, c\u2019est toujours le peuple qui est endormi. Dans son parti, le rapprochement avec Macky Sall divise, les avis divergeant sur le sujet.<\/p>\n<p>Trois membres d\u2019une m\u00eame coalition et trois destins \u00e0 peu pr\u00e8s similaires dont le trait d'union est d'avoir tous maille \u00e0 partir avec la justice. Le pouvoir semble vouloir les tenir avec des affaires en cours et une possible amnistie dans le cas de Khalifa Sall. Ousmane Sonko est l'opposant le plus oppos\u00e9 \u00e0 Macky Sall. Le leader du Pastef semble ne plus vouloir avoir affaire au pr\u00e9sident Sall. Ses actes le prouvent. M\u00eame le retour triomphal des Lions ne lui a pas fait changer d'avis. Il l'\u00e9vite comme la peste. Pendant ce temps, Khalifa Sall \u00e9tait en pleine conciliabule \u00e0 l'a\u00e9roport L\u00e9opold Senghor avec Macky Sall, le bras autour de l'\u00e9paule d\u2019A\u00efssata Tall Sall, sa s\u0153ur du Parti socialiste. De deux choses l'une, soit l\u2019ancien maire de Dakar cache bien son jeu pour quelqu'un que la justice a emprisonn\u00e9 3 ans durant pour des histoires de caisses d'avance. Pardon de riz. Il semble n\u2019avoir aucune ranc\u0153ur. Chose \u00e9tonnante. Il est toujours tout sourire face \u00e0 Macky, au point que d\u2019aucuns y sont all\u00e9s de leur suspicion, se demandant s\u2019il ne n\u00e9gocierait pas en tapinois avec le pr\u00e9sident. L\u2019id\u00e9e a \u00e9t\u00e9 v\u00e9hicul\u00e9e. Toujours est-il que son compagnonnage avec Ousmane Sonko s\u2019\u00e9tend aux l\u00e9gislatives.<\/p>\n<p>Ce cher pr\u00e9sident, Macky Sall est bien euphorique par ces temps qui courent. Car, depuis la victoire des Lions, il surfe sur la vague, lance quelques piques \u00e0 l'opposition qui a fait une perc\u00e9e lors des locales, question de mettre du sable dans le couscous de celle-ci. Une posture qui ne se justifierait pas selon Ibrahima S\u00e8ne du Parti de l\u2019Ind\u00e9pendance et du Travail (PIT) qui pense que l\u2019opposition a fait basculer le rapport de forces en sa faveur parce que, m\u00eame si la majorit\u00e9 a gagn\u00e9 la plupart des collectivit\u00e9s, l\u2019opposition a gagn\u00e9 des collectivit\u00e9s strat\u00e9giques.<\/p>\n<p>L\u2019ancien compagnon d\u2019Amath Dansokho pense m\u00eame que d\u00e9sormais, pour gouverner, il faut un large rassemblement. D\u2019o\u00f9 l\u2019int\u00e9r\u00eat, d\u2019apr\u00e8s lui, de l\u2019opposition \u00e0 n\u00e9gocier avec le pouvoir pour mettre en place un gouvernement d\u2019union nationale. Pour S\u00e8ne, il suffirait, aux l\u00e9gislatives, que l\u2019opposition obtienne 40% du suffrage pour bloquer l\u2019Assembl\u00e9e nationale. Invit\u00e9e de Walf Tv, ce mardi 8 mars, Aminata Tour\u00e9, l'ancien Premier ministre pense d\u2019ailleurs qu\u2019il est plus opportun d\u2019attendre la tenue des l\u00e9gislatives avant de nommer un nouveau Pm. En nommer un \u00e0 trois mois des l\u00e9gislatives, ne servirait \u00e0 rien, selon elle. Un PM qui aurait d\u00fb \u00eatre d\u00e9j\u00e0 nomm\u00e9, la loi ayant \u00e9t\u00e9 vot\u00e9e. Une situation que certains ont commenc\u00e9 \u00e0 juger ill\u00e9gale et inconvenable.<\/p>\n<p>Macky Sall qui n\u2019est pas pr\u00eat de voir l\u2019euphorie tomber, s\u2019est lui inscrit dans un programme d\u2019inauguration et d\u2019op\u00e9ration de charme. Il a d\u2019abord inaugur\u00e9 le stade Abdoulaye Wade de niveau mondial construit \u00e0 Diamniadio en un temps record, invitant d\u2019anciens footballeurs et ses pairs. Et r\u00e9cemment, il a inaugur\u00e9 le second tron\u00e7on du Train Express r\u00e9gional qui s\u2019\u00e9tendra de Diamniadio \u00e0 l\u2019A\u00e9roport international Blaise Diagne de Diass. Un sacr\u00e9 amateur de temps forts ! Il profite un max de cette vague positive. Il a op\u00e9r\u00e9 une baisses de prix. Profitant d\u2019une p\u00e9riode de gr\u00e2ce, il va se lancer \u00e0 l'assaut des l\u00e9gislatives. Apr\u00e8s le \"<em>Daaka\"<\/em> de L\u00e9dina Gounass (r\u00e9gion de Kolda), ce seront les \u00e9tapes de Kaolack et de Tambacounda sur le m\u00eame trac\u00e9, question de faire d\u2019une pierre deux coups. Au menu, inauguration d\u2019infrastructures et rencontres politiques. S\u2019il y a une chose au moins qu\u2019il aura appris de ces locales, ce sont les limites de la politique alimentaire. Imaginez-vous bien tout l\u2019argent qui a d\u00fb \u00eatre investi entre Dakar, Parcelles assainies, Gu\u00e9diawaye, Derkl\u00e9, M\u00e9dina, Yoff, Kaolack, Ziguichor, etc. Mais \u00e0 l\u2019arriv\u00e9e, la coalition \u00ab<em>Yewi askan wi<\/em>\u00bb a remport\u00e9 beaucoup de villes strat\u00e9giques.<\/p>\n<p>Macky Sall avec ce joyau de stade et des promesses d\u2019emploi, a lanc\u00e9 une op\u00e9ration de charme \u00e0 l\u2019endroit des jeunes qu\u2019il voudrait bien arracher aux mains de Barth et Sonko dont l\u2019essentiel du vivier \u00e9lectoral est compos\u00e9 de ces \u00eatres si rebelles. \"<em>Yeewi askan wi<\/em>\" entend d'ailleurs occuper le terrain en incitant les jeunes \u00e0 aller s'inscrire en masse.<\/p>\n<p>Barth\u00e9l\u00e9my est toujours dans l\u2019expectative, attendant le d\u00e9lib\u00e9r\u00e9 de son proc\u00e8s en appel dont on cherche \u00e0 corser sa condamnation \u00e0 2 ans dont 6 mois fermes, en 5 ans, apr\u00e8s la requalification des faits de coups mortels pour lesquels, il a \u00e9t\u00e9 d\u00e9clar\u00e9 coupable, en meurtre. Il y va de son fauteuil de maire. Voil\u00e0 plus de 10 ans que ce proc\u00e8s dure. Barth est en effet pass\u00e9 par plusieurs p\u00e9rip\u00e9ties, mais n\u2019a pas dit son dernier mot.<\/p>\n<p>De m\u00eame, Ousmane Sonko n'est pas pr\u00eat de voir son contr\u00f4le judiciaire lev\u00e9. Il vient d'essuyer un deuxi\u00e8me revers, n\u2019ayant toujours pas \u00e9t\u00e9 entendu par le juge d\u2019instruction. Mais qu\u2019attend donc le magistrat instructeur ? De deux choses l\u2019une : soit le pouvoir ne sait pas par quel bout prendre l\u2019affaire et se veut prudent ; soit il cherche \u00e0 jouer la montre, de mani\u00e8re \u00e0 laisser planer une \u00e9p\u00e9e de Damocl\u00e8s au-dessus de la t\u00eate de Sonko. De quoi renforcer la th\u00e8se de l\u2019\u00e9limination des adversaires g\u00eanants. Sans oublier la caution de 15 millions et ce parrainage interdit par la Cour de justice de la Cedeao, mais sans cons\u00e9quence.<\/p>\n<p>Au finish l\u2019affaire de suppos\u00e9 viol est partie pour davantage polluer l\u2019atmosph\u00e8re. Car ce qui importe, ce n\u2019est pas la v\u00e9rit\u00e9 de Sonko, encore moins celle de Adji Sarr, voire m\u00eame celle de la presse. L\u2019essentiel aujourd\u2019hui est qu\u2019une justice impartiale tranche l\u2019affaire et au plus vite pour rendre le jeu d\u00e9mocratique plus ouvert et moins contraignant, en fixant les uns et les autres sur leur sort.<\/p>\n<p>Et c'est justement au moment o\u00f9 la clameur ressurgit avec la date anniversaire de l\u2019affaire Adji Sarr que saisit Ibrahima S\u00e8ne pour faire savoir que Macky Sall ne peut \u00eatre candidat en 2024, estimant que les textes sont clairs. Une sortie apr\u00e8s celles de Moustapha Diakhat\u00e9, Sory Kaba, Me Moussa Diop, etc. Elle n\u2019a pas laiss\u00e9 indiff\u00e9rent le think thank de l\u2019\u00e9mergence qui a rappel\u00e9 \u00e0 l\u2019ancien compagnon de Dansokho qu\u2019il \u00e9tait hier le plus grand d\u00e9fenseur de Macky Sall. Ce qui manifestement n\u2019a rien \u00e0 voir avec la question de la candidature. Ils confondent tout. D\u00e9cid\u00e9ment.<\/p>\n<div class='share-to-whatsapp-wrapper'><div class='share-on-whsp'>PARTAGER SUR : <\/div><a data-text='COUPS DE PILON - Terre d\u2019arrangements\u00a0!' data-link='https:\/\/www.nettali.com\/2022\/03\/10\/coups-de-pilon-terre-darrangements\/' class='whatsapp-button whatsapp-share'>WhatsApp<\/a><div class='clear '><\/div><\/div>","protected":false},"excerpt":{"rendered":"<p>NETTALI.COM - Qu\u2019est-ce qu\u2019on nous a bourr\u00e9s le cerveau avec ces histoires d\u2019enrichissement illicite et de d\u00e9tournement de deniers publics. Il \u00e9tait question \u00e0 l\u2019\u00e9poque de pr\u00e9parer l\u2019opinion avant d\u2019envoyer Karim Wade et de Khalifa Sall \u00e0 l\u2019\u00e9chafaud, reconnus coupables qu\u2019ils sont de ce dont ils \u00e9taient accus\u00e9s. Les deniers des citoyens ont \u00e9t\u00e9 d\u00e9pens\u00e9s [&hellip;]<\/p>\n","protected":false},"author":2,"featured_media":82662,"comment_status":"open","ping_status":"open","sticky":false,"template":"","format":"standard","meta":{"_et_pb_use_builder":"","_et_pb_old_content":""},"categories":[34932],"tags":[],"yoast_head":"<!-- This site is optimized with the Yoast SEO Premium plugin v17.8 (Yoast SEO v17.8) - https:\/\/yoast.com\/wordpress\/plugins\/seo\/ -->\n<title>COUPS DE PILON - Terre d\u2019arrangements\u00a0! | Nettali.com<\/title>\n<meta name=\"robots\" content=\"index, follow, max-snippet:-1, max-image-preview:large, max-video-preview:-1\" \/>\n<link rel=\"canonical\" href=\"https:\/\/www.nettali.com\/2022\/03\/10\/coups-de-pilon-terre-darrangements\/\" \/>\n<meta property=\"og:locale\" content=\"fr_FR\" \/>\n<meta property=\"og:type\" content=\"article\" \/>\n<meta property=\"og:title\" content=\"COUPS DE PILON - Terre d\u2019arrangements\u00a0!\" \/>\n<meta property=\"og:description\" content=\"NETTALI.COM - Qu\u2019est-ce qu\u2019on nous a bourr\u00e9s le cerveau avec ces histoires d\u2019enrichissement illicite et de d\u00e9tournement de deniers publics. Il \u00e9tait question \u00e0 l\u2019\u00e9poque de pr\u00e9parer l\u2019opinion avant d\u2019envoyer Karim Wade et de Khalifa Sall \u00e0 l\u2019\u00e9chafaud, reconnus coupables qu\u2019ils sont de ce dont ils \u00e9taient accus\u00e9s. Les deniers des citoyens ont \u00e9t\u00e9 d\u00e9pens\u00e9s [&hellip;]\" \/>\n<meta property=\"og:url\" content=\"https:\/\/www.nettali.com\/2022\/03\/10\/coups-de-pilon-terre-darrangements\/\" \/>\n<meta property=\"og:site_name\" content=\"Nettali.com\" \/>\n<meta property=\"article:publisher\" content=\"https:\/\/www.facebook.com\/nettalicom\" \/>\n<meta property=\"article:published_time\" content=\"2022-03-10T08:00:37+00:00\" \/>\n<meta property=\"article:modified_time\" content=\"2022-03-12T10:36:16+00:00\" \/>\n<meta property=\"og:image\" content=\"https:\/\/www.nettali.com\/wp-content\/uploads\/2022\/03\/sonko-sall-wade-dias.jpg\" \/>\n\t<meta property=\"og:image:width\" content=\"1280\" \/>\n\t<meta property=\"og:image:height\" content=\"600\" \/>\n<meta name=\"twitter:card\" content=\"summary_large_image\" \/>\n<meta name=\"twitter:label1\" content=\"\u00c9crit par\" \/>\n\t<meta name=\"twitter:data1\" content=\"CK\" \/>\n\t<meta name=\"twitter:label2\" content=\"Dur\u00e9e de lecture estim\u00e9e\" \/>\n\t<meta name=\"twitter:data2\" content=\"10 minutes\" \/>\n<script type=\"application\/ld+json\" class=\"yoast-schema-graph\">{\"@context\":\"https:\/\/schema.org\",\"@graph\":[{\"@type\":\"WebSite\",\"@id\":\"https:\/\/www.nettali.com\/#website\",\"url\":\"https:\/\/www.nettali.com\/\",\"name\":\"Nettali.com\",\"description\":\"Le rendez-vous critique du Net\",\"potentialAction\":[{\"@type\":\"SearchAction\",\"target\":{\"@type\":\"EntryPoint\",\"urlTemplate\":\"https:\/\/www.nettali.com\/?s={search_term_string}\"},\"query-input\":\"required name=search_term_string\"}],\"inLanguage\":\"fr-FR\"},{\"@type\":\"ImageObject\",\"@id\":\"https:\/\/www.nettali.com\/2022\/03\/10\/coups-de-pilon-terre-darrangements\/#primaryimage\",\"inLanguage\":\"fr-FR\",\"url\":\"https:\/\/www.nettali.com\/wp-content\/uploads\/2022\/03\/sonko-sall-wade-dias.jpg\",\"contentUrl\":\"https:\/\/www.nettali.com\/wp-content\/uploads\/2022\/03\/sonko-sall-wade-dias.jpg\",\"width\":1280,\"height\":600},{\"@type\":\"WebPage\",\"@id\":\"https:\/\/www.nettali.com\/2022\/03\/10\/coups-de-pilon-terre-darrangements\/#webpage\",\"url\":\"https:\/\/www.nettali.com\/2022\/03\/10\/coups-de-pilon-terre-darrangements\/\",\"name\":\"COUPS DE PILON - Terre d\\u2019arrangements\\u00a0! | Nettali.com\",\"isPartOf\":{\"@id\":\"https:\/\/www.nettali.com\/#website\"},\"primaryImageOfPage\":{\"@id\":\"https:\/\/www.nettali.com\/2022\/03\/10\/coups-de-pilon-terre-darrangements\/#primaryimage\"},\"datePublished\":\"2022-03-10T08:00:37+00:00\",\"dateModified\":\"2022-03-12T10:36:16+00:00\",\"author\":{\"@id\":\"https:\/\/www.nettali.com\/#\/schema\/person\/d8ac7b7e27ddad43f1c0d2ef090d7f71\"},\"breadcrumb\":{\"@id\":\"https:\/\/www.nettali.com\/2022\/03\/10\/coups-de-pilon-terre-darrangements\/#breadcrumb\"},\"inLanguage\":\"fr-FR\",\"potentialAction\":[{\"@type\":\"ReadAction\",\"target\":[\"https:\/\/www.nettali.com\/2022\/03\/10\/coups-de-pilon-terre-darrangements\/\"]}]},{\"@type\":\"BreadcrumbList\",\"@id\":\"https:\/\/www.nettali.com\/2022\/03\/10\/coups-de-pilon-terre-darrangements\/#breadcrumb\",\"itemListElement\":[{\"@type\":\"ListItem\",\"position\":1,\"name\":\"Accueil\",\"item\":\"https:\/\/www.nettali.com\/\"},{\"@type\":\"ListItem\",\"position\":2,\"name\":\"COUPS DE PILON &#8211; Terre d\\u2019arrangements\\u00a0!\"}]},{\"@type\":\"Person\",\"@id\":\"https:\/\/www.nettali.com\/#\/schema\/person\/d8ac7b7e27ddad43f1c0d2ef090d7f71\",\"name\":\"CK\",\"image\":{\"@type\":\"ImageObject\",\"@id\":\"https:\/\/www.nettali.com\/#personlogo\",\"inLanguage\":\"fr-FR\",\"url\":\"https:\/\/secure.gravatar.com\/avatar\/1d8d5118b9327d94da7cd4ce7f17fec2?s=96&d=mm&r=g\",\"contentUrl\":\"https:\/\/secure.gravatar.com\/avatar\/1d8d5118b9327d94da7cd4ce7f17fec2?s=96&d=mm&r=g\",\"caption\":\"CK\"},\"sameAs\":[\"https:\/\/www.nettali.com\"]}]}<\/script>\n<!-- \/ Yoast SEO Premium plugin. -->","yoast_head_json":{"title":"COUPS DE PILON - Terre d\u2019arrangements\u00a0! | Nettali.com","robots":{"index":"index","follow":"follow","max-snippet":"max-snippet:-1","max-image-preview":"max-image-preview:large","max-video-preview":"max-video-preview:-1"},"canonical":"https:\/\/www.nettali.com\/2022\/03\/10\/coups-de-pilon-terre-darrangements\/","og_locale":"fr_FR","og_type":"article","og_title":"COUPS DE PILON - Terre d\u2019arrangements\u00a0!","og_description":"NETTALI.COM - Qu\u2019est-ce qu\u2019on nous a bourr\u00e9s le cerveau avec ces histoires d\u2019enrichissement illicite et de d\u00e9tournement de deniers publics. Il \u00e9tait question \u00e0 l\u2019\u00e9poque de pr\u00e9parer l\u2019opinion avant d\u2019envoyer Karim Wade et de Khalifa Sall \u00e0 l\u2019\u00e9chafaud, reconnus coupables qu\u2019ils sont de ce dont ils \u00e9taient accus\u00e9s. Les deniers des citoyens ont \u00e9t\u00e9 d\u00e9pens\u00e9s [&hellip;]","og_url":"https:\/\/www.nettali.com\/2022\/03\/10\/coups-de-pilon-terre-darrangements\/","og_site_name":"Nettali.com","article_publisher":"https:\/\/www.facebook.com\/nettalicom","article_published_time":"2022-03-10T08:00:37+00:00","article_modified_time":"2022-03-12T10:36:16+00:00","og_image":[{"width":1280,"height":600,"url":"https:\/\/www.nettali.com\/wp-content\/uploads\/2022\/03\/sonko-sall-wade-dias.jpg","type":"image\/jpeg"}],"twitter_card":"summary_large_image","twitter_misc":{"\u00c9crit par":"CK","Dur\u00e9e de lecture estim\u00e9e":"10 minutes"},"schema":{"@context":"https:\/\/schema.org","@graph":[{"@type":"WebSite","@id":"https:\/\/www.nettali.com\/#website","url":"https:\/\/www.nettali.com\/","name":"Nettali.com","description":"Le rendez-vous critique du Net","potentialAction":[{"@type":"SearchAction","target":{"@type":"EntryPoint","urlTemplate":"https:\/\/www.nettali.com\/?s={search_term_string}"},"query-input":"required name=search_term_string"}],"inLanguage":"fr-FR"},{"@type":"ImageObject","@id":"https:\/\/www.nettali.com\/2022\/03\/10\/coups-de-pilon-terre-darrangements\/#primaryimage","inLanguage":"fr-FR","url":"https:\/\/www.nettali.com\/wp-content\/uploads\/2022\/03\/sonko-sall-wade-dias.jpg","contentUrl":"https:\/\/www.nettali.com\/wp-content\/uploads\/2022\/03\/sonko-sall-wade-dias.jpg","width":1280,"height":600},{"@type":"WebPage","@id":"https:\/\/www.nettali.com\/2022\/03\/10\/coups-de-pilon-terre-darrangements\/#webpage","url":"https:\/\/www.nettali.com\/2022\/03\/10\/coups-de-pilon-terre-darrangements\/","name":"COUPS DE PILON - Terre d\u2019arrangements\u00a0! | Nettali.com","isPartOf":{"@id":"https:\/\/www.nettali.com\/#website"},"primaryImageOfPage":{"@id":"https:\/\/www.nettali.com\/2022\/03\/10\/coups-de-pilon-terre-darrangements\/#primaryimage"},"datePublished":"2022-03-10T08:00:37+00:00","dateModified":"2022-03-12T10:36:16+00:00","author":{"@id":"https:\/\/www.nettali.com\/#\/schema\/person\/d8ac7b7e27ddad43f1c0d2ef090d7f71"},"breadcrumb":{"@id":"https:\/\/www.nettali.com\/2022\/03\/10\/coups-de-pilon-terre-darrangements\/#breadcrumb"},"inLanguage":"fr-FR","potentialAction":[{"@type":"ReadAction","target":["https:\/\/www.nettali.com\/2022\/03\/10\/coups-de-pilon-terre-darrangements\/"]}]},{"@type":"BreadcrumbList","@id":"https:\/\/www.nettali.com\/2022\/03\/10\/coups-de-pilon-terre-darrangements\/#breadcrumb","itemListElement":[{"@type":"ListItem","position":1,"name":"Accueil","item":"https:\/\/www.nettali.com\/"},{"@type":"ListItem","position":2,"name":"COUPS DE PILON &#8211; Terre d\u2019arrangements\u00a0!"}]},{"@type":"Person","@id":"https:\/\/www.nettali.com\/#\/schema\/person\/d8ac7b7e27ddad43f1c0d2ef090d7f71","name":"CK","image":{"@type":"ImageObject","@id":"https:\/\/www.nettali.com\/#personlogo","inLanguage":"fr-FR","url":"https:\/\/secure.gravatar.com\/avatar\/1d8d5118b9327d94da7cd4ce7f17fec2?s=96&d=mm&r=g","contentUrl":"https:\/\/secure.gravatar.com\/avatar\/1d8d5118b9327d94da7cd4ce7f17fec2?s=96&d=mm&r=g","caption":"CK"},"sameAs":["https:\/\/www.nettali.com"]}]}},"_links":{"self":[{"href":"https:\/\/www.nettali.com\/rest\/wp\/v2\/posts\/82658"}],"collection":[{"href":"https:\/\/www.nettali.com\/rest\/wp\/v2\/posts"}],"about":[{"href":"https:\/\/www.nettali.com\/rest\/wp\/v2\/types\/post"}],"author":[{"embeddable":true,"href":"https:\/\/www.nettali.com\/rest\/wp\/v2\/users\/2"}],"replies":[{"embeddable":true,"href":"https:\/\/www.nettali.com\/rest\/wp\/v2\/comments?post=82658"}],"version-history":[{"count":6,"href":"https:\/\/www.nettali.com\/rest\/wp\/v2\/posts\/82658\/revisions"}],"predecessor-version":[{"id":82816,"href":"https:\/\/www.nettali.com\/rest\/wp\/v2\/posts\/82658\/revisions\/82816"}],"wp:featuredmedia":[{"embeddable":true,"href":"https:\/\/www.nettali.com\/rest\/wp\/v2\/media\/82662"}],"wp:attachment":[{"href":"https:\/\/www.nettali.com\/rest\/wp\/v2\/media?parent=82658"}],"wp:term":[{"taxonomy":"category","embeddable":true,"href":"https:\/\/www.nettali.com\/rest\/wp\/v2\/categories?post=82658"},{"taxonomy":"post_tag","embeddable":true,"href":"https:\/\/www.nettali.com\/rest\/wp\/v2\/tags?post=82658"}],"curies":[{"name":"wp","href":"https:\/\/api.w.org\/{rel}","templated":true}]}}