{"id":82657,"date":"2022-03-09T00:27:51","date_gmt":"2022-03-09T00:27:51","guid":{"rendered":"https:\/\/www.nettali.com\/?p=82657"},"modified":"2022-03-09T00:27:51","modified_gmt":"2022-03-09T00:27:51","slug":"aminata-toure-karim-wade-a-ete-gracie-mais","status":"publish","type":"post","link":"https:\/\/www.nettali.com\/2022\/03\/09\/aminata-toure-karim-wade-a-ete-gracie-mais\/","title":{"rendered":"AMINATA TOURE - \"Karim Wade a \u00e9t\u00e9 graci\u00e9, mais...\""},"content":{"rendered":"<p><strong>NETTALI.COM\u00a0 - De l'avis d'Aminata Tour\u00e9, Karim Wade a une amende \u00e0 payer. Et c'est peut-\u00eatre ce qui l'emp\u00eacherait de rentrer au pays. L'ancienne ministre de la Justice l'a dit ce mardi sur Walf Tv.\u00a0<\/strong><\/p>\n<p>Invit\u00e9e exceptionnelle de Walf Tv \u00e0 l'occasion de la Journ\u00e9e internationale des droits des femmes, Aminata Tour\u00e9 a \u00e9t\u00e9 interrog\u00e9e sur plusieurs questions d'actualit\u00e9, notamment sur le cas Karim Wade. Jug\u00e9 et condamn\u00e9 par la Cour de r\u00e9pression de l'enrichissement illicite (Crei), le fils de l'ancien pr\u00e9sident de la R\u00e9publique est depuis <em>\"exil\u00e9\"<\/em> au Qatar malgr\u00e9 une gr\u00e2ce accord\u00e9e par le chef de l\u2019Etat.<\/p>\n<p>D'embl\u00e9e, Aminata Tour\u00e9 a tenu \u00e0 apporter des pr\u00e9cisions sur le r\u00f4le qu'elle a jou\u00e9 dans cette affaire. \"<em>J'\u00e9tais ministre de la Justice. Et le ministre ne fait qu'administrer la justice. Je ne d\u00e9livre pas la justice. Je ne suis ni juge ni avocat des victimes encore moins de la d\u00e9fense<\/em>\", explique Aminata Tour\u00e9. Avant d'insister : \"<em>Le lien du garde des Sceaux, c'est avec le parquet. Le ministre de la Justice ne peut pas intervenir sur une d\u00e9cision qu'un juge doit prendre<\/em>.\"<\/p>\n<p>Et pourquoi le fils de Me Abdoulaye Wade ne rentre pas au pays en d\u00e9p\u00eet de la gr\u00e2ce que lui a accord\u00e9e le Pr\u00e9sident Macky Sall ? \"<em>Karim Wade a \u00e9t\u00e9 jug\u00e9 ensuite graci\u00e9, mais il a une amende \u00e0 payer. On sait aussi qu'il y a une contrainte par corps<\/em>\", r\u00e9pond Mimi Tour\u00e9 qui se garde d'entrer dans les d\u00e9tails.<\/p>\n<div class='share-to-whatsapp-wrapper'><div class='share-on-whsp'>PARTAGER SUR : <\/div><a data-text='AMINATA TOURE - \"Karim Wade a \u00e9t\u00e9 graci\u00e9, mais...\"' data-link='https:\/\/www.nettali.com\/2022\/03\/09\/aminata-toure-karim-wade-a-ete-gracie-mais\/' class='whatsapp-button whatsapp-share'>WhatsApp<\/a><div class='clear '><\/div><\/div>","protected":false},"excerpt":{"rendered":"<p>NETTALI.COM\u00a0 - De l'avis d'Aminata Tour\u00e9, Karim Wade a une amende \u00e0 payer. Et c'est peut-\u00eatre ce qui l'emp\u00eacherait de rentrer au pays. L'ancienne ministre de la Justice l'a dit ce mardi sur Walf Tv.\u00a0 Invit\u00e9e exceptionnelle de Walf Tv \u00e0 l'occasion de la Journ\u00e9e internationale des droits des femmes, Aminata Tour\u00e9 a \u00e9t\u00e9 interrog\u00e9e [&hellip;]<\/p>\n","protected":false},"author":3,"featured_media":82659,"comment_status":"open","ping_status":"open","sticky":false,"template":"","format":"standard","meta":{"_et_pb_use_builder":"","_et_pb_old_content":""},"categories":[2],"tags":[],"yoast_head":"<!-- This site is optimized with the Yoast SEO Premium plugin v17.8 (Yoast SEO v17.8) - https:\/\/yoast.com\/wordpress\/plugins\/seo\/ -->\n<title>AMINATA TOURE - &quot;Karim Wade a \u00e9t\u00e9 graci\u00e9, mais...&quot; | Nettali.com<\/title>\n<meta name=\"robots\" content=\"index, follow, max-snippet:-1, max-image-preview:large, max-video-preview:-1\" \/>\n<link rel=\"canonical\" href=\"https:\/\/www.nettali.com\/2022\/03\/09\/aminata-toure-karim-wade-a-ete-gracie-mais\/\" \/>\n<meta property=\"og:locale\" content=\"fr_FR\" \/>\n<meta property=\"og:type\" content=\"article\" \/>\n<meta property=\"og:title\" content=\"AMINATA TOURE - &quot;Karim Wade a \u00e9t\u00e9 graci\u00e9, mais...&quot;\" \/>\n<meta property=\"og:description\" content=\"NETTALI.COM\u00a0 - De l&#039;avis d&#039;Aminata Tour\u00e9, Karim Wade a une amende \u00e0 payer. Et c&#039;est peut-\u00eatre ce qui l&#039;emp\u00eacherait de rentrer au pays. L&#039;ancienne ministre de la Justice l&#039;a dit ce mardi sur Walf Tv.\u00a0 Invit\u00e9e exceptionnelle de Walf Tv \u00e0 l&#039;occasion de la Journ\u00e9e internationale des droits des femmes, Aminata Tour\u00e9 a \u00e9t\u00e9 interrog\u00e9e [&hellip;]\" \/>\n<meta property=\"og:url\" content=\"https:\/\/www.nettali.com\/2022\/03\/09\/aminata-toure-karim-wade-a-ete-gracie-mais\/\" \/>\n<meta property=\"og:site_name\" content=\"Nettali.com\" \/>\n<meta property=\"article:publisher\" content=\"https:\/\/www.facebook.com\/nettalicom\" \/>\n<meta property=\"article:published_time\" content=\"2022-03-09T00:27:51+00:00\" \/>\n<meta property=\"og:image\" content=\"https:\/\/www.nettali.com\/wp-content\/uploads\/2022\/03\/546884-.jpg\" \/>\n\t<meta property=\"og:image:width\" content=\"960\" \/>\n\t<meta property=\"og:image:height\" content=\"1461\" \/>\n<meta name=\"twitter:card\" content=\"summary_large_image\" \/>\n<meta name=\"twitter:label1\" content=\"\u00c9crit par\" \/>\n\t<meta name=\"twitter:data1\" content=\"Moustapha\" \/>\n\t<meta name=\"twitter:label2\" content=\"Dur\u00e9e de lecture estim\u00e9e\" \/>\n\t<meta name=\"twitter:data2\" content=\"2 minutes\" \/>\n<script type=\"application\/ld+json\" class=\"yoast-schema-graph\">{\"@context\":\"https:\/\/schema.org\",\"@graph\":[{\"@type\":\"WebSite\",\"@id\":\"https:\/\/www.nettali.com\/#website\",\"url\":\"https:\/\/www.nettali.com\/\",\"name\":\"Nettali.com\",\"description\":\"Le rendez-vous critique du Net\",\"potentialAction\":[{\"@type\":\"SearchAction\",\"target\":{\"@type\":\"EntryPoint\",\"urlTemplate\":\"https:\/\/www.nettali.com\/?s={search_term_string}\"},\"query-input\":\"required name=search_term_string\"}],\"inLanguage\":\"fr-FR\"},{\"@type\":\"ImageObject\",\"@id\":\"https:\/\/www.nettali.com\/2022\/03\/09\/aminata-toure-karim-wade-a-ete-gracie-mais\/#primaryimage\",\"inLanguage\":\"fr-FR\",\"url\":\"https:\/\/www.nettali.com\/wp-content\/uploads\/2022\/03\/546884-.jpg\",\"contentUrl\":\"https:\/\/www.nettali.com\/wp-content\/uploads\/2022\/03\/546884-.jpg\",\"width\":960,\"height\":1461},{\"@type\":\"WebPage\",\"@id\":\"https:\/\/www.nettali.com\/2022\/03\/09\/aminata-toure-karim-wade-a-ete-gracie-mais\/#webpage\",\"url\":\"https:\/\/www.nettali.com\/2022\/03\/09\/aminata-toure-karim-wade-a-ete-gracie-mais\/\",\"name\":\"AMINATA TOURE - \\\"Karim Wade a \\u00e9t\\u00e9 graci\\u00e9, mais...\\\" | Nettali.com\",\"isPartOf\":{\"@id\":\"https:\/\/www.nettali.com\/#website\"},\"primaryImageOfPage\":{\"@id\":\"https:\/\/www.nettali.com\/2022\/03\/09\/aminata-toure-karim-wade-a-ete-gracie-mais\/#primaryimage\"},\"datePublished\":\"2022-03-09T00:27:51+00:00\",\"dateModified\":\"2022-03-09T00:27:51+00:00\",\"author\":{\"@id\":\"https:\/\/www.nettali.com\/#\/schema\/person\/7962a12a6e0267f88f0ffa544c36469a\"},\"breadcrumb\":{\"@id\":\"https:\/\/www.nettali.com\/2022\/03\/09\/aminata-toure-karim-wade-a-ete-gracie-mais\/#breadcrumb\"},\"inLanguage\":\"fr-FR\",\"potentialAction\":[{\"@type\":\"ReadAction\",\"target\":[\"https:\/\/www.nettali.com\/2022\/03\/09\/aminata-toure-karim-wade-a-ete-gracie-mais\/\"]}]},{\"@type\":\"BreadcrumbList\",\"@id\":\"https:\/\/www.nettali.com\/2022\/03\/09\/aminata-toure-karim-wade-a-ete-gracie-mais\/#breadcrumb\",\"itemListElement\":[{\"@type\":\"ListItem\",\"position\":1,\"name\":\"Accueil\",\"item\":\"https:\/\/www.nettali.com\/\"},{\"@type\":\"ListItem\",\"position\":2,\"name\":\"AMINATA TOURE &#8211; \\u00ab\\u00a0Karim Wade a \\u00e9t\\u00e9 graci\\u00e9, mais&#8230;\\u00a0\\u00bb\"}]},{\"@type\":\"Person\",\"@id\":\"https:\/\/www.nettali.com\/#\/schema\/person\/7962a12a6e0267f88f0ffa544c36469a\",\"name\":\"Moustapha\",\"image\":{\"@type\":\"ImageObject\",\"@id\":\"https:\/\/www.nettali.com\/#personlogo\",\"inLanguage\":\"fr-FR\",\"url\":\"https:\/\/secure.gravatar.com\/avatar\/10fdf6a071cccdcf374e3dbe45159590?s=96&d=mm&r=g\",\"contentUrl\":\"https:\/\/secure.gravatar.com\/avatar\/10fdf6a071cccdcf374e3dbe45159590?s=96&d=mm&r=g\",\"caption\":\"Moustapha\"},\"sameAs\":[\"https:\/\/www.nettali.com\"]}]}<\/script>\n<!-- \/ Yoast SEO Premium plugin. -->","yoast_head_json":{"title":"AMINATA TOURE - \"Karim Wade a \u00e9t\u00e9 graci\u00e9, mais...\" | Nettali.com","robots":{"index":"index","follow":"follow","max-snippet":"max-snippet:-1","max-image-preview":"max-image-preview:large","max-video-preview":"max-video-preview:-1"},"canonical":"https:\/\/www.nettali.com\/2022\/03\/09\/aminata-toure-karim-wade-a-ete-gracie-mais\/","og_locale":"fr_FR","og_type":"article","og_title":"AMINATA TOURE - \"Karim Wade a \u00e9t\u00e9 graci\u00e9, mais...\"","og_description":"NETTALI.COM\u00a0 - De l'avis d'Aminata Tour\u00e9, Karim Wade a une amende \u00e0 payer. Et c'est peut-\u00eatre ce qui l'emp\u00eacherait de rentrer au pays. L'ancienne ministre de la Justice l'a dit ce mardi sur Walf Tv.\u00a0 Invit\u00e9e exceptionnelle de Walf Tv \u00e0 l'occasion de la Journ\u00e9e internationale des droits des femmes, Aminata Tour\u00e9 a \u00e9t\u00e9 interrog\u00e9e [&hellip;]","og_url":"https:\/\/www.nettali.com\/2022\/03\/09\/aminata-toure-karim-wade-a-ete-gracie-mais\/","og_site_name":"Nettali.com","article_publisher":"https:\/\/www.facebook.com\/nettalicom","article_published_time":"2022-03-09T00:27:51+00:00","og_image":[{"width":960,"height":1461,"url":"https:\/\/www.nettali.com\/wp-content\/uploads\/2022\/03\/546884-.jpg","type":"image\/jpeg"}],"twitter_card":"summary_large_image","twitter_misc":{"\u00c9crit par":"Moustapha","Dur\u00e9e de lecture estim\u00e9e":"2 minutes"},"schema":{"@context":"https:\/\/schema.org","@graph":[{"@type":"WebSite","@id":"https:\/\/www.nettali.com\/#website","url":"https:\/\/www.nettali.com\/","name":"Nettali.com","description":"Le rendez-vous critique du Net","potentialAction":[{"@type":"SearchAction","target":{"@type":"EntryPoint","urlTemplate":"https:\/\/www.nettali.com\/?s={search_term_string}"},"query-input":"required name=search_term_string"}],"inLanguage":"fr-FR"},{"@type":"ImageObject","@id":"https:\/\/www.nettali.com\/2022\/03\/09\/aminata-toure-karim-wade-a-ete-gracie-mais\/#primaryimage","inLanguage":"fr-FR","url":"https:\/\/www.nettali.com\/wp-content\/uploads\/2022\/03\/546884-.jpg","contentUrl":"https:\/\/www.nettali.com\/wp-content\/uploads\/2022\/03\/546884-.jpg","width":960,"height":1461},{"@type":"WebPage","@id":"https:\/\/www.nettali.com\/2022\/03\/09\/aminata-toure-karim-wade-a-ete-gracie-mais\/#webpage","url":"https:\/\/www.nettali.com\/2022\/03\/09\/aminata-toure-karim-wade-a-ete-gracie-mais\/","name":"AMINATA TOURE - \"Karim Wade a \u00e9t\u00e9 graci\u00e9, mais...\" | Nettali.com","isPartOf":{"@id":"https:\/\/www.nettali.com\/#website"},"primaryImageOfPage":{"@id":"https:\/\/www.nettali.com\/2022\/03\/09\/aminata-toure-karim-wade-a-ete-gracie-mais\/#primaryimage"},"datePublished":"2022-03-09T00:27:51+00:00","dateModified":"2022-03-09T00:27:51+00:00","author":{"@id":"https:\/\/www.nettali.com\/#\/schema\/person\/7962a12a6e0267f88f0ffa544c36469a"},"breadcrumb":{"@id":"https:\/\/www.nettali.com\/2022\/03\/09\/aminata-toure-karim-wade-a-ete-gracie-mais\/#breadcrumb"},"inLanguage":"fr-FR","potentialAction":[{"@type":"ReadAction","target":["https:\/\/www.nettali.com\/2022\/03\/09\/aminata-toure-karim-wade-a-ete-gracie-mais\/"]}]},{"@type":"BreadcrumbList","@id":"https:\/\/www.nettali.com\/2022\/03\/09\/aminata-toure-karim-wade-a-ete-gracie-mais\/#breadcrumb","itemListElement":[{"@type":"ListItem","position":1,"name":"Accueil","item":"https:\/\/www.nettali.com\/"},{"@type":"ListItem","position":2,"name":"AMINATA TOURE &#8211; \u00ab\u00a0Karim Wade a \u00e9t\u00e9 graci\u00e9, mais&#8230;\u00a0\u00bb"}]},{"@type":"Person","@id":"https:\/\/www.nettali.com\/#\/schema\/person\/7962a12a6e0267f88f0ffa544c36469a","name":"Moustapha","image":{"@type":"ImageObject","@id":"https:\/\/www.nettali.com\/#personlogo","inLanguage":"fr-FR","url":"https:\/\/secure.gravatar.com\/avatar\/10fdf6a071cccdcf374e3dbe45159590?s=96&d=mm&r=g","contentUrl":"https:\/\/secure.gravatar.com\/avatar\/10fdf6a071cccdcf374e3dbe45159590?s=96&d=mm&r=g","caption":"Moustapha"},"sameAs":["https:\/\/www.nettali.com"]}]}},"_links":{"self":[{"href":"https:\/\/www.nettali.com\/rest\/wp\/v2\/posts\/82657"}],"collection":[{"href":"https:\/\/www.nettali.com\/rest\/wp\/v2\/posts"}],"about":[{"href":"https:\/\/www.nettali.com\/rest\/wp\/v2\/types\/post"}],"author":[{"embeddable":true,"href":"https:\/\/www.nettali.com\/rest\/wp\/v2\/users\/3"}],"replies":[{"embeddable":true,"href":"https:\/\/www.nettali.com\/rest\/wp\/v2\/comments?post=82657"}],"version-history":[{"count":1,"href":"https:\/\/www.nettali.com\/rest\/wp\/v2\/posts\/82657\/revisions"}],"predecessor-version":[{"id":82660,"href":"https:\/\/www.nettali.com\/rest\/wp\/v2\/posts\/82657\/revisions\/82660"}],"wp:featuredmedia":[{"embeddable":true,"href":"https:\/\/www.nettali.com\/rest\/wp\/v2\/media\/82659"}],"wp:attachment":[{"href":"https:\/\/www.nettali.com\/rest\/wp\/v2\/media?parent=82657"}],"wp:term":[{"taxonomy":"category","embeddable":true,"href":"https:\/\/www.nettali.com\/rest\/wp\/v2\/categories?post=82657"},{"taxonomy":"post_tag","embeddable":true,"href":"https:\/\/www.nettali.com\/rest\/wp\/v2\/tags?post=82657"}],"curies":[{"name":"wp","href":"https:\/\/api.w.org\/{rel}","templated":true}]}}