{"id":82619,"date":"2022-03-08T14:32:04","date_gmt":"2022-03-08T14:32:04","guid":{"rendered":"https:\/\/www.nettali.com\/?p=82619"},"modified":"2022-03-08T14:32:04","modified_gmt":"2022-03-08T14:32:04","slug":"violences-basees-sur-le-genre-ndeye-saly-diop-dieng-annonce-la-creation-dun-centre-de-prise-en-charge-des-victimes","status":"publish","type":"post","link":"https:\/\/www.nettali.com\/2022\/03\/08\/violences-basees-sur-le-genre-ndeye-saly-diop-dieng-annonce-la-creation-dun-centre-de-prise-en-charge-des-victimes\/","title":{"rendered":"VIOLENCES BAS\u00c9ES SUR LE GENRE - Nd\u00e8ye Saly Diop Dieng annonce la cr\u00e9ation d\u2019un centre de prise en charge des victimes"},"content":{"rendered":"<p><strong>NETTALI.COM-\u00a0 Ce mardi 8 mars est c\u00e9l\u00e9br\u00e9 dans le monde la Journ\u00e9e internationale des droits de la femme. Le S\u00e9n\u00e9gal n\u2019est pas en reste. Plusieurs rencontres sont organis\u00e9es \u00e0 l\u2019honneur des femmes. Le ministre d\u00e9di\u00e9 a profit\u00e9 de cette occurrence symbolique pour annoncer une bonne nouvelle pour les femmes victimes de violences bas\u00e9es sur le genre. <\/strong><\/p>\n<p>Nd\u00e8ye Saly Diopy Dieng a annonc\u00e9 la cr\u00e9ation, cette ann\u00e9e, d\u2019un Centre de prise en charge des victimes de violences bas\u00e9es sur le genre. Le co\u00fbt de ce centre est estim\u00e9, selon elle, \u00e0 500 millions de francs CFA.<\/p>\n<p>Par ailleurs, la ministre, m\u00eame si elle n\u2019a pas donn\u00e9 des statistiques, fait savoir, pour le d\u00e9plorer que les cas de violences exerc\u00e9es sur les femmes ont augment\u00e9. A son avis, le d\u00e9fi de son minist\u00e8re aujourd\u2019hui c\u2019est d\u2019avoir des statistiques afin de conna\u00eetre le nombre exact de femmes victimes.<\/p>\n<div class='share-to-whatsapp-wrapper'><div class='share-on-whsp'>PARTAGER SUR : <\/div><a data-text='VIOLENCES BAS\u00c9ES SUR LE GENRE - Nd\u00e8ye Saly Diop Dieng annonce la cr\u00e9ation d\u2019un centre de prise en charge des victimes' data-link='https:\/\/www.nettali.com\/2022\/03\/08\/violences-basees-sur-le-genre-ndeye-saly-diop-dieng-annonce-la-creation-dun-centre-de-prise-en-charge-des-victimes\/' class='whatsapp-button whatsapp-share'>WhatsApp<\/a><div class='clear '><\/div><\/div>","protected":false},"excerpt":{"rendered":"<p>NETTALI.COM-\u00a0 Ce mardi 8 mars est c\u00e9l\u00e9br\u00e9 dans le monde la Journ\u00e9e internationale des droits de la femme. Le S\u00e9n\u00e9gal n\u2019est pas en reste. Plusieurs rencontres sont organis\u00e9es \u00e0 l\u2019honneur des femmes. Le ministre d\u00e9di\u00e9 a profit\u00e9 de cette occurrence symbolique pour annoncer une bonne nouvelle pour les femmes victimes de violences bas\u00e9es sur le [&hellip;]<\/p>\n","protected":false},"author":6,"featured_media":13030,"comment_status":"open","ping_status":"open","sticky":false,"template":"","format":"standard","meta":{"_et_pb_use_builder":"","_et_pb_old_content":""},"categories":[3],"tags":[],"yoast_head":"<!-- This site is optimized with the Yoast SEO Premium plugin v17.8 (Yoast SEO v17.8) - https:\/\/yoast.com\/wordpress\/plugins\/seo\/ -->\n<title>VIOLENCES BAS\u00c9ES SUR LE GENRE - Nd\u00e8ye Saly Diop Dieng annonce la cr\u00e9ation d\u2019un centre de prise en charge des victimes | Nettali.com<\/title>\n<meta name=\"robots\" content=\"index, follow, max-snippet:-1, max-image-preview:large, max-video-preview:-1\" \/>\n<link rel=\"canonical\" href=\"https:\/\/www.nettali.com\/2022\/03\/08\/violences-basees-sur-le-genre-ndeye-saly-diop-dieng-annonce-la-creation-dun-centre-de-prise-en-charge-des-victimes\/\" \/>\n<meta property=\"og:locale\" content=\"fr_FR\" \/>\n<meta property=\"og:type\" content=\"article\" \/>\n<meta property=\"og:title\" content=\"VIOLENCES BAS\u00c9ES SUR LE GENRE - Nd\u00e8ye Saly Diop Dieng annonce la cr\u00e9ation d\u2019un centre de prise en charge des victimes\" \/>\n<meta property=\"og:description\" content=\"NETTALI.COM-\u00a0 Ce mardi 8 mars est c\u00e9l\u00e9br\u00e9 dans le monde la Journ\u00e9e internationale des droits de la femme. Le S\u00e9n\u00e9gal n\u2019est pas en reste. Plusieurs rencontres sont organis\u00e9es \u00e0 l\u2019honneur des femmes. Le ministre d\u00e9di\u00e9 a profit\u00e9 de cette occurrence symbolique pour annoncer une bonne nouvelle pour les femmes victimes de violences bas\u00e9es sur le [&hellip;]\" \/>\n<meta property=\"og:url\" content=\"https:\/\/www.nettali.com\/2022\/03\/08\/violences-basees-sur-le-genre-ndeye-saly-diop-dieng-annonce-la-creation-dun-centre-de-prise-en-charge-des-victimes\/\" \/>\n<meta property=\"og:site_name\" content=\"Nettali.com\" \/>\n<meta property=\"article:publisher\" content=\"https:\/\/www.facebook.com\/nettalicom\" \/>\n<meta property=\"article:published_time\" content=\"2022-03-08T14:32:04+00:00\" \/>\n<meta property=\"og:image\" content=\"https:\/\/www.nettali.com\/wp-content\/uploads\/2019\/07\/violences.jpg\" \/>\n\t<meta property=\"og:image:width\" content=\"419\" \/>\n\t<meta property=\"og:image:height\" content=\"257\" \/>\n<meta name=\"twitter:card\" content=\"summary_large_image\" \/>\n<meta name=\"twitter:label1\" content=\"\u00c9crit par\" \/>\n\t<meta name=\"twitter:data1\" content=\"Fatou\" \/>\n\t<meta name=\"twitter:label2\" content=\"Dur\u00e9e de lecture estim\u00e9e\" \/>\n\t<meta name=\"twitter:data2\" content=\"1 minute\" \/>\n<script type=\"application\/ld+json\" class=\"yoast-schema-graph\">{\"@context\":\"https:\/\/schema.org\",\"@graph\":[{\"@type\":\"WebSite\",\"@id\":\"https:\/\/www.nettali.com\/#website\",\"url\":\"https:\/\/www.nettali.com\/\",\"name\":\"Nettali.com\",\"description\":\"Le rendez-vous critique du Net\",\"potentialAction\":[{\"@type\":\"SearchAction\",\"target\":{\"@type\":\"EntryPoint\",\"urlTemplate\":\"https:\/\/www.nettali.com\/?s={search_term_string}\"},\"query-input\":\"required name=search_term_string\"}],\"inLanguage\":\"fr-FR\"},{\"@type\":\"ImageObject\",\"@id\":\"https:\/\/www.nettali.com\/2022\/03\/08\/violences-basees-sur-le-genre-ndeye-saly-diop-dieng-annonce-la-creation-dun-centre-de-prise-en-charge-des-victimes\/#primaryimage\",\"inLanguage\":\"fr-FR\",\"url\":\"https:\/\/www.nettali.com\/wp-content\/uploads\/2019\/07\/violences.jpg\",\"contentUrl\":\"https:\/\/www.nettali.com\/wp-content\/uploads\/2019\/07\/violences.jpg\",\"width\":419,\"height\":257},{\"@type\":\"WebPage\",\"@id\":\"https:\/\/www.nettali.com\/2022\/03\/08\/violences-basees-sur-le-genre-ndeye-saly-diop-dieng-annonce-la-creation-dun-centre-de-prise-en-charge-des-victimes\/#webpage\",\"url\":\"https:\/\/www.nettali.com\/2022\/03\/08\/violences-basees-sur-le-genre-ndeye-saly-diop-dieng-annonce-la-creation-dun-centre-de-prise-en-charge-des-victimes\/\",\"name\":\"VIOLENCES BAS\\u00c9ES SUR LE GENRE - Nd\\u00e8ye Saly Diop Dieng annonce la cr\\u00e9ation d\\u2019un centre de prise en charge des victimes | Nettali.com\",\"isPartOf\":{\"@id\":\"https:\/\/www.nettali.com\/#website\"},\"primaryImageOfPage\":{\"@id\":\"https:\/\/www.nettali.com\/2022\/03\/08\/violences-basees-sur-le-genre-ndeye-saly-diop-dieng-annonce-la-creation-dun-centre-de-prise-en-charge-des-victimes\/#primaryimage\"},\"datePublished\":\"2022-03-08T14:32:04+00:00\",\"dateModified\":\"2022-03-08T14:32:04+00:00\",\"author\":{\"@id\":\"https:\/\/www.nettali.com\/#\/schema\/person\/418274a86bdf87caff7a3ef476bd0bbf\"},\"breadcrumb\":{\"@id\":\"https:\/\/www.nettali.com\/2022\/03\/08\/violences-basees-sur-le-genre-ndeye-saly-diop-dieng-annonce-la-creation-dun-centre-de-prise-en-charge-des-victimes\/#breadcrumb\"},\"inLanguage\":\"fr-FR\",\"potentialAction\":[{\"@type\":\"ReadAction\",\"target\":[\"https:\/\/www.nettali.com\/2022\/03\/08\/violences-basees-sur-le-genre-ndeye-saly-diop-dieng-annonce-la-creation-dun-centre-de-prise-en-charge-des-victimes\/\"]}]},{\"@type\":\"BreadcrumbList\",\"@id\":\"https:\/\/www.nettali.com\/2022\/03\/08\/violences-basees-sur-le-genre-ndeye-saly-diop-dieng-annonce-la-creation-dun-centre-de-prise-en-charge-des-victimes\/#breadcrumb\",\"itemListElement\":[{\"@type\":\"ListItem\",\"position\":1,\"name\":\"Accueil\",\"item\":\"https:\/\/www.nettali.com\/\"},{\"@type\":\"ListItem\",\"position\":2,\"name\":\"VIOLENCES BAS\\u00c9ES SUR LE GENRE &#8211; Nd\\u00e8ye Saly Diop Dieng annonce la cr\\u00e9ation d\\u2019un centre de prise en charge des victimes\"}]},{\"@type\":\"Person\",\"@id\":\"https:\/\/www.nettali.com\/#\/schema\/person\/418274a86bdf87caff7a3ef476bd0bbf\",\"name\":\"Fatou\",\"image\":{\"@type\":\"ImageObject\",\"@id\":\"https:\/\/www.nettali.com\/#personlogo\",\"inLanguage\":\"fr-FR\",\"url\":\"https:\/\/secure.gravatar.com\/avatar\/5a9442a2bee7b4dcf167cab035858e9a?s=96&d=mm&r=g\",\"contentUrl\":\"https:\/\/secure.gravatar.com\/avatar\/5a9442a2bee7b4dcf167cab035858e9a?s=96&d=mm&r=g\",\"caption\":\"Fatou\"},\"sameAs\":[\"https:\/\/www.nettali.com\"]}]}<\/script>\n<!-- \/ Yoast SEO Premium plugin. -->","yoast_head_json":{"title":"VIOLENCES BAS\u00c9ES SUR LE GENRE - Nd\u00e8ye Saly Diop Dieng annonce la cr\u00e9ation d\u2019un centre de prise en charge des victimes | Nettali.com","robots":{"index":"index","follow":"follow","max-snippet":"max-snippet:-1","max-image-preview":"max-image-preview:large","max-video-preview":"max-video-preview:-1"},"canonical":"https:\/\/www.nettali.com\/2022\/03\/08\/violences-basees-sur-le-genre-ndeye-saly-diop-dieng-annonce-la-creation-dun-centre-de-prise-en-charge-des-victimes\/","og_locale":"fr_FR","og_type":"article","og_title":"VIOLENCES BAS\u00c9ES SUR LE GENRE - Nd\u00e8ye Saly Diop Dieng annonce la cr\u00e9ation d\u2019un centre de prise en charge des victimes","og_description":"NETTALI.COM-\u00a0 Ce mardi 8 mars est c\u00e9l\u00e9br\u00e9 dans le monde la Journ\u00e9e internationale des droits de la femme. Le S\u00e9n\u00e9gal n\u2019est pas en reste. Plusieurs rencontres sont organis\u00e9es \u00e0 l\u2019honneur des femmes. Le ministre d\u00e9di\u00e9 a profit\u00e9 de cette occurrence symbolique pour annoncer une bonne nouvelle pour les femmes victimes de violences bas\u00e9es sur le [&hellip;]","og_url":"https:\/\/www.nettali.com\/2022\/03\/08\/violences-basees-sur-le-genre-ndeye-saly-diop-dieng-annonce-la-creation-dun-centre-de-prise-en-charge-des-victimes\/","og_site_name":"Nettali.com","article_publisher":"https:\/\/www.facebook.com\/nettalicom","article_published_time":"2022-03-08T14:32:04+00:00","og_image":[{"width":419,"height":257,"url":"https:\/\/www.nettali.com\/wp-content\/uploads\/2019\/07\/violences.jpg","type":"image\/jpeg"}],"twitter_card":"summary_large_image","twitter_misc":{"\u00c9crit par":"Fatou","Dur\u00e9e de lecture estim\u00e9e":"1 minute"},"schema":{"@context":"https:\/\/schema.org","@graph":[{"@type":"WebSite","@id":"https:\/\/www.nettali.com\/#website","url":"https:\/\/www.nettali.com\/","name":"Nettali.com","description":"Le rendez-vous critique du Net","potentialAction":[{"@type":"SearchAction","target":{"@type":"EntryPoint","urlTemplate":"https:\/\/www.nettali.com\/?s={search_term_string}"},"query-input":"required name=search_term_string"}],"inLanguage":"fr-FR"},{"@type":"ImageObject","@id":"https:\/\/www.nettali.com\/2022\/03\/08\/violences-basees-sur-le-genre-ndeye-saly-diop-dieng-annonce-la-creation-dun-centre-de-prise-en-charge-des-victimes\/#primaryimage","inLanguage":"fr-FR","url":"https:\/\/www.nettali.com\/wp-content\/uploads\/2019\/07\/violences.jpg","contentUrl":"https:\/\/www.nettali.com\/wp-content\/uploads\/2019\/07\/violences.jpg","width":419,"height":257},{"@type":"WebPage","@id":"https:\/\/www.nettali.com\/2022\/03\/08\/violences-basees-sur-le-genre-ndeye-saly-diop-dieng-annonce-la-creation-dun-centre-de-prise-en-charge-des-victimes\/#webpage","url":"https:\/\/www.nettali.com\/2022\/03\/08\/violences-basees-sur-le-genre-ndeye-saly-diop-dieng-annonce-la-creation-dun-centre-de-prise-en-charge-des-victimes\/","name":"VIOLENCES BAS\u00c9ES SUR LE GENRE - Nd\u00e8ye Saly Diop Dieng annonce la cr\u00e9ation d\u2019un centre de prise en charge des victimes | Nettali.com","isPartOf":{"@id":"https:\/\/www.nettali.com\/#website"},"primaryImageOfPage":{"@id":"https:\/\/www.nettali.com\/2022\/03\/08\/violences-basees-sur-le-genre-ndeye-saly-diop-dieng-annonce-la-creation-dun-centre-de-prise-en-charge-des-victimes\/#primaryimage"},"datePublished":"2022-03-08T14:32:04+00:00","dateModified":"2022-03-08T14:32:04+00:00","author":{"@id":"https:\/\/www.nettali.com\/#\/schema\/person\/418274a86bdf87caff7a3ef476bd0bbf"},"breadcrumb":{"@id":"https:\/\/www.nettali.com\/2022\/03\/08\/violences-basees-sur-le-genre-ndeye-saly-diop-dieng-annonce-la-creation-dun-centre-de-prise-en-charge-des-victimes\/#breadcrumb"},"inLanguage":"fr-FR","potentialAction":[{"@type":"ReadAction","target":["https:\/\/www.nettali.com\/2022\/03\/08\/violences-basees-sur-le-genre-ndeye-saly-diop-dieng-annonce-la-creation-dun-centre-de-prise-en-charge-des-victimes\/"]}]},{"@type":"BreadcrumbList","@id":"https:\/\/www.nettali.com\/2022\/03\/08\/violences-basees-sur-le-genre-ndeye-saly-diop-dieng-annonce-la-creation-dun-centre-de-prise-en-charge-des-victimes\/#breadcrumb","itemListElement":[{"@type":"ListItem","position":1,"name":"Accueil","item":"https:\/\/www.nettali.com\/"},{"@type":"ListItem","position":2,"name":"VIOLENCES BAS\u00c9ES SUR LE GENRE &#8211; Nd\u00e8ye Saly Diop Dieng annonce la cr\u00e9ation d\u2019un centre de prise en charge des victimes"}]},{"@type":"Person","@id":"https:\/\/www.nettali.com\/#\/schema\/person\/418274a86bdf87caff7a3ef476bd0bbf","name":"Fatou","image":{"@type":"ImageObject","@id":"https:\/\/www.nettali.com\/#personlogo","inLanguage":"fr-FR","url":"https:\/\/secure.gravatar.com\/avatar\/5a9442a2bee7b4dcf167cab035858e9a?s=96&d=mm&r=g","contentUrl":"https:\/\/secure.gravatar.com\/avatar\/5a9442a2bee7b4dcf167cab035858e9a?s=96&d=mm&r=g","caption":"Fatou"},"sameAs":["https:\/\/www.nettali.com"]}]}},"_links":{"self":[{"href":"https:\/\/www.nettali.com\/rest\/wp\/v2\/posts\/82619"}],"collection":[{"href":"https:\/\/www.nettali.com\/rest\/wp\/v2\/posts"}],"about":[{"href":"https:\/\/www.nettali.com\/rest\/wp\/v2\/types\/post"}],"author":[{"embeddable":true,"href":"https:\/\/www.nettali.com\/rest\/wp\/v2\/users\/6"}],"replies":[{"embeddable":true,"href":"https:\/\/www.nettali.com\/rest\/wp\/v2\/comments?post=82619"}],"version-history":[{"count":3,"href":"https:\/\/www.nettali.com\/rest\/wp\/v2\/posts\/82619\/revisions"}],"predecessor-version":[{"id":82622,"href":"https:\/\/www.nettali.com\/rest\/wp\/v2\/posts\/82619\/revisions\/82622"}],"wp:featuredmedia":[{"embeddable":true,"href":"https:\/\/www.nettali.com\/rest\/wp\/v2\/media\/13030"}],"wp:attachment":[{"href":"https:\/\/www.nettali.com\/rest\/wp\/v2\/media?parent=82619"}],"wp:term":[{"taxonomy":"category","embeddable":true,"href":"https:\/\/www.nettali.com\/rest\/wp\/v2\/categories?post=82619"},{"taxonomy":"post_tag","embeddable":true,"href":"https:\/\/www.nettali.com\/rest\/wp\/v2\/tags?post=82619"}],"curies":[{"name":"wp","href":"https:\/\/api.w.org\/{rel}","templated":true}]}}