{"id":82603,"date":"2022-03-08T10:21:19","date_gmt":"2022-03-08T10:21:19","guid":{"rendered":"https:\/\/www.nettali.com\/?p=82603"},"modified":"2022-03-08T10:21:19","modified_gmt":"2022-03-08T10:21:19","slug":"securite-alimentaire-23-tonnes-de-produits-impropres-a-la-consommation-incinerees","status":"publish","type":"post","link":"https:\/\/www.nettali.com\/2022\/03\/08\/securite-alimentaire-23-tonnes-de-produits-impropres-a-la-consommation-incinerees\/","title":{"rendered":"S\u00c9CURIT\u00c9 ALIMENTAIRE - 23 tonnes de produits impropres \u00e0 la consommation incin\u00e9r\u00e9es"},"content":{"rendered":"<p><strong>NETTALI.COM - 23 tonnes de produits dangereux pour la consommation, d\u2019 une valeur de pr\u00e8s de 54 millions de francs CFA, ont \u00e9t\u00e9 incin\u00e9r\u00e9s hier, \u00e0 Sindia. <\/strong><\/p>\n<p>Hier, \u00e0 Sindia, le sous-pr\u00e9fet a proc\u00e9d\u00e9 \u00e0 l\u2019incin\u00e9ration de 23 tonnes de produits dangereux pour la consommation.\u00a0 Cette r\u00e9colte, selon Ibrahima Ndiaye, constitue une valeur de pr\u00e8s de 54 millions de francs CFA. \u201cCes produits sont pour l\u2019essentiel des produits alimentaires. Il y a aussi des produits de quincaillerie, des serviettes hygi\u00e9niques saisis au niveau des points de vente et 8 tonnes de riz\u2019\u2019, informe l\u2019autorit\u00e9 territoriale qui estime que \u201cn\u2019e\u00fbt \u00e9t\u00e9 la vigilance des services techniques, particuli\u00e8rement du Service d\u00e9partemental du Commerce, des d\u00e9g\u00e2ts allaient \u00eatre not\u00e9s du c\u00f4t\u00e9 des femmes\u2019\u2019.<\/p>\n<p>Ainsi, le sous-pr\u00e9fet s\u2019est offusqu\u00e9 de la commercialisation de ces produits dont la date de p\u00e9remption est d\u00e9pass\u00e9e. \u201cCe sont des produits qui sont arriv\u00e9s \u00e0 expiration. Mais malgr\u00e9 tout cela, il y a des commer\u00e7ants v\u00e9reux qui n\u2019h\u00e9sitent pas \u00e0 les commercialiser\u2019\u2019, s\u2019est d\u00e9sol\u00e9 M. Ndiaye. D\u2019ailleurs, fait-il savoir, \u201cle riz saisi sera reconditionn\u00e9 pour servir d\u2019aliment de b\u00e9tail\u2019\u2019.<\/p>\n<p>Ibrahima Ndiaye de mentionner, par ailleurs, \u00a0que cette op\u00e9ration entre dans le cadre de la s\u00e9curisation, \u201cpuisqu\u2019il s\u2019agit de s\u00e9curit\u00e9 alimentaire, parce que les cons\u00e9quences qui auraient d\u00e9coul\u00e9 de la consommation de ces produits auraient eu des impacts n\u00e9gatifs sur la sant\u00e9 des populations\u2019\u2019. Il a invit\u00e9 l\u2019Etat central \u00e0 renforcer les moyens des services techniques.<\/p>\n<p>En ce qui le concerne, l\u2019adjoint au chef de Service d\u00e9partemental du Commerce a appel\u00e9 les consommateurs \u00e0 plus d\u2019attention dans leurs achats. \u201cL\u2019Etat ne pourra jamais mettre un contr\u00f4leur devant chaque commer\u00e7ant, devant chaque industrie, ni mettre un douanier \u00e0 chaque kilom\u00e8tre de nos fronti\u00e8res. De ce fait, nous invitons toutes les populations de la r\u00e9gion de Thi\u00e8s \u00e0 redoubler de vigilance\u2019\u2019, a dit Mamadou Lamine Ndiaye.<\/p>\n<div class='share-to-whatsapp-wrapper'><div class='share-on-whsp'>PARTAGER SUR : <\/div><a data-text='S\u00c9CURIT\u00c9 ALIMENTAIRE - 23 tonnes de produits impropres \u00e0 la consommation incin\u00e9r\u00e9es' data-link='https:\/\/www.nettali.com\/2022\/03\/08\/securite-alimentaire-23-tonnes-de-produits-impropres-a-la-consommation-incinerees\/' class='whatsapp-button whatsapp-share'>WhatsApp<\/a><div class='clear '><\/div><\/div>","protected":false},"excerpt":{"rendered":"<p>NETTALI.COM - 23 tonnes de produits dangereux pour la consommation, d\u2019 une valeur de pr\u00e8s de 54 millions de francs CFA, ont \u00e9t\u00e9 incin\u00e9r\u00e9s hier, \u00e0 Sindia. Hier, \u00e0 Sindia, le sous-pr\u00e9fet a proc\u00e9d\u00e9 \u00e0 l\u2019incin\u00e9ration de 23 tonnes de produits dangereux pour la consommation.\u00a0 Cette r\u00e9colte, selon Ibrahima Ndiaye, constitue une valeur de pr\u00e8s [&hellip;]<\/p>\n","protected":false},"author":11,"featured_media":82604,"comment_status":"open","ping_status":"open","sticky":false,"template":"","format":"standard","meta":{"_et_pb_use_builder":"","_et_pb_old_content":""},"categories":[3],"tags":[],"yoast_head":"<!-- This site is optimized with the Yoast SEO Premium plugin v17.8 (Yoast SEO v17.8) - https:\/\/yoast.com\/wordpress\/plugins\/seo\/ -->\n<title>S\u00c9CURIT\u00c9 ALIMENTAIRE - 23 tonnes de produits impropres \u00e0 la consommation incin\u00e9r\u00e9es | Nettali.com<\/title>\n<meta name=\"robots\" content=\"index, follow, max-snippet:-1, max-image-preview:large, max-video-preview:-1\" \/>\n<link rel=\"canonical\" href=\"https:\/\/www.nettali.com\/2022\/03\/08\/securite-alimentaire-23-tonnes-de-produits-impropres-a-la-consommation-incinerees\/\" \/>\n<meta property=\"og:locale\" content=\"fr_FR\" \/>\n<meta property=\"og:type\" content=\"article\" \/>\n<meta property=\"og:title\" content=\"S\u00c9CURIT\u00c9 ALIMENTAIRE - 23 tonnes de produits impropres \u00e0 la consommation incin\u00e9r\u00e9es\" \/>\n<meta property=\"og:description\" content=\"NETTALI.COM - 23 tonnes de produits dangereux pour la consommation, d\u2019 une valeur de pr\u00e8s de 54 millions de francs CFA, ont \u00e9t\u00e9 incin\u00e9r\u00e9s hier, \u00e0 Sindia. Hier, \u00e0 Sindia, le sous-pr\u00e9fet a proc\u00e9d\u00e9 \u00e0 l\u2019incin\u00e9ration de 23 tonnes de produits dangereux pour la consommation.\u00a0 Cette r\u00e9colte, selon Ibrahima Ndiaye, constitue une valeur de pr\u00e8s [&hellip;]\" \/>\n<meta property=\"og:url\" content=\"https:\/\/www.nettali.com\/2022\/03\/08\/securite-alimentaire-23-tonnes-de-produits-impropres-a-la-consommation-incinerees\/\" \/>\n<meta property=\"og:site_name\" content=\"Nettali.com\" \/>\n<meta property=\"article:publisher\" content=\"https:\/\/www.facebook.com\/nettalicom\" \/>\n<meta property=\"article:published_time\" content=\"2022-03-08T10:21:19+00:00\" \/>\n<meta property=\"og:image\" content=\"https:\/\/www.nettali.com\/wp-content\/uploads\/2022\/03\/prop.jpg\" \/>\n\t<meta property=\"og:image:width\" content=\"312\" \/>\n\t<meta property=\"og:image:height\" content=\"161\" \/>\n<meta name=\"twitter:card\" content=\"summary_large_image\" \/>\n<meta name=\"twitter:label1\" content=\"\u00c9crit par\" \/>\n\t<meta name=\"twitter:data1\" content=\"Thierno Diop\" \/>\n\t<meta name=\"twitter:label2\" content=\"Dur\u00e9e de lecture estim\u00e9e\" \/>\n\t<meta name=\"twitter:data2\" content=\"2 minutes\" \/>\n<script type=\"application\/ld+json\" class=\"yoast-schema-graph\">{\"@context\":\"https:\/\/schema.org\",\"@graph\":[{\"@type\":\"WebSite\",\"@id\":\"https:\/\/www.nettali.com\/#website\",\"url\":\"https:\/\/www.nettali.com\/\",\"name\":\"Nettali.com\",\"description\":\"Le rendez-vous critique du Net\",\"potentialAction\":[{\"@type\":\"SearchAction\",\"target\":{\"@type\":\"EntryPoint\",\"urlTemplate\":\"https:\/\/www.nettali.com\/?s={search_term_string}\"},\"query-input\":\"required name=search_term_string\"}],\"inLanguage\":\"fr-FR\"},{\"@type\":\"ImageObject\",\"@id\":\"https:\/\/www.nettali.com\/2022\/03\/08\/securite-alimentaire-23-tonnes-de-produits-impropres-a-la-consommation-incinerees\/#primaryimage\",\"inLanguage\":\"fr-FR\",\"url\":\"https:\/\/www.nettali.com\/wp-content\/uploads\/2022\/03\/prop.jpg\",\"contentUrl\":\"https:\/\/www.nettali.com\/wp-content\/uploads\/2022\/03\/prop.jpg\",\"width\":312,\"height\":161},{\"@type\":\"WebPage\",\"@id\":\"https:\/\/www.nettali.com\/2022\/03\/08\/securite-alimentaire-23-tonnes-de-produits-impropres-a-la-consommation-incinerees\/#webpage\",\"url\":\"https:\/\/www.nettali.com\/2022\/03\/08\/securite-alimentaire-23-tonnes-de-produits-impropres-a-la-consommation-incinerees\/\",\"name\":\"S\\u00c9CURIT\\u00c9 ALIMENTAIRE - 23 tonnes de produits impropres \\u00e0 la consommation incin\\u00e9r\\u00e9es | Nettali.com\",\"isPartOf\":{\"@id\":\"https:\/\/www.nettali.com\/#website\"},\"primaryImageOfPage\":{\"@id\":\"https:\/\/www.nettali.com\/2022\/03\/08\/securite-alimentaire-23-tonnes-de-produits-impropres-a-la-consommation-incinerees\/#primaryimage\"},\"datePublished\":\"2022-03-08T10:21:19+00:00\",\"dateModified\":\"2022-03-08T10:21:19+00:00\",\"author\":{\"@id\":\"https:\/\/www.nettali.com\/#\/schema\/person\/8a06c6bd7b19304cf4bf985862900b5b\"},\"breadcrumb\":{\"@id\":\"https:\/\/www.nettali.com\/2022\/03\/08\/securite-alimentaire-23-tonnes-de-produits-impropres-a-la-consommation-incinerees\/#breadcrumb\"},\"inLanguage\":\"fr-FR\",\"potentialAction\":[{\"@type\":\"ReadAction\",\"target\":[\"https:\/\/www.nettali.com\/2022\/03\/08\/securite-alimentaire-23-tonnes-de-produits-impropres-a-la-consommation-incinerees\/\"]}]},{\"@type\":\"BreadcrumbList\",\"@id\":\"https:\/\/www.nettali.com\/2022\/03\/08\/securite-alimentaire-23-tonnes-de-produits-impropres-a-la-consommation-incinerees\/#breadcrumb\",\"itemListElement\":[{\"@type\":\"ListItem\",\"position\":1,\"name\":\"Accueil\",\"item\":\"https:\/\/www.nettali.com\/\"},{\"@type\":\"ListItem\",\"position\":2,\"name\":\"S\\u00c9CURIT\\u00c9 ALIMENTAIRE &#8211; 23 tonnes de produits impropres \\u00e0 la consommation incin\\u00e9r\\u00e9es\"}]},{\"@type\":\"Person\",\"@id\":\"https:\/\/www.nettali.com\/#\/schema\/person\/8a06c6bd7b19304cf4bf985862900b5b\",\"name\":\"Thierno Diop\",\"image\":{\"@type\":\"ImageObject\",\"@id\":\"https:\/\/www.nettali.com\/#personlogo\",\"inLanguage\":\"fr-FR\",\"url\":\"https:\/\/secure.gravatar.com\/avatar\/c8ca58550c94fd2ac856d27391a6c866?s=96&d=mm&r=g\",\"contentUrl\":\"https:\/\/secure.gravatar.com\/avatar\/c8ca58550c94fd2ac856d27391a6c866?s=96&d=mm&r=g\",\"caption\":\"Thierno Diop\"},\"sameAs\":[\"https:\/\/nettali.com\"]}]}<\/script>\n<!-- \/ Yoast SEO Premium plugin. -->","yoast_head_json":{"title":"S\u00c9CURIT\u00c9 ALIMENTAIRE - 23 tonnes de produits impropres \u00e0 la consommation incin\u00e9r\u00e9es | Nettali.com","robots":{"index":"index","follow":"follow","max-snippet":"max-snippet:-1","max-image-preview":"max-image-preview:large","max-video-preview":"max-video-preview:-1"},"canonical":"https:\/\/www.nettali.com\/2022\/03\/08\/securite-alimentaire-23-tonnes-de-produits-impropres-a-la-consommation-incinerees\/","og_locale":"fr_FR","og_type":"article","og_title":"S\u00c9CURIT\u00c9 ALIMENTAIRE - 23 tonnes de produits impropres \u00e0 la consommation incin\u00e9r\u00e9es","og_description":"NETTALI.COM - 23 tonnes de produits dangereux pour la consommation, d\u2019 une valeur de pr\u00e8s de 54 millions de francs CFA, ont \u00e9t\u00e9 incin\u00e9r\u00e9s hier, \u00e0 Sindia. Hier, \u00e0 Sindia, le sous-pr\u00e9fet a proc\u00e9d\u00e9 \u00e0 l\u2019incin\u00e9ration de 23 tonnes de produits dangereux pour la consommation.\u00a0 Cette r\u00e9colte, selon Ibrahima Ndiaye, constitue une valeur de pr\u00e8s [&hellip;]","og_url":"https:\/\/www.nettali.com\/2022\/03\/08\/securite-alimentaire-23-tonnes-de-produits-impropres-a-la-consommation-incinerees\/","og_site_name":"Nettali.com","article_publisher":"https:\/\/www.facebook.com\/nettalicom","article_published_time":"2022-03-08T10:21:19+00:00","og_image":[{"width":312,"height":161,"url":"https:\/\/www.nettali.com\/wp-content\/uploads\/2022\/03\/prop.jpg","type":"image\/jpeg"}],"twitter_card":"summary_large_image","twitter_misc":{"\u00c9crit par":"Thierno Diop","Dur\u00e9e de lecture estim\u00e9e":"2 minutes"},"schema":{"@context":"https:\/\/schema.org","@graph":[{"@type":"WebSite","@id":"https:\/\/www.nettali.com\/#website","url":"https:\/\/www.nettali.com\/","name":"Nettali.com","description":"Le rendez-vous critique du Net","potentialAction":[{"@type":"SearchAction","target":{"@type":"EntryPoint","urlTemplate":"https:\/\/www.nettali.com\/?s={search_term_string}"},"query-input":"required name=search_term_string"}],"inLanguage":"fr-FR"},{"@type":"ImageObject","@id":"https:\/\/www.nettali.com\/2022\/03\/08\/securite-alimentaire-23-tonnes-de-produits-impropres-a-la-consommation-incinerees\/#primaryimage","inLanguage":"fr-FR","url":"https:\/\/www.nettali.com\/wp-content\/uploads\/2022\/03\/prop.jpg","contentUrl":"https:\/\/www.nettali.com\/wp-content\/uploads\/2022\/03\/prop.jpg","width":312,"height":161},{"@type":"WebPage","@id":"https:\/\/www.nettali.com\/2022\/03\/08\/securite-alimentaire-23-tonnes-de-produits-impropres-a-la-consommation-incinerees\/#webpage","url":"https:\/\/www.nettali.com\/2022\/03\/08\/securite-alimentaire-23-tonnes-de-produits-impropres-a-la-consommation-incinerees\/","name":"S\u00c9CURIT\u00c9 ALIMENTAIRE - 23 tonnes de produits impropres \u00e0 la consommation incin\u00e9r\u00e9es | Nettali.com","isPartOf":{"@id":"https:\/\/www.nettali.com\/#website"},"primaryImageOfPage":{"@id":"https:\/\/www.nettali.com\/2022\/03\/08\/securite-alimentaire-23-tonnes-de-produits-impropres-a-la-consommation-incinerees\/#primaryimage"},"datePublished":"2022-03-08T10:21:19+00:00","dateModified":"2022-03-08T10:21:19+00:00","author":{"@id":"https:\/\/www.nettali.com\/#\/schema\/person\/8a06c6bd7b19304cf4bf985862900b5b"},"breadcrumb":{"@id":"https:\/\/www.nettali.com\/2022\/03\/08\/securite-alimentaire-23-tonnes-de-produits-impropres-a-la-consommation-incinerees\/#breadcrumb"},"inLanguage":"fr-FR","potentialAction":[{"@type":"ReadAction","target":["https:\/\/www.nettali.com\/2022\/03\/08\/securite-alimentaire-23-tonnes-de-produits-impropres-a-la-consommation-incinerees\/"]}]},{"@type":"BreadcrumbList","@id":"https:\/\/www.nettali.com\/2022\/03\/08\/securite-alimentaire-23-tonnes-de-produits-impropres-a-la-consommation-incinerees\/#breadcrumb","itemListElement":[{"@type":"ListItem","position":1,"name":"Accueil","item":"https:\/\/www.nettali.com\/"},{"@type":"ListItem","position":2,"name":"S\u00c9CURIT\u00c9 ALIMENTAIRE &#8211; 23 tonnes de produits impropres \u00e0 la consommation incin\u00e9r\u00e9es"}]},{"@type":"Person","@id":"https:\/\/www.nettali.com\/#\/schema\/person\/8a06c6bd7b19304cf4bf985862900b5b","name":"Thierno Diop","image":{"@type":"ImageObject","@id":"https:\/\/www.nettali.com\/#personlogo","inLanguage":"fr-FR","url":"https:\/\/secure.gravatar.com\/avatar\/c8ca58550c94fd2ac856d27391a6c866?s=96&d=mm&r=g","contentUrl":"https:\/\/secure.gravatar.com\/avatar\/c8ca58550c94fd2ac856d27391a6c866?s=96&d=mm&r=g","caption":"Thierno Diop"},"sameAs":["https:\/\/nettali.com"]}]}},"_links":{"self":[{"href":"https:\/\/www.nettali.com\/rest\/wp\/v2\/posts\/82603"}],"collection":[{"href":"https:\/\/www.nettali.com\/rest\/wp\/v2\/posts"}],"about":[{"href":"https:\/\/www.nettali.com\/rest\/wp\/v2\/types\/post"}],"author":[{"embeddable":true,"href":"https:\/\/www.nettali.com\/rest\/wp\/v2\/users\/11"}],"replies":[{"embeddable":true,"href":"https:\/\/www.nettali.com\/rest\/wp\/v2\/comments?post=82603"}],"version-history":[{"count":1,"href":"https:\/\/www.nettali.com\/rest\/wp\/v2\/posts\/82603\/revisions"}],"predecessor-version":[{"id":82605,"href":"https:\/\/www.nettali.com\/rest\/wp\/v2\/posts\/82603\/revisions\/82605"}],"wp:featuredmedia":[{"embeddable":true,"href":"https:\/\/www.nettali.com\/rest\/wp\/v2\/media\/82604"}],"wp:attachment":[{"href":"https:\/\/www.nettali.com\/rest\/wp\/v2\/media?parent=82603"}],"wp:term":[{"taxonomy":"category","embeddable":true,"href":"https:\/\/www.nettali.com\/rest\/wp\/v2\/categories?post=82603"},{"taxonomy":"post_tag","embeddable":true,"href":"https:\/\/www.nettali.com\/rest\/wp\/v2\/tags?post=82603"}],"curies":[{"name":"wp","href":"https:\/\/api.w.org\/{rel}","templated":true}]}}