{"id":82596,"date":"2022-03-08T01:45:44","date_gmt":"2022-03-08T01:45:44","guid":{"rendered":"https:\/\/www.nettali.com\/?p=82596"},"modified":"2022-03-08T01:45:44","modified_gmt":"2022-03-08T01:45:44","slug":"defaut-de-bouche-dincendie-installation-anarchique-bathelemy-dias-et-alioune-ndoye-pour-la-meme-cause","status":"publish","type":"post","link":"https:\/\/www.nettali.com\/2022\/03\/08\/defaut-de-bouche-dincendie-installation-anarchique-bathelemy-dias-et-alioune-ndoye-pour-la-meme-cause\/","title":{"rendered":"DEFAUT DE BOUCHE D\u2019INCENDIE, INSTALLATION ANARCHIQUE- Bath\u00e9l\u00e9my Dias et Alioune Ndoye pour la m\u00eame cause"},"content":{"rendered":"<p><strong>NETTALI.COM- Venus apporter leur soutien aux commer\u00e7ants victimes de l\u2019incendie de la \u00ab salle de ventes \u00bb, le maire de Dakar-Plateau, Alioune Ndoye, et celui de la ville de Dakar, Barth\u00e9l\u00e9my Dias, se sont engag\u00e9s \u00e0 \u0153uvrer ensemble pour l\u2019am\u00e9lioration du cadre de vie de la capitale. <\/strong><\/p>\n<p><strong>\u00a0<\/strong>Suite \u00e0 l\u2019incendie survenu \u00e0 la \u00ab salle de ventes \u00bb ce lundi, le maire de Dakar-Plateau et celui de Dakar ont fait le d\u00e9placement pour constater les d\u00e9g\u00e2ts, mais aussi pour apporter leur soutien aux victimes qui ont vu leurs marchandises se consumer sous leurs yeux. Apr\u00e8s un premier tour effectu\u00e9 avec son \u00e9quipe, Alioune Ndoye, venu en premier, a ensuite, en compagnie de Barth\u00e9l\u00e9my Dias, refait le tour du lieu de commerce.<\/p>\n<p>Leur constant est le m\u00eame pour les deux maires qui ont d\u00e9plor\u00e9 les installations anarchiques. M\u00eame s\u2019il estime que qu\u2019il va appr\u00e9cier sereinement, Barth\u00e9l\u00e9my Dias annonce qu\u2019en termes d\u2019institution, la mairie va voir la posture \u00e0 adopter avec les commer\u00e7ants. Il s\u2019agira, selon lui, de se pencher sur l\u2019organisation des activit\u00e9s pour \u00e9viter autant que possible les incendies.<\/p>\n<p>Dans la m\u00eame veine, le maire de Dakar-Plateau a relev\u00e9 le d\u00e9faut d\u2019assurance. \u00ab <em>Ils ne sont m\u00eame pas assur\u00e9s. C\u2019est tout leur bien qui est parti et c\u2019est un \u00e9ternel recommencement pour eux\u00a0<\/em>\u00bb, fustige le maire-ministre.<\/p>\n<p>Barth\u00e9l\u00e9my Dias a confi\u00e9 que leurs deux communes vont tout faire pour l\u2019installation des bouches d\u2019incendie. Car, pour la \u00e9ni\u00e8me fois, le d\u00e9faut de bouche d\u2019incendie n\u2019a pas facilit\u00e9 l\u2019intervention des sapeurs-pompiers accus\u00e9s par les commer\u00e7ants d\u2019\u00eatre venus tardivement. \u00ab<em>\u00a0Il faut que les commer\u00e7ants soient beaucoup plus consciencieux par rapport aux mesures de s\u00e9curit\u00e9. Il faut qu\u2019ils comprennent que nous sommes en milieu urbain et Dakar a besoin de centres commerciaux avec des conditions de s\u00e9curit\u00e9 et de confort<\/em>\u00a0\u00bb, plaide Barth\u00e9l\u00e9my Dias. D\u2019ailleurs, \u00e0 ce propos, il a indiqu\u00e9 que les deux municipalit\u00e9s vont r\u00e9fl\u00e9chir ensemble dans le cadre de l\u2019am\u00e9lioration du cadre de vie de la capitale.<\/p>\n<p>D\u2019ici peu, ils vont se rencontrer pour \u00e9tudier la question du d\u00e9dommagement des victimes. \u00ab <em>Il a \u00e9t\u00e9 convenu de se retrouver \u00e0 la mairie de Dakar-Plateau de pr\u00e9f\u00e9rence pour que nous puissions voir dans quelles mesures aider les commer\u00e7ants<\/em>\u00a0\u00bb, informe l\u2019\u00e9dile de Dakar.<\/p>\n<div class='share-to-whatsapp-wrapper'><div class='share-on-whsp'>PARTAGER SUR : <\/div><a data-text='DEFAUT DE BOUCHE D\u2019INCENDIE, INSTALLATION ANARCHIQUE- Bath\u00e9l\u00e9my Dias et Alioune Ndoye pour la m\u00eame cause' data-link='https:\/\/www.nettali.com\/2022\/03\/08\/defaut-de-bouche-dincendie-installation-anarchique-bathelemy-dias-et-alioune-ndoye-pour-la-meme-cause\/' class='whatsapp-button whatsapp-share'>WhatsApp<\/a><div class='clear '><\/div><\/div>","protected":false},"excerpt":{"rendered":"<p>NETTALI.COM- Venus apporter leur soutien aux commer\u00e7ants victimes de l\u2019incendie de la \u00ab salle de ventes \u00bb, le maire de Dakar-Plateau, Alioune Ndoye, et celui de la ville de Dakar, Barth\u00e9l\u00e9my Dias, se sont engag\u00e9s \u00e0 \u0153uvrer ensemble pour l\u2019am\u00e9lioration du cadre de vie de la capitale. \u00a0Suite \u00e0 l\u2019incendie survenu \u00e0 la \u00ab salle [&hellip;]<\/p>\n","protected":false},"author":6,"featured_media":0,"comment_status":"open","ping_status":"open","sticky":false,"template":"","format":"standard","meta":{"_et_pb_use_builder":"","_et_pb_old_content":""},"categories":[3],"tags":[],"yoast_head":"<!-- This site is optimized with the Yoast SEO Premium plugin v17.8 (Yoast SEO v17.8) - https:\/\/yoast.com\/wordpress\/plugins\/seo\/ -->\n<title>DEFAUT DE BOUCHE D\u2019INCENDIE, INSTALLATION ANARCHIQUE- Bath\u00e9l\u00e9my Dias et Alioune Ndoye pour la m\u00eame cause | Nettali.com<\/title>\n<meta name=\"robots\" content=\"index, follow, max-snippet:-1, max-image-preview:large, max-video-preview:-1\" \/>\n<link rel=\"canonical\" href=\"https:\/\/www.nettali.com\/2022\/03\/08\/defaut-de-bouche-dincendie-installation-anarchique-bathelemy-dias-et-alioune-ndoye-pour-la-meme-cause\/\" \/>\n<meta property=\"og:locale\" content=\"fr_FR\" \/>\n<meta property=\"og:type\" content=\"article\" \/>\n<meta property=\"og:title\" content=\"DEFAUT DE BOUCHE D\u2019INCENDIE, INSTALLATION ANARCHIQUE- Bath\u00e9l\u00e9my Dias et Alioune Ndoye pour la m\u00eame cause\" \/>\n<meta property=\"og:description\" content=\"NETTALI.COM- Venus apporter leur soutien aux commer\u00e7ants victimes de l\u2019incendie de la \u00ab salle de ventes \u00bb, le maire de Dakar-Plateau, Alioune Ndoye, et celui de la ville de Dakar, Barth\u00e9l\u00e9my Dias, se sont engag\u00e9s \u00e0 \u0153uvrer ensemble pour l\u2019am\u00e9lioration du cadre de vie de la capitale. \u00a0Suite \u00e0 l\u2019incendie survenu \u00e0 la \u00ab salle [&hellip;]\" \/>\n<meta property=\"og:url\" content=\"https:\/\/www.nettali.com\/2022\/03\/08\/defaut-de-bouche-dincendie-installation-anarchique-bathelemy-dias-et-alioune-ndoye-pour-la-meme-cause\/\" \/>\n<meta property=\"og:site_name\" content=\"Nettali.com\" \/>\n<meta property=\"article:publisher\" content=\"https:\/\/www.facebook.com\/nettalicom\" \/>\n<meta property=\"article:published_time\" content=\"2022-03-08T01:45:44+00:00\" \/>\n<meta property=\"og:image\" content=\"https:\/\/www.nettali.com\/wp-content\/uploads\/2019\/03\/nettali-placeholder-post.jpg\" \/>\n\t<meta property=\"og:image:width\" content=\"1200\" \/>\n\t<meta property=\"og:image:height\" content=\"1200\" \/>\n<meta name=\"twitter:card\" content=\"summary_large_image\" \/>\n<meta name=\"twitter:label1\" content=\"\u00c9crit par\" \/>\n\t<meta name=\"twitter:data1\" content=\"Fatou\" \/>\n\t<meta name=\"twitter:label2\" content=\"Dur\u00e9e de lecture estim\u00e9e\" \/>\n\t<meta name=\"twitter:data2\" content=\"2 minutes\" \/>\n<script type=\"application\/ld+json\" class=\"yoast-schema-graph\">{\"@context\":\"https:\/\/schema.org\",\"@graph\":[{\"@type\":\"WebSite\",\"@id\":\"https:\/\/www.nettali.com\/#website\",\"url\":\"https:\/\/www.nettali.com\/\",\"name\":\"Nettali.com\",\"description\":\"Le rendez-vous critique du Net\",\"potentialAction\":[{\"@type\":\"SearchAction\",\"target\":{\"@type\":\"EntryPoint\",\"urlTemplate\":\"https:\/\/www.nettali.com\/?s={search_term_string}\"},\"query-input\":\"required name=search_term_string\"}],\"inLanguage\":\"fr-FR\"},{\"@type\":\"WebPage\",\"@id\":\"https:\/\/www.nettali.com\/2022\/03\/08\/defaut-de-bouche-dincendie-installation-anarchique-bathelemy-dias-et-alioune-ndoye-pour-la-meme-cause\/#webpage\",\"url\":\"https:\/\/www.nettali.com\/2022\/03\/08\/defaut-de-bouche-dincendie-installation-anarchique-bathelemy-dias-et-alioune-ndoye-pour-la-meme-cause\/\",\"name\":\"DEFAUT DE BOUCHE D\\u2019INCENDIE, INSTALLATION ANARCHIQUE- Bath\\u00e9l\\u00e9my Dias et Alioune Ndoye pour la m\\u00eame cause | Nettali.com\",\"isPartOf\":{\"@id\":\"https:\/\/www.nettali.com\/#website\"},\"datePublished\":\"2022-03-08T01:45:44+00:00\",\"dateModified\":\"2022-03-08T01:45:44+00:00\",\"author\":{\"@id\":\"https:\/\/www.nettali.com\/#\/schema\/person\/418274a86bdf87caff7a3ef476bd0bbf\"},\"breadcrumb\":{\"@id\":\"https:\/\/www.nettali.com\/2022\/03\/08\/defaut-de-bouche-dincendie-installation-anarchique-bathelemy-dias-et-alioune-ndoye-pour-la-meme-cause\/#breadcrumb\"},\"inLanguage\":\"fr-FR\",\"potentialAction\":[{\"@type\":\"ReadAction\",\"target\":[\"https:\/\/www.nettali.com\/2022\/03\/08\/defaut-de-bouche-dincendie-installation-anarchique-bathelemy-dias-et-alioune-ndoye-pour-la-meme-cause\/\"]}]},{\"@type\":\"BreadcrumbList\",\"@id\":\"https:\/\/www.nettali.com\/2022\/03\/08\/defaut-de-bouche-dincendie-installation-anarchique-bathelemy-dias-et-alioune-ndoye-pour-la-meme-cause\/#breadcrumb\",\"itemListElement\":[{\"@type\":\"ListItem\",\"position\":1,\"name\":\"Accueil\",\"item\":\"https:\/\/www.nettali.com\/\"},{\"@type\":\"ListItem\",\"position\":2,\"name\":\"DEFAUT DE BOUCHE D\\u2019INCENDIE, INSTALLATION ANARCHIQUE- Bath\\u00e9l\\u00e9my Dias et Alioune Ndoye pour la m\\u00eame cause\"}]},{\"@type\":\"Person\",\"@id\":\"https:\/\/www.nettali.com\/#\/schema\/person\/418274a86bdf87caff7a3ef476bd0bbf\",\"name\":\"Fatou\",\"image\":{\"@type\":\"ImageObject\",\"@id\":\"https:\/\/www.nettali.com\/#personlogo\",\"inLanguage\":\"fr-FR\",\"url\":\"https:\/\/secure.gravatar.com\/avatar\/5a9442a2bee7b4dcf167cab035858e9a?s=96&d=mm&r=g\",\"contentUrl\":\"https:\/\/secure.gravatar.com\/avatar\/5a9442a2bee7b4dcf167cab035858e9a?s=96&d=mm&r=g\",\"caption\":\"Fatou\"},\"sameAs\":[\"https:\/\/www.nettali.com\"]}]}<\/script>\n<!-- \/ Yoast SEO Premium plugin. -->","yoast_head_json":{"title":"DEFAUT DE BOUCHE D\u2019INCENDIE, INSTALLATION ANARCHIQUE- Bath\u00e9l\u00e9my Dias et Alioune Ndoye pour la m\u00eame cause | Nettali.com","robots":{"index":"index","follow":"follow","max-snippet":"max-snippet:-1","max-image-preview":"max-image-preview:large","max-video-preview":"max-video-preview:-1"},"canonical":"https:\/\/www.nettali.com\/2022\/03\/08\/defaut-de-bouche-dincendie-installation-anarchique-bathelemy-dias-et-alioune-ndoye-pour-la-meme-cause\/","og_locale":"fr_FR","og_type":"article","og_title":"DEFAUT DE BOUCHE D\u2019INCENDIE, INSTALLATION ANARCHIQUE- Bath\u00e9l\u00e9my Dias et Alioune Ndoye pour la m\u00eame cause","og_description":"NETTALI.COM- Venus apporter leur soutien aux commer\u00e7ants victimes de l\u2019incendie de la \u00ab salle de ventes \u00bb, le maire de Dakar-Plateau, Alioune Ndoye, et celui de la ville de Dakar, Barth\u00e9l\u00e9my Dias, se sont engag\u00e9s \u00e0 \u0153uvrer ensemble pour l\u2019am\u00e9lioration du cadre de vie de la capitale. \u00a0Suite \u00e0 l\u2019incendie survenu \u00e0 la \u00ab salle [&hellip;]","og_url":"https:\/\/www.nettali.com\/2022\/03\/08\/defaut-de-bouche-dincendie-installation-anarchique-bathelemy-dias-et-alioune-ndoye-pour-la-meme-cause\/","og_site_name":"Nettali.com","article_publisher":"https:\/\/www.facebook.com\/nettalicom","article_published_time":"2022-03-08T01:45:44+00:00","og_image":[{"width":1200,"height":1200,"url":"https:\/\/www.nettali.com\/wp-content\/uploads\/2019\/03\/nettali-placeholder-post.jpg","type":"image\/jpeg"}],"twitter_card":"summary_large_image","twitter_misc":{"\u00c9crit par":"Fatou","Dur\u00e9e de lecture estim\u00e9e":"2 minutes"},"schema":{"@context":"https:\/\/schema.org","@graph":[{"@type":"WebSite","@id":"https:\/\/www.nettali.com\/#website","url":"https:\/\/www.nettali.com\/","name":"Nettali.com","description":"Le rendez-vous critique du Net","potentialAction":[{"@type":"SearchAction","target":{"@type":"EntryPoint","urlTemplate":"https:\/\/www.nettali.com\/?s={search_term_string}"},"query-input":"required name=search_term_string"}],"inLanguage":"fr-FR"},{"@type":"WebPage","@id":"https:\/\/www.nettali.com\/2022\/03\/08\/defaut-de-bouche-dincendie-installation-anarchique-bathelemy-dias-et-alioune-ndoye-pour-la-meme-cause\/#webpage","url":"https:\/\/www.nettali.com\/2022\/03\/08\/defaut-de-bouche-dincendie-installation-anarchique-bathelemy-dias-et-alioune-ndoye-pour-la-meme-cause\/","name":"DEFAUT DE BOUCHE D\u2019INCENDIE, INSTALLATION ANARCHIQUE- Bath\u00e9l\u00e9my Dias et Alioune Ndoye pour la m\u00eame cause | Nettali.com","isPartOf":{"@id":"https:\/\/www.nettali.com\/#website"},"datePublished":"2022-03-08T01:45:44+00:00","dateModified":"2022-03-08T01:45:44+00:00","author":{"@id":"https:\/\/www.nettali.com\/#\/schema\/person\/418274a86bdf87caff7a3ef476bd0bbf"},"breadcrumb":{"@id":"https:\/\/www.nettali.com\/2022\/03\/08\/defaut-de-bouche-dincendie-installation-anarchique-bathelemy-dias-et-alioune-ndoye-pour-la-meme-cause\/#breadcrumb"},"inLanguage":"fr-FR","potentialAction":[{"@type":"ReadAction","target":["https:\/\/www.nettali.com\/2022\/03\/08\/defaut-de-bouche-dincendie-installation-anarchique-bathelemy-dias-et-alioune-ndoye-pour-la-meme-cause\/"]}]},{"@type":"BreadcrumbList","@id":"https:\/\/www.nettali.com\/2022\/03\/08\/defaut-de-bouche-dincendie-installation-anarchique-bathelemy-dias-et-alioune-ndoye-pour-la-meme-cause\/#breadcrumb","itemListElement":[{"@type":"ListItem","position":1,"name":"Accueil","item":"https:\/\/www.nettali.com\/"},{"@type":"ListItem","position":2,"name":"DEFAUT DE BOUCHE D\u2019INCENDIE, INSTALLATION ANARCHIQUE- Bath\u00e9l\u00e9my Dias et Alioune Ndoye pour la m\u00eame cause"}]},{"@type":"Person","@id":"https:\/\/www.nettali.com\/#\/schema\/person\/418274a86bdf87caff7a3ef476bd0bbf","name":"Fatou","image":{"@type":"ImageObject","@id":"https:\/\/www.nettali.com\/#personlogo","inLanguage":"fr-FR","url":"https:\/\/secure.gravatar.com\/avatar\/5a9442a2bee7b4dcf167cab035858e9a?s=96&d=mm&r=g","contentUrl":"https:\/\/secure.gravatar.com\/avatar\/5a9442a2bee7b4dcf167cab035858e9a?s=96&d=mm&r=g","caption":"Fatou"},"sameAs":["https:\/\/www.nettali.com"]}]}},"_links":{"self":[{"href":"https:\/\/www.nettali.com\/rest\/wp\/v2\/posts\/82596"}],"collection":[{"href":"https:\/\/www.nettali.com\/rest\/wp\/v2\/posts"}],"about":[{"href":"https:\/\/www.nettali.com\/rest\/wp\/v2\/types\/post"}],"author":[{"embeddable":true,"href":"https:\/\/www.nettali.com\/rest\/wp\/v2\/users\/6"}],"replies":[{"embeddable":true,"href":"https:\/\/www.nettali.com\/rest\/wp\/v2\/comments?post=82596"}],"version-history":[{"count":3,"href":"https:\/\/www.nettali.com\/rest\/wp\/v2\/posts\/82596\/revisions"}],"predecessor-version":[{"id":82602,"href":"https:\/\/www.nettali.com\/rest\/wp\/v2\/posts\/82596\/revisions\/82602"}],"wp:attachment":[{"href":"https:\/\/www.nettali.com\/rest\/wp\/v2\/media?parent=82596"}],"wp:term":[{"taxonomy":"category","embeddable":true,"href":"https:\/\/www.nettali.com\/rest\/wp\/v2\/categories?post=82596"},{"taxonomy":"post_tag","embeddable":true,"href":"https:\/\/www.nettali.com\/rest\/wp\/v2\/tags?post=82596"}],"curies":[{"name":"wp","href":"https:\/\/api.w.org\/{rel}","templated":true}]}}