{"id":82461,"date":"2022-03-05T17:21:14","date_gmt":"2022-03-05T17:21:14","guid":{"rendered":"https:\/\/www.nettali.com\/?p=82461"},"modified":"2022-03-05T19:27:25","modified_gmt":"2022-03-05T19:27:25","slug":"mouhamadou-lamine-lahi-nous-ne-faisons-pas-la-fete-nous-celebrons-un-appel-dont","status":"publish","type":"post","link":"https:\/\/www.nettali.com\/2022\/03\/05\/mouhamadou-lamine-lahi-nous-ne-faisons-pas-la-fete-nous-celebrons-un-appel-dont\/","title":{"rendered":"MOUHAMADOU LAMINE LAHI - \" Nous ne faisons pas la f\u00eate, nous c\u00e9l\u00e9brons un appel \""},"content":{"rendered":"<p><strong>NETTALI.COM - Tout de blanc v\u00eatus, les milliers de Lay\u00e8nes qui ont converg\u00e9 vers Camb\u00e9r\u00e8ne se sont r\u00e9jouis de la c\u00e9l\u00e9bration dans la ferveur de l'Appel de Seydina Limamou Laye apr\u00e8s deux ann\u00e9es en raison de la pand\u00e9mie de Covid-19. Une occasion pour le porte-parole de la famille lay\u00e8ne, Mouhamdou Lamine Lahi de revenir sur le sens du grand \u00e9v\u00e9nement religieux.<\/strong><\/p>\n<p>\" <em>Il ne faut pas croire que nous faisons la f\u00eate. Nous c\u00e9l\u00e9brons un Appel dont le lanceur a confi\u00e9 que quiconque le fait sans en avoir l\u2019autorisation p\u00e9rira avant que l\u2019ann\u00e9e ne s\u2019\u00e9puise <\/em>\", a laiss\u00e9 entendre le porte-parole de la communaut\u00e9, \" <em>Ehloul Lahi<\/em> \" \u00e0 l\u2019ouverture de la comm\u00e9moration du 142\u00e8me Appel de Seydina Limamou Lahi.<\/p>\n<p>Pour Mouhamadou Lamine Lahi, plusieurs personnes ont cherch\u00e9 vainement \u00e0 r\u00e9incarner la proph\u00e9tie du meilleur des hommes, Seydina Mouhamed (Saw) en Afrique noire, mais jusqu\u2019ici seul Baye Lahi (Saw) est le v\u00e9ritable d\u00e9tenteur de la mission.<\/p>\n<p>Face aux nombreux fid\u00e8les venus des diff\u00e9rentes contr\u00e9es, Mouhamadou Lamine Lahi a indiqu\u00e9 les enseignements de son grand-p\u00e8re tir\u00e9s du Coran et de la Sunna. Il a invit\u00e9 les musulmans \u00e0 davantage de recherche sur le saint homme pour admettre son legs.<\/p>\n<p>Rappelons que Xe 142\u00e8me Appel des Lay\u00e8nes marque aussi le 1er du nouveau khalife Seydina Mouhamed Makhtar Lahi ibn Seydina Mandione Laye.<\/p>\n<div class='share-to-whatsapp-wrapper'><div class='share-on-whsp'>PARTAGER SUR : <\/div><a data-text='MOUHAMADOU LAMINE LAHI - \" Nous ne faisons pas la f\u00eate, nous c\u00e9l\u00e9brons un appel \"' data-link='https:\/\/www.nettali.com\/2022\/03\/05\/mouhamadou-lamine-lahi-nous-ne-faisons-pas-la-fete-nous-celebrons-un-appel-dont\/' class='whatsapp-button whatsapp-share'>WhatsApp<\/a><div class='clear '><\/div><\/div>","protected":false},"excerpt":{"rendered":"<p>NETTALI.COM - Tout de blanc v\u00eatus, les milliers de Lay\u00e8nes qui ont converg\u00e9 vers Camb\u00e9r\u00e8ne se sont r\u00e9jouis de la c\u00e9l\u00e9bration dans la ferveur de l'Appel de Seydina Limamou Laye apr\u00e8s deux ann\u00e9es en raison de la pand\u00e9mie de Covid-19. Une occasion pour le porte-parole de la famille lay\u00e8ne, Mouhamdou Lamine Lahi de revenir sur [&hellip;]<\/p>\n","protected":false},"author":5,"featured_media":82462,"comment_status":"open","ping_status":"open","sticky":false,"template":"","format":"standard","meta":{"_et_pb_use_builder":"","_et_pb_old_content":""},"categories":[5],"tags":[],"yoast_head":"<!-- This site is optimized with the Yoast SEO Premium plugin v17.8 (Yoast SEO v17.8) - https:\/\/yoast.com\/wordpress\/plugins\/seo\/ -->\n<title>MOUHAMADOU LAMINE LAHI - &quot; Nous ne faisons pas la f\u00eate, nous c\u00e9l\u00e9brons un appel &quot; | Nettali.com<\/title>\n<meta name=\"robots\" content=\"index, follow, max-snippet:-1, max-image-preview:large, max-video-preview:-1\" \/>\n<link rel=\"canonical\" href=\"https:\/\/www.nettali.com\/2022\/03\/05\/mouhamadou-lamine-lahi-nous-ne-faisons-pas-la-fete-nous-celebrons-un-appel-dont\/\" \/>\n<meta property=\"og:locale\" content=\"fr_FR\" \/>\n<meta property=\"og:type\" content=\"article\" \/>\n<meta property=\"og:title\" content=\"MOUHAMADOU LAMINE LAHI - &quot; Nous ne faisons pas la f\u00eate, nous c\u00e9l\u00e9brons un appel &quot;\" \/>\n<meta property=\"og:description\" content=\"NETTALI.COM - Tout de blanc v\u00eatus, les milliers de Lay\u00e8nes qui ont converg\u00e9 vers Camb\u00e9r\u00e8ne se sont r\u00e9jouis de la c\u00e9l\u00e9bration dans la ferveur de l&#039;Appel de Seydina Limamou Laye apr\u00e8s deux ann\u00e9es en raison de la pand\u00e9mie de Covid-19. Une occasion pour le porte-parole de la famille lay\u00e8ne, Mouhamdou Lamine Lahi de revenir sur [&hellip;]\" \/>\n<meta property=\"og:url\" content=\"https:\/\/www.nettali.com\/2022\/03\/05\/mouhamadou-lamine-lahi-nous-ne-faisons-pas-la-fete-nous-celebrons-un-appel-dont\/\" \/>\n<meta property=\"og:site_name\" content=\"Nettali.com\" \/>\n<meta property=\"article:publisher\" content=\"https:\/\/www.facebook.com\/nettalicom\" \/>\n<meta property=\"article:published_time\" content=\"2022-03-05T17:21:14+00:00\" \/>\n<meta property=\"article:modified_time\" content=\"2022-03-05T19:27:25+00:00\" \/>\n<meta property=\"og:image\" content=\"https:\/\/www.nettali.com\/wp-content\/uploads\/2022\/03\/Cherif-Mamadou-Lamine-Laye-Appel-2017.jpg\" \/>\n\t<meta property=\"og:image:width\" content=\"1280\" \/>\n\t<meta property=\"og:image:height\" content=\"720\" \/>\n<meta name=\"twitter:card\" content=\"summary_large_image\" \/>\n<meta name=\"twitter:label1\" content=\"\u00c9crit par\" \/>\n\t<meta name=\"twitter:data1\" content=\"Ibrahima\" \/>\n\t<meta name=\"twitter:label2\" content=\"Dur\u00e9e de lecture estim\u00e9e\" \/>\n\t<meta name=\"twitter:data2\" content=\"2 minutes\" \/>\n<script type=\"application\/ld+json\" class=\"yoast-schema-graph\">{\"@context\":\"https:\/\/schema.org\",\"@graph\":[{\"@type\":\"WebSite\",\"@id\":\"https:\/\/www.nettali.com\/#website\",\"url\":\"https:\/\/www.nettali.com\/\",\"name\":\"Nettali.com\",\"description\":\"Le rendez-vous critique du Net\",\"potentialAction\":[{\"@type\":\"SearchAction\",\"target\":{\"@type\":\"EntryPoint\",\"urlTemplate\":\"https:\/\/www.nettali.com\/?s={search_term_string}\"},\"query-input\":\"required name=search_term_string\"}],\"inLanguage\":\"fr-FR\"},{\"@type\":\"ImageObject\",\"@id\":\"https:\/\/www.nettali.com\/2022\/03\/05\/mouhamadou-lamine-lahi-nous-ne-faisons-pas-la-fete-nous-celebrons-un-appel-dont\/#primaryimage\",\"inLanguage\":\"fr-FR\",\"url\":\"https:\/\/www.nettali.com\/wp-content\/uploads\/2022\/03\/Cherif-Mamadou-Lamine-Laye-Appel-2017.jpg\",\"contentUrl\":\"https:\/\/www.nettali.com\/wp-content\/uploads\/2022\/03\/Cherif-Mamadou-Lamine-Laye-Appel-2017.jpg\",\"width\":1280,\"height\":720},{\"@type\":\"WebPage\",\"@id\":\"https:\/\/www.nettali.com\/2022\/03\/05\/mouhamadou-lamine-lahi-nous-ne-faisons-pas-la-fete-nous-celebrons-un-appel-dont\/#webpage\",\"url\":\"https:\/\/www.nettali.com\/2022\/03\/05\/mouhamadou-lamine-lahi-nous-ne-faisons-pas-la-fete-nous-celebrons-un-appel-dont\/\",\"name\":\"MOUHAMADOU LAMINE LAHI - \\\" Nous ne faisons pas la f\\u00eate, nous c\\u00e9l\\u00e9brons un appel \\\" | Nettali.com\",\"isPartOf\":{\"@id\":\"https:\/\/www.nettali.com\/#website\"},\"primaryImageOfPage\":{\"@id\":\"https:\/\/www.nettali.com\/2022\/03\/05\/mouhamadou-lamine-lahi-nous-ne-faisons-pas-la-fete-nous-celebrons-un-appel-dont\/#primaryimage\"},\"datePublished\":\"2022-03-05T17:21:14+00:00\",\"dateModified\":\"2022-03-05T19:27:25+00:00\",\"author\":{\"@id\":\"https:\/\/www.nettali.com\/#\/schema\/person\/bb147657c2986240405a608162b9bb23\"},\"breadcrumb\":{\"@id\":\"https:\/\/www.nettali.com\/2022\/03\/05\/mouhamadou-lamine-lahi-nous-ne-faisons-pas-la-fete-nous-celebrons-un-appel-dont\/#breadcrumb\"},\"inLanguage\":\"fr-FR\",\"potentialAction\":[{\"@type\":\"ReadAction\",\"target\":[\"https:\/\/www.nettali.com\/2022\/03\/05\/mouhamadou-lamine-lahi-nous-ne-faisons-pas-la-fete-nous-celebrons-un-appel-dont\/\"]}]},{\"@type\":\"BreadcrumbList\",\"@id\":\"https:\/\/www.nettali.com\/2022\/03\/05\/mouhamadou-lamine-lahi-nous-ne-faisons-pas-la-fete-nous-celebrons-un-appel-dont\/#breadcrumb\",\"itemListElement\":[{\"@type\":\"ListItem\",\"position\":1,\"name\":\"Accueil\",\"item\":\"https:\/\/www.nettali.com\/\"},{\"@type\":\"ListItem\",\"position\":2,\"name\":\"MOUHAMADOU LAMINE LAHI &#8211; \\u00a0\\u00bb Nous ne faisons pas la f\\u00eate, nous c\\u00e9l\\u00e9brons un appel \\u00ab\\u00a0\"}]},{\"@type\":\"Person\",\"@id\":\"https:\/\/www.nettali.com\/#\/schema\/person\/bb147657c2986240405a608162b9bb23\",\"name\":\"Ibrahima\",\"image\":{\"@type\":\"ImageObject\",\"@id\":\"https:\/\/www.nettali.com\/#personlogo\",\"inLanguage\":\"fr-FR\",\"url\":\"https:\/\/secure.gravatar.com\/avatar\/26a8a81f09f0dd7624c9d5c36c9ba3a2?s=96&d=mm&r=g\",\"contentUrl\":\"https:\/\/secure.gravatar.com\/avatar\/26a8a81f09f0dd7624c9d5c36c9ba3a2?s=96&d=mm&r=g\",\"caption\":\"Ibrahima\"},\"sameAs\":[\"https:\/\/www.nettali.com\"]}]}<\/script>\n<!-- \/ Yoast SEO Premium plugin. -->","yoast_head_json":{"title":"MOUHAMADOU LAMINE LAHI - \" Nous ne faisons pas la f\u00eate, nous c\u00e9l\u00e9brons un appel \" | Nettali.com","robots":{"index":"index","follow":"follow","max-snippet":"max-snippet:-1","max-image-preview":"max-image-preview:large","max-video-preview":"max-video-preview:-1"},"canonical":"https:\/\/www.nettali.com\/2022\/03\/05\/mouhamadou-lamine-lahi-nous-ne-faisons-pas-la-fete-nous-celebrons-un-appel-dont\/","og_locale":"fr_FR","og_type":"article","og_title":"MOUHAMADOU LAMINE LAHI - \" Nous ne faisons pas la f\u00eate, nous c\u00e9l\u00e9brons un appel \"","og_description":"NETTALI.COM - Tout de blanc v\u00eatus, les milliers de Lay\u00e8nes qui ont converg\u00e9 vers Camb\u00e9r\u00e8ne se sont r\u00e9jouis de la c\u00e9l\u00e9bration dans la ferveur de l'Appel de Seydina Limamou Laye apr\u00e8s deux ann\u00e9es en raison de la pand\u00e9mie de Covid-19. Une occasion pour le porte-parole de la famille lay\u00e8ne, Mouhamdou Lamine Lahi de revenir sur [&hellip;]","og_url":"https:\/\/www.nettali.com\/2022\/03\/05\/mouhamadou-lamine-lahi-nous-ne-faisons-pas-la-fete-nous-celebrons-un-appel-dont\/","og_site_name":"Nettali.com","article_publisher":"https:\/\/www.facebook.com\/nettalicom","article_published_time":"2022-03-05T17:21:14+00:00","article_modified_time":"2022-03-05T19:27:25+00:00","og_image":[{"width":1280,"height":720,"url":"https:\/\/www.nettali.com\/wp-content\/uploads\/2022\/03\/Cherif-Mamadou-Lamine-Laye-Appel-2017.jpg","type":"image\/jpeg"}],"twitter_card":"summary_large_image","twitter_misc":{"\u00c9crit par":"Ibrahima","Dur\u00e9e de lecture estim\u00e9e":"2 minutes"},"schema":{"@context":"https:\/\/schema.org","@graph":[{"@type":"WebSite","@id":"https:\/\/www.nettali.com\/#website","url":"https:\/\/www.nettali.com\/","name":"Nettali.com","description":"Le rendez-vous critique du Net","potentialAction":[{"@type":"SearchAction","target":{"@type":"EntryPoint","urlTemplate":"https:\/\/www.nettali.com\/?s={search_term_string}"},"query-input":"required name=search_term_string"}],"inLanguage":"fr-FR"},{"@type":"ImageObject","@id":"https:\/\/www.nettali.com\/2022\/03\/05\/mouhamadou-lamine-lahi-nous-ne-faisons-pas-la-fete-nous-celebrons-un-appel-dont\/#primaryimage","inLanguage":"fr-FR","url":"https:\/\/www.nettali.com\/wp-content\/uploads\/2022\/03\/Cherif-Mamadou-Lamine-Laye-Appel-2017.jpg","contentUrl":"https:\/\/www.nettali.com\/wp-content\/uploads\/2022\/03\/Cherif-Mamadou-Lamine-Laye-Appel-2017.jpg","width":1280,"height":720},{"@type":"WebPage","@id":"https:\/\/www.nettali.com\/2022\/03\/05\/mouhamadou-lamine-lahi-nous-ne-faisons-pas-la-fete-nous-celebrons-un-appel-dont\/#webpage","url":"https:\/\/www.nettali.com\/2022\/03\/05\/mouhamadou-lamine-lahi-nous-ne-faisons-pas-la-fete-nous-celebrons-un-appel-dont\/","name":"MOUHAMADOU LAMINE LAHI - \" Nous ne faisons pas la f\u00eate, nous c\u00e9l\u00e9brons un appel \" | Nettali.com","isPartOf":{"@id":"https:\/\/www.nettali.com\/#website"},"primaryImageOfPage":{"@id":"https:\/\/www.nettali.com\/2022\/03\/05\/mouhamadou-lamine-lahi-nous-ne-faisons-pas-la-fete-nous-celebrons-un-appel-dont\/#primaryimage"},"datePublished":"2022-03-05T17:21:14+00:00","dateModified":"2022-03-05T19:27:25+00:00","author":{"@id":"https:\/\/www.nettali.com\/#\/schema\/person\/bb147657c2986240405a608162b9bb23"},"breadcrumb":{"@id":"https:\/\/www.nettali.com\/2022\/03\/05\/mouhamadou-lamine-lahi-nous-ne-faisons-pas-la-fete-nous-celebrons-un-appel-dont\/#breadcrumb"},"inLanguage":"fr-FR","potentialAction":[{"@type":"ReadAction","target":["https:\/\/www.nettali.com\/2022\/03\/05\/mouhamadou-lamine-lahi-nous-ne-faisons-pas-la-fete-nous-celebrons-un-appel-dont\/"]}]},{"@type":"BreadcrumbList","@id":"https:\/\/www.nettali.com\/2022\/03\/05\/mouhamadou-lamine-lahi-nous-ne-faisons-pas-la-fete-nous-celebrons-un-appel-dont\/#breadcrumb","itemListElement":[{"@type":"ListItem","position":1,"name":"Accueil","item":"https:\/\/www.nettali.com\/"},{"@type":"ListItem","position":2,"name":"MOUHAMADOU LAMINE LAHI &#8211; \u00a0\u00bb Nous ne faisons pas la f\u00eate, nous c\u00e9l\u00e9brons un appel \u00ab\u00a0"}]},{"@type":"Person","@id":"https:\/\/www.nettali.com\/#\/schema\/person\/bb147657c2986240405a608162b9bb23","name":"Ibrahima","image":{"@type":"ImageObject","@id":"https:\/\/www.nettali.com\/#personlogo","inLanguage":"fr-FR","url":"https:\/\/secure.gravatar.com\/avatar\/26a8a81f09f0dd7624c9d5c36c9ba3a2?s=96&d=mm&r=g","contentUrl":"https:\/\/secure.gravatar.com\/avatar\/26a8a81f09f0dd7624c9d5c36c9ba3a2?s=96&d=mm&r=g","caption":"Ibrahima"},"sameAs":["https:\/\/www.nettali.com"]}]}},"_links":{"self":[{"href":"https:\/\/www.nettali.com\/rest\/wp\/v2\/posts\/82461"}],"collection":[{"href":"https:\/\/www.nettali.com\/rest\/wp\/v2\/posts"}],"about":[{"href":"https:\/\/www.nettali.com\/rest\/wp\/v2\/types\/post"}],"author":[{"embeddable":true,"href":"https:\/\/www.nettali.com\/rest\/wp\/v2\/users\/5"}],"replies":[{"embeddable":true,"href":"https:\/\/www.nettali.com\/rest\/wp\/v2\/comments?post=82461"}],"version-history":[{"count":4,"href":"https:\/\/www.nettali.com\/rest\/wp\/v2\/posts\/82461\/revisions"}],"predecessor-version":[{"id":82472,"href":"https:\/\/www.nettali.com\/rest\/wp\/v2\/posts\/82461\/revisions\/82472"}],"wp:featuredmedia":[{"embeddable":true,"href":"https:\/\/www.nettali.com\/rest\/wp\/v2\/media\/82462"}],"wp:attachment":[{"href":"https:\/\/www.nettali.com\/rest\/wp\/v2\/media?parent=82461"}],"wp:term":[{"taxonomy":"category","embeddable":true,"href":"https:\/\/www.nettali.com\/rest\/wp\/v2\/categories?post=82461"},{"taxonomy":"post_tag","embeddable":true,"href":"https:\/\/www.nettali.com\/rest\/wp\/v2\/tags?post=82461"}],"curies":[{"name":"wp","href":"https:\/\/api.w.org\/{rel}","templated":true}]}}