{"id":82413,"date":"2022-03-04T20:30:16","date_gmt":"2022-03-04T20:30:16","guid":{"rendered":"https:\/\/www.nettali.com\/?p=82413"},"modified":"2022-03-04T20:43:33","modified_gmt":"2022-03-04T20:43:33","slug":"tambacounda-un-violent-accident-fait-deux-morts","status":"publish","type":"post","link":"https:\/\/www.nettali.com\/2022\/03\/04\/tambacounda-un-violent-accident-fait-deux-morts\/","title":{"rendered":"TAMBACOUNDA - Un violent accident fait deux morts"},"content":{"rendered":"<p><strong>NETTALI.COM - La route a encore fait des mis\u00e8res. Deux morts ont \u00e9t\u00e9 enregistr\u00e9s dans un accident de la circulation survenu ce vendredi vers 7 heures, sur la route nationale RN1 \u00e0 hauteur de l\u2019H\u00f4tel le Relais, \u00e0 Tambacounda (ville orientale du S\u00e9n\u00e9gal). A l\u2019origine, une collision entre un v\u00e9hicule de transport en commun et une moto Jakarta.<\/strong><\/p>\n<p>Les corps sans vie sont transport\u00e9s \u00e0 la morgue de l\u2019H\u00f4pital R\u00e9gional de Tambacounda.\u00a0 Le sous-lieutenant Saliou Diaw, adjoint au commandant de la 61e compagnie du groupement des sapeurs-pompiers de Tamba, explique qu'ils ont \u00e9t\u00e9 alert\u00e9s le matin aux environs de 07H 49m.<\/p>\n<p>Une fois sur les lieux, ils ont constat\u00e9 la collision entre un v\u00e9hicule de transport en commun et un cyclomoteur de type Djakarta, occasionnant malheureusement deux corps sans vie transport\u00e9s \u00e0 l\u2019h\u00f4pital r\u00e9gional de Tamba.<\/p>\n<div class='share-to-whatsapp-wrapper'><div class='share-on-whsp'>PARTAGER SUR : <\/div><a data-text='TAMBACOUNDA - Un violent accident fait deux morts' data-link='https:\/\/www.nettali.com\/2022\/03\/04\/tambacounda-un-violent-accident-fait-deux-morts\/' class='whatsapp-button whatsapp-share'>WhatsApp<\/a><div class='clear '><\/div><\/div>","protected":false},"excerpt":{"rendered":"<p>NETTALI.COM - La route a encore fait des mis\u00e8res. Deux morts ont \u00e9t\u00e9 enregistr\u00e9s dans un accident de la circulation survenu ce vendredi vers 7 heures, sur la route nationale RN1 \u00e0 hauteur de l\u2019H\u00f4tel le Relais, \u00e0 Tambacounda (ville orientale du S\u00e9n\u00e9gal). A l\u2019origine, une collision entre un v\u00e9hicule de transport en commun et [&hellip;]<\/p>\n","protected":false},"author":5,"featured_media":65786,"comment_status":"open","ping_status":"open","sticky":false,"template":"","format":"standard","meta":{"_et_pb_use_builder":"","_et_pb_old_content":""},"categories":[3],"tags":[],"yoast_head":"<!-- This site is optimized with the Yoast SEO Premium plugin v17.8 (Yoast SEO v17.8) - https:\/\/yoast.com\/wordpress\/plugins\/seo\/ -->\n<title>TAMBACOUNDA - Un violent accident fait deux morts | Nettali.com<\/title>\n<meta name=\"robots\" content=\"index, follow, max-snippet:-1, max-image-preview:large, max-video-preview:-1\" \/>\n<link rel=\"canonical\" href=\"https:\/\/www.nettali.com\/2022\/03\/04\/tambacounda-un-violent-accident-fait-deux-morts\/\" \/>\n<meta property=\"og:locale\" content=\"fr_FR\" \/>\n<meta property=\"og:type\" content=\"article\" \/>\n<meta property=\"og:title\" content=\"TAMBACOUNDA - Un violent accident fait deux morts\" \/>\n<meta property=\"og:description\" content=\"NETTALI.COM - La route a encore fait des mis\u00e8res. Deux morts ont \u00e9t\u00e9 enregistr\u00e9s dans un accident de la circulation survenu ce vendredi vers 7 heures, sur la route nationale RN1 \u00e0 hauteur de l\u2019H\u00f4tel le Relais, \u00e0 Tambacounda (ville orientale du S\u00e9n\u00e9gal). A l\u2019origine, une collision entre un v\u00e9hicule de transport en commun et [&hellip;]\" \/>\n<meta property=\"og:url\" content=\"https:\/\/www.nettali.com\/2022\/03\/04\/tambacounda-un-violent-accident-fait-deux-morts\/\" \/>\n<meta property=\"og:site_name\" content=\"Nettali.com\" \/>\n<meta property=\"article:publisher\" content=\"https:\/\/www.facebook.com\/nettalicom\" \/>\n<meta property=\"article:published_time\" content=\"2022-03-04T20:30:16+00:00\" \/>\n<meta property=\"article:modified_time\" content=\"2022-03-04T20:43:33+00:00\" \/>\n<meta property=\"og:image\" content=\"https:\/\/www.nettali.com\/wp-content\/uploads\/2021\/06\/accident-kolda-1.jpg\" \/>\n\t<meta property=\"og:image:width\" content=\"600\" \/>\n\t<meta property=\"og:image:height\" content=\"357\" \/>\n<meta name=\"twitter:card\" content=\"summary_large_image\" \/>\n<meta name=\"twitter:label1\" content=\"\u00c9crit par\" \/>\n\t<meta name=\"twitter:data1\" content=\"Ibrahima\" \/>\n\t<meta name=\"twitter:label2\" content=\"Dur\u00e9e de lecture estim\u00e9e\" \/>\n\t<meta name=\"twitter:data2\" content=\"1 minute\" \/>\n<script type=\"application\/ld+json\" class=\"yoast-schema-graph\">{\"@context\":\"https:\/\/schema.org\",\"@graph\":[{\"@type\":\"WebSite\",\"@id\":\"https:\/\/www.nettali.com\/#website\",\"url\":\"https:\/\/www.nettali.com\/\",\"name\":\"Nettali.com\",\"description\":\"Le rendez-vous critique du Net\",\"potentialAction\":[{\"@type\":\"SearchAction\",\"target\":{\"@type\":\"EntryPoint\",\"urlTemplate\":\"https:\/\/www.nettali.com\/?s={search_term_string}\"},\"query-input\":\"required name=search_term_string\"}],\"inLanguage\":\"fr-FR\"},{\"@type\":\"ImageObject\",\"@id\":\"https:\/\/www.nettali.com\/2022\/03\/04\/tambacounda-un-violent-accident-fait-deux-morts\/#primaryimage\",\"inLanguage\":\"fr-FR\",\"url\":\"https:\/\/www.nettali.com\/wp-content\/uploads\/2021\/06\/accident-kolda-1.jpg\",\"contentUrl\":\"https:\/\/www.nettali.com\/wp-content\/uploads\/2021\/06\/accident-kolda-1.jpg\",\"width\":600,\"height\":357},{\"@type\":\"WebPage\",\"@id\":\"https:\/\/www.nettali.com\/2022\/03\/04\/tambacounda-un-violent-accident-fait-deux-morts\/#webpage\",\"url\":\"https:\/\/www.nettali.com\/2022\/03\/04\/tambacounda-un-violent-accident-fait-deux-morts\/\",\"name\":\"TAMBACOUNDA - Un violent accident fait deux morts | Nettali.com\",\"isPartOf\":{\"@id\":\"https:\/\/www.nettali.com\/#website\"},\"primaryImageOfPage\":{\"@id\":\"https:\/\/www.nettali.com\/2022\/03\/04\/tambacounda-un-violent-accident-fait-deux-morts\/#primaryimage\"},\"datePublished\":\"2022-03-04T20:30:16+00:00\",\"dateModified\":\"2022-03-04T20:43:33+00:00\",\"author\":{\"@id\":\"https:\/\/www.nettali.com\/#\/schema\/person\/bb147657c2986240405a608162b9bb23\"},\"breadcrumb\":{\"@id\":\"https:\/\/www.nettali.com\/2022\/03\/04\/tambacounda-un-violent-accident-fait-deux-morts\/#breadcrumb\"},\"inLanguage\":\"fr-FR\",\"potentialAction\":[{\"@type\":\"ReadAction\",\"target\":[\"https:\/\/www.nettali.com\/2022\/03\/04\/tambacounda-un-violent-accident-fait-deux-morts\/\"]}]},{\"@type\":\"BreadcrumbList\",\"@id\":\"https:\/\/www.nettali.com\/2022\/03\/04\/tambacounda-un-violent-accident-fait-deux-morts\/#breadcrumb\",\"itemListElement\":[{\"@type\":\"ListItem\",\"position\":1,\"name\":\"Accueil\",\"item\":\"https:\/\/www.nettali.com\/\"},{\"@type\":\"ListItem\",\"position\":2,\"name\":\"TAMBACOUNDA &#8211; Un violent accident fait deux morts\"}]},{\"@type\":\"Person\",\"@id\":\"https:\/\/www.nettali.com\/#\/schema\/person\/bb147657c2986240405a608162b9bb23\",\"name\":\"Ibrahima\",\"image\":{\"@type\":\"ImageObject\",\"@id\":\"https:\/\/www.nettali.com\/#personlogo\",\"inLanguage\":\"fr-FR\",\"url\":\"https:\/\/secure.gravatar.com\/avatar\/26a8a81f09f0dd7624c9d5c36c9ba3a2?s=96&d=mm&r=g\",\"contentUrl\":\"https:\/\/secure.gravatar.com\/avatar\/26a8a81f09f0dd7624c9d5c36c9ba3a2?s=96&d=mm&r=g\",\"caption\":\"Ibrahima\"},\"sameAs\":[\"https:\/\/www.nettali.com\"]}]}<\/script>\n<!-- \/ Yoast SEO Premium plugin. -->","yoast_head_json":{"title":"TAMBACOUNDA - Un violent accident fait deux morts | Nettali.com","robots":{"index":"index","follow":"follow","max-snippet":"max-snippet:-1","max-image-preview":"max-image-preview:large","max-video-preview":"max-video-preview:-1"},"canonical":"https:\/\/www.nettali.com\/2022\/03\/04\/tambacounda-un-violent-accident-fait-deux-morts\/","og_locale":"fr_FR","og_type":"article","og_title":"TAMBACOUNDA - Un violent accident fait deux morts","og_description":"NETTALI.COM - La route a encore fait des mis\u00e8res. Deux morts ont \u00e9t\u00e9 enregistr\u00e9s dans un accident de la circulation survenu ce vendredi vers 7 heures, sur la route nationale RN1 \u00e0 hauteur de l\u2019H\u00f4tel le Relais, \u00e0 Tambacounda (ville orientale du S\u00e9n\u00e9gal). A l\u2019origine, une collision entre un v\u00e9hicule de transport en commun et [&hellip;]","og_url":"https:\/\/www.nettali.com\/2022\/03\/04\/tambacounda-un-violent-accident-fait-deux-morts\/","og_site_name":"Nettali.com","article_publisher":"https:\/\/www.facebook.com\/nettalicom","article_published_time":"2022-03-04T20:30:16+00:00","article_modified_time":"2022-03-04T20:43:33+00:00","og_image":[{"width":600,"height":357,"url":"https:\/\/www.nettali.com\/wp-content\/uploads\/2021\/06\/accident-kolda-1.jpg","type":"image\/jpeg"}],"twitter_card":"summary_large_image","twitter_misc":{"\u00c9crit par":"Ibrahima","Dur\u00e9e de lecture estim\u00e9e":"1 minute"},"schema":{"@context":"https:\/\/schema.org","@graph":[{"@type":"WebSite","@id":"https:\/\/www.nettali.com\/#website","url":"https:\/\/www.nettali.com\/","name":"Nettali.com","description":"Le rendez-vous critique du Net","potentialAction":[{"@type":"SearchAction","target":{"@type":"EntryPoint","urlTemplate":"https:\/\/www.nettali.com\/?s={search_term_string}"},"query-input":"required name=search_term_string"}],"inLanguage":"fr-FR"},{"@type":"ImageObject","@id":"https:\/\/www.nettali.com\/2022\/03\/04\/tambacounda-un-violent-accident-fait-deux-morts\/#primaryimage","inLanguage":"fr-FR","url":"https:\/\/www.nettali.com\/wp-content\/uploads\/2021\/06\/accident-kolda-1.jpg","contentUrl":"https:\/\/www.nettali.com\/wp-content\/uploads\/2021\/06\/accident-kolda-1.jpg","width":600,"height":357},{"@type":"WebPage","@id":"https:\/\/www.nettali.com\/2022\/03\/04\/tambacounda-un-violent-accident-fait-deux-morts\/#webpage","url":"https:\/\/www.nettali.com\/2022\/03\/04\/tambacounda-un-violent-accident-fait-deux-morts\/","name":"TAMBACOUNDA - Un violent accident fait deux morts | Nettali.com","isPartOf":{"@id":"https:\/\/www.nettali.com\/#website"},"primaryImageOfPage":{"@id":"https:\/\/www.nettali.com\/2022\/03\/04\/tambacounda-un-violent-accident-fait-deux-morts\/#primaryimage"},"datePublished":"2022-03-04T20:30:16+00:00","dateModified":"2022-03-04T20:43:33+00:00","author":{"@id":"https:\/\/www.nettali.com\/#\/schema\/person\/bb147657c2986240405a608162b9bb23"},"breadcrumb":{"@id":"https:\/\/www.nettali.com\/2022\/03\/04\/tambacounda-un-violent-accident-fait-deux-morts\/#breadcrumb"},"inLanguage":"fr-FR","potentialAction":[{"@type":"ReadAction","target":["https:\/\/www.nettali.com\/2022\/03\/04\/tambacounda-un-violent-accident-fait-deux-morts\/"]}]},{"@type":"BreadcrumbList","@id":"https:\/\/www.nettali.com\/2022\/03\/04\/tambacounda-un-violent-accident-fait-deux-morts\/#breadcrumb","itemListElement":[{"@type":"ListItem","position":1,"name":"Accueil","item":"https:\/\/www.nettali.com\/"},{"@type":"ListItem","position":2,"name":"TAMBACOUNDA &#8211; Un violent accident fait deux morts"}]},{"@type":"Person","@id":"https:\/\/www.nettali.com\/#\/schema\/person\/bb147657c2986240405a608162b9bb23","name":"Ibrahima","image":{"@type":"ImageObject","@id":"https:\/\/www.nettali.com\/#personlogo","inLanguage":"fr-FR","url":"https:\/\/secure.gravatar.com\/avatar\/26a8a81f09f0dd7624c9d5c36c9ba3a2?s=96&d=mm&r=g","contentUrl":"https:\/\/secure.gravatar.com\/avatar\/26a8a81f09f0dd7624c9d5c36c9ba3a2?s=96&d=mm&r=g","caption":"Ibrahima"},"sameAs":["https:\/\/www.nettali.com"]}]}},"_links":{"self":[{"href":"https:\/\/www.nettali.com\/rest\/wp\/v2\/posts\/82413"}],"collection":[{"href":"https:\/\/www.nettali.com\/rest\/wp\/v2\/posts"}],"about":[{"href":"https:\/\/www.nettali.com\/rest\/wp\/v2\/types\/post"}],"author":[{"embeddable":true,"href":"https:\/\/www.nettali.com\/rest\/wp\/v2\/users\/5"}],"replies":[{"embeddable":true,"href":"https:\/\/www.nettali.com\/rest\/wp\/v2\/comments?post=82413"}],"version-history":[{"count":4,"href":"https:\/\/www.nettali.com\/rest\/wp\/v2\/posts\/82413\/revisions"}],"predecessor-version":[{"id":82419,"href":"https:\/\/www.nettali.com\/rest\/wp\/v2\/posts\/82413\/revisions\/82419"}],"wp:featuredmedia":[{"embeddable":true,"href":"https:\/\/www.nettali.com\/rest\/wp\/v2\/media\/65786"}],"wp:attachment":[{"href":"https:\/\/www.nettali.com\/rest\/wp\/v2\/media?parent=82413"}],"wp:term":[{"taxonomy":"category","embeddable":true,"href":"https:\/\/www.nettali.com\/rest\/wp\/v2\/categories?post=82413"},{"taxonomy":"post_tag","embeddable":true,"href":"https:\/\/www.nettali.com\/rest\/wp\/v2\/tags?post=82413"}],"curies":[{"name":"wp","href":"https:\/\/api.w.org\/{rel}","templated":true}]}}