{"id":82249,"date":"2022-03-02T12:44:49","date_gmt":"2022-03-02T12:44:49","guid":{"rendered":"https:\/\/www.nettali.com\/?p=82249"},"modified":"2022-03-02T19:50:48","modified_gmt":"2022-03-02T19:50:48","slug":"affaire-ndiaga-diouf-la-partie-civile-veut-que-barthelemy-soit-poursuivi-pour-meurtre","status":"publish","type":"post","link":"https:\/\/www.nettali.com\/2022\/03\/02\/affaire-ndiaga-diouf-la-partie-civile-veut-que-barthelemy-soit-poursuivi-pour-meurtre\/","title":{"rendered":"AFFAIRE NDIAGA DIOUF - La partie civile veut que Barth\u00e9l\u00e9my soit poursuivi pour \"meurtre\""},"content":{"rendered":"<p><strong>NETTALI.COM - Barth\u00e9l\u00e9my Dias nie les faits de \"coups mortels\" qui lui sont reproch\u00e9s, mais la partie civile est d'un autre avis puisqu'elle pense qu'il devrait m\u00eame \u00eatre poursuivi pour meurtre. Elle demande, en cons\u00e9quence, la requalification des faits.<\/strong><\/p>\n<p>L'avocat de la partie civile, Me Pape Mor Niang est formel, Barth\u00e9l\u00e9my Dias a bel et bien tu\u00e9 Ndiaga Diouf. C'est pourquoi, dit-il, il a toujours demand\u00e9 une requalification des faits en meurtre.<\/p>\n<p><em>\"Barth\u00e9l\u00e9my n'\u00e9tait pas sur les lieux. Inform\u00e9, il s'est d\u00e9plac\u00e9 et nous sommes s\u00fbrs qu'il y est all\u00e9 avec ses armes. Il a fait des aveux : \"j'ai tir\u00e9 et j'ai tu\u00e9, si vous voulez en avoir la preuve allez \u00e0 l'h\u00f4pital\". \"Ce ne sont pas des armes factices qu'il avait. Il \u00e9tait s\u00fbr de son fait et a pr\u00e9sent\u00e9 l'arme quelques mois apr\u00e8s les fait. Il a eu le temps de cacher l'arme du crime, tout en soutenant avoir vu quelqu'un tirer avec une arme de calibre 14, alors qu'il n'y avait qu'un seul tireur\"<\/em>, ajoute l'avocat.<\/p>\n<p>Ce dernier estime que si Ndiaga Diouf \u00e9tait toujours vivant, il aurait continu\u00e9 \u00e0 soutenir son p\u00e8re et pouvait m\u00eame devenir ministre. C'est pourquoi, \u00e0 titre de dommages et int\u00e9r\u00eats, il a r\u00e9clam\u00e9 150 millions.<\/p>\n<p>L'avocat a aussi demand\u00e9 a demand\u00e9 \u00e0 la Cour, au cas o\u00f9 il ne requalifie pas les faits en meurtre, de confirmer le premier jugement concernant la peine et infirmer la partie relative aux dommages et int\u00e9r\u00eats.<\/p>\n<p>Rappelons qu'en premi\u00e8re instance, Barth\u00e9l\u00e9my Dias avait \u00e9t\u00e9 condamn\u00e9 \u00e0 2 ans dont 6 mois ferme et \u00e0 25 millions de dommages et int\u00e9r\u00eats.<\/p>\n<div class='share-to-whatsapp-wrapper'><div class='share-on-whsp'>PARTAGER SUR : <\/div><a data-text='AFFAIRE NDIAGA DIOUF - La partie civile veut que Barth\u00e9l\u00e9my soit poursuivi pour \"meurtre\"' data-link='https:\/\/www.nettali.com\/2022\/03\/02\/affaire-ndiaga-diouf-la-partie-civile-veut-que-barthelemy-soit-poursuivi-pour-meurtre\/' class='whatsapp-button whatsapp-share'>WhatsApp<\/a><div class='clear '><\/div><\/div>","protected":false},"excerpt":{"rendered":"<p>NETTALI.COM - Barth\u00e9l\u00e9my Dias nie les faits de \"coups mortels\" qui lui sont reproch\u00e9s, mais la partie civile est d'un autre avis puisqu'elle pense qu'il devrait m\u00eame \u00eatre poursuivi pour meurtre. Elle demande, en cons\u00e9quence, la requalification des faits. L'avocat de la partie civile, Me Pape Mor Niang est formel, Barth\u00e9l\u00e9my Dias a bel et [&hellip;]<\/p>\n","protected":false},"author":4,"featured_media":58884,"comment_status":"open","ping_status":"open","sticky":false,"template":"","format":"standard","meta":{"_et_pb_use_builder":"","_et_pb_old_content":""},"categories":[3],"tags":[],"yoast_head":"<!-- This site is optimized with the Yoast SEO Premium plugin v17.8 (Yoast SEO v17.8) - https:\/\/yoast.com\/wordpress\/plugins\/seo\/ -->\n<title>AFFAIRE NDIAGA DIOUF - La partie civile veut que Barth\u00e9l\u00e9my soit poursuivi pour &quot;meurtre&quot; | Nettali.com<\/title>\n<meta name=\"robots\" content=\"index, follow, max-snippet:-1, max-image-preview:large, max-video-preview:-1\" \/>\n<link rel=\"canonical\" href=\"https:\/\/www.nettali.com\/2022\/03\/02\/affaire-ndiaga-diouf-la-partie-civile-veut-que-barthelemy-soit-poursuivi-pour-meurtre\/\" \/>\n<meta property=\"og:locale\" content=\"fr_FR\" \/>\n<meta property=\"og:type\" content=\"article\" \/>\n<meta property=\"og:title\" content=\"AFFAIRE NDIAGA DIOUF - La partie civile veut que Barth\u00e9l\u00e9my soit poursuivi pour &quot;meurtre&quot;\" \/>\n<meta property=\"og:description\" content=\"NETTALI.COM - Barth\u00e9l\u00e9my Dias nie les faits de &quot;coups mortels&quot; qui lui sont reproch\u00e9s, mais la partie civile est d&#039;un autre avis puisqu&#039;elle pense qu&#039;il devrait m\u00eame \u00eatre poursuivi pour meurtre. Elle demande, en cons\u00e9quence, la requalification des faits. L&#039;avocat de la partie civile, Me Pape Mor Niang est formel, Barth\u00e9l\u00e9my Dias a bel et [&hellip;]\" \/>\n<meta property=\"og:url\" content=\"https:\/\/www.nettali.com\/2022\/03\/02\/affaire-ndiaga-diouf-la-partie-civile-veut-que-barthelemy-soit-poursuivi-pour-meurtre\/\" \/>\n<meta property=\"og:site_name\" content=\"Nettali.com\" \/>\n<meta property=\"article:publisher\" content=\"https:\/\/www.facebook.com\/nettalicom\" \/>\n<meta property=\"article:published_time\" content=\"2022-03-02T12:44:49+00:00\" \/>\n<meta property=\"article:modified_time\" content=\"2022-03-02T19:50:48+00:00\" \/>\n<meta property=\"og:image\" content=\"https:\/\/www.nettali.com\/wp-content\/uploads\/2021\/03\/barthelemy-dias_3_0.jpg\" \/>\n\t<meta property=\"og:image:width\" content=\"650\" \/>\n\t<meta property=\"og:image:height\" content=\"446\" \/>\n<meta name=\"twitter:card\" content=\"summary_large_image\" \/>\n<meta name=\"twitter:label1\" content=\"\u00c9crit par\" \/>\n\t<meta name=\"twitter:data1\" content=\"Daouda\" \/>\n\t<meta name=\"twitter:label2\" content=\"Dur\u00e9e de lecture estim\u00e9e\" \/>\n\t<meta name=\"twitter:data2\" content=\"2 minutes\" \/>\n<script type=\"application\/ld+json\" class=\"yoast-schema-graph\">{\"@context\":\"https:\/\/schema.org\",\"@graph\":[{\"@type\":\"WebSite\",\"@id\":\"https:\/\/www.nettali.com\/#website\",\"url\":\"https:\/\/www.nettali.com\/\",\"name\":\"Nettali.com\",\"description\":\"Le rendez-vous critique du Net\",\"potentialAction\":[{\"@type\":\"SearchAction\",\"target\":{\"@type\":\"EntryPoint\",\"urlTemplate\":\"https:\/\/www.nettali.com\/?s={search_term_string}\"},\"query-input\":\"required name=search_term_string\"}],\"inLanguage\":\"fr-FR\"},{\"@type\":\"ImageObject\",\"@id\":\"https:\/\/www.nettali.com\/2022\/03\/02\/affaire-ndiaga-diouf-la-partie-civile-veut-que-barthelemy-soit-poursuivi-pour-meurtre\/#primaryimage\",\"inLanguage\":\"fr-FR\",\"url\":\"https:\/\/www.nettali.com\/wp-content\/uploads\/2021\/03\/barthelemy-dias_3_0.jpg\",\"contentUrl\":\"https:\/\/www.nettali.com\/wp-content\/uploads\/2021\/03\/barthelemy-dias_3_0.jpg\",\"width\":650,\"height\":446},{\"@type\":\"WebPage\",\"@id\":\"https:\/\/www.nettali.com\/2022\/03\/02\/affaire-ndiaga-diouf-la-partie-civile-veut-que-barthelemy-soit-poursuivi-pour-meurtre\/#webpage\",\"url\":\"https:\/\/www.nettali.com\/2022\/03\/02\/affaire-ndiaga-diouf-la-partie-civile-veut-que-barthelemy-soit-poursuivi-pour-meurtre\/\",\"name\":\"AFFAIRE NDIAGA DIOUF - La partie civile veut que Barth\\u00e9l\\u00e9my soit poursuivi pour \\\"meurtre\\\" | Nettali.com\",\"isPartOf\":{\"@id\":\"https:\/\/www.nettali.com\/#website\"},\"primaryImageOfPage\":{\"@id\":\"https:\/\/www.nettali.com\/2022\/03\/02\/affaire-ndiaga-diouf-la-partie-civile-veut-que-barthelemy-soit-poursuivi-pour-meurtre\/#primaryimage\"},\"datePublished\":\"2022-03-02T12:44:49+00:00\",\"dateModified\":\"2022-03-02T19:50:48+00:00\",\"author\":{\"@id\":\"https:\/\/www.nettali.com\/#\/schema\/person\/3317e0bb3aa1da309fbf7b2780901bf4\"},\"breadcrumb\":{\"@id\":\"https:\/\/www.nettali.com\/2022\/03\/02\/affaire-ndiaga-diouf-la-partie-civile-veut-que-barthelemy-soit-poursuivi-pour-meurtre\/#breadcrumb\"},\"inLanguage\":\"fr-FR\",\"potentialAction\":[{\"@type\":\"ReadAction\",\"target\":[\"https:\/\/www.nettali.com\/2022\/03\/02\/affaire-ndiaga-diouf-la-partie-civile-veut-que-barthelemy-soit-poursuivi-pour-meurtre\/\"]}]},{\"@type\":\"BreadcrumbList\",\"@id\":\"https:\/\/www.nettali.com\/2022\/03\/02\/affaire-ndiaga-diouf-la-partie-civile-veut-que-barthelemy-soit-poursuivi-pour-meurtre\/#breadcrumb\",\"itemListElement\":[{\"@type\":\"ListItem\",\"position\":1,\"name\":\"Accueil\",\"item\":\"https:\/\/www.nettali.com\/\"},{\"@type\":\"ListItem\",\"position\":2,\"name\":\"AFFAIRE NDIAGA DIOUF &#8211; La partie civile veut que Barth\\u00e9l\\u00e9my soit poursuivi pour \\u00ab\\u00a0meurtre\\u00a0\\u00bb\"}]},{\"@type\":\"Person\",\"@id\":\"https:\/\/www.nettali.com\/#\/schema\/person\/3317e0bb3aa1da309fbf7b2780901bf4\",\"name\":\"Daouda\",\"image\":{\"@type\":\"ImageObject\",\"@id\":\"https:\/\/www.nettali.com\/#personlogo\",\"inLanguage\":\"fr-FR\",\"url\":\"https:\/\/secure.gravatar.com\/avatar\/8d143b5a49345098ddcfee1c49c2f47c?s=96&d=mm&r=g\",\"contentUrl\":\"https:\/\/secure.gravatar.com\/avatar\/8d143b5a49345098ddcfee1c49c2f47c?s=96&d=mm&r=g\",\"caption\":\"Daouda\"},\"sameAs\":[\"https:\/\/www.nettali.com\"]}]}<\/script>\n<!-- \/ Yoast SEO Premium plugin. -->","yoast_head_json":{"title":"AFFAIRE NDIAGA DIOUF - La partie civile veut que Barth\u00e9l\u00e9my soit poursuivi pour \"meurtre\" | Nettali.com","robots":{"index":"index","follow":"follow","max-snippet":"max-snippet:-1","max-image-preview":"max-image-preview:large","max-video-preview":"max-video-preview:-1"},"canonical":"https:\/\/www.nettali.com\/2022\/03\/02\/affaire-ndiaga-diouf-la-partie-civile-veut-que-barthelemy-soit-poursuivi-pour-meurtre\/","og_locale":"fr_FR","og_type":"article","og_title":"AFFAIRE NDIAGA DIOUF - La partie civile veut que Barth\u00e9l\u00e9my soit poursuivi pour \"meurtre\"","og_description":"NETTALI.COM - Barth\u00e9l\u00e9my Dias nie les faits de \"coups mortels\" qui lui sont reproch\u00e9s, mais la partie civile est d'un autre avis puisqu'elle pense qu'il devrait m\u00eame \u00eatre poursuivi pour meurtre. Elle demande, en cons\u00e9quence, la requalification des faits. L'avocat de la partie civile, Me Pape Mor Niang est formel, Barth\u00e9l\u00e9my Dias a bel et [&hellip;]","og_url":"https:\/\/www.nettali.com\/2022\/03\/02\/affaire-ndiaga-diouf-la-partie-civile-veut-que-barthelemy-soit-poursuivi-pour-meurtre\/","og_site_name":"Nettali.com","article_publisher":"https:\/\/www.facebook.com\/nettalicom","article_published_time":"2022-03-02T12:44:49+00:00","article_modified_time":"2022-03-02T19:50:48+00:00","og_image":[{"width":650,"height":446,"url":"https:\/\/www.nettali.com\/wp-content\/uploads\/2021\/03\/barthelemy-dias_3_0.jpg","type":"image\/jpeg"}],"twitter_card":"summary_large_image","twitter_misc":{"\u00c9crit par":"Daouda","Dur\u00e9e de lecture estim\u00e9e":"2 minutes"},"schema":{"@context":"https:\/\/schema.org","@graph":[{"@type":"WebSite","@id":"https:\/\/www.nettali.com\/#website","url":"https:\/\/www.nettali.com\/","name":"Nettali.com","description":"Le rendez-vous critique du Net","potentialAction":[{"@type":"SearchAction","target":{"@type":"EntryPoint","urlTemplate":"https:\/\/www.nettali.com\/?s={search_term_string}"},"query-input":"required name=search_term_string"}],"inLanguage":"fr-FR"},{"@type":"ImageObject","@id":"https:\/\/www.nettali.com\/2022\/03\/02\/affaire-ndiaga-diouf-la-partie-civile-veut-que-barthelemy-soit-poursuivi-pour-meurtre\/#primaryimage","inLanguage":"fr-FR","url":"https:\/\/www.nettali.com\/wp-content\/uploads\/2021\/03\/barthelemy-dias_3_0.jpg","contentUrl":"https:\/\/www.nettali.com\/wp-content\/uploads\/2021\/03\/barthelemy-dias_3_0.jpg","width":650,"height":446},{"@type":"WebPage","@id":"https:\/\/www.nettali.com\/2022\/03\/02\/affaire-ndiaga-diouf-la-partie-civile-veut-que-barthelemy-soit-poursuivi-pour-meurtre\/#webpage","url":"https:\/\/www.nettali.com\/2022\/03\/02\/affaire-ndiaga-diouf-la-partie-civile-veut-que-barthelemy-soit-poursuivi-pour-meurtre\/","name":"AFFAIRE NDIAGA DIOUF - La partie civile veut que Barth\u00e9l\u00e9my soit poursuivi pour \"meurtre\" | Nettali.com","isPartOf":{"@id":"https:\/\/www.nettali.com\/#website"},"primaryImageOfPage":{"@id":"https:\/\/www.nettali.com\/2022\/03\/02\/affaire-ndiaga-diouf-la-partie-civile-veut-que-barthelemy-soit-poursuivi-pour-meurtre\/#primaryimage"},"datePublished":"2022-03-02T12:44:49+00:00","dateModified":"2022-03-02T19:50:48+00:00","author":{"@id":"https:\/\/www.nettali.com\/#\/schema\/person\/3317e0bb3aa1da309fbf7b2780901bf4"},"breadcrumb":{"@id":"https:\/\/www.nettali.com\/2022\/03\/02\/affaire-ndiaga-diouf-la-partie-civile-veut-que-barthelemy-soit-poursuivi-pour-meurtre\/#breadcrumb"},"inLanguage":"fr-FR","potentialAction":[{"@type":"ReadAction","target":["https:\/\/www.nettali.com\/2022\/03\/02\/affaire-ndiaga-diouf-la-partie-civile-veut-que-barthelemy-soit-poursuivi-pour-meurtre\/"]}]},{"@type":"BreadcrumbList","@id":"https:\/\/www.nettali.com\/2022\/03\/02\/affaire-ndiaga-diouf-la-partie-civile-veut-que-barthelemy-soit-poursuivi-pour-meurtre\/#breadcrumb","itemListElement":[{"@type":"ListItem","position":1,"name":"Accueil","item":"https:\/\/www.nettali.com\/"},{"@type":"ListItem","position":2,"name":"AFFAIRE NDIAGA DIOUF &#8211; La partie civile veut que Barth\u00e9l\u00e9my soit poursuivi pour \u00ab\u00a0meurtre\u00a0\u00bb"}]},{"@type":"Person","@id":"https:\/\/www.nettali.com\/#\/schema\/person\/3317e0bb3aa1da309fbf7b2780901bf4","name":"Daouda","image":{"@type":"ImageObject","@id":"https:\/\/www.nettali.com\/#personlogo","inLanguage":"fr-FR","url":"https:\/\/secure.gravatar.com\/avatar\/8d143b5a49345098ddcfee1c49c2f47c?s=96&d=mm&r=g","contentUrl":"https:\/\/secure.gravatar.com\/avatar\/8d143b5a49345098ddcfee1c49c2f47c?s=96&d=mm&r=g","caption":"Daouda"},"sameAs":["https:\/\/www.nettali.com"]}]}},"_links":{"self":[{"href":"https:\/\/www.nettali.com\/rest\/wp\/v2\/posts\/82249"}],"collection":[{"href":"https:\/\/www.nettali.com\/rest\/wp\/v2\/posts"}],"about":[{"href":"https:\/\/www.nettali.com\/rest\/wp\/v2\/types\/post"}],"author":[{"embeddable":true,"href":"https:\/\/www.nettali.com\/rest\/wp\/v2\/users\/4"}],"replies":[{"embeddable":true,"href":"https:\/\/www.nettali.com\/rest\/wp\/v2\/comments?post=82249"}],"version-history":[{"count":3,"href":"https:\/\/www.nettali.com\/rest\/wp\/v2\/posts\/82249\/revisions"}],"predecessor-version":[{"id":82275,"href":"https:\/\/www.nettali.com\/rest\/wp\/v2\/posts\/82249\/revisions\/82275"}],"wp:featuredmedia":[{"embeddable":true,"href":"https:\/\/www.nettali.com\/rest\/wp\/v2\/media\/58884"}],"wp:attachment":[{"href":"https:\/\/www.nettali.com\/rest\/wp\/v2\/media?parent=82249"}],"wp:term":[{"taxonomy":"category","embeddable":true,"href":"https:\/\/www.nettali.com\/rest\/wp\/v2\/categories?post=82249"},{"taxonomy":"post_tag","embeddable":true,"href":"https:\/\/www.nettali.com\/rest\/wp\/v2\/tags?post=82249"}],"curies":[{"name":"wp","href":"https:\/\/api.w.org\/{rel}","templated":true}]}}