{"id":82217,"date":"2022-03-02T10:27:35","date_gmt":"2022-03-02T10:27:35","guid":{"rendered":"https:\/\/www.nettali.com\/?p=82217"},"modified":"2022-03-02T10:27:35","modified_gmt":"2022-03-02T10:27:35","slug":"rapport-du-giec-sur-le-climat-des-changements-climatiques-tres-sensibles-au-senegal","status":"publish","type":"post","link":"https:\/\/www.nettali.com\/2022\/03\/02\/rapport-du-giec-sur-le-climat-des-changements-climatiques-tres-sensibles-au-senegal\/","title":{"rendered":"RAPPORT DU GIEC SUR LE CLIMAT - Des changements climatiques tr\u00e8s sensibles au S\u00e9n\u00e9gal"},"content":{"rendered":"<p><strong>NETTALI.COM - Le Groupe d\u2019experts intergouvernemental sur l\u2019\u00e9volution du climat (GIEC) a rendu public son 6e rapport sur le climat depuis la Cop 21. Le rapport r\u00e9v\u00e8le qu\u2019au S\u00e9n\u00e9gal, le changement climatique est une menace d\u00e9j\u00e0 sensible.<\/strong><\/p>\n<p>Le rapport sur l'\u00e9volution du climat publi\u00e9 par le Groupe d\u2019experts intergouvernemental r\u00e9v\u00e8le que le S\u00e9n\u00e9gal est menac\u00e9 par le changement climatique. Selon le document, plusieurs faits peuvent l\u2019illustrer : \u201c<em>Une baisse de la pluviom\u00e9trie d\u2019environ 300 mm en 30 ans ; des pluies plus intenses et de plus courtes dur\u00e9es ; une augmentation de la temp\u00e9rature d\u2019environ 1,7 \u00b0C en 30 ans, etc. Les impacts n\u00e9gatifs sont \u00e9galement multiples : avanc\u00e9e de la mer ; \u00e9rosion c\u00f4ti\u00e8re ; d\u00e9sertification ; r\u00e9duction des mangroves ; perte de terres arables et de p\u00e2turages ; r\u00e9duction de la disponibilit\u00e9 de l\u2019eau pour l\u2019irrigation, la boisson et autres activit\u00e9s productrices, etc.\u2019<\/em>\u2019, selon des experts de I'Afrique.<\/p>\n<p>\u00c0 ces d\u00e9fis ; s\u2019ajoute la marginalisation de certaines couches sociales (notamment les femmes, les enfants et les groupes vuln\u00e9rables) qui sont confront\u00e9es \u00e0 des obstacles formels et informels dans l\u2019acc\u00e8s et le contr\u00f4le des ressources (la terre), aux services de l\u2019\u00c9tat et aux march\u00e9s.<\/p>\n<p>Par ailleurs, le rapport a indiqu\u00e9 que presque tous les aspects de la vie moderne sont menac\u00e9s par le r\u00e9chauffement climatique en cours \u00e0 travers la plan\u00e8te. Qu\u2019il s\u2019agisse de la p\u00eache, de l\u2019agriculture, de la sant\u00e9, de l\u2019acc\u00e8s \u00e0 l\u2019eau, de l\u2019habitat. Aucun secteur n\u2019est \u00e9pargn\u00e9 par les changements climatiques.<\/p>\n<p>Selon le rapport, l\u2019augmentation des temp\u00e9ratures entra\u00eene l\u2019acidification des oc\u00e9ans avec des effets n\u00e9fastes sur les volumes de p\u00eache qui seront r\u00e9duits de 1,5 millions de tonnes par an \u00e0 +1,5\u00b0C, \u00e0 plus de 3 millions de tonnes par an \u00e0 plus de 2\u00b0C. Les rendements des cultures de ma\u00efs, de bl\u00e9 ou de riz vont se r\u00e9duire, m\u00eame en Europe. +2\u00b0C, c\u2019est potentiellement deux fois plus de personnes sujettes \u00e0 des p\u00e9nuries d\u2019eau qu\u2019\u00e0 +1,5\u00b0C (avec cependant de grosses variabilit\u00e9s selon les r\u00e9gions).<\/p>\n<p>Enfin, le r\u00e9chauffement aura des impacts directs sur la sant\u00e9 humaine : une augmentation de la mortalit\u00e9 li\u00e9e aux vagues de chaleur ; une hausse des maladies port\u00e9es par les moustiques (telles que la malaria et la dengue) ; une augmentation des impacts indirects (famines, probl\u00e8mes d\u2019acc\u00e8s \u00e0 l\u2019eau, d\u00e9placements de population). La situation est d\u00e9j\u00e0 alarmante.<\/p>\n<p>Selon les experts, la plan\u00e8te a gagn\u00e9 1\u00b0C de moyenne par rapport \u00e0 1850 (p\u00e9riode pr\u00e9industrielle). Ce qui fait que l\u2019on observe d\u00e9j\u00e0 les cons\u00e9quences du r\u00e9chauffement climatique. La r\u00e9duction de la taille de la banquise arctique ou la fonte de nos glaciers dans les Alpes en sont des repr\u00e9sentations embl\u00e9matiques. Mais le r\u00e9chauffement climatique augmente \u00e9galement le risque d\u2019\u00e9v\u00e9nements extr\u00eames (vagues de chaleur ou de froid, s\u00e9cheresses, pluies torrentielles).<\/p>\n<div class='share-to-whatsapp-wrapper'><div class='share-on-whsp'>PARTAGER SUR : <\/div><a data-text='RAPPORT DU GIEC SUR LE CLIMAT - Des changements climatiques tr\u00e8s sensibles au S\u00e9n\u00e9gal' data-link='https:\/\/www.nettali.com\/2022\/03\/02\/rapport-du-giec-sur-le-climat-des-changements-climatiques-tres-sensibles-au-senegal\/' class='whatsapp-button whatsapp-share'>WhatsApp<\/a><div class='clear '><\/div><\/div>","protected":false},"excerpt":{"rendered":"<p>NETTALI.COM - Le Groupe d\u2019experts intergouvernemental sur l\u2019\u00e9volution du climat (GIEC) a rendu public son 6e rapport sur le climat depuis la Cop 21. Le rapport r\u00e9v\u00e8le qu\u2019au S\u00e9n\u00e9gal, le changement climatique est une menace d\u00e9j\u00e0 sensible. Le rapport sur l'\u00e9volution du climat publi\u00e9 par le Groupe d\u2019experts intergouvernemental r\u00e9v\u00e8le que le S\u00e9n\u00e9gal est menac\u00e9 [&hellip;]<\/p>\n","protected":false},"author":6,"featured_media":82223,"comment_status":"open","ping_status":"open","sticky":false,"template":"","format":"standard","meta":{"_et_pb_use_builder":"","_et_pb_old_content":""},"categories":[3],"tags":[],"yoast_head":"<!-- This site is optimized with the Yoast SEO Premium plugin v17.8 (Yoast SEO v17.8) - https:\/\/yoast.com\/wordpress\/plugins\/seo\/ -->\n<title>RAPPORT DU GIEC SUR LE CLIMAT - Des changements climatiques tr\u00e8s sensibles au S\u00e9n\u00e9gal | Nettali.com<\/title>\n<meta name=\"robots\" content=\"index, follow, max-snippet:-1, max-image-preview:large, max-video-preview:-1\" \/>\n<link rel=\"canonical\" href=\"https:\/\/www.nettali.com\/2022\/03\/02\/rapport-du-giec-sur-le-climat-des-changements-climatiques-tres-sensibles-au-senegal\/\" \/>\n<meta property=\"og:locale\" content=\"fr_FR\" \/>\n<meta property=\"og:type\" content=\"article\" \/>\n<meta property=\"og:title\" content=\"RAPPORT DU GIEC SUR LE CLIMAT - Des changements climatiques tr\u00e8s sensibles au S\u00e9n\u00e9gal\" \/>\n<meta property=\"og:description\" content=\"NETTALI.COM - Le Groupe d\u2019experts intergouvernemental sur l\u2019\u00e9volution du climat (GIEC) a rendu public son 6e rapport sur le climat depuis la Cop 21. Le rapport r\u00e9v\u00e8le qu\u2019au S\u00e9n\u00e9gal, le changement climatique est une menace d\u00e9j\u00e0 sensible. Le rapport sur l&#039;\u00e9volution du climat publi\u00e9 par le Groupe d\u2019experts intergouvernemental r\u00e9v\u00e8le que le S\u00e9n\u00e9gal est menac\u00e9 [&hellip;]\" \/>\n<meta property=\"og:url\" content=\"https:\/\/www.nettali.com\/2022\/03\/02\/rapport-du-giec-sur-le-climat-des-changements-climatiques-tres-sensibles-au-senegal\/\" \/>\n<meta property=\"og:site_name\" content=\"Nettali.com\" \/>\n<meta property=\"article:publisher\" content=\"https:\/\/www.facebook.com\/nettalicom\" \/>\n<meta property=\"article:published_time\" content=\"2022-03-02T10:27:35+00:00\" \/>\n<meta property=\"og:image\" content=\"https:\/\/www.nettali.com\/wp-content\/uploads\/2022\/03\/file-20200903-22-z3xyyn.jpg\" \/>\n\t<meta property=\"og:image:width\" content=\"1356\" \/>\n\t<meta property=\"og:image:height\" content=\"668\" \/>\n<meta name=\"twitter:card\" content=\"summary_large_image\" \/>\n<meta name=\"twitter:label1\" content=\"\u00c9crit par\" \/>\n\t<meta name=\"twitter:data1\" content=\"Fatou\" \/>\n\t<meta name=\"twitter:label2\" content=\"Dur\u00e9e de lecture estim\u00e9e\" \/>\n\t<meta name=\"twitter:data2\" content=\"3 minutes\" \/>\n<script type=\"application\/ld+json\" class=\"yoast-schema-graph\">{\"@context\":\"https:\/\/schema.org\",\"@graph\":[{\"@type\":\"WebSite\",\"@id\":\"https:\/\/www.nettali.com\/#website\",\"url\":\"https:\/\/www.nettali.com\/\",\"name\":\"Nettali.com\",\"description\":\"Le rendez-vous critique du Net\",\"potentialAction\":[{\"@type\":\"SearchAction\",\"target\":{\"@type\":\"EntryPoint\",\"urlTemplate\":\"https:\/\/www.nettali.com\/?s={search_term_string}\"},\"query-input\":\"required name=search_term_string\"}],\"inLanguage\":\"fr-FR\"},{\"@type\":\"ImageObject\",\"@id\":\"https:\/\/www.nettali.com\/2022\/03\/02\/rapport-du-giec-sur-le-climat-des-changements-climatiques-tres-sensibles-au-senegal\/#primaryimage\",\"inLanguage\":\"fr-FR\",\"url\":\"https:\/\/www.nettali.com\/wp-content\/uploads\/2022\/03\/file-20200903-22-z3xyyn.jpg\",\"contentUrl\":\"https:\/\/www.nettali.com\/wp-content\/uploads\/2022\/03\/file-20200903-22-z3xyyn.jpg\",\"width\":1356,\"height\":668},{\"@type\":\"WebPage\",\"@id\":\"https:\/\/www.nettali.com\/2022\/03\/02\/rapport-du-giec-sur-le-climat-des-changements-climatiques-tres-sensibles-au-senegal\/#webpage\",\"url\":\"https:\/\/www.nettali.com\/2022\/03\/02\/rapport-du-giec-sur-le-climat-des-changements-climatiques-tres-sensibles-au-senegal\/\",\"name\":\"RAPPORT DU GIEC SUR LE CLIMAT - Des changements climatiques tr\\u00e8s sensibles au S\\u00e9n\\u00e9gal | Nettali.com\",\"isPartOf\":{\"@id\":\"https:\/\/www.nettali.com\/#website\"},\"primaryImageOfPage\":{\"@id\":\"https:\/\/www.nettali.com\/2022\/03\/02\/rapport-du-giec-sur-le-climat-des-changements-climatiques-tres-sensibles-au-senegal\/#primaryimage\"},\"datePublished\":\"2022-03-02T10:27:35+00:00\",\"dateModified\":\"2022-03-02T10:27:35+00:00\",\"author\":{\"@id\":\"https:\/\/www.nettali.com\/#\/schema\/person\/418274a86bdf87caff7a3ef476bd0bbf\"},\"breadcrumb\":{\"@id\":\"https:\/\/www.nettali.com\/2022\/03\/02\/rapport-du-giec-sur-le-climat-des-changements-climatiques-tres-sensibles-au-senegal\/#breadcrumb\"},\"inLanguage\":\"fr-FR\",\"potentialAction\":[{\"@type\":\"ReadAction\",\"target\":[\"https:\/\/www.nettali.com\/2022\/03\/02\/rapport-du-giec-sur-le-climat-des-changements-climatiques-tres-sensibles-au-senegal\/\"]}]},{\"@type\":\"BreadcrumbList\",\"@id\":\"https:\/\/www.nettali.com\/2022\/03\/02\/rapport-du-giec-sur-le-climat-des-changements-climatiques-tres-sensibles-au-senegal\/#breadcrumb\",\"itemListElement\":[{\"@type\":\"ListItem\",\"position\":1,\"name\":\"Accueil\",\"item\":\"https:\/\/www.nettali.com\/\"},{\"@type\":\"ListItem\",\"position\":2,\"name\":\"RAPPORT DU GIEC SUR LE CLIMAT &#8211; Des changements climatiques tr\\u00e8s sensibles au S\\u00e9n\\u00e9gal\"}]},{\"@type\":\"Person\",\"@id\":\"https:\/\/www.nettali.com\/#\/schema\/person\/418274a86bdf87caff7a3ef476bd0bbf\",\"name\":\"Fatou\",\"image\":{\"@type\":\"ImageObject\",\"@id\":\"https:\/\/www.nettali.com\/#personlogo\",\"inLanguage\":\"fr-FR\",\"url\":\"https:\/\/secure.gravatar.com\/avatar\/5a9442a2bee7b4dcf167cab035858e9a?s=96&d=mm&r=g\",\"contentUrl\":\"https:\/\/secure.gravatar.com\/avatar\/5a9442a2bee7b4dcf167cab035858e9a?s=96&d=mm&r=g\",\"caption\":\"Fatou\"},\"sameAs\":[\"https:\/\/www.nettali.com\"]}]}<\/script>\n<!-- \/ Yoast SEO Premium plugin. -->","yoast_head_json":{"title":"RAPPORT DU GIEC SUR LE CLIMAT - Des changements climatiques tr\u00e8s sensibles au S\u00e9n\u00e9gal | Nettali.com","robots":{"index":"index","follow":"follow","max-snippet":"max-snippet:-1","max-image-preview":"max-image-preview:large","max-video-preview":"max-video-preview:-1"},"canonical":"https:\/\/www.nettali.com\/2022\/03\/02\/rapport-du-giec-sur-le-climat-des-changements-climatiques-tres-sensibles-au-senegal\/","og_locale":"fr_FR","og_type":"article","og_title":"RAPPORT DU GIEC SUR LE CLIMAT - Des changements climatiques tr\u00e8s sensibles au S\u00e9n\u00e9gal","og_description":"NETTALI.COM - Le Groupe d\u2019experts intergouvernemental sur l\u2019\u00e9volution du climat (GIEC) a rendu public son 6e rapport sur le climat depuis la Cop 21. Le rapport r\u00e9v\u00e8le qu\u2019au S\u00e9n\u00e9gal, le changement climatique est une menace d\u00e9j\u00e0 sensible. Le rapport sur l'\u00e9volution du climat publi\u00e9 par le Groupe d\u2019experts intergouvernemental r\u00e9v\u00e8le que le S\u00e9n\u00e9gal est menac\u00e9 [&hellip;]","og_url":"https:\/\/www.nettali.com\/2022\/03\/02\/rapport-du-giec-sur-le-climat-des-changements-climatiques-tres-sensibles-au-senegal\/","og_site_name":"Nettali.com","article_publisher":"https:\/\/www.facebook.com\/nettalicom","article_published_time":"2022-03-02T10:27:35+00:00","og_image":[{"width":1356,"height":668,"url":"https:\/\/www.nettali.com\/wp-content\/uploads\/2022\/03\/file-20200903-22-z3xyyn.jpg","type":"image\/jpeg"}],"twitter_card":"summary_large_image","twitter_misc":{"\u00c9crit par":"Fatou","Dur\u00e9e de lecture estim\u00e9e":"3 minutes"},"schema":{"@context":"https:\/\/schema.org","@graph":[{"@type":"WebSite","@id":"https:\/\/www.nettali.com\/#website","url":"https:\/\/www.nettali.com\/","name":"Nettali.com","description":"Le rendez-vous critique du Net","potentialAction":[{"@type":"SearchAction","target":{"@type":"EntryPoint","urlTemplate":"https:\/\/www.nettali.com\/?s={search_term_string}"},"query-input":"required name=search_term_string"}],"inLanguage":"fr-FR"},{"@type":"ImageObject","@id":"https:\/\/www.nettali.com\/2022\/03\/02\/rapport-du-giec-sur-le-climat-des-changements-climatiques-tres-sensibles-au-senegal\/#primaryimage","inLanguage":"fr-FR","url":"https:\/\/www.nettali.com\/wp-content\/uploads\/2022\/03\/file-20200903-22-z3xyyn.jpg","contentUrl":"https:\/\/www.nettali.com\/wp-content\/uploads\/2022\/03\/file-20200903-22-z3xyyn.jpg","width":1356,"height":668},{"@type":"WebPage","@id":"https:\/\/www.nettali.com\/2022\/03\/02\/rapport-du-giec-sur-le-climat-des-changements-climatiques-tres-sensibles-au-senegal\/#webpage","url":"https:\/\/www.nettali.com\/2022\/03\/02\/rapport-du-giec-sur-le-climat-des-changements-climatiques-tres-sensibles-au-senegal\/","name":"RAPPORT DU GIEC SUR LE CLIMAT - Des changements climatiques tr\u00e8s sensibles au S\u00e9n\u00e9gal | Nettali.com","isPartOf":{"@id":"https:\/\/www.nettali.com\/#website"},"primaryImageOfPage":{"@id":"https:\/\/www.nettali.com\/2022\/03\/02\/rapport-du-giec-sur-le-climat-des-changements-climatiques-tres-sensibles-au-senegal\/#primaryimage"},"datePublished":"2022-03-02T10:27:35+00:00","dateModified":"2022-03-02T10:27:35+00:00","author":{"@id":"https:\/\/www.nettali.com\/#\/schema\/person\/418274a86bdf87caff7a3ef476bd0bbf"},"breadcrumb":{"@id":"https:\/\/www.nettali.com\/2022\/03\/02\/rapport-du-giec-sur-le-climat-des-changements-climatiques-tres-sensibles-au-senegal\/#breadcrumb"},"inLanguage":"fr-FR","potentialAction":[{"@type":"ReadAction","target":["https:\/\/www.nettali.com\/2022\/03\/02\/rapport-du-giec-sur-le-climat-des-changements-climatiques-tres-sensibles-au-senegal\/"]}]},{"@type":"BreadcrumbList","@id":"https:\/\/www.nettali.com\/2022\/03\/02\/rapport-du-giec-sur-le-climat-des-changements-climatiques-tres-sensibles-au-senegal\/#breadcrumb","itemListElement":[{"@type":"ListItem","position":1,"name":"Accueil","item":"https:\/\/www.nettali.com\/"},{"@type":"ListItem","position":2,"name":"RAPPORT DU GIEC SUR LE CLIMAT &#8211; Des changements climatiques tr\u00e8s sensibles au S\u00e9n\u00e9gal"}]},{"@type":"Person","@id":"https:\/\/www.nettali.com\/#\/schema\/person\/418274a86bdf87caff7a3ef476bd0bbf","name":"Fatou","image":{"@type":"ImageObject","@id":"https:\/\/www.nettali.com\/#personlogo","inLanguage":"fr-FR","url":"https:\/\/secure.gravatar.com\/avatar\/5a9442a2bee7b4dcf167cab035858e9a?s=96&d=mm&r=g","contentUrl":"https:\/\/secure.gravatar.com\/avatar\/5a9442a2bee7b4dcf167cab035858e9a?s=96&d=mm&r=g","caption":"Fatou"},"sameAs":["https:\/\/www.nettali.com"]}]}},"_links":{"self":[{"href":"https:\/\/www.nettali.com\/rest\/wp\/v2\/posts\/82217"}],"collection":[{"href":"https:\/\/www.nettali.com\/rest\/wp\/v2\/posts"}],"about":[{"href":"https:\/\/www.nettali.com\/rest\/wp\/v2\/types\/post"}],"author":[{"embeddable":true,"href":"https:\/\/www.nettali.com\/rest\/wp\/v2\/users\/6"}],"replies":[{"embeddable":true,"href":"https:\/\/www.nettali.com\/rest\/wp\/v2\/comments?post=82217"}],"version-history":[{"count":3,"href":"https:\/\/www.nettali.com\/rest\/wp\/v2\/posts\/82217\/revisions"}],"predecessor-version":[{"id":82222,"href":"https:\/\/www.nettali.com\/rest\/wp\/v2\/posts\/82217\/revisions\/82222"}],"wp:featuredmedia":[{"embeddable":true,"href":"https:\/\/www.nettali.com\/rest\/wp\/v2\/media\/82223"}],"wp:attachment":[{"href":"https:\/\/www.nettali.com\/rest\/wp\/v2\/media?parent=82217"}],"wp:term":[{"taxonomy":"category","embeddable":true,"href":"https:\/\/www.nettali.com\/rest\/wp\/v2\/categories?post=82217"},{"taxonomy":"post_tag","embeddable":true,"href":"https:\/\/www.nettali.com\/rest\/wp\/v2\/tags?post=82217"}],"curies":[{"name":"wp","href":"https:\/\/api.w.org\/{rel}","templated":true}]}}