{"id":82042,"date":"2022-02-27T22:11:08","date_gmt":"2022-02-27T22:11:08","guid":{"rendered":"https:\/\/www.nettali.com\/?p=82042"},"modified":"2022-02-27T22:11:08","modified_gmt":"2022-02-27T22:11:08","slug":"montee-de-la-violence-et-depravation-des-moeurs-cheikh-mactar-kebe-plaide-pour-la-reconstruction-de-lecole-senegalaise","status":"publish","type":"post","link":"https:\/\/www.nettali.com\/2022\/02\/27\/montee-de-la-violence-et-depravation-des-moeurs-cheikh-mactar-kebe-plaide-pour-la-reconstruction-de-lecole-senegalaise\/","title":{"rendered":"MONT\u00c9E DE LA VIOLENCE ET D\u00c9PRAVATION DES M\u0152URS -Cheikh Mactar K\u00e9b\u00e9 plaide pour la reconstruction de l\u2019\u00e9cole s\u00e9n\u00e9galaise"},"content":{"rendered":"<p><strong>NETTALI.COM - Le pr\u00e9sident du Rassemblement islamique du S\u00e9n\u00e9gal propose la refondation de l\u2019\u00e9cole s\u00e9n\u00e9galaise pour lutter, entre autres contre la d\u00e9pravation des m\u0153urs et la mont\u00e9e en puissance de la violence. Un plaidoyer qu\u2019il a fait, ce samedi, lors de l\u2019inauguration du si\u00e8ge de leur association baptis\u00e9 au nom de Thierno Souleymane Baal.<\/strong><\/p>\n<p>\u00ab<em> Il faut reconstruire l\u2019\u00e9cole s\u00e9n\u00e9galaise avec un nouveau programme<\/em> \u00bb. Telle est la proposition du Pr\u00e9sident du Rassemblement islamique du S\u00e9n\u00e9gal (Ris), Cheikh Makhtar K\u00e9b\u00e9, s\u2019exprimant, ce samedi \u00e0 lors de la c\u00e9r\u00e9monie d\u2019inauguration du si\u00e8ge de l\u2019organisation qui porte d\u00e9sormais le nom de Thierno Souleymane Baal. \u00ab <em>La mont\u00e9e de la violence, la d\u00e9pravation des m\u0153urs, les multiples crises scolaires devraient nous pousser \u00e0 remettre en cause notre rapport avec l\u2019enseignement<\/em> \u00bb, a-t-il d\u2019embl\u00e9e soutenu avant d\u2019inviter les autorit\u00e9s \u00e9tatiques \u00e0 investir davantage sur l\u2019\u00e9ducation.<\/p>\n<p>Ayant pris part \u00e0 cet \u00e9v\u00e8nement, Serigne Habib Sy a partag\u00e9 l\u2019avis pr\u00e9sident du Ris. D\u2019ailleurs, il a, dans son intervention, demand\u00e9 \u00e0 ce que les enseignements des anciens \u00e9rudits soient int\u00e9gr\u00e9s dans les programmes scolaires pour renforcer davantage l\u2019\u00e9ducation morale et spirituelle des enfants. \u00ab<em> Il est temps que Thierno Souleymane Baal soit int\u00e9gr\u00e9 dans les programmes scolaires<\/em> \u00bb, a-t-il soutenu.<\/p>\n<p>Le Secr\u00e9taire g\u00e9n\u00e9ral de la Coordination du Ris, Mame Birame Diop a embouch\u00e9 la m\u00eame trompette. Selon lui, le discours de leur mouvement est un discours f\u00e9d\u00e9rateur. Lequel a pour fondement, l\u2019h\u00e9ritage islamique du S\u00e9n\u00e9gal bas\u00e9 sur des valeurs. \u00ab <em>Nous avons connu d\u2019illustres hommes mais, vers les ann\u00e9es 1700, il y avait des pr\u00e9curseurs comme Thierno Souleymane Baal. Il avait la vision d\u2019une soci\u00e9t\u00e9 avec un nivellement de niveau dont le seul m\u00e9rite \u00e9tait bas\u00e9 sur le savoir et le savoir-faire. Nous comptons sur cet h\u00e9ritage pour refonder notre soci\u00e9t\u00e9<\/em> \u00bb, dit-il. Avant d\u2019ajouter : \u00ab <em>dans cette refondation des valeurs islamiques, il fallait un si\u00e8ge o\u00f9 toutes les forces vont f\u00e9d\u00e9rer<\/em> \u00bb.<\/p>\n<p>En effet, il convient de rappeler que ce si\u00e8ge du Ris situ\u00e9 \u00e0 la Cit\u00e9 Bata \u00e0 Rufisque a \u00e9t\u00e9 construit sur fonds internes. Ce, en vue d\u2019institutionnaliser l\u2019association. Il sera, d\u2019apr\u00e8s M. Diop, un centre de recherches, de ralliement de toutes les causes islamiques dans la refondation des valeurs islamiques qui manquent au S\u00e9n\u00e9gal.<\/p>\n<p>Le b\u00e2timent dont la troisi\u00e8me phase de construction a \u00e9t\u00e9 lanc\u00e9e ce samedi dispose d'une biblioth\u00e8que, de salles de formation en attendant l'\u00e9rection d'une grande salle de conf\u00e9rences. Selon Mame Abdou Sine, secr\u00e9taire g\u00e9n\u00e9ral du Ris, l'\u00e9difice a \u00e9t\u00e9 financ\u00e9 sur fonds internes \u00e0 hauteur de 80 millions de francs CFA.<\/p>\n<p>La c\u00e9r\u00e9monie d'ouverture a \u00e9t\u00e9 lanc\u00e9e sous la pr\u00e9sence des autorit\u00e9s religieuses de Touba et Tivaouane mais aussi des autorit\u00e9s municipales de Rufisque et Barry.<\/p>\n<div class='share-to-whatsapp-wrapper'><div class='share-on-whsp'>PARTAGER SUR : <\/div><a data-text='MONT\u00c9E DE LA VIOLENCE ET D\u00c9PRAVATION DES M\u0152URS -Cheikh Mactar K\u00e9b\u00e9 plaide pour la reconstruction de l\u2019\u00e9cole s\u00e9n\u00e9galaise' data-link='https:\/\/www.nettali.com\/2022\/02\/27\/montee-de-la-violence-et-depravation-des-moeurs-cheikh-mactar-kebe-plaide-pour-la-reconstruction-de-lecole-senegalaise\/' class='whatsapp-button whatsapp-share'>WhatsApp<\/a><div class='clear '><\/div><\/div>","protected":false},"excerpt":{"rendered":"<p>NETTALI.COM - Le pr\u00e9sident du Rassemblement islamique du S\u00e9n\u00e9gal propose la refondation de l\u2019\u00e9cole s\u00e9n\u00e9galaise pour lutter, entre autres contre la d\u00e9pravation des m\u0153urs et la mont\u00e9e en puissance de la violence. Un plaidoyer qu\u2019il a fait, ce samedi, lors de l\u2019inauguration du si\u00e8ge de leur association baptis\u00e9 au nom de Thierno Souleymane Baal. \u00ab [&hellip;]<\/p>\n","protected":false},"author":6,"featured_media":82043,"comment_status":"open","ping_status":"open","sticky":false,"template":"","format":"standard","meta":{"_et_pb_use_builder":"","_et_pb_old_content":""},"categories":[3],"tags":[],"yoast_head":"<!-- This site is optimized with the Yoast SEO Premium plugin v17.8 (Yoast SEO v17.8) - https:\/\/yoast.com\/wordpress\/plugins\/seo\/ -->\n<title>MONT\u00c9E DE LA VIOLENCE ET D\u00c9PRAVATION DES M\u0152URS -Cheikh Mactar K\u00e9b\u00e9 plaide pour la reconstruction de l\u2019\u00e9cole s\u00e9n\u00e9galaise | Nettali.com<\/title>\n<meta name=\"robots\" content=\"index, follow, max-snippet:-1, max-image-preview:large, max-video-preview:-1\" \/>\n<link rel=\"canonical\" href=\"https:\/\/www.nettali.com\/2022\/02\/27\/montee-de-la-violence-et-depravation-des-moeurs-cheikh-mactar-kebe-plaide-pour-la-reconstruction-de-lecole-senegalaise\/\" \/>\n<meta property=\"og:locale\" content=\"fr_FR\" \/>\n<meta property=\"og:type\" content=\"article\" \/>\n<meta property=\"og:title\" content=\"MONT\u00c9E DE LA VIOLENCE ET D\u00c9PRAVATION DES M\u0152URS -Cheikh Mactar K\u00e9b\u00e9 plaide pour la reconstruction de l\u2019\u00e9cole s\u00e9n\u00e9galaise\" \/>\n<meta property=\"og:description\" content=\"NETTALI.COM - Le pr\u00e9sident du Rassemblement islamique du S\u00e9n\u00e9gal propose la refondation de l\u2019\u00e9cole s\u00e9n\u00e9galaise pour lutter, entre autres contre la d\u00e9pravation des m\u0153urs et la mont\u00e9e en puissance de la violence. Un plaidoyer qu\u2019il a fait, ce samedi, lors de l\u2019inauguration du si\u00e8ge de leur association baptis\u00e9 au nom de Thierno Souleymane Baal. \u00ab [&hellip;]\" \/>\n<meta property=\"og:url\" content=\"https:\/\/www.nettali.com\/2022\/02\/27\/montee-de-la-violence-et-depravation-des-moeurs-cheikh-mactar-kebe-plaide-pour-la-reconstruction-de-lecole-senegalaise\/\" \/>\n<meta property=\"og:site_name\" content=\"Nettali.com\" \/>\n<meta property=\"article:publisher\" content=\"https:\/\/www.facebook.com\/nettalicom\" \/>\n<meta property=\"article:published_time\" content=\"2022-02-27T22:11:08+00:00\" \/>\n<meta property=\"og:image\" content=\"https:\/\/www.nettali.com\/wp-content\/uploads\/2022\/02\/IMG-20220227-WA0094.jpg\" \/>\n\t<meta property=\"og:image:width\" content=\"1080\" \/>\n\t<meta property=\"og:image:height\" content=\"809\" \/>\n<meta name=\"twitter:card\" content=\"summary_large_image\" \/>\n<meta name=\"twitter:label1\" content=\"\u00c9crit par\" \/>\n\t<meta name=\"twitter:data1\" content=\"Fatou\" \/>\n\t<meta name=\"twitter:label2\" content=\"Dur\u00e9e de lecture estim\u00e9e\" \/>\n\t<meta name=\"twitter:data2\" content=\"3 minutes\" \/>\n<script type=\"application\/ld+json\" class=\"yoast-schema-graph\">{\"@context\":\"https:\/\/schema.org\",\"@graph\":[{\"@type\":\"WebSite\",\"@id\":\"https:\/\/www.nettali.com\/#website\",\"url\":\"https:\/\/www.nettali.com\/\",\"name\":\"Nettali.com\",\"description\":\"Le rendez-vous critique du Net\",\"potentialAction\":[{\"@type\":\"SearchAction\",\"target\":{\"@type\":\"EntryPoint\",\"urlTemplate\":\"https:\/\/www.nettali.com\/?s={search_term_string}\"},\"query-input\":\"required name=search_term_string\"}],\"inLanguage\":\"fr-FR\"},{\"@type\":\"ImageObject\",\"@id\":\"https:\/\/www.nettali.com\/2022\/02\/27\/montee-de-la-violence-et-depravation-des-moeurs-cheikh-mactar-kebe-plaide-pour-la-reconstruction-de-lecole-senegalaise\/#primaryimage\",\"inLanguage\":\"fr-FR\",\"url\":\"https:\/\/www.nettali.com\/wp-content\/uploads\/2022\/02\/IMG-20220227-WA0094.jpg\",\"contentUrl\":\"https:\/\/www.nettali.com\/wp-content\/uploads\/2022\/02\/IMG-20220227-WA0094.jpg\",\"width\":1080,\"height\":809},{\"@type\":\"WebPage\",\"@id\":\"https:\/\/www.nettali.com\/2022\/02\/27\/montee-de-la-violence-et-depravation-des-moeurs-cheikh-mactar-kebe-plaide-pour-la-reconstruction-de-lecole-senegalaise\/#webpage\",\"url\":\"https:\/\/www.nettali.com\/2022\/02\/27\/montee-de-la-violence-et-depravation-des-moeurs-cheikh-mactar-kebe-plaide-pour-la-reconstruction-de-lecole-senegalaise\/\",\"name\":\"MONT\\u00c9E DE LA VIOLENCE ET D\\u00c9PRAVATION DES M\\u0152URS -Cheikh Mactar K\\u00e9b\\u00e9 plaide pour la reconstruction de l\\u2019\\u00e9cole s\\u00e9n\\u00e9galaise | Nettali.com\",\"isPartOf\":{\"@id\":\"https:\/\/www.nettali.com\/#website\"},\"primaryImageOfPage\":{\"@id\":\"https:\/\/www.nettali.com\/2022\/02\/27\/montee-de-la-violence-et-depravation-des-moeurs-cheikh-mactar-kebe-plaide-pour-la-reconstruction-de-lecole-senegalaise\/#primaryimage\"},\"datePublished\":\"2022-02-27T22:11:08+00:00\",\"dateModified\":\"2022-02-27T22:11:08+00:00\",\"author\":{\"@id\":\"https:\/\/www.nettali.com\/#\/schema\/person\/418274a86bdf87caff7a3ef476bd0bbf\"},\"breadcrumb\":{\"@id\":\"https:\/\/www.nettali.com\/2022\/02\/27\/montee-de-la-violence-et-depravation-des-moeurs-cheikh-mactar-kebe-plaide-pour-la-reconstruction-de-lecole-senegalaise\/#breadcrumb\"},\"inLanguage\":\"fr-FR\",\"potentialAction\":[{\"@type\":\"ReadAction\",\"target\":[\"https:\/\/www.nettali.com\/2022\/02\/27\/montee-de-la-violence-et-depravation-des-moeurs-cheikh-mactar-kebe-plaide-pour-la-reconstruction-de-lecole-senegalaise\/\"]}]},{\"@type\":\"BreadcrumbList\",\"@id\":\"https:\/\/www.nettali.com\/2022\/02\/27\/montee-de-la-violence-et-depravation-des-moeurs-cheikh-mactar-kebe-plaide-pour-la-reconstruction-de-lecole-senegalaise\/#breadcrumb\",\"itemListElement\":[{\"@type\":\"ListItem\",\"position\":1,\"name\":\"Accueil\",\"item\":\"https:\/\/www.nettali.com\/\"},{\"@type\":\"ListItem\",\"position\":2,\"name\":\"MONT\\u00c9E DE LA VIOLENCE ET D\\u00c9PRAVATION DES M\\u0152URS -Cheikh Mactar K\\u00e9b\\u00e9 plaide pour la reconstruction de l\\u2019\\u00e9cole s\\u00e9n\\u00e9galaise\"}]},{\"@type\":\"Person\",\"@id\":\"https:\/\/www.nettali.com\/#\/schema\/person\/418274a86bdf87caff7a3ef476bd0bbf\",\"name\":\"Fatou\",\"image\":{\"@type\":\"ImageObject\",\"@id\":\"https:\/\/www.nettali.com\/#personlogo\",\"inLanguage\":\"fr-FR\",\"url\":\"https:\/\/secure.gravatar.com\/avatar\/5a9442a2bee7b4dcf167cab035858e9a?s=96&d=mm&r=g\",\"contentUrl\":\"https:\/\/secure.gravatar.com\/avatar\/5a9442a2bee7b4dcf167cab035858e9a?s=96&d=mm&r=g\",\"caption\":\"Fatou\"},\"sameAs\":[\"https:\/\/www.nettali.com\"]}]}<\/script>\n<!-- \/ Yoast SEO Premium plugin. -->","yoast_head_json":{"title":"MONT\u00c9E DE LA VIOLENCE ET D\u00c9PRAVATION DES M\u0152URS -Cheikh Mactar K\u00e9b\u00e9 plaide pour la reconstruction de l\u2019\u00e9cole s\u00e9n\u00e9galaise | Nettali.com","robots":{"index":"index","follow":"follow","max-snippet":"max-snippet:-1","max-image-preview":"max-image-preview:large","max-video-preview":"max-video-preview:-1"},"canonical":"https:\/\/www.nettali.com\/2022\/02\/27\/montee-de-la-violence-et-depravation-des-moeurs-cheikh-mactar-kebe-plaide-pour-la-reconstruction-de-lecole-senegalaise\/","og_locale":"fr_FR","og_type":"article","og_title":"MONT\u00c9E DE LA VIOLENCE ET D\u00c9PRAVATION DES M\u0152URS -Cheikh Mactar K\u00e9b\u00e9 plaide pour la reconstruction de l\u2019\u00e9cole s\u00e9n\u00e9galaise","og_description":"NETTALI.COM - Le pr\u00e9sident du Rassemblement islamique du S\u00e9n\u00e9gal propose la refondation de l\u2019\u00e9cole s\u00e9n\u00e9galaise pour lutter, entre autres contre la d\u00e9pravation des m\u0153urs et la mont\u00e9e en puissance de la violence. Un plaidoyer qu\u2019il a fait, ce samedi, lors de l\u2019inauguration du si\u00e8ge de leur association baptis\u00e9 au nom de Thierno Souleymane Baal. \u00ab [&hellip;]","og_url":"https:\/\/www.nettali.com\/2022\/02\/27\/montee-de-la-violence-et-depravation-des-moeurs-cheikh-mactar-kebe-plaide-pour-la-reconstruction-de-lecole-senegalaise\/","og_site_name":"Nettali.com","article_publisher":"https:\/\/www.facebook.com\/nettalicom","article_published_time":"2022-02-27T22:11:08+00:00","og_image":[{"width":1080,"height":809,"url":"https:\/\/www.nettali.com\/wp-content\/uploads\/2022\/02\/IMG-20220227-WA0094.jpg","type":"image\/jpeg"}],"twitter_card":"summary_large_image","twitter_misc":{"\u00c9crit par":"Fatou","Dur\u00e9e de lecture estim\u00e9e":"3 minutes"},"schema":{"@context":"https:\/\/schema.org","@graph":[{"@type":"WebSite","@id":"https:\/\/www.nettali.com\/#website","url":"https:\/\/www.nettali.com\/","name":"Nettali.com","description":"Le rendez-vous critique du Net","potentialAction":[{"@type":"SearchAction","target":{"@type":"EntryPoint","urlTemplate":"https:\/\/www.nettali.com\/?s={search_term_string}"},"query-input":"required name=search_term_string"}],"inLanguage":"fr-FR"},{"@type":"ImageObject","@id":"https:\/\/www.nettali.com\/2022\/02\/27\/montee-de-la-violence-et-depravation-des-moeurs-cheikh-mactar-kebe-plaide-pour-la-reconstruction-de-lecole-senegalaise\/#primaryimage","inLanguage":"fr-FR","url":"https:\/\/www.nettali.com\/wp-content\/uploads\/2022\/02\/IMG-20220227-WA0094.jpg","contentUrl":"https:\/\/www.nettali.com\/wp-content\/uploads\/2022\/02\/IMG-20220227-WA0094.jpg","width":1080,"height":809},{"@type":"WebPage","@id":"https:\/\/www.nettali.com\/2022\/02\/27\/montee-de-la-violence-et-depravation-des-moeurs-cheikh-mactar-kebe-plaide-pour-la-reconstruction-de-lecole-senegalaise\/#webpage","url":"https:\/\/www.nettali.com\/2022\/02\/27\/montee-de-la-violence-et-depravation-des-moeurs-cheikh-mactar-kebe-plaide-pour-la-reconstruction-de-lecole-senegalaise\/","name":"MONT\u00c9E DE LA VIOLENCE ET D\u00c9PRAVATION DES M\u0152URS -Cheikh Mactar K\u00e9b\u00e9 plaide pour la reconstruction de l\u2019\u00e9cole s\u00e9n\u00e9galaise | Nettali.com","isPartOf":{"@id":"https:\/\/www.nettali.com\/#website"},"primaryImageOfPage":{"@id":"https:\/\/www.nettali.com\/2022\/02\/27\/montee-de-la-violence-et-depravation-des-moeurs-cheikh-mactar-kebe-plaide-pour-la-reconstruction-de-lecole-senegalaise\/#primaryimage"},"datePublished":"2022-02-27T22:11:08+00:00","dateModified":"2022-02-27T22:11:08+00:00","author":{"@id":"https:\/\/www.nettali.com\/#\/schema\/person\/418274a86bdf87caff7a3ef476bd0bbf"},"breadcrumb":{"@id":"https:\/\/www.nettali.com\/2022\/02\/27\/montee-de-la-violence-et-depravation-des-moeurs-cheikh-mactar-kebe-plaide-pour-la-reconstruction-de-lecole-senegalaise\/#breadcrumb"},"inLanguage":"fr-FR","potentialAction":[{"@type":"ReadAction","target":["https:\/\/www.nettali.com\/2022\/02\/27\/montee-de-la-violence-et-depravation-des-moeurs-cheikh-mactar-kebe-plaide-pour-la-reconstruction-de-lecole-senegalaise\/"]}]},{"@type":"BreadcrumbList","@id":"https:\/\/www.nettali.com\/2022\/02\/27\/montee-de-la-violence-et-depravation-des-moeurs-cheikh-mactar-kebe-plaide-pour-la-reconstruction-de-lecole-senegalaise\/#breadcrumb","itemListElement":[{"@type":"ListItem","position":1,"name":"Accueil","item":"https:\/\/www.nettali.com\/"},{"@type":"ListItem","position":2,"name":"MONT\u00c9E DE LA VIOLENCE ET D\u00c9PRAVATION DES M\u0152URS -Cheikh Mactar K\u00e9b\u00e9 plaide pour la reconstruction de l\u2019\u00e9cole s\u00e9n\u00e9galaise"}]},{"@type":"Person","@id":"https:\/\/www.nettali.com\/#\/schema\/person\/418274a86bdf87caff7a3ef476bd0bbf","name":"Fatou","image":{"@type":"ImageObject","@id":"https:\/\/www.nettali.com\/#personlogo","inLanguage":"fr-FR","url":"https:\/\/secure.gravatar.com\/avatar\/5a9442a2bee7b4dcf167cab035858e9a?s=96&d=mm&r=g","contentUrl":"https:\/\/secure.gravatar.com\/avatar\/5a9442a2bee7b4dcf167cab035858e9a?s=96&d=mm&r=g","caption":"Fatou"},"sameAs":["https:\/\/www.nettali.com"]}]}},"_links":{"self":[{"href":"https:\/\/www.nettali.com\/rest\/wp\/v2\/posts\/82042"}],"collection":[{"href":"https:\/\/www.nettali.com\/rest\/wp\/v2\/posts"}],"about":[{"href":"https:\/\/www.nettali.com\/rest\/wp\/v2\/types\/post"}],"author":[{"embeddable":true,"href":"https:\/\/www.nettali.com\/rest\/wp\/v2\/users\/6"}],"replies":[{"embeddable":true,"href":"https:\/\/www.nettali.com\/rest\/wp\/v2\/comments?post=82042"}],"version-history":[{"count":5,"href":"https:\/\/www.nettali.com\/rest\/wp\/v2\/posts\/82042\/revisions"}],"predecessor-version":[{"id":82083,"href":"https:\/\/www.nettali.com\/rest\/wp\/v2\/posts\/82042\/revisions\/82083"}],"wp:featuredmedia":[{"embeddable":true,"href":"https:\/\/www.nettali.com\/rest\/wp\/v2\/media\/82043"}],"wp:attachment":[{"href":"https:\/\/www.nettali.com\/rest\/wp\/v2\/media?parent=82042"}],"wp:term":[{"taxonomy":"category","embeddable":true,"href":"https:\/\/www.nettali.com\/rest\/wp\/v2\/categories?post=82042"},{"taxonomy":"post_tag","embeddable":true,"href":"https:\/\/www.nettali.com\/rest\/wp\/v2\/tags?post=82042"}],"curies":[{"name":"wp","href":"https:\/\/api.w.org\/{rel}","templated":true}]}}