{"id":82005,"date":"2022-02-27T11:50:26","date_gmt":"2022-02-27T11:50:26","guid":{"rendered":"https:\/\/www.nettali.com\/?p=82005"},"modified":"2022-02-27T11:50:26","modified_gmt":"2022-02-27T11:50:26","slug":"aliou-sall-lance-un-mouvement-politique-en-renfort-a-son-frere-president","status":"publish","type":"post","link":"https:\/\/www.nettali.com\/2022\/02\/27\/aliou-sall-lance-un-mouvement-politique-en-renfort-a-son-frere-president\/","title":{"rendered":"Aliou Sall lance un mouvement politique, en \u00abRENFORT\u00bb \u00e0 son fr\u00e8re Pr\u00e9sident"},"content":{"rendered":"<p><strong>NETTALI.COM - Apr\u00e8s avoir c\u00e9d\u00e9 son fauteuil de maire de Gu\u00e9diawaye \u00e0 Ameth A\u00efdara, le fr\u00e8re du Pr\u00e9sident de la R\u00e9publique, Aliou Sall, a port\u00e9 sur les fonts baptismaux un mouvement politique d\u00e9nomm\u00e9 \u00abrencontre nationale des forces r\u00e9publicaines pour le travail (RENFORT) \/ Dol\u00e8le Rewmi\u00bb. L\u2019objectif est d\u2019accompagner les actions du chef de l\u2019Etat.<\/strong><\/p>\n<p>Un nouveau mouvement politique d\u00e9nomm\u00e9 \u00abRencontre nationale des forces r\u00e9publicaines pour le travail (RENFORT) \/ Dol\u00e8le Rewmi\u00bb a \u00e9t\u00e9 lanc\u00e9 \u00e0 Kolda ce samedi 26 f\u00e9vrier 2022. L\u2019ancien maire de Gu\u00e9diawaye, Aliou Sall, a \u00e9t\u00e9 choisi comme coordonnateur national.<\/p>\n<p>Selon la charg\u00e9e de communication de ce mouvement politique, Aminata Ly, cette nouvelle structure compte accompagner les actions et les efforts du gouvernement dans la construction du pays.<br \/>\n<em>\u00abNous accompagnons le gouvernement en raison des r\u00e9sultats honorables obtenus par notre pays sur le plan \u00e9conomique, malgr\u00e9 les effets n\u00e9fastes de la situation sanitaire li\u00e9e \u00e0 la pand\u00e9mie de la covid-19. Mais, aussi nous avons not\u00e9 la maitrise de l\u2019inflation et la mobilisation de moyens propres et ext\u00e9rieurs facilit\u00e9e par une politique de civisme fiscal et une cr\u00e9dibilit\u00e9 de la signature du S\u00e9n\u00e9gal vis \u00e0 vis des partenaires au d\u00e9veloppement... \u00bb<\/em>, a d\u00e9clar\u00e9 Mme Ly.<\/p>\n<p>Ce soutien \u00e0 l\u2019action du chef de l\u2019Etat, se justifie, ajoute-t-il, par <em>\u00abla baisse des prix des denr\u00e9es de premi\u00e8re n\u00e9cessit\u00e9 pour soulager les populations. Mais \u00e9galement, il y a le leadership de la diplomatie s\u00e9n\u00e9galaise avec la nomination de Macky Sall \u00e0 la t\u00eate de l\u2019union africaine. \u00bb.\u00a0<\/em><br \/>\n<em>\u00abMacky Sall a aussi pr\u00e9serv\u00e9 notre pays de la menace terroriste et a baiss\u00e9 l\u2019intensit\u00e9 du conflit au sud pour un d\u00e9veloppement endog\u00e8ne, sans compter les r\u00e9alisations du PUMA et du PUDC qui ont convaincu plus d\u2019un...\u00a0\u00bb<\/em>, ajoute-t-il.<\/p>\n<p>&nbsp;<\/p>\n<p>&nbsp;<\/p>\n<div class='share-to-whatsapp-wrapper'><div class='share-on-whsp'>PARTAGER SUR : <\/div><a data-text='Aliou Sall lance un mouvement politique, en \u00abRENFORT\u00bb \u00e0 son fr\u00e8re Pr\u00e9sident' data-link='https:\/\/www.nettali.com\/2022\/02\/27\/aliou-sall-lance-un-mouvement-politique-en-renfort-a-son-frere-president\/' class='whatsapp-button whatsapp-share'>WhatsApp<\/a><div class='clear '><\/div><\/div>","protected":false},"excerpt":{"rendered":"<p>NETTALI.COM - Apr\u00e8s avoir c\u00e9d\u00e9 son fauteuil de maire de Gu\u00e9diawaye \u00e0 Ameth A\u00efdara, le fr\u00e8re du Pr\u00e9sident de la R\u00e9publique, Aliou Sall, a port\u00e9 sur les fonts baptismaux un mouvement politique d\u00e9nomm\u00e9 \u00abrencontre nationale des forces r\u00e9publicaines pour le travail (RENFORT) \/ Dol\u00e8le Rewmi\u00bb. L\u2019objectif est d\u2019accompagner les actions du chef de l\u2019Etat. Un [&hellip;]<\/p>\n","protected":false},"author":4,"featured_media":45117,"comment_status":"open","ping_status":"open","sticky":false,"template":"","format":"standard","meta":{"_et_pb_use_builder":"","_et_pb_old_content":""},"categories":[2],"tags":[],"yoast_head":"<!-- This site is optimized with the Yoast SEO Premium plugin v17.8 (Yoast SEO v17.8) - https:\/\/yoast.com\/wordpress\/plugins\/seo\/ -->\n<title>Aliou Sall lance un mouvement politique, en \u00abRENFORT\u00bb \u00e0 son fr\u00e8re Pr\u00e9sident | Nettali.com<\/title>\n<meta name=\"robots\" content=\"index, follow, max-snippet:-1, max-image-preview:large, max-video-preview:-1\" \/>\n<link rel=\"canonical\" href=\"https:\/\/www.nettali.com\/2022\/02\/27\/aliou-sall-lance-un-mouvement-politique-en-renfort-a-son-frere-president\/\" \/>\n<meta property=\"og:locale\" content=\"fr_FR\" \/>\n<meta property=\"og:type\" content=\"article\" \/>\n<meta property=\"og:title\" content=\"Aliou Sall lance un mouvement politique, en \u00abRENFORT\u00bb \u00e0 son fr\u00e8re Pr\u00e9sident\" \/>\n<meta property=\"og:description\" content=\"NETTALI.COM - Apr\u00e8s avoir c\u00e9d\u00e9 son fauteuil de maire de Gu\u00e9diawaye \u00e0 Ameth A\u00efdara, le fr\u00e8re du Pr\u00e9sident de la R\u00e9publique, Aliou Sall, a port\u00e9 sur les fonts baptismaux un mouvement politique d\u00e9nomm\u00e9 \u00abrencontre nationale des forces r\u00e9publicaines pour le travail (RENFORT) \/ Dol\u00e8le Rewmi\u00bb. L\u2019objectif est d\u2019accompagner les actions du chef de l\u2019Etat. Un [&hellip;]\" \/>\n<meta property=\"og:url\" content=\"https:\/\/www.nettali.com\/2022\/02\/27\/aliou-sall-lance-un-mouvement-politique-en-renfort-a-son-frere-president\/\" \/>\n<meta property=\"og:site_name\" content=\"Nettali.com\" \/>\n<meta property=\"article:publisher\" content=\"https:\/\/www.facebook.com\/nettalicom\" \/>\n<meta property=\"article:published_time\" content=\"2022-02-27T11:50:26+00:00\" \/>\n<meta property=\"og:image\" content=\"https:\/\/www.nettali.com\/wp-content\/uploads\/2020\/09\/1-aliou-sall.jpg\" \/>\n\t<meta property=\"og:image:width\" content=\"600\" \/>\n\t<meta property=\"og:image:height\" content=\"400\" \/>\n<meta name=\"twitter:card\" content=\"summary_large_image\" \/>\n<meta name=\"twitter:label1\" content=\"\u00c9crit par\" \/>\n\t<meta name=\"twitter:data1\" content=\"Daouda\" \/>\n\t<meta name=\"twitter:label2\" content=\"Dur\u00e9e de lecture estim\u00e9e\" \/>\n\t<meta name=\"twitter:data2\" content=\"2 minutes\" \/>\n<script type=\"application\/ld+json\" class=\"yoast-schema-graph\">{\"@context\":\"https:\/\/schema.org\",\"@graph\":[{\"@type\":\"WebSite\",\"@id\":\"https:\/\/www.nettali.com\/#website\",\"url\":\"https:\/\/www.nettali.com\/\",\"name\":\"Nettali.com\",\"description\":\"Le rendez-vous critique du Net\",\"potentialAction\":[{\"@type\":\"SearchAction\",\"target\":{\"@type\":\"EntryPoint\",\"urlTemplate\":\"https:\/\/www.nettali.com\/?s={search_term_string}\"},\"query-input\":\"required name=search_term_string\"}],\"inLanguage\":\"fr-FR\"},{\"@type\":\"ImageObject\",\"@id\":\"https:\/\/www.nettali.com\/2022\/02\/27\/aliou-sall-lance-un-mouvement-politique-en-renfort-a-son-frere-president\/#primaryimage\",\"inLanguage\":\"fr-FR\",\"url\":\"https:\/\/www.nettali.com\/wp-content\/uploads\/2020\/09\/1-aliou-sall.jpg\",\"contentUrl\":\"https:\/\/www.nettali.com\/wp-content\/uploads\/2020\/09\/1-aliou-sall.jpg\",\"width\":600,\"height\":400},{\"@type\":\"WebPage\",\"@id\":\"https:\/\/www.nettali.com\/2022\/02\/27\/aliou-sall-lance-un-mouvement-politique-en-renfort-a-son-frere-president\/#webpage\",\"url\":\"https:\/\/www.nettali.com\/2022\/02\/27\/aliou-sall-lance-un-mouvement-politique-en-renfort-a-son-frere-president\/\",\"name\":\"Aliou Sall lance un mouvement politique, en \\u00abRENFORT\\u00bb \\u00e0 son fr\\u00e8re Pr\\u00e9sident | Nettali.com\",\"isPartOf\":{\"@id\":\"https:\/\/www.nettali.com\/#website\"},\"primaryImageOfPage\":{\"@id\":\"https:\/\/www.nettali.com\/2022\/02\/27\/aliou-sall-lance-un-mouvement-politique-en-renfort-a-son-frere-president\/#primaryimage\"},\"datePublished\":\"2022-02-27T11:50:26+00:00\",\"dateModified\":\"2022-02-27T11:50:26+00:00\",\"author\":{\"@id\":\"https:\/\/www.nettali.com\/#\/schema\/person\/3317e0bb3aa1da309fbf7b2780901bf4\"},\"breadcrumb\":{\"@id\":\"https:\/\/www.nettali.com\/2022\/02\/27\/aliou-sall-lance-un-mouvement-politique-en-renfort-a-son-frere-president\/#breadcrumb\"},\"inLanguage\":\"fr-FR\",\"potentialAction\":[{\"@type\":\"ReadAction\",\"target\":[\"https:\/\/www.nettali.com\/2022\/02\/27\/aliou-sall-lance-un-mouvement-politique-en-renfort-a-son-frere-president\/\"]}]},{\"@type\":\"BreadcrumbList\",\"@id\":\"https:\/\/www.nettali.com\/2022\/02\/27\/aliou-sall-lance-un-mouvement-politique-en-renfort-a-son-frere-president\/#breadcrumb\",\"itemListElement\":[{\"@type\":\"ListItem\",\"position\":1,\"name\":\"Accueil\",\"item\":\"https:\/\/www.nettali.com\/\"},{\"@type\":\"ListItem\",\"position\":2,\"name\":\"Aliou Sall lance un mouvement politique, en \\u00abRENFORT\\u00bb \\u00e0 son fr\\u00e8re Pr\\u00e9sident\"}]},{\"@type\":\"Person\",\"@id\":\"https:\/\/www.nettali.com\/#\/schema\/person\/3317e0bb3aa1da309fbf7b2780901bf4\",\"name\":\"Daouda\",\"image\":{\"@type\":\"ImageObject\",\"@id\":\"https:\/\/www.nettali.com\/#personlogo\",\"inLanguage\":\"fr-FR\",\"url\":\"https:\/\/secure.gravatar.com\/avatar\/8d143b5a49345098ddcfee1c49c2f47c?s=96&d=mm&r=g\",\"contentUrl\":\"https:\/\/secure.gravatar.com\/avatar\/8d143b5a49345098ddcfee1c49c2f47c?s=96&d=mm&r=g\",\"caption\":\"Daouda\"},\"sameAs\":[\"https:\/\/www.nettali.com\"]}]}<\/script>\n<!-- \/ Yoast SEO Premium plugin. -->","yoast_head_json":{"title":"Aliou Sall lance un mouvement politique, en \u00abRENFORT\u00bb \u00e0 son fr\u00e8re Pr\u00e9sident | Nettali.com","robots":{"index":"index","follow":"follow","max-snippet":"max-snippet:-1","max-image-preview":"max-image-preview:large","max-video-preview":"max-video-preview:-1"},"canonical":"https:\/\/www.nettali.com\/2022\/02\/27\/aliou-sall-lance-un-mouvement-politique-en-renfort-a-son-frere-president\/","og_locale":"fr_FR","og_type":"article","og_title":"Aliou Sall lance un mouvement politique, en \u00abRENFORT\u00bb \u00e0 son fr\u00e8re Pr\u00e9sident","og_description":"NETTALI.COM - Apr\u00e8s avoir c\u00e9d\u00e9 son fauteuil de maire de Gu\u00e9diawaye \u00e0 Ameth A\u00efdara, le fr\u00e8re du Pr\u00e9sident de la R\u00e9publique, Aliou Sall, a port\u00e9 sur les fonts baptismaux un mouvement politique d\u00e9nomm\u00e9 \u00abrencontre nationale des forces r\u00e9publicaines pour le travail (RENFORT) \/ Dol\u00e8le Rewmi\u00bb. L\u2019objectif est d\u2019accompagner les actions du chef de l\u2019Etat. Un [&hellip;]","og_url":"https:\/\/www.nettali.com\/2022\/02\/27\/aliou-sall-lance-un-mouvement-politique-en-renfort-a-son-frere-president\/","og_site_name":"Nettali.com","article_publisher":"https:\/\/www.facebook.com\/nettalicom","article_published_time":"2022-02-27T11:50:26+00:00","og_image":[{"width":600,"height":400,"url":"https:\/\/www.nettali.com\/wp-content\/uploads\/2020\/09\/1-aliou-sall.jpg","type":"image\/jpeg"}],"twitter_card":"summary_large_image","twitter_misc":{"\u00c9crit par":"Daouda","Dur\u00e9e de lecture estim\u00e9e":"2 minutes"},"schema":{"@context":"https:\/\/schema.org","@graph":[{"@type":"WebSite","@id":"https:\/\/www.nettali.com\/#website","url":"https:\/\/www.nettali.com\/","name":"Nettali.com","description":"Le rendez-vous critique du Net","potentialAction":[{"@type":"SearchAction","target":{"@type":"EntryPoint","urlTemplate":"https:\/\/www.nettali.com\/?s={search_term_string}"},"query-input":"required name=search_term_string"}],"inLanguage":"fr-FR"},{"@type":"ImageObject","@id":"https:\/\/www.nettali.com\/2022\/02\/27\/aliou-sall-lance-un-mouvement-politique-en-renfort-a-son-frere-president\/#primaryimage","inLanguage":"fr-FR","url":"https:\/\/www.nettali.com\/wp-content\/uploads\/2020\/09\/1-aliou-sall.jpg","contentUrl":"https:\/\/www.nettali.com\/wp-content\/uploads\/2020\/09\/1-aliou-sall.jpg","width":600,"height":400},{"@type":"WebPage","@id":"https:\/\/www.nettali.com\/2022\/02\/27\/aliou-sall-lance-un-mouvement-politique-en-renfort-a-son-frere-president\/#webpage","url":"https:\/\/www.nettali.com\/2022\/02\/27\/aliou-sall-lance-un-mouvement-politique-en-renfort-a-son-frere-president\/","name":"Aliou Sall lance un mouvement politique, en \u00abRENFORT\u00bb \u00e0 son fr\u00e8re Pr\u00e9sident | Nettali.com","isPartOf":{"@id":"https:\/\/www.nettali.com\/#website"},"primaryImageOfPage":{"@id":"https:\/\/www.nettali.com\/2022\/02\/27\/aliou-sall-lance-un-mouvement-politique-en-renfort-a-son-frere-president\/#primaryimage"},"datePublished":"2022-02-27T11:50:26+00:00","dateModified":"2022-02-27T11:50:26+00:00","author":{"@id":"https:\/\/www.nettali.com\/#\/schema\/person\/3317e0bb3aa1da309fbf7b2780901bf4"},"breadcrumb":{"@id":"https:\/\/www.nettali.com\/2022\/02\/27\/aliou-sall-lance-un-mouvement-politique-en-renfort-a-son-frere-president\/#breadcrumb"},"inLanguage":"fr-FR","potentialAction":[{"@type":"ReadAction","target":["https:\/\/www.nettali.com\/2022\/02\/27\/aliou-sall-lance-un-mouvement-politique-en-renfort-a-son-frere-president\/"]}]},{"@type":"BreadcrumbList","@id":"https:\/\/www.nettali.com\/2022\/02\/27\/aliou-sall-lance-un-mouvement-politique-en-renfort-a-son-frere-president\/#breadcrumb","itemListElement":[{"@type":"ListItem","position":1,"name":"Accueil","item":"https:\/\/www.nettali.com\/"},{"@type":"ListItem","position":2,"name":"Aliou Sall lance un mouvement politique, en \u00abRENFORT\u00bb \u00e0 son fr\u00e8re Pr\u00e9sident"}]},{"@type":"Person","@id":"https:\/\/www.nettali.com\/#\/schema\/person\/3317e0bb3aa1da309fbf7b2780901bf4","name":"Daouda","image":{"@type":"ImageObject","@id":"https:\/\/www.nettali.com\/#personlogo","inLanguage":"fr-FR","url":"https:\/\/secure.gravatar.com\/avatar\/8d143b5a49345098ddcfee1c49c2f47c?s=96&d=mm&r=g","contentUrl":"https:\/\/secure.gravatar.com\/avatar\/8d143b5a49345098ddcfee1c49c2f47c?s=96&d=mm&r=g","caption":"Daouda"},"sameAs":["https:\/\/www.nettali.com"]}]}},"_links":{"self":[{"href":"https:\/\/www.nettali.com\/rest\/wp\/v2\/posts\/82005"}],"collection":[{"href":"https:\/\/www.nettali.com\/rest\/wp\/v2\/posts"}],"about":[{"href":"https:\/\/www.nettali.com\/rest\/wp\/v2\/types\/post"}],"author":[{"embeddable":true,"href":"https:\/\/www.nettali.com\/rest\/wp\/v2\/users\/4"}],"replies":[{"embeddable":true,"href":"https:\/\/www.nettali.com\/rest\/wp\/v2\/comments?post=82005"}],"version-history":[{"count":1,"href":"https:\/\/www.nettali.com\/rest\/wp\/v2\/posts\/82005\/revisions"}],"predecessor-version":[{"id":82006,"href":"https:\/\/www.nettali.com\/rest\/wp\/v2\/posts\/82005\/revisions\/82006"}],"wp:featuredmedia":[{"embeddable":true,"href":"https:\/\/www.nettali.com\/rest\/wp\/v2\/media\/45117"}],"wp:attachment":[{"href":"https:\/\/www.nettali.com\/rest\/wp\/v2\/media?parent=82005"}],"wp:term":[{"taxonomy":"category","embeddable":true,"href":"https:\/\/www.nettali.com\/rest\/wp\/v2\/categories?post=82005"},{"taxonomy":"post_tag","embeddable":true,"href":"https:\/\/www.nettali.com\/rest\/wp\/v2\/tags?post=82005"}],"curies":[{"name":"wp","href":"https:\/\/api.w.org\/{rel}","templated":true}]}}