{"id":81975,"date":"2022-02-26T18:27:03","date_gmt":"2022-02-26T18:27:03","guid":{"rendered":"https:\/\/www.nettali.com\/?p=81975"},"modified":"2022-02-26T18:27:03","modified_gmt":"2022-02-26T18:27:03","slug":"levee-du-corps-del-hadji-malick-sy-souris-lhommage-de-la-nation","status":"publish","type":"post","link":"https:\/\/www.nettali.com\/2022\/02\/26\/levee-du-corps-del-hadji-malick-sy-souris-lhommage-de-la-nation\/","title":{"rendered":"Lev\u00e9e du corps d'El Hadji Malick Sy \"Souris\" : L'hommage de la Nation"},"content":{"rendered":"<p><strong>NETTALI.COM - Le ministre des Sports, Matar B\u00e2, a rendu \u2018un vibrant hommage \u00e0 l\u2019ancien pr\u00e9sident de la F\u00e9d\u00e9ration s\u00e9n\u00e9galaise de football (FSF), El Hadj Malick Sy dit \u2018\u2019Souris\u2019\u2019, d\u00e9c\u00e9d\u00e9 vendredi \u00e0 Dakar. Il s'est exprim\u00e9 \u00e0 l'occasion de la lev\u00e9e du corps du d\u00e9funt.<\/strong><\/p>\n<p>S\u2019exprimant \u00e0 l\u2019occasion de la c\u00e9r\u00e9monie de lev\u00e9e de son corps, il a salu\u00e9 \"les efforts et l\u2019engagement\u2019\u2019 d\u2019un dirigeant qui \u2018\u2019a contribu\u00e9 \u00e0 poser les fondamentaux du sport s\u00e9n\u00e9galais, en particulier le football\u2019\u2019. <em>\u2018\u2019Avec la disparition du pr\u00e9sident El Hadj Malick Sy, le S\u00e9n\u00e9gal perd un dirigeant sportif d\u2019exception doubl\u00e9 d\u2019un grand fonctionnaire, serviteur inlassable, et d\u2019un pionnier\u2019\u2019<\/em>, a-t-il d\u00e9clar\u00e9.<\/p>\n<p>A la zawiya El Hadj-Malick-Sy o\u00f9 se tenait la c\u00e9r\u00e9monie, Matar B\u00e2 s\u2019est inclin\u00e9 \u2018\u2019devant la m\u00e9moire du d\u00e9funt\u2019\u2019, en pr\u00e9sence du pr\u00e9sident de la F\u00e9d\u00e9ration s\u00e9n\u00e9galaise de football (FSF), Me Augustin Senghor.<br \/>\nIl a salu\u00e9 \u2018<em>\u2019ses efforts et son engagement\u2019<\/em>\u2019, ajoutant qu\u2019il <em>\"a marqu\u00e9 son \u00e9poque en contribuant \u00e0 poser les fondamentaux du sport s\u00e9n\u00e9galais, en particulier du football\u2019\u2019. \u2018\u2019On doit apprendre de lui le sens du devoir accompli et de la responsabilit\u00e9 en \u00e9tant au service du peuple, tout en faisant et parlant du bien\u2019\u2019<\/em>, a-t-il ajout\u00e9.<\/p>\n<p><em>\"Au nom du chef de l\u2019Etat, Macky Sall, du pr\u00e9sident de la F\u00e9d\u00e9ration s\u00e9n\u00e9galaise de football (FSF), Augustin Senghor, et du pr\u00e9sident de la Jeanne d\u2019Arc de Dakar\u2019\u2019,<\/em> il a pr\u00e9sent\u00e9 ses condol\u00e9ances \u00e0 la famille \u00e9plor\u00e9e et \u00e0 tous les sportifs s\u00e9n\u00e9galais, notamment la famille du football. <em>\u2018\u2019Nous implorons le Tout-Puissant, pour qu\u2019il lui accorde sa mis\u00e9ricorde et que le paradis soit sa derni\u00e8re demeure\u2019\u2019<\/em>, a-t-il termin\u00e9.<\/p>\n<p>A sa suite, le Grand Serigne de Dakar, Abdoulaye Makhtar Diop, d\u00e9clare que <em>\u2018\u2019Dakar a perdu un de ses dignes fils dont aucune concession n\u2019ignore les bienfaits et la g\u00e9n\u00e9rosit\u00e9\u2019\u2019. \u2018\u2019Nous avons perdu un grand homme et un grand dirigeant sportif, tr\u00e8s gentil, affectueux et pieux, qui s\u2019est toujours distingu\u00e9 par sa loyaut\u00e9, sa sociabilit\u00e9 et son humanisme\u2019\u2019, a-t-il ajout\u00e9.\u2018\u2019Que Dieu, par sa mis\u00e9ricorde, l\u2019accueille au paradis et veille sur toute sa famille\u2019\u2019<\/em>, a-t-il conclu.<\/p>\n<p>Vainqueur en tant que footballeur du tournoi de football des Jeux de l\u2019Amiti\u00e9 en 1963, El Hadj Malick Sy a dirig\u00e9 \u00e0 plusieurs reprises l\u2019instance dirigeante du football national. Sous sa direction, le S\u00e9n\u00e9gal a atteint la finale de la CAN et le quart de finale de la Coupe du monde en 2002.Ancien ministre de la R\u00e9publique, l\u2019Inspecteur principal des imp\u00f4ts et domaines de classe exceptionnelle, a dirig\u00e9 pendant plusieurs ann\u00e9es le service des Postes et des T\u00e9l\u00e9communications.<\/p>\n<div class='share-to-whatsapp-wrapper'><div class='share-on-whsp'>PARTAGER SUR : <\/div><a data-text='Lev\u00e9e du corps d'El Hadji Malick Sy \"Souris\" : L'hommage de la Nation' data-link='https:\/\/www.nettali.com\/2022\/02\/26\/levee-du-corps-del-hadji-malick-sy-souris-lhommage-de-la-nation\/' class='whatsapp-button whatsapp-share'>WhatsApp<\/a><div class='clear '><\/div><\/div>","protected":false},"excerpt":{"rendered":"<p>NETTALI.COM - Le ministre des Sports, Matar B\u00e2, a rendu \u2018un vibrant hommage \u00e0 l\u2019ancien pr\u00e9sident de la F\u00e9d\u00e9ration s\u00e9n\u00e9galaise de football (FSF), El Hadj Malick Sy dit \u2018\u2019Souris\u2019\u2019, d\u00e9c\u00e9d\u00e9 vendredi \u00e0 Dakar. Il s'est exprim\u00e9 \u00e0 l'occasion de la lev\u00e9e du corps du d\u00e9funt. S\u2019exprimant \u00e0 l\u2019occasion de la c\u00e9r\u00e9monie de lev\u00e9e de son [&hellip;]<\/p>\n","protected":false},"author":4,"featured_media":81976,"comment_status":"open","ping_status":"open","sticky":false,"template":"","format":"standard","meta":{"_et_pb_use_builder":"","_et_pb_old_content":""},"categories":[3],"tags":[],"yoast_head":"<!-- This site is optimized with the Yoast SEO Premium plugin v17.8 (Yoast SEO v17.8) - https:\/\/yoast.com\/wordpress\/plugins\/seo\/ -->\n<title>Lev\u00e9e du corps d&#039;El Hadji Malick Sy &quot;Souris&quot; : L&#039;hommage de la Nation | Nettali.com<\/title>\n<meta name=\"robots\" content=\"index, follow, max-snippet:-1, max-image-preview:large, max-video-preview:-1\" \/>\n<link rel=\"canonical\" href=\"https:\/\/www.nettali.com\/2022\/02\/26\/levee-du-corps-del-hadji-malick-sy-souris-lhommage-de-la-nation\/\" \/>\n<meta property=\"og:locale\" content=\"fr_FR\" \/>\n<meta property=\"og:type\" content=\"article\" \/>\n<meta property=\"og:title\" content=\"Lev\u00e9e du corps d&#039;El Hadji Malick Sy &quot;Souris&quot; : L&#039;hommage de la Nation\" \/>\n<meta property=\"og:description\" content=\"NETTALI.COM - Le ministre des Sports, Matar B\u00e2, a rendu \u2018un vibrant hommage \u00e0 l\u2019ancien pr\u00e9sident de la F\u00e9d\u00e9ration s\u00e9n\u00e9galaise de football (FSF), El Hadj Malick Sy dit \u2018\u2019Souris\u2019\u2019, d\u00e9c\u00e9d\u00e9 vendredi \u00e0 Dakar. Il s&#039;est exprim\u00e9 \u00e0 l&#039;occasion de la lev\u00e9e du corps du d\u00e9funt. S\u2019exprimant \u00e0 l\u2019occasion de la c\u00e9r\u00e9monie de lev\u00e9e de son [&hellip;]\" \/>\n<meta property=\"og:url\" content=\"https:\/\/www.nettali.com\/2022\/02\/26\/levee-du-corps-del-hadji-malick-sy-souris-lhommage-de-la-nation\/\" \/>\n<meta property=\"og:site_name\" content=\"Nettali.com\" \/>\n<meta property=\"article:publisher\" content=\"https:\/\/www.facebook.com\/nettalicom\" \/>\n<meta property=\"article:published_time\" content=\"2022-02-26T18:27:03+00:00\" \/>\n<meta property=\"og:image\" content=\"https:\/\/www.nettali.com\/wp-content\/uploads\/2022\/02\/Matar-Ba-Souris.jpeg\" \/>\n\t<meta property=\"og:image:width\" content=\"1194\" \/>\n\t<meta property=\"og:image:height\" content=\"409\" \/>\n<meta name=\"twitter:card\" content=\"summary_large_image\" \/>\n<meta name=\"twitter:label1\" content=\"\u00c9crit par\" \/>\n\t<meta name=\"twitter:data1\" content=\"Daouda\" \/>\n\t<meta name=\"twitter:label2\" content=\"Dur\u00e9e de lecture estim\u00e9e\" \/>\n\t<meta name=\"twitter:data2\" content=\"3 minutes\" \/>\n<script type=\"application\/ld+json\" class=\"yoast-schema-graph\">{\"@context\":\"https:\/\/schema.org\",\"@graph\":[{\"@type\":\"WebSite\",\"@id\":\"https:\/\/www.nettali.com\/#website\",\"url\":\"https:\/\/www.nettali.com\/\",\"name\":\"Nettali.com\",\"description\":\"Le rendez-vous critique du Net\",\"potentialAction\":[{\"@type\":\"SearchAction\",\"target\":{\"@type\":\"EntryPoint\",\"urlTemplate\":\"https:\/\/www.nettali.com\/?s={search_term_string}\"},\"query-input\":\"required name=search_term_string\"}],\"inLanguage\":\"fr-FR\"},{\"@type\":\"ImageObject\",\"@id\":\"https:\/\/www.nettali.com\/2022\/02\/26\/levee-du-corps-del-hadji-malick-sy-souris-lhommage-de-la-nation\/#primaryimage\",\"inLanguage\":\"fr-FR\",\"url\":\"https:\/\/www.nettali.com\/wp-content\/uploads\/2022\/02\/Matar-Ba-Souris.jpeg\",\"contentUrl\":\"https:\/\/www.nettali.com\/wp-content\/uploads\/2022\/02\/Matar-Ba-Souris.jpeg\",\"width\":1194,\"height\":409},{\"@type\":\"WebPage\",\"@id\":\"https:\/\/www.nettali.com\/2022\/02\/26\/levee-du-corps-del-hadji-malick-sy-souris-lhommage-de-la-nation\/#webpage\",\"url\":\"https:\/\/www.nettali.com\/2022\/02\/26\/levee-du-corps-del-hadji-malick-sy-souris-lhommage-de-la-nation\/\",\"name\":\"Lev\\u00e9e du corps d'El Hadji Malick Sy \\\"Souris\\\" : L'hommage de la Nation | Nettali.com\",\"isPartOf\":{\"@id\":\"https:\/\/www.nettali.com\/#website\"},\"primaryImageOfPage\":{\"@id\":\"https:\/\/www.nettali.com\/2022\/02\/26\/levee-du-corps-del-hadji-malick-sy-souris-lhommage-de-la-nation\/#primaryimage\"},\"datePublished\":\"2022-02-26T18:27:03+00:00\",\"dateModified\":\"2022-02-26T18:27:03+00:00\",\"author\":{\"@id\":\"https:\/\/www.nettali.com\/#\/schema\/person\/3317e0bb3aa1da309fbf7b2780901bf4\"},\"breadcrumb\":{\"@id\":\"https:\/\/www.nettali.com\/2022\/02\/26\/levee-du-corps-del-hadji-malick-sy-souris-lhommage-de-la-nation\/#breadcrumb\"},\"inLanguage\":\"fr-FR\",\"potentialAction\":[{\"@type\":\"ReadAction\",\"target\":[\"https:\/\/www.nettali.com\/2022\/02\/26\/levee-du-corps-del-hadji-malick-sy-souris-lhommage-de-la-nation\/\"]}]},{\"@type\":\"BreadcrumbList\",\"@id\":\"https:\/\/www.nettali.com\/2022\/02\/26\/levee-du-corps-del-hadji-malick-sy-souris-lhommage-de-la-nation\/#breadcrumb\",\"itemListElement\":[{\"@type\":\"ListItem\",\"position\":1,\"name\":\"Accueil\",\"item\":\"https:\/\/www.nettali.com\/\"},{\"@type\":\"ListItem\",\"position\":2,\"name\":\"Lev\\u00e9e du corps d&rsquo;El Hadji Malick Sy \\u00ab\\u00a0Souris\\u00a0\\u00bb : L&rsquo;hommage de la Nation\"}]},{\"@type\":\"Person\",\"@id\":\"https:\/\/www.nettali.com\/#\/schema\/person\/3317e0bb3aa1da309fbf7b2780901bf4\",\"name\":\"Daouda\",\"image\":{\"@type\":\"ImageObject\",\"@id\":\"https:\/\/www.nettali.com\/#personlogo\",\"inLanguage\":\"fr-FR\",\"url\":\"https:\/\/secure.gravatar.com\/avatar\/8d143b5a49345098ddcfee1c49c2f47c?s=96&d=mm&r=g\",\"contentUrl\":\"https:\/\/secure.gravatar.com\/avatar\/8d143b5a49345098ddcfee1c49c2f47c?s=96&d=mm&r=g\",\"caption\":\"Daouda\"},\"sameAs\":[\"https:\/\/www.nettali.com\"]}]}<\/script>\n<!-- \/ Yoast SEO Premium plugin. -->","yoast_head_json":{"title":"Lev\u00e9e du corps d'El Hadji Malick Sy \"Souris\" : L'hommage de la Nation | Nettali.com","robots":{"index":"index","follow":"follow","max-snippet":"max-snippet:-1","max-image-preview":"max-image-preview:large","max-video-preview":"max-video-preview:-1"},"canonical":"https:\/\/www.nettali.com\/2022\/02\/26\/levee-du-corps-del-hadji-malick-sy-souris-lhommage-de-la-nation\/","og_locale":"fr_FR","og_type":"article","og_title":"Lev\u00e9e du corps d'El Hadji Malick Sy \"Souris\" : L'hommage de la Nation","og_description":"NETTALI.COM - Le ministre des Sports, Matar B\u00e2, a rendu \u2018un vibrant hommage \u00e0 l\u2019ancien pr\u00e9sident de la F\u00e9d\u00e9ration s\u00e9n\u00e9galaise de football (FSF), El Hadj Malick Sy dit \u2018\u2019Souris\u2019\u2019, d\u00e9c\u00e9d\u00e9 vendredi \u00e0 Dakar. Il s'est exprim\u00e9 \u00e0 l'occasion de la lev\u00e9e du corps du d\u00e9funt. S\u2019exprimant \u00e0 l\u2019occasion de la c\u00e9r\u00e9monie de lev\u00e9e de son [&hellip;]","og_url":"https:\/\/www.nettali.com\/2022\/02\/26\/levee-du-corps-del-hadji-malick-sy-souris-lhommage-de-la-nation\/","og_site_name":"Nettali.com","article_publisher":"https:\/\/www.facebook.com\/nettalicom","article_published_time":"2022-02-26T18:27:03+00:00","og_image":[{"width":1194,"height":409,"url":"https:\/\/www.nettali.com\/wp-content\/uploads\/2022\/02\/Matar-Ba-Souris.jpeg","type":"image\/jpeg"}],"twitter_card":"summary_large_image","twitter_misc":{"\u00c9crit par":"Daouda","Dur\u00e9e de lecture estim\u00e9e":"3 minutes"},"schema":{"@context":"https:\/\/schema.org","@graph":[{"@type":"WebSite","@id":"https:\/\/www.nettali.com\/#website","url":"https:\/\/www.nettali.com\/","name":"Nettali.com","description":"Le rendez-vous critique du Net","potentialAction":[{"@type":"SearchAction","target":{"@type":"EntryPoint","urlTemplate":"https:\/\/www.nettali.com\/?s={search_term_string}"},"query-input":"required name=search_term_string"}],"inLanguage":"fr-FR"},{"@type":"ImageObject","@id":"https:\/\/www.nettali.com\/2022\/02\/26\/levee-du-corps-del-hadji-malick-sy-souris-lhommage-de-la-nation\/#primaryimage","inLanguage":"fr-FR","url":"https:\/\/www.nettali.com\/wp-content\/uploads\/2022\/02\/Matar-Ba-Souris.jpeg","contentUrl":"https:\/\/www.nettali.com\/wp-content\/uploads\/2022\/02\/Matar-Ba-Souris.jpeg","width":1194,"height":409},{"@type":"WebPage","@id":"https:\/\/www.nettali.com\/2022\/02\/26\/levee-du-corps-del-hadji-malick-sy-souris-lhommage-de-la-nation\/#webpage","url":"https:\/\/www.nettali.com\/2022\/02\/26\/levee-du-corps-del-hadji-malick-sy-souris-lhommage-de-la-nation\/","name":"Lev\u00e9e du corps d'El Hadji Malick Sy \"Souris\" : L'hommage de la Nation | Nettali.com","isPartOf":{"@id":"https:\/\/www.nettali.com\/#website"},"primaryImageOfPage":{"@id":"https:\/\/www.nettali.com\/2022\/02\/26\/levee-du-corps-del-hadji-malick-sy-souris-lhommage-de-la-nation\/#primaryimage"},"datePublished":"2022-02-26T18:27:03+00:00","dateModified":"2022-02-26T18:27:03+00:00","author":{"@id":"https:\/\/www.nettali.com\/#\/schema\/person\/3317e0bb3aa1da309fbf7b2780901bf4"},"breadcrumb":{"@id":"https:\/\/www.nettali.com\/2022\/02\/26\/levee-du-corps-del-hadji-malick-sy-souris-lhommage-de-la-nation\/#breadcrumb"},"inLanguage":"fr-FR","potentialAction":[{"@type":"ReadAction","target":["https:\/\/www.nettali.com\/2022\/02\/26\/levee-du-corps-del-hadji-malick-sy-souris-lhommage-de-la-nation\/"]}]},{"@type":"BreadcrumbList","@id":"https:\/\/www.nettali.com\/2022\/02\/26\/levee-du-corps-del-hadji-malick-sy-souris-lhommage-de-la-nation\/#breadcrumb","itemListElement":[{"@type":"ListItem","position":1,"name":"Accueil","item":"https:\/\/www.nettali.com\/"},{"@type":"ListItem","position":2,"name":"Lev\u00e9e du corps d&rsquo;El Hadji Malick Sy \u00ab\u00a0Souris\u00a0\u00bb : L&rsquo;hommage de la Nation"}]},{"@type":"Person","@id":"https:\/\/www.nettali.com\/#\/schema\/person\/3317e0bb3aa1da309fbf7b2780901bf4","name":"Daouda","image":{"@type":"ImageObject","@id":"https:\/\/www.nettali.com\/#personlogo","inLanguage":"fr-FR","url":"https:\/\/secure.gravatar.com\/avatar\/8d143b5a49345098ddcfee1c49c2f47c?s=96&d=mm&r=g","contentUrl":"https:\/\/secure.gravatar.com\/avatar\/8d143b5a49345098ddcfee1c49c2f47c?s=96&d=mm&r=g","caption":"Daouda"},"sameAs":["https:\/\/www.nettali.com"]}]}},"_links":{"self":[{"href":"https:\/\/www.nettali.com\/rest\/wp\/v2\/posts\/81975"}],"collection":[{"href":"https:\/\/www.nettali.com\/rest\/wp\/v2\/posts"}],"about":[{"href":"https:\/\/www.nettali.com\/rest\/wp\/v2\/types\/post"}],"author":[{"embeddable":true,"href":"https:\/\/www.nettali.com\/rest\/wp\/v2\/users\/4"}],"replies":[{"embeddable":true,"href":"https:\/\/www.nettali.com\/rest\/wp\/v2\/comments?post=81975"}],"version-history":[{"count":1,"href":"https:\/\/www.nettali.com\/rest\/wp\/v2\/posts\/81975\/revisions"}],"predecessor-version":[{"id":81977,"href":"https:\/\/www.nettali.com\/rest\/wp\/v2\/posts\/81975\/revisions\/81977"}],"wp:featuredmedia":[{"embeddable":true,"href":"https:\/\/www.nettali.com\/rest\/wp\/v2\/media\/81976"}],"wp:attachment":[{"href":"https:\/\/www.nettali.com\/rest\/wp\/v2\/media?parent=81975"}],"wp:term":[{"taxonomy":"category","embeddable":true,"href":"https:\/\/www.nettali.com\/rest\/wp\/v2\/categories?post=81975"},{"taxonomy":"post_tag","embeddable":true,"href":"https:\/\/www.nettali.com\/rest\/wp\/v2\/tags?post=81975"}],"curies":[{"name":"wp","href":"https:\/\/api.w.org\/{rel}","templated":true}]}}