{"id":81949,"date":"2022-02-26T11:01:31","date_gmt":"2022-02-26T11:01:31","guid":{"rendered":"https:\/\/www.nettali.com\/?p=81949"},"modified":"2022-02-26T11:01:31","modified_gmt":"2022-02-26T11:01:31","slug":"aide-a-la-presse-le-cored-durcit-les-conditions-deligibilite","status":"publish","type":"post","link":"https:\/\/www.nettali.com\/2022\/02\/26\/aide-a-la-presse-le-cored-durcit-les-conditions-deligibilite\/","title":{"rendered":"AIDE A LA PRESSE - Le CORED durcit les conditions  d\u2019\u00e9ligibilit\u00e9"},"content":{"rendered":"<p><strong>NETTALI.COM - Les crit\u00e8res \u00e9tablis pour b\u00e9n\u00e9ficier de l\u2019aide \u00e0 la presse sont durcis par le CORED. Les entreprises sont d\u00e9sormais tenues de respecter certaines obligations comme le fait de recruter au moins cinq journalistes et\u00a0 techniciens.<\/strong><\/p>\n<p>&nbsp;<\/p>\n<p>D\u00e9sormais, pour \u00eatre \u00e9ligible au Fonds d\u2019appui pour le d\u00e9veloppement de la presse (Fap), l\u2019entreprise doit disposer \u00a0au moins de cinq contrats en bonne et due forme pour les journalistes et les techniciens.<\/p>\n<p>&nbsp;<\/p>\n<p>Selon la livraison du journal du journal Walf Quotidien, l\u2019entreprise de presse est \u00e9galement tenue de se conformer \u00e0 la l\u00e9gislation sociale et fiscale.<\/p>\n<p>&nbsp;<\/p>\n<p>Dans le m\u00eame cr\u00e9neau de mesures, les cotisations des journalistes et techniciens doivent \u00eatre r\u00e9guli\u00e8rement revers\u00e9es \u00e0 l\u2019IPRES.<\/p>\n<p>&nbsp;<\/p>\n<p>A en croire la m\u00eame source, si tous ces crit\u00e8res sont remplis, le Fonds regarde si le m\u00e9dia a d\u00e9j\u00e0 \u00e9t\u00e9 \u00e9pingl\u00e9 et \u00e0 quel niveau.<\/p>\n<p>&nbsp;<\/p>\n<p>Au cas o\u00f9 il s\u2019agit \u00a0d\u2019un avertissement, des points sont enlev\u00e9s et on peut refuser le financement.<\/p>\n<p>&nbsp;<\/p>\n<p>S\u2019il s\u2019agit d\u2019un bl\u00e2me, l\u2019entreprise peut se retrouver avec 30 points.<\/p>\n<p>&nbsp;<\/p>\n<p>Le bl\u00e2me ou l\u2019avertissement peut affecter le journaliste lui-m\u00eame.<\/p>\n<p>&nbsp;<\/p>\n<p>\"La carte de presse peut lui \u00eatre refus\u00e9e\", a d\u00e9velopp\u00e9 Mamadou Thior, pr\u00e9sident du CORED.<\/p>\n<p>&nbsp;<\/p>\n<div class='share-to-whatsapp-wrapper'><div class='share-on-whsp'>PARTAGER SUR : <\/div><a data-text='AIDE A LA PRESSE - Le CORED durcit les conditions  d\u2019\u00e9ligibilit\u00e9' data-link='https:\/\/www.nettali.com\/2022\/02\/26\/aide-a-la-presse-le-cored-durcit-les-conditions-deligibilite\/' class='whatsapp-button whatsapp-share'>WhatsApp<\/a><div class='clear '><\/div><\/div>","protected":false},"excerpt":{"rendered":"<p>NETTALI.COM - Les crit\u00e8res \u00e9tablis pour b\u00e9n\u00e9ficier de l\u2019aide \u00e0 la presse sont durcis par le CORED. Les entreprises sont d\u00e9sormais tenues de respecter certaines obligations comme le fait de recruter au moins cinq journalistes et\u00a0 techniciens. &nbsp; D\u00e9sormais, pour \u00eatre \u00e9ligible au Fonds d\u2019appui pour le d\u00e9veloppement de la presse (Fap), l\u2019entreprise doit disposer [&hellip;]<\/p>\n","protected":false},"author":11,"featured_media":49053,"comment_status":"open","ping_status":"open","sticky":false,"template":"","format":"standard","meta":{"_et_pb_use_builder":"","_et_pb_old_content":""},"categories":[3],"tags":[],"yoast_head":"<!-- This site is optimized with the Yoast SEO Premium plugin v17.8 (Yoast SEO v17.8) - https:\/\/yoast.com\/wordpress\/plugins\/seo\/ -->\n<title>AIDE A LA PRESSE - Le CORED durcit les conditions d\u2019\u00e9ligibilit\u00e9 | Nettali.com<\/title>\n<meta name=\"robots\" content=\"index, follow, max-snippet:-1, max-image-preview:large, max-video-preview:-1\" \/>\n<link rel=\"canonical\" href=\"https:\/\/www.nettali.com\/2022\/02\/26\/aide-a-la-presse-le-cored-durcit-les-conditions-deligibilite\/\" \/>\n<meta property=\"og:locale\" content=\"fr_FR\" \/>\n<meta property=\"og:type\" content=\"article\" \/>\n<meta property=\"og:title\" content=\"AIDE A LA PRESSE - Le CORED durcit les conditions d\u2019\u00e9ligibilit\u00e9\" \/>\n<meta property=\"og:description\" content=\"NETTALI.COM - Les crit\u00e8res \u00e9tablis pour b\u00e9n\u00e9ficier de l\u2019aide \u00e0 la presse sont durcis par le CORED. Les entreprises sont d\u00e9sormais tenues de respecter certaines obligations comme le fait de recruter au moins cinq journalistes et\u00a0 techniciens. &nbsp; D\u00e9sormais, pour \u00eatre \u00e9ligible au Fonds d\u2019appui pour le d\u00e9veloppement de la presse (Fap), l\u2019entreprise doit disposer [&hellip;]\" \/>\n<meta property=\"og:url\" content=\"https:\/\/www.nettali.com\/2022\/02\/26\/aide-a-la-presse-le-cored-durcit-les-conditions-deligibilite\/\" \/>\n<meta property=\"og:site_name\" content=\"Nettali.com\" \/>\n<meta property=\"article:publisher\" content=\"https:\/\/www.facebook.com\/nettalicom\" \/>\n<meta property=\"article:published_time\" content=\"2022-02-26T11:01:31+00:00\" \/>\n<meta property=\"og:image\" content=\"https:\/\/www.nettali.com\/wp-content\/uploads\/2020\/10\/presse-0002.jpg\" \/>\n\t<meta property=\"og:image:width\" content=\"678\" \/>\n\t<meta property=\"og:image:height\" content=\"381\" \/>\n<meta name=\"twitter:card\" content=\"summary_large_image\" \/>\n<meta name=\"twitter:label1\" content=\"\u00c9crit par\" \/>\n\t<meta name=\"twitter:data1\" content=\"Thierno Diop\" \/>\n\t<meta name=\"twitter:label2\" content=\"Dur\u00e9e de lecture estim\u00e9e\" \/>\n\t<meta name=\"twitter:data2\" content=\"1 minute\" \/>\n<script type=\"application\/ld+json\" class=\"yoast-schema-graph\">{\"@context\":\"https:\/\/schema.org\",\"@graph\":[{\"@type\":\"WebSite\",\"@id\":\"https:\/\/www.nettali.com\/#website\",\"url\":\"https:\/\/www.nettali.com\/\",\"name\":\"Nettali.com\",\"description\":\"Le rendez-vous critique du Net\",\"potentialAction\":[{\"@type\":\"SearchAction\",\"target\":{\"@type\":\"EntryPoint\",\"urlTemplate\":\"https:\/\/www.nettali.com\/?s={search_term_string}\"},\"query-input\":\"required name=search_term_string\"}],\"inLanguage\":\"fr-FR\"},{\"@type\":\"ImageObject\",\"@id\":\"https:\/\/www.nettali.com\/2022\/02\/26\/aide-a-la-presse-le-cored-durcit-les-conditions-deligibilite\/#primaryimage\",\"inLanguage\":\"fr-FR\",\"url\":\"https:\/\/www.nettali.com\/wp-content\/uploads\/2020\/10\/presse-0002.jpg\",\"contentUrl\":\"https:\/\/www.nettali.com\/wp-content\/uploads\/2020\/10\/presse-0002.jpg\",\"width\":678,\"height\":381},{\"@type\":\"WebPage\",\"@id\":\"https:\/\/www.nettali.com\/2022\/02\/26\/aide-a-la-presse-le-cored-durcit-les-conditions-deligibilite\/#webpage\",\"url\":\"https:\/\/www.nettali.com\/2022\/02\/26\/aide-a-la-presse-le-cored-durcit-les-conditions-deligibilite\/\",\"name\":\"AIDE A LA PRESSE - Le CORED durcit les conditions d\\u2019\\u00e9ligibilit\\u00e9 | Nettali.com\",\"isPartOf\":{\"@id\":\"https:\/\/www.nettali.com\/#website\"},\"primaryImageOfPage\":{\"@id\":\"https:\/\/www.nettali.com\/2022\/02\/26\/aide-a-la-presse-le-cored-durcit-les-conditions-deligibilite\/#primaryimage\"},\"datePublished\":\"2022-02-26T11:01:31+00:00\",\"dateModified\":\"2022-02-26T11:01:31+00:00\",\"author\":{\"@id\":\"https:\/\/www.nettali.com\/#\/schema\/person\/8a06c6bd7b19304cf4bf985862900b5b\"},\"breadcrumb\":{\"@id\":\"https:\/\/www.nettali.com\/2022\/02\/26\/aide-a-la-presse-le-cored-durcit-les-conditions-deligibilite\/#breadcrumb\"},\"inLanguage\":\"fr-FR\",\"potentialAction\":[{\"@type\":\"ReadAction\",\"target\":[\"https:\/\/www.nettali.com\/2022\/02\/26\/aide-a-la-presse-le-cored-durcit-les-conditions-deligibilite\/\"]}]},{\"@type\":\"BreadcrumbList\",\"@id\":\"https:\/\/www.nettali.com\/2022\/02\/26\/aide-a-la-presse-le-cored-durcit-les-conditions-deligibilite\/#breadcrumb\",\"itemListElement\":[{\"@type\":\"ListItem\",\"position\":1,\"name\":\"Accueil\",\"item\":\"https:\/\/www.nettali.com\/\"},{\"@type\":\"ListItem\",\"position\":2,\"name\":\"AIDE A LA PRESSE &#8211; Le CORED durcit les conditions d\\u2019\\u00e9ligibilit\\u00e9\"}]},{\"@type\":\"Person\",\"@id\":\"https:\/\/www.nettali.com\/#\/schema\/person\/8a06c6bd7b19304cf4bf985862900b5b\",\"name\":\"Thierno Diop\",\"image\":{\"@type\":\"ImageObject\",\"@id\":\"https:\/\/www.nettali.com\/#personlogo\",\"inLanguage\":\"fr-FR\",\"url\":\"https:\/\/secure.gravatar.com\/avatar\/c8ca58550c94fd2ac856d27391a6c866?s=96&d=mm&r=g\",\"contentUrl\":\"https:\/\/secure.gravatar.com\/avatar\/c8ca58550c94fd2ac856d27391a6c866?s=96&d=mm&r=g\",\"caption\":\"Thierno Diop\"},\"sameAs\":[\"https:\/\/nettali.com\"]}]}<\/script>\n<!-- \/ Yoast SEO Premium plugin. -->","yoast_head_json":{"title":"AIDE A LA PRESSE - Le CORED durcit les conditions d\u2019\u00e9ligibilit\u00e9 | Nettali.com","robots":{"index":"index","follow":"follow","max-snippet":"max-snippet:-1","max-image-preview":"max-image-preview:large","max-video-preview":"max-video-preview:-1"},"canonical":"https:\/\/www.nettali.com\/2022\/02\/26\/aide-a-la-presse-le-cored-durcit-les-conditions-deligibilite\/","og_locale":"fr_FR","og_type":"article","og_title":"AIDE A LA PRESSE - Le CORED durcit les conditions d\u2019\u00e9ligibilit\u00e9","og_description":"NETTALI.COM - Les crit\u00e8res \u00e9tablis pour b\u00e9n\u00e9ficier de l\u2019aide \u00e0 la presse sont durcis par le CORED. Les entreprises sont d\u00e9sormais tenues de respecter certaines obligations comme le fait de recruter au moins cinq journalistes et\u00a0 techniciens. &nbsp; D\u00e9sormais, pour \u00eatre \u00e9ligible au Fonds d\u2019appui pour le d\u00e9veloppement de la presse (Fap), l\u2019entreprise doit disposer [&hellip;]","og_url":"https:\/\/www.nettali.com\/2022\/02\/26\/aide-a-la-presse-le-cored-durcit-les-conditions-deligibilite\/","og_site_name":"Nettali.com","article_publisher":"https:\/\/www.facebook.com\/nettalicom","article_published_time":"2022-02-26T11:01:31+00:00","og_image":[{"width":678,"height":381,"url":"https:\/\/www.nettali.com\/wp-content\/uploads\/2020\/10\/presse-0002.jpg","type":"image\/jpeg"}],"twitter_card":"summary_large_image","twitter_misc":{"\u00c9crit par":"Thierno Diop","Dur\u00e9e de lecture estim\u00e9e":"1 minute"},"schema":{"@context":"https:\/\/schema.org","@graph":[{"@type":"WebSite","@id":"https:\/\/www.nettali.com\/#website","url":"https:\/\/www.nettali.com\/","name":"Nettali.com","description":"Le rendez-vous critique du Net","potentialAction":[{"@type":"SearchAction","target":{"@type":"EntryPoint","urlTemplate":"https:\/\/www.nettali.com\/?s={search_term_string}"},"query-input":"required name=search_term_string"}],"inLanguage":"fr-FR"},{"@type":"ImageObject","@id":"https:\/\/www.nettali.com\/2022\/02\/26\/aide-a-la-presse-le-cored-durcit-les-conditions-deligibilite\/#primaryimage","inLanguage":"fr-FR","url":"https:\/\/www.nettali.com\/wp-content\/uploads\/2020\/10\/presse-0002.jpg","contentUrl":"https:\/\/www.nettali.com\/wp-content\/uploads\/2020\/10\/presse-0002.jpg","width":678,"height":381},{"@type":"WebPage","@id":"https:\/\/www.nettali.com\/2022\/02\/26\/aide-a-la-presse-le-cored-durcit-les-conditions-deligibilite\/#webpage","url":"https:\/\/www.nettali.com\/2022\/02\/26\/aide-a-la-presse-le-cored-durcit-les-conditions-deligibilite\/","name":"AIDE A LA PRESSE - Le CORED durcit les conditions d\u2019\u00e9ligibilit\u00e9 | Nettali.com","isPartOf":{"@id":"https:\/\/www.nettali.com\/#website"},"primaryImageOfPage":{"@id":"https:\/\/www.nettali.com\/2022\/02\/26\/aide-a-la-presse-le-cored-durcit-les-conditions-deligibilite\/#primaryimage"},"datePublished":"2022-02-26T11:01:31+00:00","dateModified":"2022-02-26T11:01:31+00:00","author":{"@id":"https:\/\/www.nettali.com\/#\/schema\/person\/8a06c6bd7b19304cf4bf985862900b5b"},"breadcrumb":{"@id":"https:\/\/www.nettali.com\/2022\/02\/26\/aide-a-la-presse-le-cored-durcit-les-conditions-deligibilite\/#breadcrumb"},"inLanguage":"fr-FR","potentialAction":[{"@type":"ReadAction","target":["https:\/\/www.nettali.com\/2022\/02\/26\/aide-a-la-presse-le-cored-durcit-les-conditions-deligibilite\/"]}]},{"@type":"BreadcrumbList","@id":"https:\/\/www.nettali.com\/2022\/02\/26\/aide-a-la-presse-le-cored-durcit-les-conditions-deligibilite\/#breadcrumb","itemListElement":[{"@type":"ListItem","position":1,"name":"Accueil","item":"https:\/\/www.nettali.com\/"},{"@type":"ListItem","position":2,"name":"AIDE A LA PRESSE &#8211; Le CORED durcit les conditions d\u2019\u00e9ligibilit\u00e9"}]},{"@type":"Person","@id":"https:\/\/www.nettali.com\/#\/schema\/person\/8a06c6bd7b19304cf4bf985862900b5b","name":"Thierno Diop","image":{"@type":"ImageObject","@id":"https:\/\/www.nettali.com\/#personlogo","inLanguage":"fr-FR","url":"https:\/\/secure.gravatar.com\/avatar\/c8ca58550c94fd2ac856d27391a6c866?s=96&d=mm&r=g","contentUrl":"https:\/\/secure.gravatar.com\/avatar\/c8ca58550c94fd2ac856d27391a6c866?s=96&d=mm&r=g","caption":"Thierno Diop"},"sameAs":["https:\/\/nettali.com"]}]}},"_links":{"self":[{"href":"https:\/\/www.nettali.com\/rest\/wp\/v2\/posts\/81949"}],"collection":[{"href":"https:\/\/www.nettali.com\/rest\/wp\/v2\/posts"}],"about":[{"href":"https:\/\/www.nettali.com\/rest\/wp\/v2\/types\/post"}],"author":[{"embeddable":true,"href":"https:\/\/www.nettali.com\/rest\/wp\/v2\/users\/11"}],"replies":[{"embeddable":true,"href":"https:\/\/www.nettali.com\/rest\/wp\/v2\/comments?post=81949"}],"version-history":[{"count":1,"href":"https:\/\/www.nettali.com\/rest\/wp\/v2\/posts\/81949\/revisions"}],"predecessor-version":[{"id":81950,"href":"https:\/\/www.nettali.com\/rest\/wp\/v2\/posts\/81949\/revisions\/81950"}],"wp:featuredmedia":[{"embeddable":true,"href":"https:\/\/www.nettali.com\/rest\/wp\/v2\/media\/49053"}],"wp:attachment":[{"href":"https:\/\/www.nettali.com\/rest\/wp\/v2\/media?parent=81949"}],"wp:term":[{"taxonomy":"category","embeddable":true,"href":"https:\/\/www.nettali.com\/rest\/wp\/v2\/categories?post=81949"},{"taxonomy":"post_tag","embeddable":true,"href":"https:\/\/www.nettali.com\/rest\/wp\/v2\/tags?post=81949"}],"curies":[{"name":"wp","href":"https:\/\/api.w.org\/{rel}","templated":true}]}}