{"id":81946,"date":"2022-02-26T10:32:53","date_gmt":"2022-02-26T10:32:53","guid":{"rendered":"https:\/\/www.nettali.com\/?p=81946"},"modified":"2022-02-27T13:14:46","modified_gmt":"2022-02-27T13:14:46","slug":"convocation-dimam-alioune-badara-ndao-ses-disciples-mettent-en-garde-les-autorites","status":"publish","type":"post","link":"https:\/\/www.nettali.com\/2022\/02\/26\/convocation-dimam-alioune-badara-ndao-ses-disciples-mettent-en-garde-les-autorites\/","title":{"rendered":"CONVOCATION D\u2019IMAM ALIOUNE BADARA NDAO - Ses disciples mettent en garde les autorit\u00e9s"},"content":{"rendered":"<p><strong>NETTALI.COM \u2013 Imam Alioune Badara Ndao a \u00e9t\u00e9 convoqu\u00e9 ce 28 f\u00e9vrier par la justice. Ses disciples veulent se constituer en boucliers et d\u00e9noncent d\u2019ores et d\u00e9j\u00e0 un acharnement. Hier, ils ont lanc\u00e9 l\u2019op\u00e9ration \u201cGoungu\u00e9 Imam Ak Lib\u00e9r\u00e9 S\u00e9n\u00e9galais Yunu tiy\u00e9 si Sai Sai terrorisme\u2019\u2019.<\/strong><\/p>\n<p>Les disciples d\u2019Imam Alioune Badara Ndao lancent l\u2019op\u00e9ration \u201cGoungu\u00e9 Imam ak lib\u00e9r\u00e9 S\u00e9n\u00e9galais yunu tiy\u00e9 si Sai Sai terrorisme\u2019\u2019 (ndlr : Accompagner Imam et lib\u00e9rer les S\u00e9n\u00e9galais incarc\u00e9r\u00e9s pour terrorisme), pour le soutenir dans les moments difficiles qu\u2019il traverse. Ils estiment que le dossier d\u2019Imam Ndao a d\u00e9j\u00e0 \u00e9t\u00e9 vid\u00e9. Et qu\u2019un beau jour, il a re\u00e7u une autre convocation. La rencontre s\u2019est tenue, hier, apr\u00e8s la pri\u00e8re du vendredi, devant sa maison, \u00e0 Ngane extension. Boubacar Dieng, l\u2019un des initiateurs de la rencontre, a d\u00e9nonc\u00e9 de l\u2019acharnement contre leur Imam.<\/p>\n<p>\u201cPlusieurs accusations, dit Boubacar Dieng en des propos repris par Enqu\u00eate, ont \u00e9t\u00e9 port\u00e9es \u00e0 son encontre, il a \u00e9t\u00e9 d\u00e9tenu de mani\u00e8re arbitraire, pendant presque trois ans, plus exactement deux ans, neuf mois. Au bout de ces deux ans et neuf mois, la justice a fait tout ce qu\u2019elle devait faire. Elle a men\u00e9 toutes ses enqu\u00eates. Finalement, le r\u00e9sultat obtenu a fait qu\u2019Imam a \u00e9t\u00e9 acquitt\u00e9 de toutes les accusations. Il n\u2019a \u00e9t\u00e9 retenu qu\u2019une seule accusation qui est celle de port d\u2019arme. Un pistolet avec qui les enfants jouent. Sur ce, il a \u00e9t\u00e9 condamn\u00e9 \u00e0 un mois avec sursis. Notre probl\u00e8me est que l\u2019on s\u2019est r\u00e9veill\u00e9 un beau matin, Imam a re\u00e7u une convocation pour venir r\u00e9pondre au procureur, le 28 f\u00e9vrier. Pourquoi cette convocation, pour cette affaire qui a \u00e9t\u00e9 close ? C\u2019est parce qu\u2019Imam est membre de \u201cSam Djiko Yi\u2019\u2019 ? Il a un discours contre la franc-ma\u00e7onnerie ; il combat l\u2019homosexualit\u00e9, exige avec ses confr\u00e8res, ses disciples, la criminalisation de l\u2019homosexualit\u00e9 ?\u2019\u2019.<\/p>\n<p>Boubacar Dieng de marteler dans les colonnes du journal Enqu\u00eate : \u201cNous sommes l\u00e0 pour dire que nous avons compris les m\u00e9canismes fallacieux, cette forfaiture qui est en train de se faire et que nous n\u2019accepterons jamais. Imam a \u00e9t\u00e9 pris une premi\u00e8re fois, il n\u2019y aura pas une deuxi\u00e8me fois. Si cette deuxi\u00e8me fois devait se faire, \u00e7a sera avec beaucoup de morts. Celui qui va prendre Imam, il n\u2019a qu\u2019\u00e0 venir le prendre, mais, qu\u2019il se pr\u00e9pare : il va marcher sur beaucoup de cadavres. S\u2019il va aller en prison, qu\u2019ils pr\u00e9parent d\u2019autres cellules, parce qu\u2019il y a des milliers de S\u00e9n\u00e9galais qui sont pr\u00eats \u00e0 l\u2019accompagner. Nous appelons tous les S\u00e9n\u00e9galais (chr\u00e9tien, musulmans, mourides, khadres, layennes, etc), pour que l\u2019on prot\u00e8ge cet homme int\u00e8gre, cet Imam qui n\u2019a autre activit\u00e9 que l\u2019enseignement coranique. Laissez Imam s\u2019occuper de ses champs, disciples, faire ses pr\u00eaches. Lorsqu\u2019on l\u2019a pris ces trois ans, les minbars \u00e9taient orphelins, les daaras pareils, de m\u00eame que la communaut\u00e9 musulmane. Cette fois-ci, nous n\u2019accepterons plus d\u2019\u00eatre orphelins d\u2019un homme vivant\u2019\u2019.<\/p>\n<p>Apr\u00e8s Babacar, Khadim Willane a pris la parole pour dire qu\u2019Imam Alioune Badara Ndao suit les recommandations de l\u2019Islam et n\u2019a qu\u2019une seule r\u00e9f\u00e9rence : le proph\u00e8te Mouhamed (SAW). \u201cC\u2019est une personne qui a toujours \u00e9t\u00e9 parmi les plus distingu\u00e9s dans la religion. Je l\u2019ai connu en \u00e9tant tr\u00e8s jeune. Depuis le bas-\u00e2ge, j\u2019\u00e9coutais ses r\u00e9cits. Nous sommes inquiets, car Imam Ndao a \u00e9t\u00e9 jug\u00e9 et lib\u00e9r\u00e9, pourquoi encore lui adresser une convocation. Cela nous taraude, nous ne pouvons pas comprendre. Nous sommes des musulmans et, entre fr\u00e8res musulmans, nous devons tout faire pour ne pas causer de tort \u00e0 notre prochain. Il a appris le Saint Coran et nous tous nous allons nous mobiliser, le 28, pour le soutenir. Et nous nous basons sur la solidarit\u00e9 pour le faire. C\u2019est ce que la religion recommande. Aussi, nous allons prier le bon Dieu, pour qu\u2019il n\u2019aille pas encore en prison\u2019\u2019, mart\u00e8le-t-il.<\/p>\n<p>&nbsp;<\/p>\n<div class='share-to-whatsapp-wrapper'><div class='share-on-whsp'>PARTAGER SUR : <\/div><a data-text='CONVOCATION D\u2019IMAM ALIOUNE BADARA NDAO - Ses disciples mettent en garde les autorit\u00e9s' data-link='https:\/\/www.nettali.com\/2022\/02\/26\/convocation-dimam-alioune-badara-ndao-ses-disciples-mettent-en-garde-les-autorites\/' class='whatsapp-button whatsapp-share'>WhatsApp<\/a><div class='clear '><\/div><\/div>","protected":false},"excerpt":{"rendered":"<p>NETTALI.COM \u2013 Imam Alioune Badara Ndao a \u00e9t\u00e9 convoqu\u00e9 ce 28 f\u00e9vrier par la justice. Ses disciples veulent se constituer en boucliers et d\u00e9noncent d\u2019ores et d\u00e9j\u00e0 un acharnement. Hier, ils ont lanc\u00e9 l\u2019op\u00e9ration \u201cGoungu\u00e9 Imam Ak Lib\u00e9r\u00e9 S\u00e9n\u00e9galais Yunu tiy\u00e9 si Sai Sai terrorisme\u2019\u2019. Les disciples d\u2019Imam Alioune Badara Ndao lancent l\u2019op\u00e9ration \u201cGoungu\u00e9 Imam [&hellip;]<\/p>\n","protected":false},"author":11,"featured_media":81947,"comment_status":"open","ping_status":"open","sticky":false,"template":"","format":"standard","meta":{"_et_pb_use_builder":"","_et_pb_old_content":""},"categories":[3],"tags":[],"yoast_head":"<!-- This site is optimized with the Yoast SEO Premium plugin v17.8 (Yoast SEO v17.8) - https:\/\/yoast.com\/wordpress\/plugins\/seo\/ -->\n<title>CONVOCATION D\u2019IMAM ALIOUNE BADARA NDAO - Ses disciples mettent en garde les autorit\u00e9s | Nettali.com<\/title>\n<meta name=\"robots\" content=\"index, follow, max-snippet:-1, max-image-preview:large, max-video-preview:-1\" \/>\n<link rel=\"canonical\" href=\"https:\/\/www.nettali.com\/2022\/02\/26\/convocation-dimam-alioune-badara-ndao-ses-disciples-mettent-en-garde-les-autorites\/\" \/>\n<meta property=\"og:locale\" content=\"fr_FR\" \/>\n<meta property=\"og:type\" content=\"article\" \/>\n<meta property=\"og:title\" content=\"CONVOCATION D\u2019IMAM ALIOUNE BADARA NDAO - Ses disciples mettent en garde les autorit\u00e9s\" \/>\n<meta property=\"og:description\" content=\"NETTALI.COM \u2013 Imam Alioune Badara Ndao a \u00e9t\u00e9 convoqu\u00e9 ce 28 f\u00e9vrier par la justice. Ses disciples veulent se constituer en boucliers et d\u00e9noncent d\u2019ores et d\u00e9j\u00e0 un acharnement. Hier, ils ont lanc\u00e9 l\u2019op\u00e9ration \u201cGoungu\u00e9 Imam Ak Lib\u00e9r\u00e9 S\u00e9n\u00e9galais Yunu tiy\u00e9 si Sai Sai terrorisme\u2019\u2019. Les disciples d\u2019Imam Alioune Badara Ndao lancent l\u2019op\u00e9ration \u201cGoungu\u00e9 Imam [&hellip;]\" \/>\n<meta property=\"og:url\" content=\"https:\/\/www.nettali.com\/2022\/02\/26\/convocation-dimam-alioune-badara-ndao-ses-disciples-mettent-en-garde-les-autorites\/\" \/>\n<meta property=\"og:site_name\" content=\"Nettali.com\" \/>\n<meta property=\"article:publisher\" content=\"https:\/\/www.facebook.com\/nettalicom\" \/>\n<meta property=\"article:published_time\" content=\"2022-02-26T10:32:53+00:00\" \/>\n<meta property=\"article:modified_time\" content=\"2022-02-27T13:14:46+00:00\" \/>\n<meta property=\"og:image\" content=\"https:\/\/www.nettali.com\/wp-content\/uploads\/2022\/02\/Imam-Alioune-Ndao.jpg\" \/>\n\t<meta property=\"og:image:width\" content=\"800\" \/>\n\t<meta property=\"og:image:height\" content=\"400\" \/>\n<meta name=\"twitter:card\" content=\"summary_large_image\" \/>\n<meta name=\"twitter:label1\" content=\"\u00c9crit par\" \/>\n\t<meta name=\"twitter:data1\" content=\"Thierno Diop\" \/>\n\t<meta name=\"twitter:label2\" content=\"Dur\u00e9e de lecture estim\u00e9e\" \/>\n\t<meta name=\"twitter:data2\" content=\"4 minutes\" \/>\n<script type=\"application\/ld+json\" class=\"yoast-schema-graph\">{\"@context\":\"https:\/\/schema.org\",\"@graph\":[{\"@type\":\"WebSite\",\"@id\":\"https:\/\/www.nettali.com\/#website\",\"url\":\"https:\/\/www.nettali.com\/\",\"name\":\"Nettali.com\",\"description\":\"Le rendez-vous critique du Net\",\"potentialAction\":[{\"@type\":\"SearchAction\",\"target\":{\"@type\":\"EntryPoint\",\"urlTemplate\":\"https:\/\/www.nettali.com\/?s={search_term_string}\"},\"query-input\":\"required name=search_term_string\"}],\"inLanguage\":\"fr-FR\"},{\"@type\":\"ImageObject\",\"@id\":\"https:\/\/www.nettali.com\/2022\/02\/26\/convocation-dimam-alioune-badara-ndao-ses-disciples-mettent-en-garde-les-autorites\/#primaryimage\",\"inLanguage\":\"fr-FR\",\"url\":\"https:\/\/www.nettali.com\/wp-content\/uploads\/2022\/02\/Imam-Alioune-Ndao.jpg\",\"contentUrl\":\"https:\/\/www.nettali.com\/wp-content\/uploads\/2022\/02\/Imam-Alioune-Ndao.jpg\",\"width\":800,\"height\":400},{\"@type\":\"WebPage\",\"@id\":\"https:\/\/www.nettali.com\/2022\/02\/26\/convocation-dimam-alioune-badara-ndao-ses-disciples-mettent-en-garde-les-autorites\/#webpage\",\"url\":\"https:\/\/www.nettali.com\/2022\/02\/26\/convocation-dimam-alioune-badara-ndao-ses-disciples-mettent-en-garde-les-autorites\/\",\"name\":\"CONVOCATION D\\u2019IMAM ALIOUNE BADARA NDAO - Ses disciples mettent en garde les autorit\\u00e9s | Nettali.com\",\"isPartOf\":{\"@id\":\"https:\/\/www.nettali.com\/#website\"},\"primaryImageOfPage\":{\"@id\":\"https:\/\/www.nettali.com\/2022\/02\/26\/convocation-dimam-alioune-badara-ndao-ses-disciples-mettent-en-garde-les-autorites\/#primaryimage\"},\"datePublished\":\"2022-02-26T10:32:53+00:00\",\"dateModified\":\"2022-02-27T13:14:46+00:00\",\"author\":{\"@id\":\"https:\/\/www.nettali.com\/#\/schema\/person\/8a06c6bd7b19304cf4bf985862900b5b\"},\"breadcrumb\":{\"@id\":\"https:\/\/www.nettali.com\/2022\/02\/26\/convocation-dimam-alioune-badara-ndao-ses-disciples-mettent-en-garde-les-autorites\/#breadcrumb\"},\"inLanguage\":\"fr-FR\",\"potentialAction\":[{\"@type\":\"ReadAction\",\"target\":[\"https:\/\/www.nettali.com\/2022\/02\/26\/convocation-dimam-alioune-badara-ndao-ses-disciples-mettent-en-garde-les-autorites\/\"]}]},{\"@type\":\"BreadcrumbList\",\"@id\":\"https:\/\/www.nettali.com\/2022\/02\/26\/convocation-dimam-alioune-badara-ndao-ses-disciples-mettent-en-garde-les-autorites\/#breadcrumb\",\"itemListElement\":[{\"@type\":\"ListItem\",\"position\":1,\"name\":\"Accueil\",\"item\":\"https:\/\/www.nettali.com\/\"},{\"@type\":\"ListItem\",\"position\":2,\"name\":\"CONVOCATION D\\u2019IMAM ALIOUNE BADARA NDAO &#8211; Ses disciples mettent en garde les autorit\\u00e9s\"}]},{\"@type\":\"Person\",\"@id\":\"https:\/\/www.nettali.com\/#\/schema\/person\/8a06c6bd7b19304cf4bf985862900b5b\",\"name\":\"Thierno Diop\",\"image\":{\"@type\":\"ImageObject\",\"@id\":\"https:\/\/www.nettali.com\/#personlogo\",\"inLanguage\":\"fr-FR\",\"url\":\"https:\/\/secure.gravatar.com\/avatar\/c8ca58550c94fd2ac856d27391a6c866?s=96&d=mm&r=g\",\"contentUrl\":\"https:\/\/secure.gravatar.com\/avatar\/c8ca58550c94fd2ac856d27391a6c866?s=96&d=mm&r=g\",\"caption\":\"Thierno Diop\"},\"sameAs\":[\"https:\/\/nettali.com\"]}]}<\/script>\n<!-- \/ Yoast SEO Premium plugin. -->","yoast_head_json":{"title":"CONVOCATION D\u2019IMAM ALIOUNE BADARA NDAO - Ses disciples mettent en garde les autorit\u00e9s | Nettali.com","robots":{"index":"index","follow":"follow","max-snippet":"max-snippet:-1","max-image-preview":"max-image-preview:large","max-video-preview":"max-video-preview:-1"},"canonical":"https:\/\/www.nettali.com\/2022\/02\/26\/convocation-dimam-alioune-badara-ndao-ses-disciples-mettent-en-garde-les-autorites\/","og_locale":"fr_FR","og_type":"article","og_title":"CONVOCATION D\u2019IMAM ALIOUNE BADARA NDAO - Ses disciples mettent en garde les autorit\u00e9s","og_description":"NETTALI.COM \u2013 Imam Alioune Badara Ndao a \u00e9t\u00e9 convoqu\u00e9 ce 28 f\u00e9vrier par la justice. Ses disciples veulent se constituer en boucliers et d\u00e9noncent d\u2019ores et d\u00e9j\u00e0 un acharnement. Hier, ils ont lanc\u00e9 l\u2019op\u00e9ration \u201cGoungu\u00e9 Imam Ak Lib\u00e9r\u00e9 S\u00e9n\u00e9galais Yunu tiy\u00e9 si Sai Sai terrorisme\u2019\u2019. Les disciples d\u2019Imam Alioune Badara Ndao lancent l\u2019op\u00e9ration \u201cGoungu\u00e9 Imam [&hellip;]","og_url":"https:\/\/www.nettali.com\/2022\/02\/26\/convocation-dimam-alioune-badara-ndao-ses-disciples-mettent-en-garde-les-autorites\/","og_site_name":"Nettali.com","article_publisher":"https:\/\/www.facebook.com\/nettalicom","article_published_time":"2022-02-26T10:32:53+00:00","article_modified_time":"2022-02-27T13:14:46+00:00","og_image":[{"width":800,"height":400,"url":"https:\/\/www.nettali.com\/wp-content\/uploads\/2022\/02\/Imam-Alioune-Ndao.jpg","type":"image\/jpeg"}],"twitter_card":"summary_large_image","twitter_misc":{"\u00c9crit par":"Thierno Diop","Dur\u00e9e de lecture estim\u00e9e":"4 minutes"},"schema":{"@context":"https:\/\/schema.org","@graph":[{"@type":"WebSite","@id":"https:\/\/www.nettali.com\/#website","url":"https:\/\/www.nettali.com\/","name":"Nettali.com","description":"Le rendez-vous critique du Net","potentialAction":[{"@type":"SearchAction","target":{"@type":"EntryPoint","urlTemplate":"https:\/\/www.nettali.com\/?s={search_term_string}"},"query-input":"required name=search_term_string"}],"inLanguage":"fr-FR"},{"@type":"ImageObject","@id":"https:\/\/www.nettali.com\/2022\/02\/26\/convocation-dimam-alioune-badara-ndao-ses-disciples-mettent-en-garde-les-autorites\/#primaryimage","inLanguage":"fr-FR","url":"https:\/\/www.nettali.com\/wp-content\/uploads\/2022\/02\/Imam-Alioune-Ndao.jpg","contentUrl":"https:\/\/www.nettali.com\/wp-content\/uploads\/2022\/02\/Imam-Alioune-Ndao.jpg","width":800,"height":400},{"@type":"WebPage","@id":"https:\/\/www.nettali.com\/2022\/02\/26\/convocation-dimam-alioune-badara-ndao-ses-disciples-mettent-en-garde-les-autorites\/#webpage","url":"https:\/\/www.nettali.com\/2022\/02\/26\/convocation-dimam-alioune-badara-ndao-ses-disciples-mettent-en-garde-les-autorites\/","name":"CONVOCATION D\u2019IMAM ALIOUNE BADARA NDAO - Ses disciples mettent en garde les autorit\u00e9s | Nettali.com","isPartOf":{"@id":"https:\/\/www.nettali.com\/#website"},"primaryImageOfPage":{"@id":"https:\/\/www.nettali.com\/2022\/02\/26\/convocation-dimam-alioune-badara-ndao-ses-disciples-mettent-en-garde-les-autorites\/#primaryimage"},"datePublished":"2022-02-26T10:32:53+00:00","dateModified":"2022-02-27T13:14:46+00:00","author":{"@id":"https:\/\/www.nettali.com\/#\/schema\/person\/8a06c6bd7b19304cf4bf985862900b5b"},"breadcrumb":{"@id":"https:\/\/www.nettali.com\/2022\/02\/26\/convocation-dimam-alioune-badara-ndao-ses-disciples-mettent-en-garde-les-autorites\/#breadcrumb"},"inLanguage":"fr-FR","potentialAction":[{"@type":"ReadAction","target":["https:\/\/www.nettali.com\/2022\/02\/26\/convocation-dimam-alioune-badara-ndao-ses-disciples-mettent-en-garde-les-autorites\/"]}]},{"@type":"BreadcrumbList","@id":"https:\/\/www.nettali.com\/2022\/02\/26\/convocation-dimam-alioune-badara-ndao-ses-disciples-mettent-en-garde-les-autorites\/#breadcrumb","itemListElement":[{"@type":"ListItem","position":1,"name":"Accueil","item":"https:\/\/www.nettali.com\/"},{"@type":"ListItem","position":2,"name":"CONVOCATION D\u2019IMAM ALIOUNE BADARA NDAO &#8211; Ses disciples mettent en garde les autorit\u00e9s"}]},{"@type":"Person","@id":"https:\/\/www.nettali.com\/#\/schema\/person\/8a06c6bd7b19304cf4bf985862900b5b","name":"Thierno Diop","image":{"@type":"ImageObject","@id":"https:\/\/www.nettali.com\/#personlogo","inLanguage":"fr-FR","url":"https:\/\/secure.gravatar.com\/avatar\/c8ca58550c94fd2ac856d27391a6c866?s=96&d=mm&r=g","contentUrl":"https:\/\/secure.gravatar.com\/avatar\/c8ca58550c94fd2ac856d27391a6c866?s=96&d=mm&r=g","caption":"Thierno Diop"},"sameAs":["https:\/\/nettali.com"]}]}},"_links":{"self":[{"href":"https:\/\/www.nettali.com\/rest\/wp\/v2\/posts\/81946"}],"collection":[{"href":"https:\/\/www.nettali.com\/rest\/wp\/v2\/posts"}],"about":[{"href":"https:\/\/www.nettali.com\/rest\/wp\/v2\/types\/post"}],"author":[{"embeddable":true,"href":"https:\/\/www.nettali.com\/rest\/wp\/v2\/users\/11"}],"replies":[{"embeddable":true,"href":"https:\/\/www.nettali.com\/rest\/wp\/v2\/comments?post=81946"}],"version-history":[{"count":1,"href":"https:\/\/www.nettali.com\/rest\/wp\/v2\/posts\/81946\/revisions"}],"predecessor-version":[{"id":81948,"href":"https:\/\/www.nettali.com\/rest\/wp\/v2\/posts\/81946\/revisions\/81948"}],"wp:featuredmedia":[{"embeddable":true,"href":"https:\/\/www.nettali.com\/rest\/wp\/v2\/media\/81947"}],"wp:attachment":[{"href":"https:\/\/www.nettali.com\/rest\/wp\/v2\/media?parent=81946"}],"wp:term":[{"taxonomy":"category","embeddable":true,"href":"https:\/\/www.nettali.com\/rest\/wp\/v2\/categories?post=81946"},{"taxonomy":"post_tag","embeddable":true,"href":"https:\/\/www.nettali.com\/rest\/wp\/v2\/tags?post=81946"}],"curies":[{"name":"wp","href":"https:\/\/api.w.org\/{rel}","templated":true}]}}