{"id":81869,"date":"2022-02-24T17:11:21","date_gmt":"2022-02-24T17:11:21","guid":{"rendered":"https:\/\/www.nettali.com\/?p=81869"},"modified":"2022-02-24T17:11:21","modified_gmt":"2022-02-24T17:11:21","slug":"parrainage-abdoul-mbaye-demande-a-la-cedeao-de-sanctionner-macky-sall","status":"publish","type":"post","link":"https:\/\/www.nettali.com\/2022\/02\/24\/parrainage-abdoul-mbaye-demande-a-la-cedeao-de-sanctionner-macky-sall\/","title":{"rendered":"PARRAINAGE - Abdoul Mbaye demande \u00e0 la CEDEAO de sanctionner Macky Sall"},"content":{"rendered":"<p><strong>NETTALI.COM \u2013 En direction des \u00e9lections l\u00e9gislatives fix\u00e9es au 31 juillet 2022, la question du parrainage refait surface. Abdoul Mbaye demande \u00e0 la CEDEAO de sanctionner Macky Sall, qui aurait refus\u00e9 d\u2019appliquer la d\u00e9cision de la cour de justice de l\u2019organisation sous-r\u00e9gionale. \u00a0<\/strong><\/p>\n<p>Dans une publication sur Facebook, l\u2019ancien Premier ministre relance la plainte de certains opposants s\u00e9n\u00e9galais aupr\u00e8s de la CEDEAO, relativement \u00e0 la loi sur le parrainage.<\/p>\n<p>Abdoul Mbaye demande \u00e0 l\u2019organisation sous-r\u00e9gionale de sanctionner le pr\u00e9sident Macky Sall qui refuse d\u2019appliquer la d\u00e9cision de sa cour de Justice.<\/p>\n<p>\u2018\u2019 On attend les sanctions de la Cedeao contre Macky Sall qui refuse d\u2019appliquer la d\u00e9cision de sa Cour de justice exigeant la suppression du parrainage introduit par une modification de la Constitution. Cette manipulation lui avait permis d\u2019\u00eatre \u00e9lu en 2019 \u2018\u2019, exhorte le leader de l\u2019Alliance pour la Citoyennet\u00e9 et le Travail (ACT).<\/p>\n<p>Dans un entretien avec Enqu\u00eate en avril 2021, Abdoul Mbaye r\u00e9agissait d\u00e9j\u00e0 \u00e0 la d\u00e9cision de la CEDEAO, qui a remis en cause le syst\u00e8me de parrainage introduit par Macky Sall en 2018, apr\u00e8s la saisine de Me Abdoulaye Tine. \"<em>L\u2019opposition s\u00e9n\u00e9galaise,\u00a0<\/em>rappellait-t-il,<em> n\u2019a jamais cess\u00e9 de d\u00e9crier le parrainage introduit en 2018, dans le seul but d\u2019assurer l\u2019\u00e9lection, sans coup f\u00e9rir, de Macky Sall. Il lui a permis, sans doute sur la base de sondages, de choisir ses opposants \u00e0 l\u2019\u00e9lection et de les battre, d\u00e8s le premier tour. Le S\u00e9n\u00e9gal n\u2019avait jamais v\u00e9cu un recul d\u00e9mocratique de cette importance, auparavant. La Cour de justice de la CEDEAO vient de reconna\u00eetre que ce syst\u00e8me de parrainage a port\u00e9 atteinte au principe de la libre participation aux \u00e9lections\"<\/em>.<\/p>\n<p>Selon Abdoul Mbaye :\u00a0 \"<em>Il faut se souvenir que cette action aupr\u00e8s de la cour de la CEDEAO, port\u00e9e par M. Abdoulaye Tine, avait \u00e9t\u00e9 engag\u00e9e par toute l\u2019opposition membre du FRN, d\u00e8s le mois de d\u00e9cembre 2018, en proc\u00e9dure acc\u00e9l\u00e9r\u00e9e. Malheureusement, elle n\u2019a donn\u00e9 lieu \u00e0 d\u00e9cision que maintenant et donc apr\u00e8s l\u2019\u00e9lection pr\u00e9sidentielle de 2019. L\u2019important reste que le monde et les citoyens s\u00e9n\u00e9galais sachent que Macky Sall a \u00e9t\u00e9 \u00e9lu, en organisant des \u00e9lections non libres. Il se pose ainsi la question de sa l\u00e9gitimit\u00e9, comme nous l\u2019avions tr\u00e8s t\u00f4t soulign\u00e9\"<\/em>.<\/p>\n<p>Pour clore ce chapitre, l\u2019ex-Premier ministre dira : \" <em>La Cour de justice de la CEDEAO demande, en outre, la suppression de ce syst\u00e8me dans les 6 mois : c\u2019est un des combats de l\u2019opposition s\u00e9n\u00e9galaise pour revenir aux conditions qui ont permis la seconde alternance et l\u2019acc\u00e8s de Macky Sall au pouvoir. J\u2019en retiens qu\u2019il ne faut jamais d\u00e9sesp\u00e9rer de la justice. Lorsqu\u2019elle dispara\u00eet chez vous, on peut la retrouver ailleurs<\/em> \".<\/p>\n<div class='share-to-whatsapp-wrapper'><div class='share-on-whsp'>PARTAGER SUR : <\/div><a data-text='PARRAINAGE - Abdoul Mbaye demande \u00e0 la CEDEAO de sanctionner Macky Sall' data-link='https:\/\/www.nettali.com\/2022\/02\/24\/parrainage-abdoul-mbaye-demande-a-la-cedeao-de-sanctionner-macky-sall\/' class='whatsapp-button whatsapp-share'>WhatsApp<\/a><div class='clear '><\/div><\/div>","protected":false},"excerpt":{"rendered":"<p>NETTALI.COM \u2013 En direction des \u00e9lections l\u00e9gislatives fix\u00e9es au 31 juillet 2022, la question du parrainage refait surface. Abdoul Mbaye demande \u00e0 la CEDEAO de sanctionner Macky Sall, qui aurait refus\u00e9 d\u2019appliquer la d\u00e9cision de la cour de justice de l\u2019organisation sous-r\u00e9gionale. \u00a0 Dans une publication sur Facebook, l\u2019ancien Premier ministre relance la plainte de [&hellip;]<\/p>\n","protected":false},"author":11,"featured_media":21411,"comment_status":"open","ping_status":"open","sticky":false,"template":"","format":"standard","meta":{"_et_pb_use_builder":"","_et_pb_old_content":""},"categories":[2],"tags":[],"yoast_head":"<!-- This site is optimized with the Yoast SEO Premium plugin v17.8 (Yoast SEO v17.8) - https:\/\/yoast.com\/wordpress\/plugins\/seo\/ -->\n<title>PARRAINAGE - Abdoul Mbaye demande \u00e0 la CEDEAO de sanctionner Macky Sall | Nettali.com<\/title>\n<meta name=\"robots\" content=\"index, follow, max-snippet:-1, max-image-preview:large, max-video-preview:-1\" \/>\n<link rel=\"canonical\" href=\"https:\/\/www.nettali.com\/2022\/02\/24\/parrainage-abdoul-mbaye-demande-a-la-cedeao-de-sanctionner-macky-sall\/\" \/>\n<meta property=\"og:locale\" content=\"fr_FR\" \/>\n<meta property=\"og:type\" content=\"article\" \/>\n<meta property=\"og:title\" content=\"PARRAINAGE - Abdoul Mbaye demande \u00e0 la CEDEAO de sanctionner Macky Sall\" \/>\n<meta property=\"og:description\" content=\"NETTALI.COM \u2013 En direction des \u00e9lections l\u00e9gislatives fix\u00e9es au 31 juillet 2022, la question du parrainage refait surface. Abdoul Mbaye demande \u00e0 la CEDEAO de sanctionner Macky Sall, qui aurait refus\u00e9 d\u2019appliquer la d\u00e9cision de la cour de justice de l\u2019organisation sous-r\u00e9gionale. \u00a0 Dans une publication sur Facebook, l\u2019ancien Premier ministre relance la plainte de [&hellip;]\" \/>\n<meta property=\"og:url\" content=\"https:\/\/www.nettali.com\/2022\/02\/24\/parrainage-abdoul-mbaye-demande-a-la-cedeao-de-sanctionner-macky-sall\/\" \/>\n<meta property=\"og:site_name\" content=\"Nettali.com\" \/>\n<meta property=\"article:publisher\" content=\"https:\/\/www.facebook.com\/nettalicom\" \/>\n<meta property=\"article:published_time\" content=\"2022-02-24T17:11:21+00:00\" \/>\n<meta property=\"og:image\" content=\"https:\/\/www.nettali.com\/wp-content\/uploads\/2019\/11\/abdoul-mbaye-696x486.jpg\" \/>\n\t<meta property=\"og:image:width\" content=\"696\" \/>\n\t<meta property=\"og:image:height\" content=\"486\" \/>\n<meta name=\"twitter:card\" content=\"summary_large_image\" \/>\n<meta name=\"twitter:label1\" content=\"\u00c9crit par\" \/>\n\t<meta name=\"twitter:data1\" content=\"Thierno Diop\" \/>\n\t<meta name=\"twitter:label2\" content=\"Dur\u00e9e de lecture estim\u00e9e\" \/>\n\t<meta name=\"twitter:data2\" content=\"3 minutes\" \/>\n<script type=\"application\/ld+json\" class=\"yoast-schema-graph\">{\"@context\":\"https:\/\/schema.org\",\"@graph\":[{\"@type\":\"WebSite\",\"@id\":\"https:\/\/www.nettali.com\/#website\",\"url\":\"https:\/\/www.nettali.com\/\",\"name\":\"Nettali.com\",\"description\":\"Le rendez-vous critique du Net\",\"potentialAction\":[{\"@type\":\"SearchAction\",\"target\":{\"@type\":\"EntryPoint\",\"urlTemplate\":\"https:\/\/www.nettali.com\/?s={search_term_string}\"},\"query-input\":\"required name=search_term_string\"}],\"inLanguage\":\"fr-FR\"},{\"@type\":\"ImageObject\",\"@id\":\"https:\/\/www.nettali.com\/2022\/02\/24\/parrainage-abdoul-mbaye-demande-a-la-cedeao-de-sanctionner-macky-sall\/#primaryimage\",\"inLanguage\":\"fr-FR\",\"url\":\"https:\/\/www.nettali.com\/wp-content\/uploads\/2019\/11\/abdoul-mbaye-696x486.jpg\",\"contentUrl\":\"https:\/\/www.nettali.com\/wp-content\/uploads\/2019\/11\/abdoul-mbaye-696x486.jpg\",\"width\":696,\"height\":486},{\"@type\":\"WebPage\",\"@id\":\"https:\/\/www.nettali.com\/2022\/02\/24\/parrainage-abdoul-mbaye-demande-a-la-cedeao-de-sanctionner-macky-sall\/#webpage\",\"url\":\"https:\/\/www.nettali.com\/2022\/02\/24\/parrainage-abdoul-mbaye-demande-a-la-cedeao-de-sanctionner-macky-sall\/\",\"name\":\"PARRAINAGE - Abdoul Mbaye demande \\u00e0 la CEDEAO de sanctionner Macky Sall | Nettali.com\",\"isPartOf\":{\"@id\":\"https:\/\/www.nettali.com\/#website\"},\"primaryImageOfPage\":{\"@id\":\"https:\/\/www.nettali.com\/2022\/02\/24\/parrainage-abdoul-mbaye-demande-a-la-cedeao-de-sanctionner-macky-sall\/#primaryimage\"},\"datePublished\":\"2022-02-24T17:11:21+00:00\",\"dateModified\":\"2022-02-24T17:11:21+00:00\",\"author\":{\"@id\":\"https:\/\/www.nettali.com\/#\/schema\/person\/8a06c6bd7b19304cf4bf985862900b5b\"},\"breadcrumb\":{\"@id\":\"https:\/\/www.nettali.com\/2022\/02\/24\/parrainage-abdoul-mbaye-demande-a-la-cedeao-de-sanctionner-macky-sall\/#breadcrumb\"},\"inLanguage\":\"fr-FR\",\"potentialAction\":[{\"@type\":\"ReadAction\",\"target\":[\"https:\/\/www.nettali.com\/2022\/02\/24\/parrainage-abdoul-mbaye-demande-a-la-cedeao-de-sanctionner-macky-sall\/\"]}]},{\"@type\":\"BreadcrumbList\",\"@id\":\"https:\/\/www.nettali.com\/2022\/02\/24\/parrainage-abdoul-mbaye-demande-a-la-cedeao-de-sanctionner-macky-sall\/#breadcrumb\",\"itemListElement\":[{\"@type\":\"ListItem\",\"position\":1,\"name\":\"Accueil\",\"item\":\"https:\/\/www.nettali.com\/\"},{\"@type\":\"ListItem\",\"position\":2,\"name\":\"PARRAINAGE &#8211; Abdoul Mbaye demande \\u00e0 la CEDEAO de sanctionner Macky Sall\"}]},{\"@type\":\"Person\",\"@id\":\"https:\/\/www.nettali.com\/#\/schema\/person\/8a06c6bd7b19304cf4bf985862900b5b\",\"name\":\"Thierno Diop\",\"image\":{\"@type\":\"ImageObject\",\"@id\":\"https:\/\/www.nettali.com\/#personlogo\",\"inLanguage\":\"fr-FR\",\"url\":\"https:\/\/secure.gravatar.com\/avatar\/c8ca58550c94fd2ac856d27391a6c866?s=96&d=mm&r=g\",\"contentUrl\":\"https:\/\/secure.gravatar.com\/avatar\/c8ca58550c94fd2ac856d27391a6c866?s=96&d=mm&r=g\",\"caption\":\"Thierno Diop\"},\"sameAs\":[\"https:\/\/nettali.com\"]}]}<\/script>\n<!-- \/ Yoast SEO Premium plugin. -->","yoast_head_json":{"title":"PARRAINAGE - Abdoul Mbaye demande \u00e0 la CEDEAO de sanctionner Macky Sall | Nettali.com","robots":{"index":"index","follow":"follow","max-snippet":"max-snippet:-1","max-image-preview":"max-image-preview:large","max-video-preview":"max-video-preview:-1"},"canonical":"https:\/\/www.nettali.com\/2022\/02\/24\/parrainage-abdoul-mbaye-demande-a-la-cedeao-de-sanctionner-macky-sall\/","og_locale":"fr_FR","og_type":"article","og_title":"PARRAINAGE - Abdoul Mbaye demande \u00e0 la CEDEAO de sanctionner Macky Sall","og_description":"NETTALI.COM \u2013 En direction des \u00e9lections l\u00e9gislatives fix\u00e9es au 31 juillet 2022, la question du parrainage refait surface. Abdoul Mbaye demande \u00e0 la CEDEAO de sanctionner Macky Sall, qui aurait refus\u00e9 d\u2019appliquer la d\u00e9cision de la cour de justice de l\u2019organisation sous-r\u00e9gionale. \u00a0 Dans une publication sur Facebook, l\u2019ancien Premier ministre relance la plainte de [&hellip;]","og_url":"https:\/\/www.nettali.com\/2022\/02\/24\/parrainage-abdoul-mbaye-demande-a-la-cedeao-de-sanctionner-macky-sall\/","og_site_name":"Nettali.com","article_publisher":"https:\/\/www.facebook.com\/nettalicom","article_published_time":"2022-02-24T17:11:21+00:00","og_image":[{"width":696,"height":486,"url":"https:\/\/www.nettali.com\/wp-content\/uploads\/2019\/11\/abdoul-mbaye-696x486.jpg","type":"image\/jpeg"}],"twitter_card":"summary_large_image","twitter_misc":{"\u00c9crit par":"Thierno Diop","Dur\u00e9e de lecture estim\u00e9e":"3 minutes"},"schema":{"@context":"https:\/\/schema.org","@graph":[{"@type":"WebSite","@id":"https:\/\/www.nettali.com\/#website","url":"https:\/\/www.nettali.com\/","name":"Nettali.com","description":"Le rendez-vous critique du Net","potentialAction":[{"@type":"SearchAction","target":{"@type":"EntryPoint","urlTemplate":"https:\/\/www.nettali.com\/?s={search_term_string}"},"query-input":"required name=search_term_string"}],"inLanguage":"fr-FR"},{"@type":"ImageObject","@id":"https:\/\/www.nettali.com\/2022\/02\/24\/parrainage-abdoul-mbaye-demande-a-la-cedeao-de-sanctionner-macky-sall\/#primaryimage","inLanguage":"fr-FR","url":"https:\/\/www.nettali.com\/wp-content\/uploads\/2019\/11\/abdoul-mbaye-696x486.jpg","contentUrl":"https:\/\/www.nettali.com\/wp-content\/uploads\/2019\/11\/abdoul-mbaye-696x486.jpg","width":696,"height":486},{"@type":"WebPage","@id":"https:\/\/www.nettali.com\/2022\/02\/24\/parrainage-abdoul-mbaye-demande-a-la-cedeao-de-sanctionner-macky-sall\/#webpage","url":"https:\/\/www.nettali.com\/2022\/02\/24\/parrainage-abdoul-mbaye-demande-a-la-cedeao-de-sanctionner-macky-sall\/","name":"PARRAINAGE - Abdoul Mbaye demande \u00e0 la CEDEAO de sanctionner Macky Sall | Nettali.com","isPartOf":{"@id":"https:\/\/www.nettali.com\/#website"},"primaryImageOfPage":{"@id":"https:\/\/www.nettali.com\/2022\/02\/24\/parrainage-abdoul-mbaye-demande-a-la-cedeao-de-sanctionner-macky-sall\/#primaryimage"},"datePublished":"2022-02-24T17:11:21+00:00","dateModified":"2022-02-24T17:11:21+00:00","author":{"@id":"https:\/\/www.nettali.com\/#\/schema\/person\/8a06c6bd7b19304cf4bf985862900b5b"},"breadcrumb":{"@id":"https:\/\/www.nettali.com\/2022\/02\/24\/parrainage-abdoul-mbaye-demande-a-la-cedeao-de-sanctionner-macky-sall\/#breadcrumb"},"inLanguage":"fr-FR","potentialAction":[{"@type":"ReadAction","target":["https:\/\/www.nettali.com\/2022\/02\/24\/parrainage-abdoul-mbaye-demande-a-la-cedeao-de-sanctionner-macky-sall\/"]}]},{"@type":"BreadcrumbList","@id":"https:\/\/www.nettali.com\/2022\/02\/24\/parrainage-abdoul-mbaye-demande-a-la-cedeao-de-sanctionner-macky-sall\/#breadcrumb","itemListElement":[{"@type":"ListItem","position":1,"name":"Accueil","item":"https:\/\/www.nettali.com\/"},{"@type":"ListItem","position":2,"name":"PARRAINAGE &#8211; Abdoul Mbaye demande \u00e0 la CEDEAO de sanctionner Macky Sall"}]},{"@type":"Person","@id":"https:\/\/www.nettali.com\/#\/schema\/person\/8a06c6bd7b19304cf4bf985862900b5b","name":"Thierno Diop","image":{"@type":"ImageObject","@id":"https:\/\/www.nettali.com\/#personlogo","inLanguage":"fr-FR","url":"https:\/\/secure.gravatar.com\/avatar\/c8ca58550c94fd2ac856d27391a6c866?s=96&d=mm&r=g","contentUrl":"https:\/\/secure.gravatar.com\/avatar\/c8ca58550c94fd2ac856d27391a6c866?s=96&d=mm&r=g","caption":"Thierno Diop"},"sameAs":["https:\/\/nettali.com"]}]}},"_links":{"self":[{"href":"https:\/\/www.nettali.com\/rest\/wp\/v2\/posts\/81869"}],"collection":[{"href":"https:\/\/www.nettali.com\/rest\/wp\/v2\/posts"}],"about":[{"href":"https:\/\/www.nettali.com\/rest\/wp\/v2\/types\/post"}],"author":[{"embeddable":true,"href":"https:\/\/www.nettali.com\/rest\/wp\/v2\/users\/11"}],"replies":[{"embeddable":true,"href":"https:\/\/www.nettali.com\/rest\/wp\/v2\/comments?post=81869"}],"version-history":[{"count":1,"href":"https:\/\/www.nettali.com\/rest\/wp\/v2\/posts\/81869\/revisions"}],"predecessor-version":[{"id":81870,"href":"https:\/\/www.nettali.com\/rest\/wp\/v2\/posts\/81869\/revisions\/81870"}],"wp:featuredmedia":[{"embeddable":true,"href":"https:\/\/www.nettali.com\/rest\/wp\/v2\/media\/21411"}],"wp:attachment":[{"href":"https:\/\/www.nettali.com\/rest\/wp\/v2\/media?parent=81869"}],"wp:term":[{"taxonomy":"category","embeddable":true,"href":"https:\/\/www.nettali.com\/rest\/wp\/v2\/categories?post=81869"},{"taxonomy":"post_tag","embeddable":true,"href":"https:\/\/www.nettali.com\/rest\/wp\/v2\/tags?post=81869"}],"curies":[{"name":"wp","href":"https:\/\/api.w.org\/{rel}","templated":true}]}}