{"id":81854,"date":"2022-02-24T11:26:12","date_gmt":"2022-02-24T11:26:12","guid":{"rendered":"https:\/\/www.nettali.com\/?p=81854"},"modified":"2022-02-24T11:26:12","modified_gmt":"2022-02-24T11:26:12","slug":"etats-unis-neymar-recadre-par-le-patron-de-la-mls","status":"publish","type":"post","link":"https:\/\/www.nettali.com\/2022\/02\/24\/etats-unis-neymar-recadre-par-le-patron-de-la-mls\/","title":{"rendered":"\u00c9TATS-UNIS - Neymar recadr\u00e9 par le patron de la MLS"},"content":{"rendered":"<p><strong>NETTALI.COM - Au cours d\u2019un live Twitch avec Ronaldo, Neymar Junior s\u2019\u00e9tait prononc\u00e9 sur son envie de jouer au moins une saison en MLS, mettant en avant les trois ou quatre mois de vacances qu\u2019offre le championnat en am\u00e9ricain. Une d\u00e9claration qui n\u2019a pas ravi Don Garber, le patron de la MLS.<\/strong><\/p>\n<p>\" <em>Nous n\u2019avons pas besoin de faire venir de grands noms en fin de carri\u00e8re parce qu\u2019ils ont d\u00e9cid\u00e9 de prendre leur retraite en MLS. S\u2019ils ne viennent pas pour jouer et apporter une contribution significative au championnat, en respectant la ligue et les fans, alors nous ne voulons pas d\u2019eux<\/em>\", a pest\u00e9 Don Garber.<\/p>\n<p>Cette d\u00e9claration du boss du championnat d\u2019outre-Atlantique d\u00e9montre la volont\u00e9 qu\u2019a la MLS de devenir un championnat majeur et de casser son image de destination pour footballeurs en pr\u00e9retraite. L\u2019\u00e9mergence de nombreux jeunes joueurs au sein de la ligue am\u00e9ricaine indique que la MLS est sur la bonne voie. Don Garber a pris l\u2019exemple de Zlatan Ibrahimovi\u0107 pour souligner la diff\u00e9rence de traitement r\u00e9gnant encore entre la MLS et les grands championnats europ\u00e9ens.<\/p>\n<p>\" <em>Quand Zlatan est parti, personne ne disait qu\u2019il allait en Italie pour y prendre sa retraite. Honn\u00eatement, je me suis senti insult\u00e9. Parce que si Ibrahimovi\u0107 \u00e9tait venu chez nous au m\u00eame \u00e2ge que celui qu\u2019il avait en allant \u00e0 Milan, cela aurait \u00e9t\u00e9 un transfert en forme de retraite de sa part<\/em>\", a-t-il d\u00e9plor\u00e9.<\/p>\n<div class='share-to-whatsapp-wrapper'><div class='share-on-whsp'>PARTAGER SUR : <\/div><a data-text='\u00c9TATS-UNIS - Neymar recadr\u00e9 par le patron de la MLS' data-link='https:\/\/www.nettali.com\/2022\/02\/24\/etats-unis-neymar-recadre-par-le-patron-de-la-mls\/' class='whatsapp-button whatsapp-share'>WhatsApp<\/a><div class='clear '><\/div><\/div>","protected":false},"excerpt":{"rendered":"<p>NETTALI.COM - Au cours d\u2019un live Twitch avec Ronaldo, Neymar Junior s\u2019\u00e9tait prononc\u00e9 sur son envie de jouer au moins une saison en MLS, mettant en avant les trois ou quatre mois de vacances qu\u2019offre le championnat en am\u00e9ricain. Une d\u00e9claration qui n\u2019a pas ravi Don Garber, le patron de la MLS. \" Nous n\u2019avons [&hellip;]<\/p>\n","protected":false},"author":5,"featured_media":81855,"comment_status":"open","ping_status":"open","sticky":false,"template":"","format":"standard","meta":{"_et_pb_use_builder":"","_et_pb_old_content":""},"categories":[6],"tags":[],"yoast_head":"<!-- This site is optimized with the Yoast SEO Premium plugin v17.8 (Yoast SEO v17.8) - https:\/\/yoast.com\/wordpress\/plugins\/seo\/ -->\n<title>\u00c9TATS-UNIS - Neymar recadr\u00e9 par le patron de la MLS | Nettali.com<\/title>\n<meta name=\"robots\" content=\"index, follow, max-snippet:-1, max-image-preview:large, max-video-preview:-1\" \/>\n<link rel=\"canonical\" href=\"https:\/\/www.nettali.com\/2022\/02\/24\/etats-unis-neymar-recadre-par-le-patron-de-la-mls\/\" \/>\n<meta property=\"og:locale\" content=\"fr_FR\" \/>\n<meta property=\"og:type\" content=\"article\" \/>\n<meta property=\"og:title\" content=\"\u00c9TATS-UNIS - Neymar recadr\u00e9 par le patron de la MLS\" \/>\n<meta property=\"og:description\" content=\"NETTALI.COM - Au cours d\u2019un live Twitch avec Ronaldo, Neymar Junior s\u2019\u00e9tait prononc\u00e9 sur son envie de jouer au moins une saison en MLS, mettant en avant les trois ou quatre mois de vacances qu\u2019offre le championnat en am\u00e9ricain. Une d\u00e9claration qui n\u2019a pas ravi Don Garber, le patron de la MLS. &quot; Nous n\u2019avons [&hellip;]\" \/>\n<meta property=\"og:url\" content=\"https:\/\/www.nettali.com\/2022\/02\/24\/etats-unis-neymar-recadre-par-le-patron-de-la-mls\/\" \/>\n<meta property=\"og:site_name\" content=\"Nettali.com\" \/>\n<meta property=\"article:publisher\" content=\"https:\/\/www.facebook.com\/nettalicom\" \/>\n<meta property=\"article:published_time\" content=\"2022-02-24T11:26:12+00:00\" \/>\n<meta property=\"og:image\" content=\"https:\/\/www.nettali.com\/wp-content\/uploads\/2022\/02\/SPORT-PREVIEW-Neymar-MLS-1.jpg\" \/>\n\t<meta property=\"og:image:width\" content=\"1200\" \/>\n\t<meta property=\"og:image:height\" content=\"800\" \/>\n<meta name=\"twitter:card\" content=\"summary_large_image\" \/>\n<meta name=\"twitter:label1\" content=\"\u00c9crit par\" \/>\n\t<meta name=\"twitter:data1\" content=\"Ibrahima\" \/>\n\t<meta name=\"twitter:label2\" content=\"Dur\u00e9e de lecture estim\u00e9e\" \/>\n\t<meta name=\"twitter:data2\" content=\"2 minutes\" \/>\n<script type=\"application\/ld+json\" class=\"yoast-schema-graph\">{\"@context\":\"https:\/\/schema.org\",\"@graph\":[{\"@type\":\"WebSite\",\"@id\":\"https:\/\/www.nettali.com\/#website\",\"url\":\"https:\/\/www.nettali.com\/\",\"name\":\"Nettali.com\",\"description\":\"Le rendez-vous critique du Net\",\"potentialAction\":[{\"@type\":\"SearchAction\",\"target\":{\"@type\":\"EntryPoint\",\"urlTemplate\":\"https:\/\/www.nettali.com\/?s={search_term_string}\"},\"query-input\":\"required name=search_term_string\"}],\"inLanguage\":\"fr-FR\"},{\"@type\":\"ImageObject\",\"@id\":\"https:\/\/www.nettali.com\/2022\/02\/24\/etats-unis-neymar-recadre-par-le-patron-de-la-mls\/#primaryimage\",\"inLanguage\":\"fr-FR\",\"url\":\"https:\/\/www.nettali.com\/wp-content\/uploads\/2022\/02\/SPORT-PREVIEW-Neymar-MLS-1.jpg\",\"contentUrl\":\"https:\/\/www.nettali.com\/wp-content\/uploads\/2022\/02\/SPORT-PREVIEW-Neymar-MLS-1.jpg\",\"width\":1200,\"height\":800},{\"@type\":\"WebPage\",\"@id\":\"https:\/\/www.nettali.com\/2022\/02\/24\/etats-unis-neymar-recadre-par-le-patron-de-la-mls\/#webpage\",\"url\":\"https:\/\/www.nettali.com\/2022\/02\/24\/etats-unis-neymar-recadre-par-le-patron-de-la-mls\/\",\"name\":\"\\u00c9TATS-UNIS - Neymar recadr\\u00e9 par le patron de la MLS | Nettali.com\",\"isPartOf\":{\"@id\":\"https:\/\/www.nettali.com\/#website\"},\"primaryImageOfPage\":{\"@id\":\"https:\/\/www.nettali.com\/2022\/02\/24\/etats-unis-neymar-recadre-par-le-patron-de-la-mls\/#primaryimage\"},\"datePublished\":\"2022-02-24T11:26:12+00:00\",\"dateModified\":\"2022-02-24T11:26:12+00:00\",\"author\":{\"@id\":\"https:\/\/www.nettali.com\/#\/schema\/person\/bb147657c2986240405a608162b9bb23\"},\"breadcrumb\":{\"@id\":\"https:\/\/www.nettali.com\/2022\/02\/24\/etats-unis-neymar-recadre-par-le-patron-de-la-mls\/#breadcrumb\"},\"inLanguage\":\"fr-FR\",\"potentialAction\":[{\"@type\":\"ReadAction\",\"target\":[\"https:\/\/www.nettali.com\/2022\/02\/24\/etats-unis-neymar-recadre-par-le-patron-de-la-mls\/\"]}]},{\"@type\":\"BreadcrumbList\",\"@id\":\"https:\/\/www.nettali.com\/2022\/02\/24\/etats-unis-neymar-recadre-par-le-patron-de-la-mls\/#breadcrumb\",\"itemListElement\":[{\"@type\":\"ListItem\",\"position\":1,\"name\":\"Accueil\",\"item\":\"https:\/\/www.nettali.com\/\"},{\"@type\":\"ListItem\",\"position\":2,\"name\":\"\\u00c9TATS-UNIS &#8211; Neymar recadr\\u00e9 par le patron de la MLS\"}]},{\"@type\":\"Person\",\"@id\":\"https:\/\/www.nettali.com\/#\/schema\/person\/bb147657c2986240405a608162b9bb23\",\"name\":\"Ibrahima\",\"image\":{\"@type\":\"ImageObject\",\"@id\":\"https:\/\/www.nettali.com\/#personlogo\",\"inLanguage\":\"fr-FR\",\"url\":\"https:\/\/secure.gravatar.com\/avatar\/26a8a81f09f0dd7624c9d5c36c9ba3a2?s=96&d=mm&r=g\",\"contentUrl\":\"https:\/\/secure.gravatar.com\/avatar\/26a8a81f09f0dd7624c9d5c36c9ba3a2?s=96&d=mm&r=g\",\"caption\":\"Ibrahima\"},\"sameAs\":[\"https:\/\/www.nettali.com\"]}]}<\/script>\n<!-- \/ Yoast SEO Premium plugin. -->","yoast_head_json":{"title":"\u00c9TATS-UNIS - Neymar recadr\u00e9 par le patron de la MLS | Nettali.com","robots":{"index":"index","follow":"follow","max-snippet":"max-snippet:-1","max-image-preview":"max-image-preview:large","max-video-preview":"max-video-preview:-1"},"canonical":"https:\/\/www.nettali.com\/2022\/02\/24\/etats-unis-neymar-recadre-par-le-patron-de-la-mls\/","og_locale":"fr_FR","og_type":"article","og_title":"\u00c9TATS-UNIS - Neymar recadr\u00e9 par le patron de la MLS","og_description":"NETTALI.COM - Au cours d\u2019un live Twitch avec Ronaldo, Neymar Junior s\u2019\u00e9tait prononc\u00e9 sur son envie de jouer au moins une saison en MLS, mettant en avant les trois ou quatre mois de vacances qu\u2019offre le championnat en am\u00e9ricain. Une d\u00e9claration qui n\u2019a pas ravi Don Garber, le patron de la MLS. \" Nous n\u2019avons [&hellip;]","og_url":"https:\/\/www.nettali.com\/2022\/02\/24\/etats-unis-neymar-recadre-par-le-patron-de-la-mls\/","og_site_name":"Nettali.com","article_publisher":"https:\/\/www.facebook.com\/nettalicom","article_published_time":"2022-02-24T11:26:12+00:00","og_image":[{"width":1200,"height":800,"url":"https:\/\/www.nettali.com\/wp-content\/uploads\/2022\/02\/SPORT-PREVIEW-Neymar-MLS-1.jpg","type":"image\/jpeg"}],"twitter_card":"summary_large_image","twitter_misc":{"\u00c9crit par":"Ibrahima","Dur\u00e9e de lecture estim\u00e9e":"2 minutes"},"schema":{"@context":"https:\/\/schema.org","@graph":[{"@type":"WebSite","@id":"https:\/\/www.nettali.com\/#website","url":"https:\/\/www.nettali.com\/","name":"Nettali.com","description":"Le rendez-vous critique du Net","potentialAction":[{"@type":"SearchAction","target":{"@type":"EntryPoint","urlTemplate":"https:\/\/www.nettali.com\/?s={search_term_string}"},"query-input":"required name=search_term_string"}],"inLanguage":"fr-FR"},{"@type":"ImageObject","@id":"https:\/\/www.nettali.com\/2022\/02\/24\/etats-unis-neymar-recadre-par-le-patron-de-la-mls\/#primaryimage","inLanguage":"fr-FR","url":"https:\/\/www.nettali.com\/wp-content\/uploads\/2022\/02\/SPORT-PREVIEW-Neymar-MLS-1.jpg","contentUrl":"https:\/\/www.nettali.com\/wp-content\/uploads\/2022\/02\/SPORT-PREVIEW-Neymar-MLS-1.jpg","width":1200,"height":800},{"@type":"WebPage","@id":"https:\/\/www.nettali.com\/2022\/02\/24\/etats-unis-neymar-recadre-par-le-patron-de-la-mls\/#webpage","url":"https:\/\/www.nettali.com\/2022\/02\/24\/etats-unis-neymar-recadre-par-le-patron-de-la-mls\/","name":"\u00c9TATS-UNIS - Neymar recadr\u00e9 par le patron de la MLS | Nettali.com","isPartOf":{"@id":"https:\/\/www.nettali.com\/#website"},"primaryImageOfPage":{"@id":"https:\/\/www.nettali.com\/2022\/02\/24\/etats-unis-neymar-recadre-par-le-patron-de-la-mls\/#primaryimage"},"datePublished":"2022-02-24T11:26:12+00:00","dateModified":"2022-02-24T11:26:12+00:00","author":{"@id":"https:\/\/www.nettali.com\/#\/schema\/person\/bb147657c2986240405a608162b9bb23"},"breadcrumb":{"@id":"https:\/\/www.nettali.com\/2022\/02\/24\/etats-unis-neymar-recadre-par-le-patron-de-la-mls\/#breadcrumb"},"inLanguage":"fr-FR","potentialAction":[{"@type":"ReadAction","target":["https:\/\/www.nettali.com\/2022\/02\/24\/etats-unis-neymar-recadre-par-le-patron-de-la-mls\/"]}]},{"@type":"BreadcrumbList","@id":"https:\/\/www.nettali.com\/2022\/02\/24\/etats-unis-neymar-recadre-par-le-patron-de-la-mls\/#breadcrumb","itemListElement":[{"@type":"ListItem","position":1,"name":"Accueil","item":"https:\/\/www.nettali.com\/"},{"@type":"ListItem","position":2,"name":"\u00c9TATS-UNIS &#8211; Neymar recadr\u00e9 par le patron de la MLS"}]},{"@type":"Person","@id":"https:\/\/www.nettali.com\/#\/schema\/person\/bb147657c2986240405a608162b9bb23","name":"Ibrahima","image":{"@type":"ImageObject","@id":"https:\/\/www.nettali.com\/#personlogo","inLanguage":"fr-FR","url":"https:\/\/secure.gravatar.com\/avatar\/26a8a81f09f0dd7624c9d5c36c9ba3a2?s=96&d=mm&r=g","contentUrl":"https:\/\/secure.gravatar.com\/avatar\/26a8a81f09f0dd7624c9d5c36c9ba3a2?s=96&d=mm&r=g","caption":"Ibrahima"},"sameAs":["https:\/\/www.nettali.com"]}]}},"_links":{"self":[{"href":"https:\/\/www.nettali.com\/rest\/wp\/v2\/posts\/81854"}],"collection":[{"href":"https:\/\/www.nettali.com\/rest\/wp\/v2\/posts"}],"about":[{"href":"https:\/\/www.nettali.com\/rest\/wp\/v2\/types\/post"}],"author":[{"embeddable":true,"href":"https:\/\/www.nettali.com\/rest\/wp\/v2\/users\/5"}],"replies":[{"embeddable":true,"href":"https:\/\/www.nettali.com\/rest\/wp\/v2\/comments?post=81854"}],"version-history":[{"count":1,"href":"https:\/\/www.nettali.com\/rest\/wp\/v2\/posts\/81854\/revisions"}],"predecessor-version":[{"id":81856,"href":"https:\/\/www.nettali.com\/rest\/wp\/v2\/posts\/81854\/revisions\/81856"}],"wp:featuredmedia":[{"embeddable":true,"href":"https:\/\/www.nettali.com\/rest\/wp\/v2\/media\/81855"}],"wp:attachment":[{"href":"https:\/\/www.nettali.com\/rest\/wp\/v2\/media?parent=81854"}],"wp:term":[{"taxonomy":"category","embeddable":true,"href":"https:\/\/www.nettali.com\/rest\/wp\/v2\/categories?post=81854"},{"taxonomy":"post_tag","embeddable":true,"href":"https:\/\/www.nettali.com\/rest\/wp\/v2\/tags?post=81854"}],"curies":[{"name":"wp","href":"https:\/\/api.w.org\/{rel}","templated":true}]}}