{"id":81788,"date":"2022-02-23T11:28:51","date_gmt":"2022-02-23T11:28:51","guid":{"rendered":"https:\/\/www.nettali.com\/?p=81788"},"modified":"2022-02-23T11:28:51","modified_gmt":"2022-02-23T11:28:51","slug":"inauguration-stade-abdoulaye-wade-le-chef-de-la-securite-derdogan-decede-dune-crise-cardiaque","status":"publish","type":"post","link":"https:\/\/www.nettali.com\/2022\/02\/23\/inauguration-stade-abdoulaye-wade-le-chef-de-la-securite-derdogan-decede-dune-crise-cardiaque\/","title":{"rendered":"INAUGURATION STADE ABDOULAYE WADE - Le chef de la s\u00e9curit\u00e9 d\u2019Erdogan d\u00e9c\u00e8de d'une crise cardiaque"},"content":{"rendered":"<p>NETTALI.COM \u2013 La c\u00e9r\u00e9monie d\u2019inauguration du stade Abdoulaye Wade a \u00e9t\u00e9 marqu\u00e9e par la mort de Hayrettin Eren, chef de la s\u00e9curit\u00e9 du Pr\u00e9sident Erdogan.<\/p>\n<p>Selon nos confr\u00e8res de Vox Populi, il est d\u00e9c\u00e9d\u00e9 apr\u00e8s avoir piqu\u00e9 une crise cardiaque.<\/p>\n<p>Il \u00e9tait le directeur de la branche des op\u00e9rations sp\u00e9ciales du d\u00e9partement de protection de la pr\u00e9sidence turque.<\/p>\n<p>A en croire la m\u00eame source, le pr\u00e9sident Erdogan a\u00a0 \u00e9court\u00e9 sa tourn\u00e9e\u00a0 africaine laquelle devait le conduire demain \u00e0 Bissau.<\/p>\n<div class='share-to-whatsapp-wrapper'><div class='share-on-whsp'>PARTAGER SUR : <\/div><a data-text='INAUGURATION STADE ABDOULAYE WADE - Le chef de la s\u00e9curit\u00e9 d\u2019Erdogan d\u00e9c\u00e8de d'une crise cardiaque' data-link='https:\/\/www.nettali.com\/2022\/02\/23\/inauguration-stade-abdoulaye-wade-le-chef-de-la-securite-derdogan-decede-dune-crise-cardiaque\/' class='whatsapp-button whatsapp-share'>WhatsApp<\/a><div class='clear '><\/div><\/div>","protected":false},"excerpt":{"rendered":"<p>NETTALI.COM \u2013 La c\u00e9r\u00e9monie d\u2019inauguration du stade Abdoulaye Wade a \u00e9t\u00e9 marqu\u00e9e par la mort de Hayrettin Eren, chef de la s\u00e9curit\u00e9 du Pr\u00e9sident Erdogan. Selon nos confr\u00e8res de Vox Populi, il est d\u00e9c\u00e9d\u00e9 apr\u00e8s avoir piqu\u00e9 une crise cardiaque. Il \u00e9tait le directeur de la branche des op\u00e9rations sp\u00e9ciales du d\u00e9partement de protection de [&hellip;]<\/p>\n","protected":false},"author":11,"featured_media":81790,"comment_status":"open","ping_status":"open","sticky":false,"template":"","format":"standard","meta":{"_et_pb_use_builder":"","_et_pb_old_content":""},"categories":[3],"tags":[],"yoast_head":"<!-- This site is optimized with the Yoast SEO Premium plugin v17.8 (Yoast SEO v17.8) - https:\/\/yoast.com\/wordpress\/plugins\/seo\/ -->\n<title>INAUGURATION STADE ABDOULAYE WADE - Le chef de la s\u00e9curit\u00e9 d\u2019Erdogan d\u00e9c\u00e8de d&#039;une crise cardiaque | Nettali.com<\/title>\n<meta name=\"robots\" content=\"index, follow, max-snippet:-1, max-image-preview:large, max-video-preview:-1\" \/>\n<link rel=\"canonical\" href=\"https:\/\/www.nettali.com\/2022\/02\/23\/inauguration-stade-abdoulaye-wade-le-chef-de-la-securite-derdogan-decede-dune-crise-cardiaque\/\" \/>\n<meta property=\"og:locale\" content=\"fr_FR\" \/>\n<meta property=\"og:type\" content=\"article\" \/>\n<meta property=\"og:title\" content=\"INAUGURATION STADE ABDOULAYE WADE - Le chef de la s\u00e9curit\u00e9 d\u2019Erdogan d\u00e9c\u00e8de d&#039;une crise cardiaque\" \/>\n<meta property=\"og:description\" content=\"NETTALI.COM \u2013 La c\u00e9r\u00e9monie d\u2019inauguration du stade Abdoulaye Wade a \u00e9t\u00e9 marqu\u00e9e par la mort de Hayrettin Eren, chef de la s\u00e9curit\u00e9 du Pr\u00e9sident Erdogan. Selon nos confr\u00e8res de Vox Populi, il est d\u00e9c\u00e9d\u00e9 apr\u00e8s avoir piqu\u00e9 une crise cardiaque. Il \u00e9tait le directeur de la branche des op\u00e9rations sp\u00e9ciales du d\u00e9partement de protection de [&hellip;]\" \/>\n<meta property=\"og:url\" content=\"https:\/\/www.nettali.com\/2022\/02\/23\/inauguration-stade-abdoulaye-wade-le-chef-de-la-securite-derdogan-decede-dune-crise-cardiaque\/\" \/>\n<meta property=\"og:site_name\" content=\"Nettali.com\" \/>\n<meta property=\"article:publisher\" content=\"https:\/\/www.facebook.com\/nettalicom\" \/>\n<meta property=\"article:published_time\" content=\"2022-02-23T11:28:51+00:00\" \/>\n<meta property=\"og:image\" content=\"https:\/\/www.nettali.com\/wp-content\/uploads\/2022\/02\/gard.jpeg\" \/>\n\t<meta property=\"og:image:width\" content=\"612\" \/>\n\t<meta property=\"og:image:height\" content=\"298\" \/>\n<meta name=\"twitter:card\" content=\"summary_large_image\" \/>\n<meta name=\"twitter:label1\" content=\"\u00c9crit par\" \/>\n\t<meta name=\"twitter:data1\" content=\"Thierno Diop\" \/>\n\t<meta name=\"twitter:label2\" content=\"Dur\u00e9e de lecture estim\u00e9e\" \/>\n\t<meta name=\"twitter:data2\" content=\"1 minute\" \/>\n<script type=\"application\/ld+json\" class=\"yoast-schema-graph\">{\"@context\":\"https:\/\/schema.org\",\"@graph\":[{\"@type\":\"WebSite\",\"@id\":\"https:\/\/www.nettali.com\/#website\",\"url\":\"https:\/\/www.nettali.com\/\",\"name\":\"Nettali.com\",\"description\":\"Le rendez-vous critique du Net\",\"potentialAction\":[{\"@type\":\"SearchAction\",\"target\":{\"@type\":\"EntryPoint\",\"urlTemplate\":\"https:\/\/www.nettali.com\/?s={search_term_string}\"},\"query-input\":\"required name=search_term_string\"}],\"inLanguage\":\"fr-FR\"},{\"@type\":\"ImageObject\",\"@id\":\"https:\/\/www.nettali.com\/2022\/02\/23\/inauguration-stade-abdoulaye-wade-le-chef-de-la-securite-derdogan-decede-dune-crise-cardiaque\/#primaryimage\",\"inLanguage\":\"fr-FR\",\"url\":\"https:\/\/www.nettali.com\/wp-content\/uploads\/2022\/02\/gard.jpeg\",\"contentUrl\":\"https:\/\/www.nettali.com\/wp-content\/uploads\/2022\/02\/gard.jpeg\",\"width\":612,\"height\":298},{\"@type\":\"WebPage\",\"@id\":\"https:\/\/www.nettali.com\/2022\/02\/23\/inauguration-stade-abdoulaye-wade-le-chef-de-la-securite-derdogan-decede-dune-crise-cardiaque\/#webpage\",\"url\":\"https:\/\/www.nettali.com\/2022\/02\/23\/inauguration-stade-abdoulaye-wade-le-chef-de-la-securite-derdogan-decede-dune-crise-cardiaque\/\",\"name\":\"INAUGURATION STADE ABDOULAYE WADE - Le chef de la s\\u00e9curit\\u00e9 d\\u2019Erdogan d\\u00e9c\\u00e8de d'une crise cardiaque | Nettali.com\",\"isPartOf\":{\"@id\":\"https:\/\/www.nettali.com\/#website\"},\"primaryImageOfPage\":{\"@id\":\"https:\/\/www.nettali.com\/2022\/02\/23\/inauguration-stade-abdoulaye-wade-le-chef-de-la-securite-derdogan-decede-dune-crise-cardiaque\/#primaryimage\"},\"datePublished\":\"2022-02-23T11:28:51+00:00\",\"dateModified\":\"2022-02-23T11:28:51+00:00\",\"author\":{\"@id\":\"https:\/\/www.nettali.com\/#\/schema\/person\/8a06c6bd7b19304cf4bf985862900b5b\"},\"breadcrumb\":{\"@id\":\"https:\/\/www.nettali.com\/2022\/02\/23\/inauguration-stade-abdoulaye-wade-le-chef-de-la-securite-derdogan-decede-dune-crise-cardiaque\/#breadcrumb\"},\"inLanguage\":\"fr-FR\",\"potentialAction\":[{\"@type\":\"ReadAction\",\"target\":[\"https:\/\/www.nettali.com\/2022\/02\/23\/inauguration-stade-abdoulaye-wade-le-chef-de-la-securite-derdogan-decede-dune-crise-cardiaque\/\"]}]},{\"@type\":\"BreadcrumbList\",\"@id\":\"https:\/\/www.nettali.com\/2022\/02\/23\/inauguration-stade-abdoulaye-wade-le-chef-de-la-securite-derdogan-decede-dune-crise-cardiaque\/#breadcrumb\",\"itemListElement\":[{\"@type\":\"ListItem\",\"position\":1,\"name\":\"Accueil\",\"item\":\"https:\/\/www.nettali.com\/\"},{\"@type\":\"ListItem\",\"position\":2,\"name\":\"INAUGURATION STADE ABDOULAYE WADE &#8211; Le chef de la s\\u00e9curit\\u00e9 d\\u2019Erdogan d\\u00e9c\\u00e8de d&rsquo;une crise cardiaque\"}]},{\"@type\":\"Person\",\"@id\":\"https:\/\/www.nettali.com\/#\/schema\/person\/8a06c6bd7b19304cf4bf985862900b5b\",\"name\":\"Thierno Diop\",\"image\":{\"@type\":\"ImageObject\",\"@id\":\"https:\/\/www.nettali.com\/#personlogo\",\"inLanguage\":\"fr-FR\",\"url\":\"https:\/\/secure.gravatar.com\/avatar\/c8ca58550c94fd2ac856d27391a6c866?s=96&d=mm&r=g\",\"contentUrl\":\"https:\/\/secure.gravatar.com\/avatar\/c8ca58550c94fd2ac856d27391a6c866?s=96&d=mm&r=g\",\"caption\":\"Thierno Diop\"},\"sameAs\":[\"https:\/\/nettali.com\"]}]}<\/script>\n<!-- \/ Yoast SEO Premium plugin. -->","yoast_head_json":{"title":"INAUGURATION STADE ABDOULAYE WADE - Le chef de la s\u00e9curit\u00e9 d\u2019Erdogan d\u00e9c\u00e8de d'une crise cardiaque | Nettali.com","robots":{"index":"index","follow":"follow","max-snippet":"max-snippet:-1","max-image-preview":"max-image-preview:large","max-video-preview":"max-video-preview:-1"},"canonical":"https:\/\/www.nettali.com\/2022\/02\/23\/inauguration-stade-abdoulaye-wade-le-chef-de-la-securite-derdogan-decede-dune-crise-cardiaque\/","og_locale":"fr_FR","og_type":"article","og_title":"INAUGURATION STADE ABDOULAYE WADE - Le chef de la s\u00e9curit\u00e9 d\u2019Erdogan d\u00e9c\u00e8de d'une crise cardiaque","og_description":"NETTALI.COM \u2013 La c\u00e9r\u00e9monie d\u2019inauguration du stade Abdoulaye Wade a \u00e9t\u00e9 marqu\u00e9e par la mort de Hayrettin Eren, chef de la s\u00e9curit\u00e9 du Pr\u00e9sident Erdogan. Selon nos confr\u00e8res de Vox Populi, il est d\u00e9c\u00e9d\u00e9 apr\u00e8s avoir piqu\u00e9 une crise cardiaque. Il \u00e9tait le directeur de la branche des op\u00e9rations sp\u00e9ciales du d\u00e9partement de protection de [&hellip;]","og_url":"https:\/\/www.nettali.com\/2022\/02\/23\/inauguration-stade-abdoulaye-wade-le-chef-de-la-securite-derdogan-decede-dune-crise-cardiaque\/","og_site_name":"Nettali.com","article_publisher":"https:\/\/www.facebook.com\/nettalicom","article_published_time":"2022-02-23T11:28:51+00:00","og_image":[{"width":612,"height":298,"url":"https:\/\/www.nettali.com\/wp-content\/uploads\/2022\/02\/gard.jpeg","type":"image\/jpeg"}],"twitter_card":"summary_large_image","twitter_misc":{"\u00c9crit par":"Thierno Diop","Dur\u00e9e de lecture estim\u00e9e":"1 minute"},"schema":{"@context":"https:\/\/schema.org","@graph":[{"@type":"WebSite","@id":"https:\/\/www.nettali.com\/#website","url":"https:\/\/www.nettali.com\/","name":"Nettali.com","description":"Le rendez-vous critique du Net","potentialAction":[{"@type":"SearchAction","target":{"@type":"EntryPoint","urlTemplate":"https:\/\/www.nettali.com\/?s={search_term_string}"},"query-input":"required name=search_term_string"}],"inLanguage":"fr-FR"},{"@type":"ImageObject","@id":"https:\/\/www.nettali.com\/2022\/02\/23\/inauguration-stade-abdoulaye-wade-le-chef-de-la-securite-derdogan-decede-dune-crise-cardiaque\/#primaryimage","inLanguage":"fr-FR","url":"https:\/\/www.nettali.com\/wp-content\/uploads\/2022\/02\/gard.jpeg","contentUrl":"https:\/\/www.nettali.com\/wp-content\/uploads\/2022\/02\/gard.jpeg","width":612,"height":298},{"@type":"WebPage","@id":"https:\/\/www.nettali.com\/2022\/02\/23\/inauguration-stade-abdoulaye-wade-le-chef-de-la-securite-derdogan-decede-dune-crise-cardiaque\/#webpage","url":"https:\/\/www.nettali.com\/2022\/02\/23\/inauguration-stade-abdoulaye-wade-le-chef-de-la-securite-derdogan-decede-dune-crise-cardiaque\/","name":"INAUGURATION STADE ABDOULAYE WADE - Le chef de la s\u00e9curit\u00e9 d\u2019Erdogan d\u00e9c\u00e8de d'une crise cardiaque | Nettali.com","isPartOf":{"@id":"https:\/\/www.nettali.com\/#website"},"primaryImageOfPage":{"@id":"https:\/\/www.nettali.com\/2022\/02\/23\/inauguration-stade-abdoulaye-wade-le-chef-de-la-securite-derdogan-decede-dune-crise-cardiaque\/#primaryimage"},"datePublished":"2022-02-23T11:28:51+00:00","dateModified":"2022-02-23T11:28:51+00:00","author":{"@id":"https:\/\/www.nettali.com\/#\/schema\/person\/8a06c6bd7b19304cf4bf985862900b5b"},"breadcrumb":{"@id":"https:\/\/www.nettali.com\/2022\/02\/23\/inauguration-stade-abdoulaye-wade-le-chef-de-la-securite-derdogan-decede-dune-crise-cardiaque\/#breadcrumb"},"inLanguage":"fr-FR","potentialAction":[{"@type":"ReadAction","target":["https:\/\/www.nettali.com\/2022\/02\/23\/inauguration-stade-abdoulaye-wade-le-chef-de-la-securite-derdogan-decede-dune-crise-cardiaque\/"]}]},{"@type":"BreadcrumbList","@id":"https:\/\/www.nettali.com\/2022\/02\/23\/inauguration-stade-abdoulaye-wade-le-chef-de-la-securite-derdogan-decede-dune-crise-cardiaque\/#breadcrumb","itemListElement":[{"@type":"ListItem","position":1,"name":"Accueil","item":"https:\/\/www.nettali.com\/"},{"@type":"ListItem","position":2,"name":"INAUGURATION STADE ABDOULAYE WADE &#8211; Le chef de la s\u00e9curit\u00e9 d\u2019Erdogan d\u00e9c\u00e8de d&rsquo;une crise cardiaque"}]},{"@type":"Person","@id":"https:\/\/www.nettali.com\/#\/schema\/person\/8a06c6bd7b19304cf4bf985862900b5b","name":"Thierno Diop","image":{"@type":"ImageObject","@id":"https:\/\/www.nettali.com\/#personlogo","inLanguage":"fr-FR","url":"https:\/\/secure.gravatar.com\/avatar\/c8ca58550c94fd2ac856d27391a6c866?s=96&d=mm&r=g","contentUrl":"https:\/\/secure.gravatar.com\/avatar\/c8ca58550c94fd2ac856d27391a6c866?s=96&d=mm&r=g","caption":"Thierno Diop"},"sameAs":["https:\/\/nettali.com"]}]}},"_links":{"self":[{"href":"https:\/\/www.nettali.com\/rest\/wp\/v2\/posts\/81788"}],"collection":[{"href":"https:\/\/www.nettali.com\/rest\/wp\/v2\/posts"}],"about":[{"href":"https:\/\/www.nettali.com\/rest\/wp\/v2\/types\/post"}],"author":[{"embeddable":true,"href":"https:\/\/www.nettali.com\/rest\/wp\/v2\/users\/11"}],"replies":[{"embeddable":true,"href":"https:\/\/www.nettali.com\/rest\/wp\/v2\/comments?post=81788"}],"version-history":[{"count":1,"href":"https:\/\/www.nettali.com\/rest\/wp\/v2\/posts\/81788\/revisions"}],"predecessor-version":[{"id":81791,"href":"https:\/\/www.nettali.com\/rest\/wp\/v2\/posts\/81788\/revisions\/81791"}],"wp:featuredmedia":[{"embeddable":true,"href":"https:\/\/www.nettali.com\/rest\/wp\/v2\/media\/81790"}],"wp:attachment":[{"href":"https:\/\/www.nettali.com\/rest\/wp\/v2\/media?parent=81788"}],"wp:term":[{"taxonomy":"category","embeddable":true,"href":"https:\/\/www.nettali.com\/rest\/wp\/v2\/categories?post=81788"},{"taxonomy":"post_tag","embeddable":true,"href":"https:\/\/www.nettali.com\/rest\/wp\/v2\/tags?post=81788"}],"curies":[{"name":"wp","href":"https:\/\/api.w.org\/{rel}","templated":true}]}}