{"id":81752,"date":"2022-02-22T12:39:43","date_gmt":"2022-02-22T12:39:43","guid":{"rendered":"https:\/\/www.nettali.com\/?p=81752"},"modified":"2022-02-22T12:39:43","modified_gmt":"2022-02-22T12:39:43","slug":"cooperation-le-senegal-et-la-turquie-fixent-le-volume-de-leurs-echanges-a-578-milliards-de-fcfa","status":"publish","type":"post","link":"https:\/\/www.nettali.com\/2022\/02\/22\/cooperation-le-senegal-et-la-turquie-fixent-le-volume-de-leurs-echanges-a-578-milliards-de-fcfa\/","title":{"rendered":"Coop\u00e9ration : Le S\u00e9n\u00e9gal et la Turquie fixent le volume de leurs \u00e9changes \u00e0 578 milliards de FCfa"},"content":{"rendered":"<p><strong>NETTALI.COM - Le Pr\u00e9sident Macky Sall et son homologue turc, Recep Tayyip Erdogan, invit\u00e9 \u00e0 l\u2019inauguration du nouveau Stade du S\u00e9n\u00e9gal, ont tenu un point de presse conjoint au Palais de la R\u00e9publique. En raison de la grande amiti\u00e9 qui lie les deux pays, les deux chefs d\u2019Etat veulent porter d\u00e9sormais le niveau de leur partenariat \u00e0 1 milliard de Dollars Us (environ 578 milliards de FCfa). <\/strong><\/p>\n<p>Arriv\u00e9 hier lundi \u00e0 Dakar, le Pr\u00e9sident turc, Recep Tayyip Erdogan, qui est \u00e0 sa cinqui\u00e8me visite au S\u00e9n\u00e9gal, est l\u2019invit\u00e9 du pr\u00e9sident de la R\u00e9publique, Macky Sall, \u00e0 l\u2019inauguration de nouveau Stade du S\u00e9n\u00e9gal. En pr\u00e9lude \u00e0 cette inauguration pr\u00e9vue aujourd\u2019hui \u00e0 Diamniadio (\u00e0 une trentaine de kilom\u00e8tres de Dakar), les deux chefs d\u2019Etat ont pr\u00e9sid\u00e9 un forum des affaires regroupant des investisseurs turcs et s\u00e9n\u00e9galais.<\/p>\n<p>Apr\u00e8s ce forum des affaires, les deux chefs d\u2019Etat ont tenu un point de presse conjoint au Palais de la R\u00e9publique. Et en raison de la grande amiti\u00e9 qui lie les deux pays, Macky Sall renseigne que le s\u00e9jour du Pr\u00e9sident Erdogan a \u00e9t\u00e9 finalement transform\u00e9 en une visite de travail. Une visite officielle au terme de laquelle les deux gouvernements ont sign\u00e9 une s\u00e9rie de 5 accords qui contribuent \u00e0 renforcer la coop\u00e9ration s\u00e9n\u00e9galo-turque. <em>\u00abNous voulons faire plus en encourageant la diversification de l\u2019investissement turc au S\u00e9n\u00e9gal. Et ceci dans des secteurs comme la pharmacie, les mines et la sid\u00e9rurgie y compris par des joint-ventures avec le secteur priv\u00e9 s\u00e9n\u00e9galais. C\u2019est le sens d\u2019ailleurs du Forum des affaires que le Pr\u00e9sident Erdogan et moi-m\u00eame avons pr\u00e9sid\u00e9 d\u00e8s sa descente d\u2019avion. L\u2019ordre du jour s\u00e9n\u00e9galo-turc est toujours bien rempli, parce que nous avons l\u2019ambition de porter toujours plus haut le niveau de notre partenariat. Il y a deux ans, le Pr\u00e9sident Erdogan et moi avons fix\u00e9 la barre \u00e0 400 millions de Dollars Us (environ 231 milliards de FCfa au taux du Dollar d\u2019hier soir) d\u2019\u00e9changes. Aujourd\u2019hui, elle est largement d\u00e9pass\u00e9e. Il (Pr\u00e9sident Erdogan) vient, en bon Sultan de Turquie, de fixer la barre \u00e0 un milliard de Dollar Us (environ 578 milliards de FCfa). J\u2019esp\u00e8re que nous allons y arriver\u00bb<\/em>, explique le chef de l\u2019Etat s\u00e9n\u00e9galais.<\/p>\n<p>Macky Sall, qui a manifest\u00e9 tout son satisf\u00e9cit sur la qualit\u00e9 de travail des entreprises turques en mati\u00e8re de construction, a aussi salu\u00e9 la pr\u00e9sence du Pr\u00e9sident Erdogan qui a bien voulu r\u00e9pondre \u00e0 son invitation pour l\u2019inauguration du Stade du S\u00e9n\u00e9gal \u00e0 Diamniadio, afin de c\u00e9l\u00e9brer ensemble cette structure de derni\u00e8re g\u00e9n\u00e9ration r\u00e9alis\u00e9e par la compagnie turque Summa. Macky Sall\u00a0: <em>\u00abJe dois redire toute ma satisfaction pour la performance exceptionnelle de cette entreprise, puisque les travaux du stade qui ont \u00e9t\u00e9 programm\u00e9s pour 24 mois, ont \u00e9t\u00e9 r\u00e9alis\u00e9s en 17 mois, malgr\u00e9 la crise sanitaire li\u00e9e au Covid-19. Je tiens \u00e9galement \u00e0 saluer la qualit\u00e9 du travail des compagnies turques en mati\u00e8re de construction et ceci, dans le cadre de la r\u00e9alisation du programme du Plan S\u00e9n\u00e9gal \u00e9mergent (Pse). Et les exemples sont nombreux. Finition de l\u2019A\u00e9roport international Blaise Diagne, le Cicad, le Centre des expositions, Dakar Arena, la Gare des gros-porteurs, entre autres. Mais aussi la participation dans l\u2019ex\u00e9cution du projet de Train express r\u00e9gional (Ter), avec une entreprise turque majeure dans le domaine du rail, ainsi que le Stade du S\u00e9n\u00e9gal que nous allons inaugurer demain (aujourd\u2019hui). Je suis satisfait des relations politiques et de coop\u00e9ration \u00e9conomique entre le S\u00e9n\u00e9gal et la Turquie. Ce sont des relations anciennes avec un cadre juridique solide et diversifi\u00e9 qui touche des domaines aussi vari\u00e9s que les consultations politiques, les infrastructures, l\u2019\u00e9nergie, l\u2019agriculture, l\u2019\u00e9ducation, l\u2019eau, le transport, l\u2019environnement, l\u2019industrie, le commerce, la culture et la d\u00e9fense.\u00bb\u00a0<\/em><\/p>\n<p>S\u2019agissant des \u00e9changes commerciaux entre les deux pays, le Pr\u00e9sident Erdogan fait savoir que, lorsque le commerce mondial s\u2019est contract\u00e9 de 5,3% en 2020 \u00e0 cause de la pand\u00e9mie de Covid-19, le S\u00e9n\u00e9gal et la Turquie ont d\u00e9pass\u00e9 les 380 millions de Dollars Us (environ 220 milliards de FCfa) d\u2019\u00e9changes commerciaux. Et en 2021, les deux pays ont fait mieux en termes d\u2019\u00e9changes commerciaux. <em>\u00abEn 2021, nous avons battu un record historique avec un volume commercial qui a atteint 540 millions de Dollars (environ 312 milliards de FCfa). Dans la p\u00e9riode \u00e0 venir, notre objectif commun est de pousser encore plus loin nos \u00e9changes pour arriver \u00e0 1 milliard de Dollars (environ 578 milliards de FCfa). En tant que nation - n\u2019ayant jamais particip\u00e9 au honteux fait colonial dans son histoire mill\u00e9naire sur le continent africain - nous voulons renforcer notre amiti\u00e9 avec le S\u00e9n\u00e9gal dans tous les domaines\u00bb<\/em>, a dit le Pr\u00e9sident Erdogan.<\/p>\n<div class='share-to-whatsapp-wrapper'><div class='share-on-whsp'>PARTAGER SUR : <\/div><a data-text='Coop\u00e9ration : Le S\u00e9n\u00e9gal et la Turquie fixent le volume de leurs \u00e9changes \u00e0 578 milliards de FCfa' data-link='https:\/\/www.nettali.com\/2022\/02\/22\/cooperation-le-senegal-et-la-turquie-fixent-le-volume-de-leurs-echanges-a-578-milliards-de-fcfa\/' class='whatsapp-button whatsapp-share'>WhatsApp<\/a><div class='clear '><\/div><\/div>","protected":false},"excerpt":{"rendered":"<p>NETTALI.COM - Le Pr\u00e9sident Macky Sall et son homologue turc, Recep Tayyip Erdogan, invit\u00e9 \u00e0 l\u2019inauguration du nouveau Stade du S\u00e9n\u00e9gal, ont tenu un point de presse conjoint au Palais de la R\u00e9publique. En raison de la grande amiti\u00e9 qui lie les deux pays, les deux chefs d\u2019Etat veulent porter d\u00e9sormais le niveau de leur [&hellip;]<\/p>\n","protected":false},"author":4,"featured_media":28030,"comment_status":"open","ping_status":"open","sticky":false,"template":"","format":"standard","meta":{"_et_pb_use_builder":"","_et_pb_old_content":""},"categories":[4],"tags":[],"yoast_head":"<!-- This site is optimized with the Yoast SEO Premium plugin v17.8 (Yoast SEO v17.8) - https:\/\/yoast.com\/wordpress\/plugins\/seo\/ -->\n<title>Coop\u00e9ration : Le S\u00e9n\u00e9gal et la Turquie fixent le volume de leurs \u00e9changes \u00e0 578 milliards de FCfa | Nettali.com<\/title>\n<meta name=\"robots\" content=\"index, follow, max-snippet:-1, max-image-preview:large, max-video-preview:-1\" \/>\n<link rel=\"canonical\" href=\"https:\/\/www.nettali.com\/2022\/02\/22\/cooperation-le-senegal-et-la-turquie-fixent-le-volume-de-leurs-echanges-a-578-milliards-de-fcfa\/\" \/>\n<meta property=\"og:locale\" content=\"fr_FR\" \/>\n<meta property=\"og:type\" content=\"article\" \/>\n<meta property=\"og:title\" content=\"Coop\u00e9ration : Le S\u00e9n\u00e9gal et la Turquie fixent le volume de leurs \u00e9changes \u00e0 578 milliards de FCfa\" \/>\n<meta property=\"og:description\" content=\"NETTALI.COM - Le Pr\u00e9sident Macky Sall et son homologue turc, Recep Tayyip Erdogan, invit\u00e9 \u00e0 l\u2019inauguration du nouveau Stade du S\u00e9n\u00e9gal, ont tenu un point de presse conjoint au Palais de la R\u00e9publique. En raison de la grande amiti\u00e9 qui lie les deux pays, les deux chefs d\u2019Etat veulent porter d\u00e9sormais le niveau de leur [&hellip;]\" \/>\n<meta property=\"og:url\" content=\"https:\/\/www.nettali.com\/2022\/02\/22\/cooperation-le-senegal-et-la-turquie-fixent-le-volume-de-leurs-echanges-a-578-milliards-de-fcfa\/\" \/>\n<meta property=\"og:site_name\" content=\"Nettali.com\" \/>\n<meta property=\"article:publisher\" content=\"https:\/\/www.facebook.com\/nettalicom\" \/>\n<meta property=\"article:published_time\" content=\"2022-02-22T12:39:43+00:00\" \/>\n<meta property=\"og:image\" content=\"https:\/\/www.nettali.com\/wp-content\/uploads\/2020\/01\/macky-erdogan.jpg\" \/>\n\t<meta property=\"og:image:width\" content=\"1280\" \/>\n\t<meta property=\"og:image:height\" content=\"854\" \/>\n<meta name=\"twitter:card\" content=\"summary_large_image\" \/>\n<meta name=\"twitter:label1\" content=\"\u00c9crit par\" \/>\n\t<meta name=\"twitter:data1\" content=\"Daouda\" \/>\n\t<meta name=\"twitter:label2\" content=\"Dur\u00e9e de lecture estim\u00e9e\" \/>\n\t<meta name=\"twitter:data2\" content=\"4 minutes\" \/>\n<script type=\"application\/ld+json\" class=\"yoast-schema-graph\">{\"@context\":\"https:\/\/schema.org\",\"@graph\":[{\"@type\":\"WebSite\",\"@id\":\"https:\/\/www.nettali.com\/#website\",\"url\":\"https:\/\/www.nettali.com\/\",\"name\":\"Nettali.com\",\"description\":\"Le rendez-vous critique du Net\",\"potentialAction\":[{\"@type\":\"SearchAction\",\"target\":{\"@type\":\"EntryPoint\",\"urlTemplate\":\"https:\/\/www.nettali.com\/?s={search_term_string}\"},\"query-input\":\"required name=search_term_string\"}],\"inLanguage\":\"fr-FR\"},{\"@type\":\"ImageObject\",\"@id\":\"https:\/\/www.nettali.com\/2022\/02\/22\/cooperation-le-senegal-et-la-turquie-fixent-le-volume-de-leurs-echanges-a-578-milliards-de-fcfa\/#primaryimage\",\"inLanguage\":\"fr-FR\",\"url\":\"https:\/\/www.nettali.com\/wp-content\/uploads\/2020\/01\/macky-erdogan.jpg\",\"contentUrl\":\"https:\/\/www.nettali.com\/wp-content\/uploads\/2020\/01\/macky-erdogan.jpg\",\"width\":1280,\"height\":854},{\"@type\":\"WebPage\",\"@id\":\"https:\/\/www.nettali.com\/2022\/02\/22\/cooperation-le-senegal-et-la-turquie-fixent-le-volume-de-leurs-echanges-a-578-milliards-de-fcfa\/#webpage\",\"url\":\"https:\/\/www.nettali.com\/2022\/02\/22\/cooperation-le-senegal-et-la-turquie-fixent-le-volume-de-leurs-echanges-a-578-milliards-de-fcfa\/\",\"name\":\"Coop\\u00e9ration : Le S\\u00e9n\\u00e9gal et la Turquie fixent le volume de leurs \\u00e9changes \\u00e0 578 milliards de FCfa | Nettali.com\",\"isPartOf\":{\"@id\":\"https:\/\/www.nettali.com\/#website\"},\"primaryImageOfPage\":{\"@id\":\"https:\/\/www.nettali.com\/2022\/02\/22\/cooperation-le-senegal-et-la-turquie-fixent-le-volume-de-leurs-echanges-a-578-milliards-de-fcfa\/#primaryimage\"},\"datePublished\":\"2022-02-22T12:39:43+00:00\",\"dateModified\":\"2022-02-22T12:39:43+00:00\",\"author\":{\"@id\":\"https:\/\/www.nettali.com\/#\/schema\/person\/3317e0bb3aa1da309fbf7b2780901bf4\"},\"breadcrumb\":{\"@id\":\"https:\/\/www.nettali.com\/2022\/02\/22\/cooperation-le-senegal-et-la-turquie-fixent-le-volume-de-leurs-echanges-a-578-milliards-de-fcfa\/#breadcrumb\"},\"inLanguage\":\"fr-FR\",\"potentialAction\":[{\"@type\":\"ReadAction\",\"target\":[\"https:\/\/www.nettali.com\/2022\/02\/22\/cooperation-le-senegal-et-la-turquie-fixent-le-volume-de-leurs-echanges-a-578-milliards-de-fcfa\/\"]}]},{\"@type\":\"BreadcrumbList\",\"@id\":\"https:\/\/www.nettali.com\/2022\/02\/22\/cooperation-le-senegal-et-la-turquie-fixent-le-volume-de-leurs-echanges-a-578-milliards-de-fcfa\/#breadcrumb\",\"itemListElement\":[{\"@type\":\"ListItem\",\"position\":1,\"name\":\"Accueil\",\"item\":\"https:\/\/www.nettali.com\/\"},{\"@type\":\"ListItem\",\"position\":2,\"name\":\"Coop\\u00e9ration : Le S\\u00e9n\\u00e9gal et la Turquie fixent le volume de leurs \\u00e9changes \\u00e0 578 milliards de FCfa\"}]},{\"@type\":\"Person\",\"@id\":\"https:\/\/www.nettali.com\/#\/schema\/person\/3317e0bb3aa1da309fbf7b2780901bf4\",\"name\":\"Daouda\",\"image\":{\"@type\":\"ImageObject\",\"@id\":\"https:\/\/www.nettali.com\/#personlogo\",\"inLanguage\":\"fr-FR\",\"url\":\"https:\/\/secure.gravatar.com\/avatar\/8d143b5a49345098ddcfee1c49c2f47c?s=96&d=mm&r=g\",\"contentUrl\":\"https:\/\/secure.gravatar.com\/avatar\/8d143b5a49345098ddcfee1c49c2f47c?s=96&d=mm&r=g\",\"caption\":\"Daouda\"},\"sameAs\":[\"https:\/\/www.nettali.com\"]}]}<\/script>\n<!-- \/ Yoast SEO Premium plugin. -->","yoast_head_json":{"title":"Coop\u00e9ration : Le S\u00e9n\u00e9gal et la Turquie fixent le volume de leurs \u00e9changes \u00e0 578 milliards de FCfa | Nettali.com","robots":{"index":"index","follow":"follow","max-snippet":"max-snippet:-1","max-image-preview":"max-image-preview:large","max-video-preview":"max-video-preview:-1"},"canonical":"https:\/\/www.nettali.com\/2022\/02\/22\/cooperation-le-senegal-et-la-turquie-fixent-le-volume-de-leurs-echanges-a-578-milliards-de-fcfa\/","og_locale":"fr_FR","og_type":"article","og_title":"Coop\u00e9ration : Le S\u00e9n\u00e9gal et la Turquie fixent le volume de leurs \u00e9changes \u00e0 578 milliards de FCfa","og_description":"NETTALI.COM - Le Pr\u00e9sident Macky Sall et son homologue turc, Recep Tayyip Erdogan, invit\u00e9 \u00e0 l\u2019inauguration du nouveau Stade du S\u00e9n\u00e9gal, ont tenu un point de presse conjoint au Palais de la R\u00e9publique. En raison de la grande amiti\u00e9 qui lie les deux pays, les deux chefs d\u2019Etat veulent porter d\u00e9sormais le niveau de leur [&hellip;]","og_url":"https:\/\/www.nettali.com\/2022\/02\/22\/cooperation-le-senegal-et-la-turquie-fixent-le-volume-de-leurs-echanges-a-578-milliards-de-fcfa\/","og_site_name":"Nettali.com","article_publisher":"https:\/\/www.facebook.com\/nettalicom","article_published_time":"2022-02-22T12:39:43+00:00","og_image":[{"width":1280,"height":854,"url":"https:\/\/www.nettali.com\/wp-content\/uploads\/2020\/01\/macky-erdogan.jpg","type":"image\/jpeg"}],"twitter_card":"summary_large_image","twitter_misc":{"\u00c9crit par":"Daouda","Dur\u00e9e de lecture estim\u00e9e":"4 minutes"},"schema":{"@context":"https:\/\/schema.org","@graph":[{"@type":"WebSite","@id":"https:\/\/www.nettali.com\/#website","url":"https:\/\/www.nettali.com\/","name":"Nettali.com","description":"Le rendez-vous critique du Net","potentialAction":[{"@type":"SearchAction","target":{"@type":"EntryPoint","urlTemplate":"https:\/\/www.nettali.com\/?s={search_term_string}"},"query-input":"required name=search_term_string"}],"inLanguage":"fr-FR"},{"@type":"ImageObject","@id":"https:\/\/www.nettali.com\/2022\/02\/22\/cooperation-le-senegal-et-la-turquie-fixent-le-volume-de-leurs-echanges-a-578-milliards-de-fcfa\/#primaryimage","inLanguage":"fr-FR","url":"https:\/\/www.nettali.com\/wp-content\/uploads\/2020\/01\/macky-erdogan.jpg","contentUrl":"https:\/\/www.nettali.com\/wp-content\/uploads\/2020\/01\/macky-erdogan.jpg","width":1280,"height":854},{"@type":"WebPage","@id":"https:\/\/www.nettali.com\/2022\/02\/22\/cooperation-le-senegal-et-la-turquie-fixent-le-volume-de-leurs-echanges-a-578-milliards-de-fcfa\/#webpage","url":"https:\/\/www.nettali.com\/2022\/02\/22\/cooperation-le-senegal-et-la-turquie-fixent-le-volume-de-leurs-echanges-a-578-milliards-de-fcfa\/","name":"Coop\u00e9ration : Le S\u00e9n\u00e9gal et la Turquie fixent le volume de leurs \u00e9changes \u00e0 578 milliards de FCfa | Nettali.com","isPartOf":{"@id":"https:\/\/www.nettali.com\/#website"},"primaryImageOfPage":{"@id":"https:\/\/www.nettali.com\/2022\/02\/22\/cooperation-le-senegal-et-la-turquie-fixent-le-volume-de-leurs-echanges-a-578-milliards-de-fcfa\/#primaryimage"},"datePublished":"2022-02-22T12:39:43+00:00","dateModified":"2022-02-22T12:39:43+00:00","author":{"@id":"https:\/\/www.nettali.com\/#\/schema\/person\/3317e0bb3aa1da309fbf7b2780901bf4"},"breadcrumb":{"@id":"https:\/\/www.nettali.com\/2022\/02\/22\/cooperation-le-senegal-et-la-turquie-fixent-le-volume-de-leurs-echanges-a-578-milliards-de-fcfa\/#breadcrumb"},"inLanguage":"fr-FR","potentialAction":[{"@type":"ReadAction","target":["https:\/\/www.nettali.com\/2022\/02\/22\/cooperation-le-senegal-et-la-turquie-fixent-le-volume-de-leurs-echanges-a-578-milliards-de-fcfa\/"]}]},{"@type":"BreadcrumbList","@id":"https:\/\/www.nettali.com\/2022\/02\/22\/cooperation-le-senegal-et-la-turquie-fixent-le-volume-de-leurs-echanges-a-578-milliards-de-fcfa\/#breadcrumb","itemListElement":[{"@type":"ListItem","position":1,"name":"Accueil","item":"https:\/\/www.nettali.com\/"},{"@type":"ListItem","position":2,"name":"Coop\u00e9ration : Le S\u00e9n\u00e9gal et la Turquie fixent le volume de leurs \u00e9changes \u00e0 578 milliards de FCfa"}]},{"@type":"Person","@id":"https:\/\/www.nettali.com\/#\/schema\/person\/3317e0bb3aa1da309fbf7b2780901bf4","name":"Daouda","image":{"@type":"ImageObject","@id":"https:\/\/www.nettali.com\/#personlogo","inLanguage":"fr-FR","url":"https:\/\/secure.gravatar.com\/avatar\/8d143b5a49345098ddcfee1c49c2f47c?s=96&d=mm&r=g","contentUrl":"https:\/\/secure.gravatar.com\/avatar\/8d143b5a49345098ddcfee1c49c2f47c?s=96&d=mm&r=g","caption":"Daouda"},"sameAs":["https:\/\/www.nettali.com"]}]}},"_links":{"self":[{"href":"https:\/\/www.nettali.com\/rest\/wp\/v2\/posts\/81752"}],"collection":[{"href":"https:\/\/www.nettali.com\/rest\/wp\/v2\/posts"}],"about":[{"href":"https:\/\/www.nettali.com\/rest\/wp\/v2\/types\/post"}],"author":[{"embeddable":true,"href":"https:\/\/www.nettali.com\/rest\/wp\/v2\/users\/4"}],"replies":[{"embeddable":true,"href":"https:\/\/www.nettali.com\/rest\/wp\/v2\/comments?post=81752"}],"version-history":[{"count":1,"href":"https:\/\/www.nettali.com\/rest\/wp\/v2\/posts\/81752\/revisions"}],"predecessor-version":[{"id":81753,"href":"https:\/\/www.nettali.com\/rest\/wp\/v2\/posts\/81752\/revisions\/81753"}],"wp:featuredmedia":[{"embeddable":true,"href":"https:\/\/www.nettali.com\/rest\/wp\/v2\/media\/28030"}],"wp:attachment":[{"href":"https:\/\/www.nettali.com\/rest\/wp\/v2\/media?parent=81752"}],"wp:term":[{"taxonomy":"category","embeddable":true,"href":"https:\/\/www.nettali.com\/rest\/wp\/v2\/categories?post=81752"},{"taxonomy":"post_tag","embeddable":true,"href":"https:\/\/www.nettali.com\/rest\/wp\/v2\/tags?post=81752"}],"curies":[{"name":"wp","href":"https:\/\/api.w.org\/{rel}","templated":true}]}}