{"id":81748,"date":"2022-02-22T12:19:37","date_gmt":"2022-02-22T12:19:37","guid":{"rendered":"https:\/\/www.nettali.com\/?p=81748"},"modified":"2022-02-22T12:19:37","modified_gmt":"2022-02-22T12:19:37","slug":"caution-pour-les-legislatives-antoine-diome-convoque-les-partis-politiques","status":"publish","type":"post","link":"https:\/\/www.nettali.com\/2022\/02\/22\/caution-pour-les-legislatives-antoine-diome-convoque-les-partis-politiques\/","title":{"rendered":"CAUTION POUR LES LEGISLATIVES : Antoine Diome convoque les partis politiques"},"content":{"rendered":"<p><strong>NETTALI.COM - Le ministre de l\u2019Int\u00e9rieur et de la s\u00e9curit\u00e9 publique, Antoine F\u00e9lix Abdoulaye Diome, a convoqu\u00e9 ce vendredi matin les acteurs politiques pour discuter du montant de la caution aux \u00e9lections l\u00e9gislatives du 31 juillet 2022. <\/strong><\/p>\n<p>Cette rencontre pr\u00e9vue dans un h\u00f4tel dakarois sera une occasion pour l\u2019autorit\u00e9 en charge de l\u2019organisation des \u00e9lections au S\u00e9n\u00e9gal de recueillir les propositions et autres avis des diff\u00e9rents p\u00f4les (majorit\u00e9, opposition et non align\u00e9s, <strong>Ndlr<\/strong>) sur la somme que devront verser les partis ou coalitions de partis d\u00e9sirant participer aux prochaines \u00e9lections l\u00e9gislatives.<\/p>\n<p>Apr\u00e8s, il reviendra au minist\u00e8re de l\u2019Int\u00e9rieur de fixer par arr\u00eat\u00e9, le montant exact de la caution pour participer \u00e0 ces joutes. Aux \u00e9lections l\u00e9gislatives du 30 juillet 2017, le montant de la caution \u00e9tait fix\u00e9 \u00e0 15 millions de FCfa. Il y avait une baisse de 5 millions de FCfa par rapport \u00e0 la caution aux \u00e9lections l\u00e9gislatives de 2012 qui \u00e9tait fix\u00e9e \u00e0 20 millions de FCfa.<\/p>\n<p>&nbsp;<\/p>\n<div class='share-to-whatsapp-wrapper'><div class='share-on-whsp'>PARTAGER SUR : <\/div><a data-text='CAUTION POUR LES LEGISLATIVES : Antoine Diome convoque les partis politiques' data-link='https:\/\/www.nettali.com\/2022\/02\/22\/caution-pour-les-legislatives-antoine-diome-convoque-les-partis-politiques\/' class='whatsapp-button whatsapp-share'>WhatsApp<\/a><div class='clear '><\/div><\/div>","protected":false},"excerpt":{"rendered":"<p>NETTALI.COM - Le ministre de l\u2019Int\u00e9rieur et de la s\u00e9curit\u00e9 publique, Antoine F\u00e9lix Abdoulaye Diome, a convoqu\u00e9 ce vendredi matin les acteurs politiques pour discuter du montant de la caution aux \u00e9lections l\u00e9gislatives du 31 juillet 2022. Cette rencontre pr\u00e9vue dans un h\u00f4tel dakarois sera une occasion pour l\u2019autorit\u00e9 en charge de l\u2019organisation des \u00e9lections [&hellip;]<\/p>\n","protected":false},"author":4,"featured_media":62960,"comment_status":"open","ping_status":"open","sticky":false,"template":"","format":"standard","meta":{"_et_pb_use_builder":"","_et_pb_old_content":""},"categories":[2],"tags":[],"yoast_head":"<!-- This site is optimized with the Yoast SEO Premium plugin v17.8 (Yoast SEO v17.8) - https:\/\/yoast.com\/wordpress\/plugins\/seo\/ -->\n<title>CAUTION POUR LES LEGISLATIVES : Antoine Diome convoque les partis politiques | Nettali.com<\/title>\n<meta name=\"robots\" content=\"index, follow, max-snippet:-1, max-image-preview:large, max-video-preview:-1\" \/>\n<link rel=\"canonical\" href=\"https:\/\/www.nettali.com\/2022\/02\/22\/caution-pour-les-legislatives-antoine-diome-convoque-les-partis-politiques\/\" \/>\n<meta property=\"og:locale\" content=\"fr_FR\" \/>\n<meta property=\"og:type\" content=\"article\" \/>\n<meta property=\"og:title\" content=\"CAUTION POUR LES LEGISLATIVES : Antoine Diome convoque les partis politiques\" \/>\n<meta property=\"og:description\" content=\"NETTALI.COM - Le ministre de l\u2019Int\u00e9rieur et de la s\u00e9curit\u00e9 publique, Antoine F\u00e9lix Abdoulaye Diome, a convoqu\u00e9 ce vendredi matin les acteurs politiques pour discuter du montant de la caution aux \u00e9lections l\u00e9gislatives du 31 juillet 2022. Cette rencontre pr\u00e9vue dans un h\u00f4tel dakarois sera une occasion pour l\u2019autorit\u00e9 en charge de l\u2019organisation des \u00e9lections [&hellip;]\" \/>\n<meta property=\"og:url\" content=\"https:\/\/www.nettali.com\/2022\/02\/22\/caution-pour-les-legislatives-antoine-diome-convoque-les-partis-politiques\/\" \/>\n<meta property=\"og:site_name\" content=\"Nettali.com\" \/>\n<meta property=\"article:publisher\" content=\"https:\/\/www.facebook.com\/nettalicom\" \/>\n<meta property=\"article:published_time\" content=\"2022-02-22T12:19:37+00:00\" \/>\n<meta property=\"og:image\" content=\"https:\/\/www.nettali.com\/wp-content\/uploads\/2021\/04\/antoine.jpg\" \/>\n\t<meta property=\"og:image:width\" content=\"696\" \/>\n\t<meta property=\"og:image:height\" content=\"494\" \/>\n<meta name=\"twitter:card\" content=\"summary_large_image\" \/>\n<meta name=\"twitter:label1\" content=\"\u00c9crit par\" \/>\n\t<meta name=\"twitter:data1\" content=\"Daouda\" \/>\n\t<meta name=\"twitter:label2\" content=\"Dur\u00e9e de lecture estim\u00e9e\" \/>\n\t<meta name=\"twitter:data2\" content=\"1 minute\" \/>\n<script type=\"application\/ld+json\" class=\"yoast-schema-graph\">{\"@context\":\"https:\/\/schema.org\",\"@graph\":[{\"@type\":\"WebSite\",\"@id\":\"https:\/\/www.nettali.com\/#website\",\"url\":\"https:\/\/www.nettali.com\/\",\"name\":\"Nettali.com\",\"description\":\"Le rendez-vous critique du Net\",\"potentialAction\":[{\"@type\":\"SearchAction\",\"target\":{\"@type\":\"EntryPoint\",\"urlTemplate\":\"https:\/\/www.nettali.com\/?s={search_term_string}\"},\"query-input\":\"required name=search_term_string\"}],\"inLanguage\":\"fr-FR\"},{\"@type\":\"ImageObject\",\"@id\":\"https:\/\/www.nettali.com\/2022\/02\/22\/caution-pour-les-legislatives-antoine-diome-convoque-les-partis-politiques\/#primaryimage\",\"inLanguage\":\"fr-FR\",\"url\":\"https:\/\/www.nettali.com\/wp-content\/uploads\/2021\/04\/antoine.jpg\",\"contentUrl\":\"https:\/\/www.nettali.com\/wp-content\/uploads\/2021\/04\/antoine.jpg\",\"width\":696,\"height\":494},{\"@type\":\"WebPage\",\"@id\":\"https:\/\/www.nettali.com\/2022\/02\/22\/caution-pour-les-legislatives-antoine-diome-convoque-les-partis-politiques\/#webpage\",\"url\":\"https:\/\/www.nettali.com\/2022\/02\/22\/caution-pour-les-legislatives-antoine-diome-convoque-les-partis-politiques\/\",\"name\":\"CAUTION POUR LES LEGISLATIVES : Antoine Diome convoque les partis politiques | Nettali.com\",\"isPartOf\":{\"@id\":\"https:\/\/www.nettali.com\/#website\"},\"primaryImageOfPage\":{\"@id\":\"https:\/\/www.nettali.com\/2022\/02\/22\/caution-pour-les-legislatives-antoine-diome-convoque-les-partis-politiques\/#primaryimage\"},\"datePublished\":\"2022-02-22T12:19:37+00:00\",\"dateModified\":\"2022-02-22T12:19:37+00:00\",\"author\":{\"@id\":\"https:\/\/www.nettali.com\/#\/schema\/person\/3317e0bb3aa1da309fbf7b2780901bf4\"},\"breadcrumb\":{\"@id\":\"https:\/\/www.nettali.com\/2022\/02\/22\/caution-pour-les-legislatives-antoine-diome-convoque-les-partis-politiques\/#breadcrumb\"},\"inLanguage\":\"fr-FR\",\"potentialAction\":[{\"@type\":\"ReadAction\",\"target\":[\"https:\/\/www.nettali.com\/2022\/02\/22\/caution-pour-les-legislatives-antoine-diome-convoque-les-partis-politiques\/\"]}]},{\"@type\":\"BreadcrumbList\",\"@id\":\"https:\/\/www.nettali.com\/2022\/02\/22\/caution-pour-les-legislatives-antoine-diome-convoque-les-partis-politiques\/#breadcrumb\",\"itemListElement\":[{\"@type\":\"ListItem\",\"position\":1,\"name\":\"Accueil\",\"item\":\"https:\/\/www.nettali.com\/\"},{\"@type\":\"ListItem\",\"position\":2,\"name\":\"CAUTION POUR LES LEGISLATIVES : Antoine Diome convoque les partis politiques\"}]},{\"@type\":\"Person\",\"@id\":\"https:\/\/www.nettali.com\/#\/schema\/person\/3317e0bb3aa1da309fbf7b2780901bf4\",\"name\":\"Daouda\",\"image\":{\"@type\":\"ImageObject\",\"@id\":\"https:\/\/www.nettali.com\/#personlogo\",\"inLanguage\":\"fr-FR\",\"url\":\"https:\/\/secure.gravatar.com\/avatar\/8d143b5a49345098ddcfee1c49c2f47c?s=96&d=mm&r=g\",\"contentUrl\":\"https:\/\/secure.gravatar.com\/avatar\/8d143b5a49345098ddcfee1c49c2f47c?s=96&d=mm&r=g\",\"caption\":\"Daouda\"},\"sameAs\":[\"https:\/\/www.nettali.com\"]}]}<\/script>\n<!-- \/ Yoast SEO Premium plugin. -->","yoast_head_json":{"title":"CAUTION POUR LES LEGISLATIVES : Antoine Diome convoque les partis politiques | Nettali.com","robots":{"index":"index","follow":"follow","max-snippet":"max-snippet:-1","max-image-preview":"max-image-preview:large","max-video-preview":"max-video-preview:-1"},"canonical":"https:\/\/www.nettali.com\/2022\/02\/22\/caution-pour-les-legislatives-antoine-diome-convoque-les-partis-politiques\/","og_locale":"fr_FR","og_type":"article","og_title":"CAUTION POUR LES LEGISLATIVES : Antoine Diome convoque les partis politiques","og_description":"NETTALI.COM - Le ministre de l\u2019Int\u00e9rieur et de la s\u00e9curit\u00e9 publique, Antoine F\u00e9lix Abdoulaye Diome, a convoqu\u00e9 ce vendredi matin les acteurs politiques pour discuter du montant de la caution aux \u00e9lections l\u00e9gislatives du 31 juillet 2022. Cette rencontre pr\u00e9vue dans un h\u00f4tel dakarois sera une occasion pour l\u2019autorit\u00e9 en charge de l\u2019organisation des \u00e9lections [&hellip;]","og_url":"https:\/\/www.nettali.com\/2022\/02\/22\/caution-pour-les-legislatives-antoine-diome-convoque-les-partis-politiques\/","og_site_name":"Nettali.com","article_publisher":"https:\/\/www.facebook.com\/nettalicom","article_published_time":"2022-02-22T12:19:37+00:00","og_image":[{"width":696,"height":494,"url":"https:\/\/www.nettali.com\/wp-content\/uploads\/2021\/04\/antoine.jpg","type":"image\/jpeg"}],"twitter_card":"summary_large_image","twitter_misc":{"\u00c9crit par":"Daouda","Dur\u00e9e de lecture estim\u00e9e":"1 minute"},"schema":{"@context":"https:\/\/schema.org","@graph":[{"@type":"WebSite","@id":"https:\/\/www.nettali.com\/#website","url":"https:\/\/www.nettali.com\/","name":"Nettali.com","description":"Le rendez-vous critique du Net","potentialAction":[{"@type":"SearchAction","target":{"@type":"EntryPoint","urlTemplate":"https:\/\/www.nettali.com\/?s={search_term_string}"},"query-input":"required name=search_term_string"}],"inLanguage":"fr-FR"},{"@type":"ImageObject","@id":"https:\/\/www.nettali.com\/2022\/02\/22\/caution-pour-les-legislatives-antoine-diome-convoque-les-partis-politiques\/#primaryimage","inLanguage":"fr-FR","url":"https:\/\/www.nettali.com\/wp-content\/uploads\/2021\/04\/antoine.jpg","contentUrl":"https:\/\/www.nettali.com\/wp-content\/uploads\/2021\/04\/antoine.jpg","width":696,"height":494},{"@type":"WebPage","@id":"https:\/\/www.nettali.com\/2022\/02\/22\/caution-pour-les-legislatives-antoine-diome-convoque-les-partis-politiques\/#webpage","url":"https:\/\/www.nettali.com\/2022\/02\/22\/caution-pour-les-legislatives-antoine-diome-convoque-les-partis-politiques\/","name":"CAUTION POUR LES LEGISLATIVES : Antoine Diome convoque les partis politiques | Nettali.com","isPartOf":{"@id":"https:\/\/www.nettali.com\/#website"},"primaryImageOfPage":{"@id":"https:\/\/www.nettali.com\/2022\/02\/22\/caution-pour-les-legislatives-antoine-diome-convoque-les-partis-politiques\/#primaryimage"},"datePublished":"2022-02-22T12:19:37+00:00","dateModified":"2022-02-22T12:19:37+00:00","author":{"@id":"https:\/\/www.nettali.com\/#\/schema\/person\/3317e0bb3aa1da309fbf7b2780901bf4"},"breadcrumb":{"@id":"https:\/\/www.nettali.com\/2022\/02\/22\/caution-pour-les-legislatives-antoine-diome-convoque-les-partis-politiques\/#breadcrumb"},"inLanguage":"fr-FR","potentialAction":[{"@type":"ReadAction","target":["https:\/\/www.nettali.com\/2022\/02\/22\/caution-pour-les-legislatives-antoine-diome-convoque-les-partis-politiques\/"]}]},{"@type":"BreadcrumbList","@id":"https:\/\/www.nettali.com\/2022\/02\/22\/caution-pour-les-legislatives-antoine-diome-convoque-les-partis-politiques\/#breadcrumb","itemListElement":[{"@type":"ListItem","position":1,"name":"Accueil","item":"https:\/\/www.nettali.com\/"},{"@type":"ListItem","position":2,"name":"CAUTION POUR LES LEGISLATIVES : Antoine Diome convoque les partis politiques"}]},{"@type":"Person","@id":"https:\/\/www.nettali.com\/#\/schema\/person\/3317e0bb3aa1da309fbf7b2780901bf4","name":"Daouda","image":{"@type":"ImageObject","@id":"https:\/\/www.nettali.com\/#personlogo","inLanguage":"fr-FR","url":"https:\/\/secure.gravatar.com\/avatar\/8d143b5a49345098ddcfee1c49c2f47c?s=96&d=mm&r=g","contentUrl":"https:\/\/secure.gravatar.com\/avatar\/8d143b5a49345098ddcfee1c49c2f47c?s=96&d=mm&r=g","caption":"Daouda"},"sameAs":["https:\/\/www.nettali.com"]}]}},"_links":{"self":[{"href":"https:\/\/www.nettali.com\/rest\/wp\/v2\/posts\/81748"}],"collection":[{"href":"https:\/\/www.nettali.com\/rest\/wp\/v2\/posts"}],"about":[{"href":"https:\/\/www.nettali.com\/rest\/wp\/v2\/types\/post"}],"author":[{"embeddable":true,"href":"https:\/\/www.nettali.com\/rest\/wp\/v2\/users\/4"}],"replies":[{"embeddable":true,"href":"https:\/\/www.nettali.com\/rest\/wp\/v2\/comments?post=81748"}],"version-history":[{"count":1,"href":"https:\/\/www.nettali.com\/rest\/wp\/v2\/posts\/81748\/revisions"}],"predecessor-version":[{"id":81749,"href":"https:\/\/www.nettali.com\/rest\/wp\/v2\/posts\/81748\/revisions\/81749"}],"wp:featuredmedia":[{"embeddable":true,"href":"https:\/\/www.nettali.com\/rest\/wp\/v2\/media\/62960"}],"wp:attachment":[{"href":"https:\/\/www.nettali.com\/rest\/wp\/v2\/media?parent=81748"}],"wp:term":[{"taxonomy":"category","embeddable":true,"href":"https:\/\/www.nettali.com\/rest\/wp\/v2\/categories?post=81748"},{"taxonomy":"post_tag","embeddable":true,"href":"https:\/\/www.nettali.com\/rest\/wp\/v2\/tags?post=81748"}],"curies":[{"name":"wp","href":"https:\/\/api.w.org\/{rel}","templated":true}]}}