{"id":81746,"date":"2022-02-22T10:39:26","date_gmt":"2022-02-22T10:39:26","guid":{"rendered":"https:\/\/www.nettali.com\/?p=81746"},"modified":"2022-02-22T22:21:11","modified_gmt":"2022-02-22T22:21:11","slug":"victoire-de-ahmed-aidara-aliou-sall-accuse-des-membres-de-benno-bok-yakaar","status":"publish","type":"post","link":"https:\/\/www.nettali.com\/2022\/02\/22\/victoire-de-ahmed-aidara-aliou-sall-accuse-des-membres-de-benno-bok-yakaar\/","title":{"rendered":"VICTOIRE DE AHMED AIDARA \u2013 Aliou Sall accuse des membres de Benno bok yakaar"},"content":{"rendered":"<p><strong>NETTALI.COM \u2013 A moins qu\u2019il ne soit enferm\u00e9 dans une sorte de parano\u00efa s\u00e9curitaire au lendemain de sa d\u00e9faite, Aliou Sall croit tenir ses taupes. Le pr\u00e9d\u00e9cesseur de Ahmad A\u00efdara accuse, sans les nommer, des membres de Benno bokk yakaar d\u2019avoir financ\u00e9 l\u2019opposition et promet l\u2019enfer \u00e0 tous ses d\u00e9tracteurs. <\/strong><\/p>\n<p>On risque d\u2019aller vers un d\u00e9ballage au sein de Benno bok yakaar, au lendemain de la d\u00e9faite de Aliou Sall \u00e0 Gu\u00e9diawaye.<\/p>\n<p>En clair, animant une conf\u00e9rence publique hier dans la cit\u00e9 pr\u00e9cit\u00e9e, le fr\u00e8re du chef de l\u2019Etat r\u00e9v\u00e8le\u00a0: \u00ab\u00a0Ils ont pouss\u00e9 la fumisterie jusqu\u2019\u00e0 oser m\u2019appeler et appeler d\u2019autres gens pour leur dire : \u2018Est-ce qu\u2019on ne va pas dialoguer avec Yaw ?\u2019 Mais il n\u2019y a pas de dialogue possible avec des gens qui ont \u00e9rig\u00e9 en principe politique le mensonge, la manipulation et le chantage. En tout cas moi, je ne participerai \u00e0 aucune discussion dans ce contexte avec la liste oppos\u00e9e, encore moins ce soi-disant maire qui ne sait m\u00eame pas diriger un conseil municipal. Nous allons pr\u00e9senter des candidats. Si on gagne ou on perd, nous allons l\u2019assumer. Nous n\u2019avons plus rien \u00e0 perdre. Sinon, comment pouvez-vous comprendre qu\u2019un maire, en direct, puisse insulter ses vis-\u00e0-vis politiques ? \u00c7a, on ne peut pas laisser passer. Insulter le pr\u00e9fet de la R\u00e9publique\u2026 Quel genre d\u2019individu est ce monsieur qui ne cesse de r\u00e9p\u00e9ter qu\u2019il est le maire partout, comme s\u2019il n\u2019y croit pas lui-m\u00eame\u00a0\u00bb.<\/p>\n<p>Aliou Sall de pr\u00e9ciser sa pens\u00e9e en ces termes\u00a0: \u00a0\u00ab\u00a0C\u2019est une victoire qui n\u2019a pas de logique politique. Il faut oser le dire. Nous avons analys\u00e9 les r\u00e9sultats. Nous en connaissons les facteurs. Mais le moment venu, nous allons les pr\u00e9senter. Mais retenez que cette d\u00e9faite \u00e0 Golf-Sud, Sam Notaire et au niveau de la ville de Gu\u00e9diawaye est plus technique qu\u2019\u00e9lectorale. Oui, il y a eu des faux-pas et il faut les assumer de part et d\u2019autre. Il faut les analyser et les corriger. On a manqu\u00e9 d\u2019unit\u00e9 dans certains endroits. Cela a eu un impact. Nous avons \u00e9t\u00e9 tr\u00e8s optimistes, car on ne pouvait pas penser perdre ce d\u00e9partement de telle sorte que notre \u00e9nergie s\u2019est \u00e9mouss\u00e9e. Nous avions cru que nous avions d\u00e9j\u00e0 gagn\u00e9. Ce n\u2019\u00e9tait pas le cas, parce qu\u2019un combat, notamment \u00e9lectoral, n\u2019est jamais gagn\u00e9 d\u2019avance. Mais moi, j\u2019ai la ferme et profonde conviction que nous avons une \u00e9crasante majorit\u00e9 \u00e0 Gu\u00e9diawaye\u00a0\u00bb.<\/p>\n<p>En direction des prochaines l\u00e9gislatives, Aliou Sall \u00a0remobilise ainsi les troupes. \u00ab\u00a0Toute autre logique n\u2019est pas intelligente. Ces pauvres jeunes, d\u2019autres centaines de personnes qui recevaient l\u2019appui de la ville de Gu\u00e9diawaye, que vont-ils devenir ? On a g\u00e9r\u00e9 la ville en trouvant aux jeunes de l\u2019emploi ; on a d\u00e9velopp\u00e9 cette ville. Aujourd\u2019hui, on a tellement jou\u00e9 qu\u2019on a perdu la ville. Et maintenant o\u00f9 est-ce que nous allons revendiquer ? C\u2019est pareil pour nous autres responsables. Ne croyons pas qu\u2019en nous affaiblissant les uns les autres, on peut tirer notre marron du feu. C\u2019est une illusion. Concentrons-nous sur l\u2019essentiel. Mes camarades me l\u2019ont reproch\u00e9, nous avons \u00e9t\u00e9 trop raisonnables, fair-play et jou\u00e9 la carte de la d\u00e9mocratie. A partir d\u2019aujourd\u2019hui, les acteurs politiques de Gu\u00e9diawaye auront en face d\u2019eux un autre Aliou Sall. Je vous ai averti. Je ne tol\u00e9rai plus un seul mot d\u2019\u00e9cart. Je vais \u00e9craser toute personne qui essayera de me manquer de respect. Je ne le dis pas non seulement pour les acteurs politiques locaux, mais c\u2019est valable pour les acteurs politiques au niveau national y compris ceux qui sont dans nos rangs et jouent de la fumisterie et qui ont donn\u00e9 de l\u2019argent \u00e0 l\u2019opposition. Et dans les semaines \u00e0 venir, je vais les d\u00e9noncer. Il faut que cela s\u2019arr\u00eate, car je ne vais plus le tol\u00e9rer\u00bb, termine-t-il son propos.<\/p>\n<div class='share-to-whatsapp-wrapper'><div class='share-on-whsp'>PARTAGER SUR : <\/div><a data-text='VICTOIRE DE AHMED AIDARA \u2013 Aliou Sall accuse des membres de Benno bok yakaar' data-link='https:\/\/www.nettali.com\/2022\/02\/22\/victoire-de-ahmed-aidara-aliou-sall-accuse-des-membres-de-benno-bok-yakaar\/' class='whatsapp-button whatsapp-share'>WhatsApp<\/a><div class='clear '><\/div><\/div>","protected":false},"excerpt":{"rendered":"<p>NETTALI.COM \u2013 A moins qu\u2019il ne soit enferm\u00e9 dans une sorte de parano\u00efa s\u00e9curitaire au lendemain de sa d\u00e9faite, Aliou Sall croit tenir ses taupes. Le pr\u00e9d\u00e9cesseur de Ahmad A\u00efdara accuse, sans les nommer, des membres de Benno bokk yakaar d\u2019avoir financ\u00e9 l\u2019opposition et promet l\u2019enfer \u00e0 tous ses d\u00e9tracteurs. On risque d\u2019aller vers un [&hellip;]<\/p>\n","protected":false},"author":11,"featured_media":45117,"comment_status":"open","ping_status":"open","sticky":false,"template":"","format":"standard","meta":{"_et_pb_use_builder":"","_et_pb_old_content":""},"categories":[2],"tags":[],"yoast_head":"<!-- This site is optimized with the Yoast SEO Premium plugin v17.8 (Yoast SEO v17.8) - https:\/\/yoast.com\/wordpress\/plugins\/seo\/ -->\n<title>VICTOIRE DE AHMED AIDARA \u2013 Aliou Sall accuse des membres de Benno bok yakaar | Nettali.com<\/title>\n<meta name=\"robots\" content=\"index, follow, max-snippet:-1, max-image-preview:large, max-video-preview:-1\" \/>\n<link rel=\"canonical\" href=\"https:\/\/www.nettali.com\/2022\/02\/22\/victoire-de-ahmed-aidara-aliou-sall-accuse-des-membres-de-benno-bok-yakaar\/\" \/>\n<meta property=\"og:locale\" content=\"fr_FR\" \/>\n<meta property=\"og:type\" content=\"article\" \/>\n<meta property=\"og:title\" content=\"VICTOIRE DE AHMED AIDARA \u2013 Aliou Sall accuse des membres de Benno bok yakaar\" \/>\n<meta property=\"og:description\" content=\"NETTALI.COM \u2013 A moins qu\u2019il ne soit enferm\u00e9 dans une sorte de parano\u00efa s\u00e9curitaire au lendemain de sa d\u00e9faite, Aliou Sall croit tenir ses taupes. Le pr\u00e9d\u00e9cesseur de Ahmad A\u00efdara accuse, sans les nommer, des membres de Benno bokk yakaar d\u2019avoir financ\u00e9 l\u2019opposition et promet l\u2019enfer \u00e0 tous ses d\u00e9tracteurs. On risque d\u2019aller vers un [&hellip;]\" \/>\n<meta property=\"og:url\" content=\"https:\/\/www.nettali.com\/2022\/02\/22\/victoire-de-ahmed-aidara-aliou-sall-accuse-des-membres-de-benno-bok-yakaar\/\" \/>\n<meta property=\"og:site_name\" content=\"Nettali.com\" \/>\n<meta property=\"article:publisher\" content=\"https:\/\/www.facebook.com\/nettalicom\" \/>\n<meta property=\"article:published_time\" content=\"2022-02-22T10:39:26+00:00\" \/>\n<meta property=\"article:modified_time\" content=\"2022-02-22T22:21:11+00:00\" \/>\n<meta property=\"og:image\" content=\"https:\/\/www.nettali.com\/wp-content\/uploads\/2020\/09\/1-aliou-sall.jpg\" \/>\n\t<meta property=\"og:image:width\" content=\"600\" \/>\n\t<meta property=\"og:image:height\" content=\"400\" \/>\n<meta name=\"twitter:card\" content=\"summary_large_image\" \/>\n<meta name=\"twitter:label1\" content=\"\u00c9crit par\" \/>\n\t<meta name=\"twitter:data1\" content=\"Thierno Diop\" \/>\n\t<meta name=\"twitter:label2\" content=\"Dur\u00e9e de lecture estim\u00e9e\" \/>\n\t<meta name=\"twitter:data2\" content=\"4 minutes\" \/>\n<script type=\"application\/ld+json\" class=\"yoast-schema-graph\">{\"@context\":\"https:\/\/schema.org\",\"@graph\":[{\"@type\":\"WebSite\",\"@id\":\"https:\/\/www.nettali.com\/#website\",\"url\":\"https:\/\/www.nettali.com\/\",\"name\":\"Nettali.com\",\"description\":\"Le rendez-vous critique du Net\",\"potentialAction\":[{\"@type\":\"SearchAction\",\"target\":{\"@type\":\"EntryPoint\",\"urlTemplate\":\"https:\/\/www.nettali.com\/?s={search_term_string}\"},\"query-input\":\"required name=search_term_string\"}],\"inLanguage\":\"fr-FR\"},{\"@type\":\"ImageObject\",\"@id\":\"https:\/\/www.nettali.com\/2022\/02\/22\/victoire-de-ahmed-aidara-aliou-sall-accuse-des-membres-de-benno-bok-yakaar\/#primaryimage\",\"inLanguage\":\"fr-FR\",\"url\":\"https:\/\/www.nettali.com\/wp-content\/uploads\/2020\/09\/1-aliou-sall.jpg\",\"contentUrl\":\"https:\/\/www.nettali.com\/wp-content\/uploads\/2020\/09\/1-aliou-sall.jpg\",\"width\":600,\"height\":400},{\"@type\":\"WebPage\",\"@id\":\"https:\/\/www.nettali.com\/2022\/02\/22\/victoire-de-ahmed-aidara-aliou-sall-accuse-des-membres-de-benno-bok-yakaar\/#webpage\",\"url\":\"https:\/\/www.nettali.com\/2022\/02\/22\/victoire-de-ahmed-aidara-aliou-sall-accuse-des-membres-de-benno-bok-yakaar\/\",\"name\":\"VICTOIRE DE AHMED AIDARA \\u2013 Aliou Sall accuse des membres de Benno bok yakaar | Nettali.com\",\"isPartOf\":{\"@id\":\"https:\/\/www.nettali.com\/#website\"},\"primaryImageOfPage\":{\"@id\":\"https:\/\/www.nettali.com\/2022\/02\/22\/victoire-de-ahmed-aidara-aliou-sall-accuse-des-membres-de-benno-bok-yakaar\/#primaryimage\"},\"datePublished\":\"2022-02-22T10:39:26+00:00\",\"dateModified\":\"2022-02-22T22:21:11+00:00\",\"author\":{\"@id\":\"https:\/\/www.nettali.com\/#\/schema\/person\/8a06c6bd7b19304cf4bf985862900b5b\"},\"breadcrumb\":{\"@id\":\"https:\/\/www.nettali.com\/2022\/02\/22\/victoire-de-ahmed-aidara-aliou-sall-accuse-des-membres-de-benno-bok-yakaar\/#breadcrumb\"},\"inLanguage\":\"fr-FR\",\"potentialAction\":[{\"@type\":\"ReadAction\",\"target\":[\"https:\/\/www.nettali.com\/2022\/02\/22\/victoire-de-ahmed-aidara-aliou-sall-accuse-des-membres-de-benno-bok-yakaar\/\"]}]},{\"@type\":\"BreadcrumbList\",\"@id\":\"https:\/\/www.nettali.com\/2022\/02\/22\/victoire-de-ahmed-aidara-aliou-sall-accuse-des-membres-de-benno-bok-yakaar\/#breadcrumb\",\"itemListElement\":[{\"@type\":\"ListItem\",\"position\":1,\"name\":\"Accueil\",\"item\":\"https:\/\/www.nettali.com\/\"},{\"@type\":\"ListItem\",\"position\":2,\"name\":\"VICTOIRE DE AHMED AIDARA \\u2013 Aliou Sall accuse des membres de Benno bok yakaar\"}]},{\"@type\":\"Person\",\"@id\":\"https:\/\/www.nettali.com\/#\/schema\/person\/8a06c6bd7b19304cf4bf985862900b5b\",\"name\":\"Thierno Diop\",\"image\":{\"@type\":\"ImageObject\",\"@id\":\"https:\/\/www.nettali.com\/#personlogo\",\"inLanguage\":\"fr-FR\",\"url\":\"https:\/\/secure.gravatar.com\/avatar\/c8ca58550c94fd2ac856d27391a6c866?s=96&d=mm&r=g\",\"contentUrl\":\"https:\/\/secure.gravatar.com\/avatar\/c8ca58550c94fd2ac856d27391a6c866?s=96&d=mm&r=g\",\"caption\":\"Thierno Diop\"},\"sameAs\":[\"https:\/\/nettali.com\"]}]}<\/script>\n<!-- \/ Yoast SEO Premium plugin. -->","yoast_head_json":{"title":"VICTOIRE DE AHMED AIDARA \u2013 Aliou Sall accuse des membres de Benno bok yakaar | Nettali.com","robots":{"index":"index","follow":"follow","max-snippet":"max-snippet:-1","max-image-preview":"max-image-preview:large","max-video-preview":"max-video-preview:-1"},"canonical":"https:\/\/www.nettali.com\/2022\/02\/22\/victoire-de-ahmed-aidara-aliou-sall-accuse-des-membres-de-benno-bok-yakaar\/","og_locale":"fr_FR","og_type":"article","og_title":"VICTOIRE DE AHMED AIDARA \u2013 Aliou Sall accuse des membres de Benno bok yakaar","og_description":"NETTALI.COM \u2013 A moins qu\u2019il ne soit enferm\u00e9 dans une sorte de parano\u00efa s\u00e9curitaire au lendemain de sa d\u00e9faite, Aliou Sall croit tenir ses taupes. Le pr\u00e9d\u00e9cesseur de Ahmad A\u00efdara accuse, sans les nommer, des membres de Benno bokk yakaar d\u2019avoir financ\u00e9 l\u2019opposition et promet l\u2019enfer \u00e0 tous ses d\u00e9tracteurs. On risque d\u2019aller vers un [&hellip;]","og_url":"https:\/\/www.nettali.com\/2022\/02\/22\/victoire-de-ahmed-aidara-aliou-sall-accuse-des-membres-de-benno-bok-yakaar\/","og_site_name":"Nettali.com","article_publisher":"https:\/\/www.facebook.com\/nettalicom","article_published_time":"2022-02-22T10:39:26+00:00","article_modified_time":"2022-02-22T22:21:11+00:00","og_image":[{"width":600,"height":400,"url":"https:\/\/www.nettali.com\/wp-content\/uploads\/2020\/09\/1-aliou-sall.jpg","type":"image\/jpeg"}],"twitter_card":"summary_large_image","twitter_misc":{"\u00c9crit par":"Thierno Diop","Dur\u00e9e de lecture estim\u00e9e":"4 minutes"},"schema":{"@context":"https:\/\/schema.org","@graph":[{"@type":"WebSite","@id":"https:\/\/www.nettali.com\/#website","url":"https:\/\/www.nettali.com\/","name":"Nettali.com","description":"Le rendez-vous critique du Net","potentialAction":[{"@type":"SearchAction","target":{"@type":"EntryPoint","urlTemplate":"https:\/\/www.nettali.com\/?s={search_term_string}"},"query-input":"required name=search_term_string"}],"inLanguage":"fr-FR"},{"@type":"ImageObject","@id":"https:\/\/www.nettali.com\/2022\/02\/22\/victoire-de-ahmed-aidara-aliou-sall-accuse-des-membres-de-benno-bok-yakaar\/#primaryimage","inLanguage":"fr-FR","url":"https:\/\/www.nettali.com\/wp-content\/uploads\/2020\/09\/1-aliou-sall.jpg","contentUrl":"https:\/\/www.nettali.com\/wp-content\/uploads\/2020\/09\/1-aliou-sall.jpg","width":600,"height":400},{"@type":"WebPage","@id":"https:\/\/www.nettali.com\/2022\/02\/22\/victoire-de-ahmed-aidara-aliou-sall-accuse-des-membres-de-benno-bok-yakaar\/#webpage","url":"https:\/\/www.nettali.com\/2022\/02\/22\/victoire-de-ahmed-aidara-aliou-sall-accuse-des-membres-de-benno-bok-yakaar\/","name":"VICTOIRE DE AHMED AIDARA \u2013 Aliou Sall accuse des membres de Benno bok yakaar | Nettali.com","isPartOf":{"@id":"https:\/\/www.nettali.com\/#website"},"primaryImageOfPage":{"@id":"https:\/\/www.nettali.com\/2022\/02\/22\/victoire-de-ahmed-aidara-aliou-sall-accuse-des-membres-de-benno-bok-yakaar\/#primaryimage"},"datePublished":"2022-02-22T10:39:26+00:00","dateModified":"2022-02-22T22:21:11+00:00","author":{"@id":"https:\/\/www.nettali.com\/#\/schema\/person\/8a06c6bd7b19304cf4bf985862900b5b"},"breadcrumb":{"@id":"https:\/\/www.nettali.com\/2022\/02\/22\/victoire-de-ahmed-aidara-aliou-sall-accuse-des-membres-de-benno-bok-yakaar\/#breadcrumb"},"inLanguage":"fr-FR","potentialAction":[{"@type":"ReadAction","target":["https:\/\/www.nettali.com\/2022\/02\/22\/victoire-de-ahmed-aidara-aliou-sall-accuse-des-membres-de-benno-bok-yakaar\/"]}]},{"@type":"BreadcrumbList","@id":"https:\/\/www.nettali.com\/2022\/02\/22\/victoire-de-ahmed-aidara-aliou-sall-accuse-des-membres-de-benno-bok-yakaar\/#breadcrumb","itemListElement":[{"@type":"ListItem","position":1,"name":"Accueil","item":"https:\/\/www.nettali.com\/"},{"@type":"ListItem","position":2,"name":"VICTOIRE DE AHMED AIDARA \u2013 Aliou Sall accuse des membres de Benno bok yakaar"}]},{"@type":"Person","@id":"https:\/\/www.nettali.com\/#\/schema\/person\/8a06c6bd7b19304cf4bf985862900b5b","name":"Thierno Diop","image":{"@type":"ImageObject","@id":"https:\/\/www.nettali.com\/#personlogo","inLanguage":"fr-FR","url":"https:\/\/secure.gravatar.com\/avatar\/c8ca58550c94fd2ac856d27391a6c866?s=96&d=mm&r=g","contentUrl":"https:\/\/secure.gravatar.com\/avatar\/c8ca58550c94fd2ac856d27391a6c866?s=96&d=mm&r=g","caption":"Thierno Diop"},"sameAs":["https:\/\/nettali.com"]}]}},"_links":{"self":[{"href":"https:\/\/www.nettali.com\/rest\/wp\/v2\/posts\/81746"}],"collection":[{"href":"https:\/\/www.nettali.com\/rest\/wp\/v2\/posts"}],"about":[{"href":"https:\/\/www.nettali.com\/rest\/wp\/v2\/types\/post"}],"author":[{"embeddable":true,"href":"https:\/\/www.nettali.com\/rest\/wp\/v2\/users\/11"}],"replies":[{"embeddable":true,"href":"https:\/\/www.nettali.com\/rest\/wp\/v2\/comments?post=81746"}],"version-history":[{"count":1,"href":"https:\/\/www.nettali.com\/rest\/wp\/v2\/posts\/81746\/revisions"}],"predecessor-version":[{"id":81747,"href":"https:\/\/www.nettali.com\/rest\/wp\/v2\/posts\/81746\/revisions\/81747"}],"wp:featuredmedia":[{"embeddable":true,"href":"https:\/\/www.nettali.com\/rest\/wp\/v2\/media\/45117"}],"wp:attachment":[{"href":"https:\/\/www.nettali.com\/rest\/wp\/v2\/media?parent=81746"}],"wp:term":[{"taxonomy":"category","embeddable":true,"href":"https:\/\/www.nettali.com\/rest\/wp\/v2\/categories?post=81746"},{"taxonomy":"post_tag","embeddable":true,"href":"https:\/\/www.nettali.com\/rest\/wp\/v2\/tags?post=81746"}],"curies":[{"name":"wp","href":"https:\/\/api.w.org\/{rel}","templated":true}]}}