{"id":81715,"date":"2022-02-21T21:22:26","date_gmt":"2022-02-21T21:22:26","guid":{"rendered":"https:\/\/www.nettali.com\/?p=81715"},"modified":"2022-02-21T21:22:26","modified_gmt":"2022-02-21T21:22:26","slug":"battu-a-ziguinchor-balde-vise-le-palais-en-2024","status":"publish","type":"post","link":"https:\/\/www.nettali.com\/2022\/02\/21\/battu-a-ziguinchor-balde-vise-le-palais-en-2024\/","title":{"rendered":"BATTU A ZIGUINCHOR : Bald\u00e9 vise le palais en 2024"},"content":{"rendered":"<p><strong>NETTALI.COM - Abdoulaye Bald\u00e9 ne regrette pas d'avoir perdu la mairie de Ziguinchor, gagn\u00e9e par Ousmane Sonko. Pour lui, cela lui donne le temps de mieux se pr\u00e9parer pour gagner la pr\u00e9sidentielle de 2024.<\/strong><\/p>\n<p>Apr\u00e8s 12 ans de r\u00e8gne, Abdoulaye Bald\u00e9 quitte son fauteuil de maire de la ville de Ziguinchor, \"la t\u00eate haute\", dit-il. Pour le leader de l\u2019Union centriste du S\u00e9n\u00e9gal, \u00eatre maire est l\u2019une des charges les plus lourdes, puisque <em>\u00abvous \u00eates en contact avec les populations, vous appartenez aux populations\"<\/em>. Le maire sortant de Ziguinchor l\u2019a fait savoir ce week-end \u00e0 Kounkan\u00e9 o\u00f9 il assistait \u00e0 une f\u00eate de c\u00e9l\u00e9bration de la victoire de son poulain, Siradiou Dia, \u00e9lu maire de cette ville du d\u00e9partement de V\u00e9lingara.<\/p>\n<p><em> \u00abJe pense que j\u2019ai rempli ma mission de maire avec la plus grande responsabilit\u00e9, le plus grand s\u00e9rieux, mais aussi avec le plus grand succ\u00e8s reconnus par l\u2019ensemble des Ziguinchorois\u00bb<\/em>, dit-il.<\/p>\n<p>Lib\u00e9r\u00e9 ainsi de ses fonctions de maire apr\u00e8s avoir \u00e9t\u00e9 battu par Ousmane Sonko, le leader de l\u2019Ucs se projette d\u00e9j\u00e0 vers l\u2019avenir. Abdoulaye Bald\u00e9 vise le Palais pr\u00e9sidentiel en 2024. \u00ab<em>Je me sens lib\u00e9r\u00e9 et par cons\u00e9quent, je vais \u00e0 la conqu\u00eate du S\u00e9n\u00e9gal en 2024. Je compte d\u2019abord, en premier, sur vous populations de Kolda o\u00f9 je compte des parents, des amis, des fr\u00e8res, des s\u0153urs. Je sollicite votre soutien et surtout votre engagement \u00e0 mes c\u00f4t\u00e9s pour b\u00e2tir un S\u00e9n\u00e9gal meilleur, un S\u00e9n\u00e9gal nouveau\u00bb<\/em>, a d\u00e9clar\u00e9 Abdoulaye Bald\u00e9.<\/p>\n<div class='share-to-whatsapp-wrapper'><div class='share-on-whsp'>PARTAGER SUR : <\/div><a data-text='BATTU A ZIGUINCHOR : Bald\u00e9 vise le palais en 2024' data-link='https:\/\/www.nettali.com\/2022\/02\/21\/battu-a-ziguinchor-balde-vise-le-palais-en-2024\/' class='whatsapp-button whatsapp-share'>WhatsApp<\/a><div class='clear '><\/div><\/div>","protected":false},"excerpt":{"rendered":"<p>NETTALI.COM - Abdoulaye Bald\u00e9 ne regrette pas d'avoir perdu la mairie de Ziguinchor, gagn\u00e9e par Ousmane Sonko. Pour lui, cela lui donne le temps de mieux se pr\u00e9parer pour gagner la pr\u00e9sidentielle de 2024. Apr\u00e8s 12 ans de r\u00e8gne, Abdoulaye Bald\u00e9 quitte son fauteuil de maire de la ville de Ziguinchor, \"la t\u00eate haute\", dit-il. [&hellip;]<\/p>\n","protected":false},"author":4,"featured_media":78581,"comment_status":"open","ping_status":"open","sticky":false,"template":"","format":"standard","meta":{"_et_pb_use_builder":"","_et_pb_old_content":""},"categories":[2],"tags":[],"yoast_head":"<!-- This site is optimized with the Yoast SEO Premium plugin v17.8 (Yoast SEO v17.8) - https:\/\/yoast.com\/wordpress\/plugins\/seo\/ -->\n<title>BATTU A ZIGUINCHOR : Bald\u00e9 vise le palais en 2024 | Nettali.com<\/title>\n<meta name=\"robots\" content=\"index, follow, max-snippet:-1, max-image-preview:large, max-video-preview:-1\" \/>\n<link rel=\"canonical\" href=\"https:\/\/www.nettali.com\/2022\/02\/21\/battu-a-ziguinchor-balde-vise-le-palais-en-2024\/\" \/>\n<meta property=\"og:locale\" content=\"fr_FR\" \/>\n<meta property=\"og:type\" content=\"article\" \/>\n<meta property=\"og:title\" content=\"BATTU A ZIGUINCHOR : Bald\u00e9 vise le palais en 2024\" \/>\n<meta property=\"og:description\" content=\"NETTALI.COM - Abdoulaye Bald\u00e9 ne regrette pas d&#039;avoir perdu la mairie de Ziguinchor, gagn\u00e9e par Ousmane Sonko. Pour lui, cela lui donne le temps de mieux se pr\u00e9parer pour gagner la pr\u00e9sidentielle de 2024. Apr\u00e8s 12 ans de r\u00e8gne, Abdoulaye Bald\u00e9 quitte son fauteuil de maire de la ville de Ziguinchor, &quot;la t\u00eate haute&quot;, dit-il. [&hellip;]\" \/>\n<meta property=\"og:url\" content=\"https:\/\/www.nettali.com\/2022\/02\/21\/battu-a-ziguinchor-balde-vise-le-palais-en-2024\/\" \/>\n<meta property=\"og:site_name\" content=\"Nettali.com\" \/>\n<meta property=\"article:publisher\" content=\"https:\/\/www.facebook.com\/nettalicom\" \/>\n<meta property=\"article:published_time\" content=\"2022-02-21T21:22:26+00:00\" \/>\n<meta property=\"og:image\" content=\"https:\/\/www.nettali.com\/wp-content\/uploads\/2022\/01\/Balde-Sonko.jpeg\" \/>\n\t<meta property=\"og:image:width\" content=\"696\" \/>\n\t<meta property=\"og:image:height\" content=\"419\" \/>\n<meta name=\"twitter:card\" content=\"summary_large_image\" \/>\n<meta name=\"twitter:label1\" content=\"\u00c9crit par\" \/>\n\t<meta name=\"twitter:data1\" content=\"Daouda\" \/>\n\t<meta name=\"twitter:label2\" content=\"Dur\u00e9e de lecture estim\u00e9e\" \/>\n\t<meta name=\"twitter:data2\" content=\"2 minutes\" \/>\n<script type=\"application\/ld+json\" class=\"yoast-schema-graph\">{\"@context\":\"https:\/\/schema.org\",\"@graph\":[{\"@type\":\"WebSite\",\"@id\":\"https:\/\/www.nettali.com\/#website\",\"url\":\"https:\/\/www.nettali.com\/\",\"name\":\"Nettali.com\",\"description\":\"Le rendez-vous critique du Net\",\"potentialAction\":[{\"@type\":\"SearchAction\",\"target\":{\"@type\":\"EntryPoint\",\"urlTemplate\":\"https:\/\/www.nettali.com\/?s={search_term_string}\"},\"query-input\":\"required name=search_term_string\"}],\"inLanguage\":\"fr-FR\"},{\"@type\":\"ImageObject\",\"@id\":\"https:\/\/www.nettali.com\/2022\/02\/21\/battu-a-ziguinchor-balde-vise-le-palais-en-2024\/#primaryimage\",\"inLanguage\":\"fr-FR\",\"url\":\"https:\/\/www.nettali.com\/wp-content\/uploads\/2022\/01\/Balde-Sonko.jpeg\",\"contentUrl\":\"https:\/\/www.nettali.com\/wp-content\/uploads\/2022\/01\/Balde-Sonko.jpeg\",\"width\":696,\"height\":419},{\"@type\":\"WebPage\",\"@id\":\"https:\/\/www.nettali.com\/2022\/02\/21\/battu-a-ziguinchor-balde-vise-le-palais-en-2024\/#webpage\",\"url\":\"https:\/\/www.nettali.com\/2022\/02\/21\/battu-a-ziguinchor-balde-vise-le-palais-en-2024\/\",\"name\":\"BATTU A ZIGUINCHOR : Bald\\u00e9 vise le palais en 2024 | Nettali.com\",\"isPartOf\":{\"@id\":\"https:\/\/www.nettali.com\/#website\"},\"primaryImageOfPage\":{\"@id\":\"https:\/\/www.nettali.com\/2022\/02\/21\/battu-a-ziguinchor-balde-vise-le-palais-en-2024\/#primaryimage\"},\"datePublished\":\"2022-02-21T21:22:26+00:00\",\"dateModified\":\"2022-02-21T21:22:26+00:00\",\"author\":{\"@id\":\"https:\/\/www.nettali.com\/#\/schema\/person\/3317e0bb3aa1da309fbf7b2780901bf4\"},\"breadcrumb\":{\"@id\":\"https:\/\/www.nettali.com\/2022\/02\/21\/battu-a-ziguinchor-balde-vise-le-palais-en-2024\/#breadcrumb\"},\"inLanguage\":\"fr-FR\",\"potentialAction\":[{\"@type\":\"ReadAction\",\"target\":[\"https:\/\/www.nettali.com\/2022\/02\/21\/battu-a-ziguinchor-balde-vise-le-palais-en-2024\/\"]}]},{\"@type\":\"BreadcrumbList\",\"@id\":\"https:\/\/www.nettali.com\/2022\/02\/21\/battu-a-ziguinchor-balde-vise-le-palais-en-2024\/#breadcrumb\",\"itemListElement\":[{\"@type\":\"ListItem\",\"position\":1,\"name\":\"Accueil\",\"item\":\"https:\/\/www.nettali.com\/\"},{\"@type\":\"ListItem\",\"position\":2,\"name\":\"BATTU A ZIGUINCHOR : Bald\\u00e9 vise le palais en 2024\"}]},{\"@type\":\"Person\",\"@id\":\"https:\/\/www.nettali.com\/#\/schema\/person\/3317e0bb3aa1da309fbf7b2780901bf4\",\"name\":\"Daouda\",\"image\":{\"@type\":\"ImageObject\",\"@id\":\"https:\/\/www.nettali.com\/#personlogo\",\"inLanguage\":\"fr-FR\",\"url\":\"https:\/\/secure.gravatar.com\/avatar\/8d143b5a49345098ddcfee1c49c2f47c?s=96&d=mm&r=g\",\"contentUrl\":\"https:\/\/secure.gravatar.com\/avatar\/8d143b5a49345098ddcfee1c49c2f47c?s=96&d=mm&r=g\",\"caption\":\"Daouda\"},\"sameAs\":[\"https:\/\/www.nettali.com\"]}]}<\/script>\n<!-- \/ Yoast SEO Premium plugin. -->","yoast_head_json":{"title":"BATTU A ZIGUINCHOR : Bald\u00e9 vise le palais en 2024 | Nettali.com","robots":{"index":"index","follow":"follow","max-snippet":"max-snippet:-1","max-image-preview":"max-image-preview:large","max-video-preview":"max-video-preview:-1"},"canonical":"https:\/\/www.nettali.com\/2022\/02\/21\/battu-a-ziguinchor-balde-vise-le-palais-en-2024\/","og_locale":"fr_FR","og_type":"article","og_title":"BATTU A ZIGUINCHOR : Bald\u00e9 vise le palais en 2024","og_description":"NETTALI.COM - Abdoulaye Bald\u00e9 ne regrette pas d'avoir perdu la mairie de Ziguinchor, gagn\u00e9e par Ousmane Sonko. Pour lui, cela lui donne le temps de mieux se pr\u00e9parer pour gagner la pr\u00e9sidentielle de 2024. Apr\u00e8s 12 ans de r\u00e8gne, Abdoulaye Bald\u00e9 quitte son fauteuil de maire de la ville de Ziguinchor, \"la t\u00eate haute\", dit-il. [&hellip;]","og_url":"https:\/\/www.nettali.com\/2022\/02\/21\/battu-a-ziguinchor-balde-vise-le-palais-en-2024\/","og_site_name":"Nettali.com","article_publisher":"https:\/\/www.facebook.com\/nettalicom","article_published_time":"2022-02-21T21:22:26+00:00","og_image":[{"width":696,"height":419,"url":"https:\/\/www.nettali.com\/wp-content\/uploads\/2022\/01\/Balde-Sonko.jpeg","type":"image\/jpeg"}],"twitter_card":"summary_large_image","twitter_misc":{"\u00c9crit par":"Daouda","Dur\u00e9e de lecture estim\u00e9e":"2 minutes"},"schema":{"@context":"https:\/\/schema.org","@graph":[{"@type":"WebSite","@id":"https:\/\/www.nettali.com\/#website","url":"https:\/\/www.nettali.com\/","name":"Nettali.com","description":"Le rendez-vous critique du Net","potentialAction":[{"@type":"SearchAction","target":{"@type":"EntryPoint","urlTemplate":"https:\/\/www.nettali.com\/?s={search_term_string}"},"query-input":"required name=search_term_string"}],"inLanguage":"fr-FR"},{"@type":"ImageObject","@id":"https:\/\/www.nettali.com\/2022\/02\/21\/battu-a-ziguinchor-balde-vise-le-palais-en-2024\/#primaryimage","inLanguage":"fr-FR","url":"https:\/\/www.nettali.com\/wp-content\/uploads\/2022\/01\/Balde-Sonko.jpeg","contentUrl":"https:\/\/www.nettali.com\/wp-content\/uploads\/2022\/01\/Balde-Sonko.jpeg","width":696,"height":419},{"@type":"WebPage","@id":"https:\/\/www.nettali.com\/2022\/02\/21\/battu-a-ziguinchor-balde-vise-le-palais-en-2024\/#webpage","url":"https:\/\/www.nettali.com\/2022\/02\/21\/battu-a-ziguinchor-balde-vise-le-palais-en-2024\/","name":"BATTU A ZIGUINCHOR : Bald\u00e9 vise le palais en 2024 | Nettali.com","isPartOf":{"@id":"https:\/\/www.nettali.com\/#website"},"primaryImageOfPage":{"@id":"https:\/\/www.nettali.com\/2022\/02\/21\/battu-a-ziguinchor-balde-vise-le-palais-en-2024\/#primaryimage"},"datePublished":"2022-02-21T21:22:26+00:00","dateModified":"2022-02-21T21:22:26+00:00","author":{"@id":"https:\/\/www.nettali.com\/#\/schema\/person\/3317e0bb3aa1da309fbf7b2780901bf4"},"breadcrumb":{"@id":"https:\/\/www.nettali.com\/2022\/02\/21\/battu-a-ziguinchor-balde-vise-le-palais-en-2024\/#breadcrumb"},"inLanguage":"fr-FR","potentialAction":[{"@type":"ReadAction","target":["https:\/\/www.nettali.com\/2022\/02\/21\/battu-a-ziguinchor-balde-vise-le-palais-en-2024\/"]}]},{"@type":"BreadcrumbList","@id":"https:\/\/www.nettali.com\/2022\/02\/21\/battu-a-ziguinchor-balde-vise-le-palais-en-2024\/#breadcrumb","itemListElement":[{"@type":"ListItem","position":1,"name":"Accueil","item":"https:\/\/www.nettali.com\/"},{"@type":"ListItem","position":2,"name":"BATTU A ZIGUINCHOR : Bald\u00e9 vise le palais en 2024"}]},{"@type":"Person","@id":"https:\/\/www.nettali.com\/#\/schema\/person\/3317e0bb3aa1da309fbf7b2780901bf4","name":"Daouda","image":{"@type":"ImageObject","@id":"https:\/\/www.nettali.com\/#personlogo","inLanguage":"fr-FR","url":"https:\/\/secure.gravatar.com\/avatar\/8d143b5a49345098ddcfee1c49c2f47c?s=96&d=mm&r=g","contentUrl":"https:\/\/secure.gravatar.com\/avatar\/8d143b5a49345098ddcfee1c49c2f47c?s=96&d=mm&r=g","caption":"Daouda"},"sameAs":["https:\/\/www.nettali.com"]}]}},"_links":{"self":[{"href":"https:\/\/www.nettali.com\/rest\/wp\/v2\/posts\/81715"}],"collection":[{"href":"https:\/\/www.nettali.com\/rest\/wp\/v2\/posts"}],"about":[{"href":"https:\/\/www.nettali.com\/rest\/wp\/v2\/types\/post"}],"author":[{"embeddable":true,"href":"https:\/\/www.nettali.com\/rest\/wp\/v2\/users\/4"}],"replies":[{"embeddable":true,"href":"https:\/\/www.nettali.com\/rest\/wp\/v2\/comments?post=81715"}],"version-history":[{"count":1,"href":"https:\/\/www.nettali.com\/rest\/wp\/v2\/posts\/81715\/revisions"}],"predecessor-version":[{"id":81716,"href":"https:\/\/www.nettali.com\/rest\/wp\/v2\/posts\/81715\/revisions\/81716"}],"wp:featuredmedia":[{"embeddable":true,"href":"https:\/\/www.nettali.com\/rest\/wp\/v2\/media\/78581"}],"wp:attachment":[{"href":"https:\/\/www.nettali.com\/rest\/wp\/v2\/media?parent=81715"}],"wp:term":[{"taxonomy":"category","embeddable":true,"href":"https:\/\/www.nettali.com\/rest\/wp\/v2\/categories?post=81715"},{"taxonomy":"post_tag","embeddable":true,"href":"https:\/\/www.nettali.com\/rest\/wp\/v2\/tags?post=81715"}],"curies":[{"name":"wp","href":"https:\/\/api.w.org\/{rel}","templated":true}]}}