{"id":81525,"date":"2022-02-19T01:25:48","date_gmt":"2022-02-19T01:25:48","guid":{"rendered":"https:\/\/www.nettali.com\/?p=81525"},"modified":"2022-02-19T10:09:23","modified_gmt":"2022-02-19T10:09:23","slug":"altercation-a-guediawaye-abdoulaye-wade-soutient-a-ahmet-aidara","status":"publish","type":"post","link":"https:\/\/www.nettali.com\/2022\/02\/19\/altercation-a-guediawaye-abdoulaye-wade-soutient-a-ahmet-aidara\/","title":{"rendered":"ALTERCATION A GUEDIAWAYE - Abdoulaye Wade soutient Ahmet Aidara"},"content":{"rendered":"<p><strong>NETTALI.COM - L\u2019ancien pr\u00e9sident de la R\u00e9publique, Me Abdoulaye Wade renforce Ahmet A\u00efdara suite aux altercations qui ont \u00e9maill\u00e9 son installation \u00e0 la mairie de Gu\u00e9diawaye.\u00a0<\/strong><\/p>\n<p>Le journaliste Ameth A\u00efdara devenu premier magistrat de la ville de Gu\u00e9diawaye b\u00e9n\u00e9ficie d\u2019un grand soutien. En effet, l\u2019ancien Pr\u00e9sident de la R\u00e9publique et non moins le Secr\u00e9taire g\u00e9n\u00e9ral national du Parti d\u00e9mocratique s\u00e9n\u00e9galais, Me Abdoulaye Wade a donn\u00e9 des instructions fermes pour un soutien actif, total et sans faille au maire \u00e9lu de la ville, Ameth A\u00efdara.<\/p>\n<p>Abdoulaye Wade a fait cette sortie aux lendemain des altercations qui ont eu lieu \u00e0 Gu\u00e9diawaye lors de l\u2019installation du nouveau bureau municipal. Selon le communiqu\u00e9, Me Wade a d\u00e9p\u00each\u00e9 illico presto une d\u00e9l\u00e9gation de la Direction du parti qui s\u2019est rendue \u00e0 Gu\u00e9diawaye aupr\u00e8s des responsables du parti qui sont \u00e9lus conseillers \u00e0 la ville afin de leur transmettre de vive voix ses instructions \u00e0 appliquer rigoureusement sous peine de sanctions internes contre les contrevenants.<\/p>\n<p>\u00ab <em>Par cons\u00e9quent, nos conseillers ont exprim\u00e9 leur enti\u00e8re adh\u00e9sion aux directives du SGN du parti Pr\u00e9sident Wade et se sont engag\u00e9s \u00e0 les appliquer<\/em> \u00bb, rapporte le communiqu\u00e9, indiquant que la d\u00e9l\u00e9gation a transmis au maire Ameth A\u00efdara \"<em>un message de soutien sans faille du fr\u00e8re Secr\u00e9taire G\u00e9n\u00e9ral National mais aussi du Candidat du parti Karim Wade<\/em>\".<\/p>\n<p>\u00ab<em> \u00c0 la prochaine installation du bureau municipal pr\u00e9vue la semaine prochaine, nos conseillers seront aux c\u00f4t\u00e9s du Maire Ameth Aidara pour renforcer la victoire de l\u2019opposition \u00e0 Gu\u00e9diawaye<\/em> \u00bb, rassure-t-on.<\/p>\n<p>Pour rappel, l'installation du conseil municipal de Gu\u00e9diawaye pr\u00e9vu ce jeudi a avort\u00e9 \u00e0 cause des affrontements opposant deux candidats : Cheikh Sarr de BBY contre Mor Diaw de Yaw. Le pr\u00e9fet de Gu\u00e9diawaye, apr\u00e8s avoir constat\u00e9 la situation de blocage, a d\u00e9clar\u00e9 que l\u2019Etat prendra ses responsabilit\u00e9s. Il a battu en br\u00e8che les all\u00e9gations de Ahmed A\u00efdara, faisant \u00e9tat d\u2019une parent\u00e9 au premier degr\u00e9 entre deux conseillers.<\/p>\n<div class='share-to-whatsapp-wrapper'><div class='share-on-whsp'>PARTAGER SUR : <\/div><a data-text='ALTERCATION A GUEDIAWAYE - Abdoulaye Wade soutient Ahmet Aidara' data-link='https:\/\/www.nettali.com\/2022\/02\/19\/altercation-a-guediawaye-abdoulaye-wade-soutient-a-ahmet-aidara\/' class='whatsapp-button whatsapp-share'>WhatsApp<\/a><div class='clear '><\/div><\/div>","protected":false},"excerpt":{"rendered":"<p>NETTALI.COM - L\u2019ancien pr\u00e9sident de la R\u00e9publique, Me Abdoulaye Wade renforce Ahmet A\u00efdara suite aux altercations qui ont \u00e9maill\u00e9 son installation \u00e0 la mairie de Gu\u00e9diawaye.\u00a0 Le journaliste Ameth A\u00efdara devenu premier magistrat de la ville de Gu\u00e9diawaye b\u00e9n\u00e9ficie d\u2019un grand soutien. En effet, l\u2019ancien Pr\u00e9sident de la R\u00e9publique et non moins le Secr\u00e9taire g\u00e9n\u00e9ral [&hellip;]<\/p>\n","protected":false},"author":6,"featured_media":81539,"comment_status":"open","ping_status":"open","sticky":false,"template":"","format":"standard","meta":{"_et_pb_use_builder":"","_et_pb_old_content":""},"categories":[2],"tags":[],"yoast_head":"<!-- This site is optimized with the Yoast SEO Premium plugin v17.8 (Yoast SEO v17.8) - https:\/\/yoast.com\/wordpress\/plugins\/seo\/ -->\n<title>ALTERCATION A GUEDIAWAYE - Abdoulaye Wade soutient Ahmet Aidara | Nettali.com<\/title>\n<meta name=\"robots\" content=\"index, follow, max-snippet:-1, max-image-preview:large, max-video-preview:-1\" \/>\n<link rel=\"canonical\" href=\"https:\/\/www.nettali.com\/2022\/02\/19\/altercation-a-guediawaye-abdoulaye-wade-soutient-a-ahmet-aidara\/\" \/>\n<meta property=\"og:locale\" content=\"fr_FR\" \/>\n<meta property=\"og:type\" content=\"article\" \/>\n<meta property=\"og:title\" content=\"ALTERCATION A GUEDIAWAYE - Abdoulaye Wade soutient Ahmet Aidara\" \/>\n<meta property=\"og:description\" content=\"NETTALI.COM - L\u2019ancien pr\u00e9sident de la R\u00e9publique, Me Abdoulaye Wade renforce Ahmet A\u00efdara suite aux altercations qui ont \u00e9maill\u00e9 son installation \u00e0 la mairie de Gu\u00e9diawaye.\u00a0 Le journaliste Ameth A\u00efdara devenu premier magistrat de la ville de Gu\u00e9diawaye b\u00e9n\u00e9ficie d\u2019un grand soutien. En effet, l\u2019ancien Pr\u00e9sident de la R\u00e9publique et non moins le Secr\u00e9taire g\u00e9n\u00e9ral [&hellip;]\" \/>\n<meta property=\"og:url\" content=\"https:\/\/www.nettali.com\/2022\/02\/19\/altercation-a-guediawaye-abdoulaye-wade-soutient-a-ahmet-aidara\/\" \/>\n<meta property=\"og:site_name\" content=\"Nettali.com\" \/>\n<meta property=\"article:publisher\" content=\"https:\/\/www.facebook.com\/nettalicom\" \/>\n<meta property=\"article:published_time\" content=\"2022-02-19T01:25:48+00:00\" \/>\n<meta property=\"article:modified_time\" content=\"2022-02-19T10:09:23+00:00\" \/>\n<meta property=\"og:image\" content=\"https:\/\/www.nettali.com\/wp-content\/uploads\/2022\/02\/aw.jpg\" \/>\n\t<meta property=\"og:image:width\" content=\"1080\" \/>\n\t<meta property=\"og:image:height\" content=\"607\" \/>\n<meta name=\"twitter:card\" content=\"summary_large_image\" \/>\n<meta name=\"twitter:label1\" content=\"\u00c9crit par\" \/>\n\t<meta name=\"twitter:data1\" content=\"Fatou\" \/>\n\t<meta name=\"twitter:label2\" content=\"Dur\u00e9e de lecture estim\u00e9e\" \/>\n\t<meta name=\"twitter:data2\" content=\"2 minutes\" \/>\n<script type=\"application\/ld+json\" class=\"yoast-schema-graph\">{\"@context\":\"https:\/\/schema.org\",\"@graph\":[{\"@type\":\"WebSite\",\"@id\":\"https:\/\/www.nettali.com\/#website\",\"url\":\"https:\/\/www.nettali.com\/\",\"name\":\"Nettali.com\",\"description\":\"Le rendez-vous critique du Net\",\"potentialAction\":[{\"@type\":\"SearchAction\",\"target\":{\"@type\":\"EntryPoint\",\"urlTemplate\":\"https:\/\/www.nettali.com\/?s={search_term_string}\"},\"query-input\":\"required name=search_term_string\"}],\"inLanguage\":\"fr-FR\"},{\"@type\":\"ImageObject\",\"@id\":\"https:\/\/www.nettali.com\/2022\/02\/19\/altercation-a-guediawaye-abdoulaye-wade-soutient-a-ahmet-aidara\/#primaryimage\",\"inLanguage\":\"fr-FR\",\"url\":\"https:\/\/www.nettali.com\/wp-content\/uploads\/2022\/02\/aw.jpg\",\"contentUrl\":\"https:\/\/www.nettali.com\/wp-content\/uploads\/2022\/02\/aw.jpg\",\"width\":1080,\"height\":607},{\"@type\":\"WebPage\",\"@id\":\"https:\/\/www.nettali.com\/2022\/02\/19\/altercation-a-guediawaye-abdoulaye-wade-soutient-a-ahmet-aidara\/#webpage\",\"url\":\"https:\/\/www.nettali.com\/2022\/02\/19\/altercation-a-guediawaye-abdoulaye-wade-soutient-a-ahmet-aidara\/\",\"name\":\"ALTERCATION A GUEDIAWAYE - Abdoulaye Wade soutient Ahmet Aidara | Nettali.com\",\"isPartOf\":{\"@id\":\"https:\/\/www.nettali.com\/#website\"},\"primaryImageOfPage\":{\"@id\":\"https:\/\/www.nettali.com\/2022\/02\/19\/altercation-a-guediawaye-abdoulaye-wade-soutient-a-ahmet-aidara\/#primaryimage\"},\"datePublished\":\"2022-02-19T01:25:48+00:00\",\"dateModified\":\"2022-02-19T10:09:23+00:00\",\"author\":{\"@id\":\"https:\/\/www.nettali.com\/#\/schema\/person\/418274a86bdf87caff7a3ef476bd0bbf\"},\"breadcrumb\":{\"@id\":\"https:\/\/www.nettali.com\/2022\/02\/19\/altercation-a-guediawaye-abdoulaye-wade-soutient-a-ahmet-aidara\/#breadcrumb\"},\"inLanguage\":\"fr-FR\",\"potentialAction\":[{\"@type\":\"ReadAction\",\"target\":[\"https:\/\/www.nettali.com\/2022\/02\/19\/altercation-a-guediawaye-abdoulaye-wade-soutient-a-ahmet-aidara\/\"]}]},{\"@type\":\"BreadcrumbList\",\"@id\":\"https:\/\/www.nettali.com\/2022\/02\/19\/altercation-a-guediawaye-abdoulaye-wade-soutient-a-ahmet-aidara\/#breadcrumb\",\"itemListElement\":[{\"@type\":\"ListItem\",\"position\":1,\"name\":\"Accueil\",\"item\":\"https:\/\/www.nettali.com\/\"},{\"@type\":\"ListItem\",\"position\":2,\"name\":\"ALTERCATION A GUEDIAWAYE &#8211; Abdoulaye Wade soutient Ahmet Aidara\"}]},{\"@type\":\"Person\",\"@id\":\"https:\/\/www.nettali.com\/#\/schema\/person\/418274a86bdf87caff7a3ef476bd0bbf\",\"name\":\"Fatou\",\"image\":{\"@type\":\"ImageObject\",\"@id\":\"https:\/\/www.nettali.com\/#personlogo\",\"inLanguage\":\"fr-FR\",\"url\":\"https:\/\/secure.gravatar.com\/avatar\/5a9442a2bee7b4dcf167cab035858e9a?s=96&d=mm&r=g\",\"contentUrl\":\"https:\/\/secure.gravatar.com\/avatar\/5a9442a2bee7b4dcf167cab035858e9a?s=96&d=mm&r=g\",\"caption\":\"Fatou\"},\"sameAs\":[\"https:\/\/www.nettali.com\"]}]}<\/script>\n<!-- \/ Yoast SEO Premium plugin. -->","yoast_head_json":{"title":"ALTERCATION A GUEDIAWAYE - Abdoulaye Wade soutient Ahmet Aidara | Nettali.com","robots":{"index":"index","follow":"follow","max-snippet":"max-snippet:-1","max-image-preview":"max-image-preview:large","max-video-preview":"max-video-preview:-1"},"canonical":"https:\/\/www.nettali.com\/2022\/02\/19\/altercation-a-guediawaye-abdoulaye-wade-soutient-a-ahmet-aidara\/","og_locale":"fr_FR","og_type":"article","og_title":"ALTERCATION A GUEDIAWAYE - Abdoulaye Wade soutient Ahmet Aidara","og_description":"NETTALI.COM - L\u2019ancien pr\u00e9sident de la R\u00e9publique, Me Abdoulaye Wade renforce Ahmet A\u00efdara suite aux altercations qui ont \u00e9maill\u00e9 son installation \u00e0 la mairie de Gu\u00e9diawaye.\u00a0 Le journaliste Ameth A\u00efdara devenu premier magistrat de la ville de Gu\u00e9diawaye b\u00e9n\u00e9ficie d\u2019un grand soutien. En effet, l\u2019ancien Pr\u00e9sident de la R\u00e9publique et non moins le Secr\u00e9taire g\u00e9n\u00e9ral [&hellip;]","og_url":"https:\/\/www.nettali.com\/2022\/02\/19\/altercation-a-guediawaye-abdoulaye-wade-soutient-a-ahmet-aidara\/","og_site_name":"Nettali.com","article_publisher":"https:\/\/www.facebook.com\/nettalicom","article_published_time":"2022-02-19T01:25:48+00:00","article_modified_time":"2022-02-19T10:09:23+00:00","og_image":[{"width":1080,"height":607,"url":"https:\/\/www.nettali.com\/wp-content\/uploads\/2022\/02\/aw.jpg","type":"image\/jpeg"}],"twitter_card":"summary_large_image","twitter_misc":{"\u00c9crit par":"Fatou","Dur\u00e9e de lecture estim\u00e9e":"2 minutes"},"schema":{"@context":"https:\/\/schema.org","@graph":[{"@type":"WebSite","@id":"https:\/\/www.nettali.com\/#website","url":"https:\/\/www.nettali.com\/","name":"Nettali.com","description":"Le rendez-vous critique du Net","potentialAction":[{"@type":"SearchAction","target":{"@type":"EntryPoint","urlTemplate":"https:\/\/www.nettali.com\/?s={search_term_string}"},"query-input":"required name=search_term_string"}],"inLanguage":"fr-FR"},{"@type":"ImageObject","@id":"https:\/\/www.nettali.com\/2022\/02\/19\/altercation-a-guediawaye-abdoulaye-wade-soutient-a-ahmet-aidara\/#primaryimage","inLanguage":"fr-FR","url":"https:\/\/www.nettali.com\/wp-content\/uploads\/2022\/02\/aw.jpg","contentUrl":"https:\/\/www.nettali.com\/wp-content\/uploads\/2022\/02\/aw.jpg","width":1080,"height":607},{"@type":"WebPage","@id":"https:\/\/www.nettali.com\/2022\/02\/19\/altercation-a-guediawaye-abdoulaye-wade-soutient-a-ahmet-aidara\/#webpage","url":"https:\/\/www.nettali.com\/2022\/02\/19\/altercation-a-guediawaye-abdoulaye-wade-soutient-a-ahmet-aidara\/","name":"ALTERCATION A GUEDIAWAYE - Abdoulaye Wade soutient Ahmet Aidara | Nettali.com","isPartOf":{"@id":"https:\/\/www.nettali.com\/#website"},"primaryImageOfPage":{"@id":"https:\/\/www.nettali.com\/2022\/02\/19\/altercation-a-guediawaye-abdoulaye-wade-soutient-a-ahmet-aidara\/#primaryimage"},"datePublished":"2022-02-19T01:25:48+00:00","dateModified":"2022-02-19T10:09:23+00:00","author":{"@id":"https:\/\/www.nettali.com\/#\/schema\/person\/418274a86bdf87caff7a3ef476bd0bbf"},"breadcrumb":{"@id":"https:\/\/www.nettali.com\/2022\/02\/19\/altercation-a-guediawaye-abdoulaye-wade-soutient-a-ahmet-aidara\/#breadcrumb"},"inLanguage":"fr-FR","potentialAction":[{"@type":"ReadAction","target":["https:\/\/www.nettali.com\/2022\/02\/19\/altercation-a-guediawaye-abdoulaye-wade-soutient-a-ahmet-aidara\/"]}]},{"@type":"BreadcrumbList","@id":"https:\/\/www.nettali.com\/2022\/02\/19\/altercation-a-guediawaye-abdoulaye-wade-soutient-a-ahmet-aidara\/#breadcrumb","itemListElement":[{"@type":"ListItem","position":1,"name":"Accueil","item":"https:\/\/www.nettali.com\/"},{"@type":"ListItem","position":2,"name":"ALTERCATION A GUEDIAWAYE &#8211; Abdoulaye Wade soutient Ahmet Aidara"}]},{"@type":"Person","@id":"https:\/\/www.nettali.com\/#\/schema\/person\/418274a86bdf87caff7a3ef476bd0bbf","name":"Fatou","image":{"@type":"ImageObject","@id":"https:\/\/www.nettali.com\/#personlogo","inLanguage":"fr-FR","url":"https:\/\/secure.gravatar.com\/avatar\/5a9442a2bee7b4dcf167cab035858e9a?s=96&d=mm&r=g","contentUrl":"https:\/\/secure.gravatar.com\/avatar\/5a9442a2bee7b4dcf167cab035858e9a?s=96&d=mm&r=g","caption":"Fatou"},"sameAs":["https:\/\/www.nettali.com"]}]}},"_links":{"self":[{"href":"https:\/\/www.nettali.com\/rest\/wp\/v2\/posts\/81525"}],"collection":[{"href":"https:\/\/www.nettali.com\/rest\/wp\/v2\/posts"}],"about":[{"href":"https:\/\/www.nettali.com\/rest\/wp\/v2\/types\/post"}],"author":[{"embeddable":true,"href":"https:\/\/www.nettali.com\/rest\/wp\/v2\/users\/6"}],"replies":[{"embeddable":true,"href":"https:\/\/www.nettali.com\/rest\/wp\/v2\/comments?post=81525"}],"version-history":[{"count":4,"href":"https:\/\/www.nettali.com\/rest\/wp\/v2\/posts\/81525\/revisions"}],"predecessor-version":[{"id":81541,"href":"https:\/\/www.nettali.com\/rest\/wp\/v2\/posts\/81525\/revisions\/81541"}],"wp:featuredmedia":[{"embeddable":true,"href":"https:\/\/www.nettali.com\/rest\/wp\/v2\/media\/81539"}],"wp:attachment":[{"href":"https:\/\/www.nettali.com\/rest\/wp\/v2\/media?parent=81525"}],"wp:term":[{"taxonomy":"category","embeddable":true,"href":"https:\/\/www.nettali.com\/rest\/wp\/v2\/categories?post=81525"},{"taxonomy":"post_tag","embeddable":true,"href":"https:\/\/www.nettali.com\/rest\/wp\/v2\/tags?post=81525"}],"curies":[{"name":"wp","href":"https:\/\/api.w.org\/{rel}","templated":true}]}}