{"id":81494,"date":"2022-02-18T09:04:02","date_gmt":"2022-02-18T09:04:02","guid":{"rendered":"https:\/\/www.nettali.com\/?p=81494"},"modified":"2022-02-18T09:04:02","modified_gmt":"2022-02-18T09:04:02","slug":"stade-du-senegal-le-pays-va-beaucoup-gagner-en-visibilite-selon-lambassadeur-de-turquie","status":"publish","type":"post","link":"https:\/\/www.nettali.com\/2022\/02\/18\/stade-du-senegal-le-pays-va-beaucoup-gagner-en-visibilite-selon-lambassadeur-de-turquie\/","title":{"rendered":"STADE DU S\u00c9N\u00c9GAL - Le pays va beaucoup gagner en visibilit\u00e9, selon l\u2019ambassadeur de Turquie"},"content":{"rendered":"<p>NETTALI.COM - Le S\u00e9n\u00e9gal va avoir \"beaucoup de visibilit\u00e9\" dans le monde, gr\u00e2ce \u00e0 son nouveau stade construit \u00e0 Diamniadio, a affirm\u00e9, jeudi, l\u2019ambassadeur de Turquie \u00e0 Dakar, Ahmet Kavas.<\/p>\n<p>\"Le stade [du S\u00e9n\u00e9gal] n\u2019est pas seulement un b\u00e2timent. Il va donner au pays beaucoup de visibilit\u00e9 dans le monde\", a-t-il dit, dans un entretien avec l\u2019APS.<\/p>\n<p>&nbsp;<\/p>\n<p>Le Stade du S\u00e9n\u00e9gal \u00e0 Diamaniadio, construit par la soci\u00e9t\u00e9 turque Summa, est pr\u00e9sent\u00e9e par le pr\u00e9sident Macky Sall comme \"une infrastructure offerte en cadeau \u00e0 la jeunesse s\u00e9n\u00e9galaise\".<\/p>\n<p>&nbsp;<\/p>\n<p>Cette infrastructure de 50.000 places est dot\u00e9e d\u2019\u00e9quipements de derni\u00e8re g\u00e9n\u00e9ration et de toutes les commodit\u00e9s n\u00e9cessaires \u00e0 la comp\u00e9tition, dont deux terrains d\u2019entrainement, en plus d\u2019un mus\u00e9e de football portant le nom de l\u2019ancien international s\u00e9n\u00e9galais Pape-Bouba-Diop (1978-2020).<\/p>\n<p>Le stade du S\u00e9n\u00e9gal sera inaugur\u00e9 mardi par le pr\u00e9sident Macky Sall, en pr\u00e9sence de plusieurs chefs de l\u2019Etat, dont le pr\u00e9sident turc Recep Tayip Erdogan et le pr\u00e9sident de la FIFA.<\/p>\n<p>&nbsp;<\/p>\n<p>Selon l\u2019ambassadeur de Turquie \u00e0 Dakar, avec ce stade moderne, des clubs turcs ou d\u2019autres pays peuvent venir maintenant au S\u00e9n\u00e9gal pour y disputer des rencontres.<\/p>\n<p>&nbsp;<\/p>\n<p>\"Avec le Stade du S\u00e9n\u00e9gal, le S\u00e9n\u00e9gal va planifier son avenir dans le domaine du sport, plus particuli\u00e8rement du football\", a estim\u00e9 Ahmet Kavas.<\/p>\n<p>&nbsp;<\/p>\n<p>Le diplomate turc a vant\u00e9 les r\u00e9alisations de la soci\u00e9t\u00e9 turque SUMMA au S\u00e9n\u00e9gal, parmi lesquelles l\u2019a\u00e9roport international Blaise-Diagne (AIBD), le Centre de conf\u00e9rences international Abdou Diouf (CICAD), le Dakar Arena, l\u2019h\u00f4tel Radisson.<\/p>\n<p>&nbsp;<\/p>\n<p>Le pr\u00e9sident Macky Sall avait pos\u00e9 la premi\u00e8re pierre du stade du S\u00e9n\u00e9gal en f\u00e9vrier 22 f\u00e9vrier 2020.<\/p>\n<p>&nbsp;<\/p>\n<p>D\u2019un co\u00fbt de 238 millions d\u2019euros, le stade de Diamniadio doit abriter le match retour des barrages du Mondial 2022, devant opposer le S\u00e9n\u00e9gal \u00e0 l\u2019Egypte, en mars prochain.<\/p>\n<p>Outre ses capacit\u00e9s d\u2019accueil de 50.000 places, l\u2019un de ses deux terrains d\u2019entrainement est \u00e9quip\u00e9 d\u2019une piste d\u2019athl\u00e9tisme et d\u2019une seconde tribune de 2000 places.<\/p>\n<p>L\u2019ensemble sera enti\u00e8rement aliment\u00e9 par une centrale d\u2019\u00e9nergie solaire autonome.<\/p>\n<p>&nbsp;<\/p>\n<p>&nbsp;<\/p>\n<div class='share-to-whatsapp-wrapper'><div class='share-on-whsp'>PARTAGER SUR : <\/div><a data-text='STADE DU S\u00c9N\u00c9GAL - Le pays va beaucoup gagner en visibilit\u00e9, selon l\u2019ambassadeur de Turquie' data-link='https:\/\/www.nettali.com\/2022\/02\/18\/stade-du-senegal-le-pays-va-beaucoup-gagner-en-visibilite-selon-lambassadeur-de-turquie\/' class='whatsapp-button whatsapp-share'>WhatsApp<\/a><div class='clear '><\/div><\/div>","protected":false},"excerpt":{"rendered":"<p>NETTALI.COM - Le S\u00e9n\u00e9gal va avoir \"beaucoup de visibilit\u00e9\" dans le monde, gr\u00e2ce \u00e0 son nouveau stade construit \u00e0 Diamniadio, a affirm\u00e9, jeudi, l\u2019ambassadeur de Turquie \u00e0 Dakar, Ahmet Kavas. \"Le stade [du S\u00e9n\u00e9gal] n\u2019est pas seulement un b\u00e2timent. Il va donner au pays beaucoup de visibilit\u00e9 dans le monde\", a-t-il dit, dans un entretien [&hellip;]<\/p>\n","protected":false},"author":11,"featured_media":81496,"comment_status":"open","ping_status":"open","sticky":false,"template":"","format":"standard","meta":{"_et_pb_use_builder":"","_et_pb_old_content":""},"categories":[6],"tags":[],"yoast_head":"<!-- This site is optimized with the Yoast SEO Premium plugin v17.8 (Yoast SEO v17.8) - https:\/\/yoast.com\/wordpress\/plugins\/seo\/ -->\n<title>STADE DU S\u00c9N\u00c9GAL - Le pays va beaucoup gagner en visibilit\u00e9, selon l\u2019ambassadeur de Turquie | Nettali.com<\/title>\n<meta name=\"robots\" content=\"index, follow, max-snippet:-1, max-image-preview:large, max-video-preview:-1\" \/>\n<link rel=\"canonical\" href=\"https:\/\/www.nettali.com\/2022\/02\/18\/stade-du-senegal-le-pays-va-beaucoup-gagner-en-visibilite-selon-lambassadeur-de-turquie\/\" \/>\n<meta property=\"og:locale\" content=\"fr_FR\" \/>\n<meta property=\"og:type\" content=\"article\" \/>\n<meta property=\"og:title\" content=\"STADE DU S\u00c9N\u00c9GAL - Le pays va beaucoup gagner en visibilit\u00e9, selon l\u2019ambassadeur de Turquie\" \/>\n<meta property=\"og:description\" content=\"NETTALI.COM - Le S\u00e9n\u00e9gal va avoir &quot;beaucoup de visibilit\u00e9&quot; dans le monde, gr\u00e2ce \u00e0 son nouveau stade construit \u00e0 Diamniadio, a affirm\u00e9, jeudi, l\u2019ambassadeur de Turquie \u00e0 Dakar, Ahmet Kavas. &quot;Le stade [du S\u00e9n\u00e9gal] n\u2019est pas seulement un b\u00e2timent. Il va donner au pays beaucoup de visibilit\u00e9 dans le monde&quot;, a-t-il dit, dans un entretien [&hellip;]\" \/>\n<meta property=\"og:url\" content=\"https:\/\/www.nettali.com\/2022\/02\/18\/stade-du-senegal-le-pays-va-beaucoup-gagner-en-visibilite-selon-lambassadeur-de-turquie\/\" \/>\n<meta property=\"og:site_name\" content=\"Nettali.com\" \/>\n<meta property=\"article:publisher\" content=\"https:\/\/www.facebook.com\/nettalicom\" \/>\n<meta property=\"article:published_time\" content=\"2022-02-18T09:04:02+00:00\" \/>\n<meta property=\"og:image\" content=\"https:\/\/www.nettali.com\/wp-content\/uploads\/2022\/02\/stade-du-senegal.jpg\" \/>\n\t<meta property=\"og:image:width\" content=\"1916\" \/>\n\t<meta property=\"og:image:height\" content=\"1075\" \/>\n<meta name=\"twitter:card\" content=\"summary_large_image\" \/>\n<meta name=\"twitter:label1\" content=\"\u00c9crit par\" \/>\n\t<meta name=\"twitter:data1\" content=\"Thierno Diop\" \/>\n\t<meta name=\"twitter:label2\" content=\"Dur\u00e9e de lecture estim\u00e9e\" \/>\n\t<meta name=\"twitter:data2\" content=\"2 minutes\" \/>\n<script type=\"application\/ld+json\" class=\"yoast-schema-graph\">{\"@context\":\"https:\/\/schema.org\",\"@graph\":[{\"@type\":\"WebSite\",\"@id\":\"https:\/\/www.nettali.com\/#website\",\"url\":\"https:\/\/www.nettali.com\/\",\"name\":\"Nettali.com\",\"description\":\"Le rendez-vous critique du Net\",\"potentialAction\":[{\"@type\":\"SearchAction\",\"target\":{\"@type\":\"EntryPoint\",\"urlTemplate\":\"https:\/\/www.nettali.com\/?s={search_term_string}\"},\"query-input\":\"required name=search_term_string\"}],\"inLanguage\":\"fr-FR\"},{\"@type\":\"ImageObject\",\"@id\":\"https:\/\/www.nettali.com\/2022\/02\/18\/stade-du-senegal-le-pays-va-beaucoup-gagner-en-visibilite-selon-lambassadeur-de-turquie\/#primaryimage\",\"inLanguage\":\"fr-FR\",\"url\":\"https:\/\/www.nettali.com\/wp-content\/uploads\/2022\/02\/stade-du-senegal.jpg\",\"contentUrl\":\"https:\/\/www.nettali.com\/wp-content\/uploads\/2022\/02\/stade-du-senegal.jpg\",\"width\":1916,\"height\":1075},{\"@type\":\"WebPage\",\"@id\":\"https:\/\/www.nettali.com\/2022\/02\/18\/stade-du-senegal-le-pays-va-beaucoup-gagner-en-visibilite-selon-lambassadeur-de-turquie\/#webpage\",\"url\":\"https:\/\/www.nettali.com\/2022\/02\/18\/stade-du-senegal-le-pays-va-beaucoup-gagner-en-visibilite-selon-lambassadeur-de-turquie\/\",\"name\":\"STADE DU S\\u00c9N\\u00c9GAL - Le pays va beaucoup gagner en visibilit\\u00e9, selon l\\u2019ambassadeur de Turquie | Nettali.com\",\"isPartOf\":{\"@id\":\"https:\/\/www.nettali.com\/#website\"},\"primaryImageOfPage\":{\"@id\":\"https:\/\/www.nettali.com\/2022\/02\/18\/stade-du-senegal-le-pays-va-beaucoup-gagner-en-visibilite-selon-lambassadeur-de-turquie\/#primaryimage\"},\"datePublished\":\"2022-02-18T09:04:02+00:00\",\"dateModified\":\"2022-02-18T09:04:02+00:00\",\"author\":{\"@id\":\"https:\/\/www.nettali.com\/#\/schema\/person\/8a06c6bd7b19304cf4bf985862900b5b\"},\"breadcrumb\":{\"@id\":\"https:\/\/www.nettali.com\/2022\/02\/18\/stade-du-senegal-le-pays-va-beaucoup-gagner-en-visibilite-selon-lambassadeur-de-turquie\/#breadcrumb\"},\"inLanguage\":\"fr-FR\",\"potentialAction\":[{\"@type\":\"ReadAction\",\"target\":[\"https:\/\/www.nettali.com\/2022\/02\/18\/stade-du-senegal-le-pays-va-beaucoup-gagner-en-visibilite-selon-lambassadeur-de-turquie\/\"]}]},{\"@type\":\"BreadcrumbList\",\"@id\":\"https:\/\/www.nettali.com\/2022\/02\/18\/stade-du-senegal-le-pays-va-beaucoup-gagner-en-visibilite-selon-lambassadeur-de-turquie\/#breadcrumb\",\"itemListElement\":[{\"@type\":\"ListItem\",\"position\":1,\"name\":\"Accueil\",\"item\":\"https:\/\/www.nettali.com\/\"},{\"@type\":\"ListItem\",\"position\":2,\"name\":\"STADE DU S\\u00c9N\\u00c9GAL &#8211; Le pays va beaucoup gagner en visibilit\\u00e9, selon l\\u2019ambassadeur de Turquie\"}]},{\"@type\":\"Person\",\"@id\":\"https:\/\/www.nettali.com\/#\/schema\/person\/8a06c6bd7b19304cf4bf985862900b5b\",\"name\":\"Thierno Diop\",\"image\":{\"@type\":\"ImageObject\",\"@id\":\"https:\/\/www.nettali.com\/#personlogo\",\"inLanguage\":\"fr-FR\",\"url\":\"https:\/\/secure.gravatar.com\/avatar\/c8ca58550c94fd2ac856d27391a6c866?s=96&d=mm&r=g\",\"contentUrl\":\"https:\/\/secure.gravatar.com\/avatar\/c8ca58550c94fd2ac856d27391a6c866?s=96&d=mm&r=g\",\"caption\":\"Thierno Diop\"},\"sameAs\":[\"https:\/\/nettali.com\"]}]}<\/script>\n<!-- \/ Yoast SEO Premium plugin. -->","yoast_head_json":{"title":"STADE DU S\u00c9N\u00c9GAL - Le pays va beaucoup gagner en visibilit\u00e9, selon l\u2019ambassadeur de Turquie | Nettali.com","robots":{"index":"index","follow":"follow","max-snippet":"max-snippet:-1","max-image-preview":"max-image-preview:large","max-video-preview":"max-video-preview:-1"},"canonical":"https:\/\/www.nettali.com\/2022\/02\/18\/stade-du-senegal-le-pays-va-beaucoup-gagner-en-visibilite-selon-lambassadeur-de-turquie\/","og_locale":"fr_FR","og_type":"article","og_title":"STADE DU S\u00c9N\u00c9GAL - Le pays va beaucoup gagner en visibilit\u00e9, selon l\u2019ambassadeur de Turquie","og_description":"NETTALI.COM - Le S\u00e9n\u00e9gal va avoir \"beaucoup de visibilit\u00e9\" dans le monde, gr\u00e2ce \u00e0 son nouveau stade construit \u00e0 Diamniadio, a affirm\u00e9, jeudi, l\u2019ambassadeur de Turquie \u00e0 Dakar, Ahmet Kavas. \"Le stade [du S\u00e9n\u00e9gal] n\u2019est pas seulement un b\u00e2timent. Il va donner au pays beaucoup de visibilit\u00e9 dans le monde\", a-t-il dit, dans un entretien [&hellip;]","og_url":"https:\/\/www.nettali.com\/2022\/02\/18\/stade-du-senegal-le-pays-va-beaucoup-gagner-en-visibilite-selon-lambassadeur-de-turquie\/","og_site_name":"Nettali.com","article_publisher":"https:\/\/www.facebook.com\/nettalicom","article_published_time":"2022-02-18T09:04:02+00:00","og_image":[{"width":1916,"height":1075,"url":"https:\/\/www.nettali.com\/wp-content\/uploads\/2022\/02\/stade-du-senegal.jpg","type":"image\/jpeg"}],"twitter_card":"summary_large_image","twitter_misc":{"\u00c9crit par":"Thierno Diop","Dur\u00e9e de lecture estim\u00e9e":"2 minutes"},"schema":{"@context":"https:\/\/schema.org","@graph":[{"@type":"WebSite","@id":"https:\/\/www.nettali.com\/#website","url":"https:\/\/www.nettali.com\/","name":"Nettali.com","description":"Le rendez-vous critique du Net","potentialAction":[{"@type":"SearchAction","target":{"@type":"EntryPoint","urlTemplate":"https:\/\/www.nettali.com\/?s={search_term_string}"},"query-input":"required name=search_term_string"}],"inLanguage":"fr-FR"},{"@type":"ImageObject","@id":"https:\/\/www.nettali.com\/2022\/02\/18\/stade-du-senegal-le-pays-va-beaucoup-gagner-en-visibilite-selon-lambassadeur-de-turquie\/#primaryimage","inLanguage":"fr-FR","url":"https:\/\/www.nettali.com\/wp-content\/uploads\/2022\/02\/stade-du-senegal.jpg","contentUrl":"https:\/\/www.nettali.com\/wp-content\/uploads\/2022\/02\/stade-du-senegal.jpg","width":1916,"height":1075},{"@type":"WebPage","@id":"https:\/\/www.nettali.com\/2022\/02\/18\/stade-du-senegal-le-pays-va-beaucoup-gagner-en-visibilite-selon-lambassadeur-de-turquie\/#webpage","url":"https:\/\/www.nettali.com\/2022\/02\/18\/stade-du-senegal-le-pays-va-beaucoup-gagner-en-visibilite-selon-lambassadeur-de-turquie\/","name":"STADE DU S\u00c9N\u00c9GAL - Le pays va beaucoup gagner en visibilit\u00e9, selon l\u2019ambassadeur de Turquie | Nettali.com","isPartOf":{"@id":"https:\/\/www.nettali.com\/#website"},"primaryImageOfPage":{"@id":"https:\/\/www.nettali.com\/2022\/02\/18\/stade-du-senegal-le-pays-va-beaucoup-gagner-en-visibilite-selon-lambassadeur-de-turquie\/#primaryimage"},"datePublished":"2022-02-18T09:04:02+00:00","dateModified":"2022-02-18T09:04:02+00:00","author":{"@id":"https:\/\/www.nettali.com\/#\/schema\/person\/8a06c6bd7b19304cf4bf985862900b5b"},"breadcrumb":{"@id":"https:\/\/www.nettali.com\/2022\/02\/18\/stade-du-senegal-le-pays-va-beaucoup-gagner-en-visibilite-selon-lambassadeur-de-turquie\/#breadcrumb"},"inLanguage":"fr-FR","potentialAction":[{"@type":"ReadAction","target":["https:\/\/www.nettali.com\/2022\/02\/18\/stade-du-senegal-le-pays-va-beaucoup-gagner-en-visibilite-selon-lambassadeur-de-turquie\/"]}]},{"@type":"BreadcrumbList","@id":"https:\/\/www.nettali.com\/2022\/02\/18\/stade-du-senegal-le-pays-va-beaucoup-gagner-en-visibilite-selon-lambassadeur-de-turquie\/#breadcrumb","itemListElement":[{"@type":"ListItem","position":1,"name":"Accueil","item":"https:\/\/www.nettali.com\/"},{"@type":"ListItem","position":2,"name":"STADE DU S\u00c9N\u00c9GAL &#8211; Le pays va beaucoup gagner en visibilit\u00e9, selon l\u2019ambassadeur de Turquie"}]},{"@type":"Person","@id":"https:\/\/www.nettali.com\/#\/schema\/person\/8a06c6bd7b19304cf4bf985862900b5b","name":"Thierno Diop","image":{"@type":"ImageObject","@id":"https:\/\/www.nettali.com\/#personlogo","inLanguage":"fr-FR","url":"https:\/\/secure.gravatar.com\/avatar\/c8ca58550c94fd2ac856d27391a6c866?s=96&d=mm&r=g","contentUrl":"https:\/\/secure.gravatar.com\/avatar\/c8ca58550c94fd2ac856d27391a6c866?s=96&d=mm&r=g","caption":"Thierno Diop"},"sameAs":["https:\/\/nettali.com"]}]}},"_links":{"self":[{"href":"https:\/\/www.nettali.com\/rest\/wp\/v2\/posts\/81494"}],"collection":[{"href":"https:\/\/www.nettali.com\/rest\/wp\/v2\/posts"}],"about":[{"href":"https:\/\/www.nettali.com\/rest\/wp\/v2\/types\/post"}],"author":[{"embeddable":true,"href":"https:\/\/www.nettali.com\/rest\/wp\/v2\/users\/11"}],"replies":[{"embeddable":true,"href":"https:\/\/www.nettali.com\/rest\/wp\/v2\/comments?post=81494"}],"version-history":[{"count":1,"href":"https:\/\/www.nettali.com\/rest\/wp\/v2\/posts\/81494\/revisions"}],"predecessor-version":[{"id":81497,"href":"https:\/\/www.nettali.com\/rest\/wp\/v2\/posts\/81494\/revisions\/81497"}],"wp:featuredmedia":[{"embeddable":true,"href":"https:\/\/www.nettali.com\/rest\/wp\/v2\/media\/81496"}],"wp:attachment":[{"href":"https:\/\/www.nettali.com\/rest\/wp\/v2\/media?parent=81494"}],"wp:term":[{"taxonomy":"category","embeddable":true,"href":"https:\/\/www.nettali.com\/rest\/wp\/v2\/categories?post=81494"},{"taxonomy":"post_tag","embeddable":true,"href":"https:\/\/www.nettali.com\/rest\/wp\/v2\/tags?post=81494"}],"curies":[{"name":"wp","href":"https:\/\/api.w.org\/{rel}","templated":true}]}}