{"id":81380,"date":"2022-02-16T13:09:25","date_gmt":"2022-02-16T13:09:25","guid":{"rendered":"https:\/\/www.nettali.com\/?p=81380"},"modified":"2022-02-16T19:40:01","modified_gmt":"2022-02-16T19:40:01","slug":"mercato-barca-ne-lache-pas-koulibaly","status":"publish","type":"post","link":"https:\/\/www.nettali.com\/2022\/02\/16\/mercato-barca-ne-lache-pas-koulibaly\/","title":{"rendered":"MERCATO - Bar\u00e7a ne l\u00e2che pas Koulibaly"},"content":{"rendered":"<p><strong>NETTALI.COM - Sous le charme de Kalidou Koulibaly depuis quelques ann\u00e9es, le FC Barcelone compte s'attacher les services du d\u00e9fenseur s\u00e9n\u00e9galais. Selon Gazzetta dello Sport, le club catalan a formul\u00e9 une nouvelle offensive pour tenter de recruter le champion d'Afrique.<\/strong><\/p>\n<p>En qu\u00eate de renforts d\u00e9fensifs en vue du prochain mercato, le Bar\u00e7a songerait \u00e0 recruter le champion d\u2019Afrique avec le S\u00e9n\u00e9gal, Kalidou Koulibaly. D\u2019apr\u00e8s le m\u00e9dia italien la Gazzetta dello Sport dans sa parution de ce mercredi, le Bar\u00e7a ne l\u00e2che pas le capitaine de l\u2019\u00e9quipe du S\u00e9n\u00e9gal et cadre de Naples.<\/p>\n<p>\" <em>Le Bar\u00e7a est clair sur le fait qu\u2019il devra beaucoup renforcer sa d\u00e9fense. L\u2019id\u00e9e de signer un d\u00e9fenseur central \u00e0 co\u00fbt z\u00e9ro avec l\u2019arriv\u00e9e de Christensen (Chelsea) est bien avanc\u00e9e, mais l\u2019incorporation d\u2019un d\u00e9fenseur central de haut niveau se dessine \u00e9galement. Kound\u00e9, de S\u00e9ville, est le joueur que Xavi affectionne le plus mais sa clause de r\u00e9siliation est de 80 millions d\u2019euros, alors que De Ligt ne partira pas pour moins de 70 millions. Koulibaly serait un d\u00e9fenseur central de haut niveau \u00e0 moindre prix<\/em>\", a \u00e9crit Gazetta dello Sport dans sa parution de ce mercredi.<\/p>\n<p>Attention, m\u00eame si le joueur est \u00e0 quelques mois de la fin de son contrat, qui court jusqu\u2019en 2023, Naples est toujours en course pour retenir son d\u00e9fenseur. Au sein du club napolitain, on va tout faire pour conserver Koulibaly. L\u2019id\u00e9e de la formation d\u2019Aurelio de Laurentiis est d\u2019offrir \u00e0 Kalidou Koulibaly un nouveau contrat mais aussi de lui proposer d\u2019\u00eatre capitaine. N\u00e9anmoins, l\u2019option la plus probable et qui semble se confirmer de jour en jour, est que Kalidou Koulibaly ne souhaite pas quitter le navire napolitain.<\/p>\n<div class='share-to-whatsapp-wrapper'><div class='share-on-whsp'>PARTAGER SUR : <\/div><a data-text='MERCATO - Bar\u00e7a ne l\u00e2che pas Koulibaly' data-link='https:\/\/www.nettali.com\/2022\/02\/16\/mercato-barca-ne-lache-pas-koulibaly\/' class='whatsapp-button whatsapp-share'>WhatsApp<\/a><div class='clear '><\/div><\/div>","protected":false},"excerpt":{"rendered":"<p>NETTALI.COM - Sous le charme de Kalidou Koulibaly depuis quelques ann\u00e9es, le FC Barcelone compte s'attacher les services du d\u00e9fenseur s\u00e9n\u00e9galais. Selon Gazzetta dello Sport, le club catalan a formul\u00e9 une nouvelle offensive pour tenter de recruter le champion d'Afrique. En qu\u00eate de renforts d\u00e9fensifs en vue du prochain mercato, le Bar\u00e7a songerait \u00e0 recruter [&hellip;]<\/p>\n","protected":false},"author":5,"featured_media":81381,"comment_status":"open","ping_status":"open","sticky":false,"template":"","format":"standard","meta":{"_et_pb_use_builder":"","_et_pb_old_content":""},"categories":[6],"tags":[],"yoast_head":"<!-- This site is optimized with the Yoast SEO Premium plugin v17.8 (Yoast SEO v17.8) - https:\/\/yoast.com\/wordpress\/plugins\/seo\/ -->\n<title>MERCATO - Bar\u00e7a ne l\u00e2che pas Koulibaly | Nettali.com<\/title>\n<meta name=\"robots\" content=\"index, follow, max-snippet:-1, max-image-preview:large, max-video-preview:-1\" \/>\n<link rel=\"canonical\" href=\"https:\/\/www.nettali.com\/2022\/02\/16\/mercato-barca-ne-lache-pas-koulibaly\/\" \/>\n<meta property=\"og:locale\" content=\"fr_FR\" \/>\n<meta property=\"og:type\" content=\"article\" \/>\n<meta property=\"og:title\" content=\"MERCATO - Bar\u00e7a ne l\u00e2che pas Koulibaly\" \/>\n<meta property=\"og:description\" content=\"NETTALI.COM - Sous le charme de Kalidou Koulibaly depuis quelques ann\u00e9es, le FC Barcelone compte s&#039;attacher les services du d\u00e9fenseur s\u00e9n\u00e9galais. Selon Gazzetta dello Sport, le club catalan a formul\u00e9 une nouvelle offensive pour tenter de recruter le champion d&#039;Afrique. En qu\u00eate de renforts d\u00e9fensifs en vue du prochain mercato, le Bar\u00e7a songerait \u00e0 recruter [&hellip;]\" \/>\n<meta property=\"og:url\" content=\"https:\/\/www.nettali.com\/2022\/02\/16\/mercato-barca-ne-lache-pas-koulibaly\/\" \/>\n<meta property=\"og:site_name\" content=\"Nettali.com\" \/>\n<meta property=\"article:publisher\" content=\"https:\/\/www.facebook.com\/nettalicom\" \/>\n<meta property=\"article:published_time\" content=\"2022-02-16T13:09:25+00:00\" \/>\n<meta property=\"article:modified_time\" content=\"2022-02-16T19:40:01+00:00\" \/>\n<meta property=\"og:image\" content=\"https:\/\/www.nettali.com\/wp-content\/uploads\/2022\/02\/B9729404974Z.1_20220207102051_000GKAJRHPQF.1-0.jpg\" \/>\n\t<meta property=\"og:image:width\" content=\"1350\" \/>\n\t<meta property=\"og:image:height\" content=\"759\" \/>\n<meta name=\"twitter:card\" content=\"summary_large_image\" \/>\n<meta name=\"twitter:label1\" content=\"\u00c9crit par\" \/>\n\t<meta name=\"twitter:data1\" content=\"Ibrahima\" \/>\n\t<meta name=\"twitter:label2\" content=\"Dur\u00e9e de lecture estim\u00e9e\" \/>\n\t<meta name=\"twitter:data2\" content=\"2 minutes\" \/>\n<script type=\"application\/ld+json\" class=\"yoast-schema-graph\">{\"@context\":\"https:\/\/schema.org\",\"@graph\":[{\"@type\":\"WebSite\",\"@id\":\"https:\/\/www.nettali.com\/#website\",\"url\":\"https:\/\/www.nettali.com\/\",\"name\":\"Nettali.com\",\"description\":\"Le rendez-vous critique du Net\",\"potentialAction\":[{\"@type\":\"SearchAction\",\"target\":{\"@type\":\"EntryPoint\",\"urlTemplate\":\"https:\/\/www.nettali.com\/?s={search_term_string}\"},\"query-input\":\"required name=search_term_string\"}],\"inLanguage\":\"fr-FR\"},{\"@type\":\"ImageObject\",\"@id\":\"https:\/\/www.nettali.com\/2022\/02\/16\/mercato-barca-ne-lache-pas-koulibaly\/#primaryimage\",\"inLanguage\":\"fr-FR\",\"url\":\"https:\/\/www.nettali.com\/wp-content\/uploads\/2022\/02\/B9729404974Z.1_20220207102051_000GKAJRHPQF.1-0.jpg\",\"contentUrl\":\"https:\/\/www.nettali.com\/wp-content\/uploads\/2022\/02\/B9729404974Z.1_20220207102051_000GKAJRHPQF.1-0.jpg\",\"width\":1350,\"height\":759},{\"@type\":\"WebPage\",\"@id\":\"https:\/\/www.nettali.com\/2022\/02\/16\/mercato-barca-ne-lache-pas-koulibaly\/#webpage\",\"url\":\"https:\/\/www.nettali.com\/2022\/02\/16\/mercato-barca-ne-lache-pas-koulibaly\/\",\"name\":\"MERCATO - Bar\\u00e7a ne l\\u00e2che pas Koulibaly | Nettali.com\",\"isPartOf\":{\"@id\":\"https:\/\/www.nettali.com\/#website\"},\"primaryImageOfPage\":{\"@id\":\"https:\/\/www.nettali.com\/2022\/02\/16\/mercato-barca-ne-lache-pas-koulibaly\/#primaryimage\"},\"datePublished\":\"2022-02-16T13:09:25+00:00\",\"dateModified\":\"2022-02-16T19:40:01+00:00\",\"author\":{\"@id\":\"https:\/\/www.nettali.com\/#\/schema\/person\/bb147657c2986240405a608162b9bb23\"},\"breadcrumb\":{\"@id\":\"https:\/\/www.nettali.com\/2022\/02\/16\/mercato-barca-ne-lache-pas-koulibaly\/#breadcrumb\"},\"inLanguage\":\"fr-FR\",\"potentialAction\":[{\"@type\":\"ReadAction\",\"target\":[\"https:\/\/www.nettali.com\/2022\/02\/16\/mercato-barca-ne-lache-pas-koulibaly\/\"]}]},{\"@type\":\"BreadcrumbList\",\"@id\":\"https:\/\/www.nettali.com\/2022\/02\/16\/mercato-barca-ne-lache-pas-koulibaly\/#breadcrumb\",\"itemListElement\":[{\"@type\":\"ListItem\",\"position\":1,\"name\":\"Accueil\",\"item\":\"https:\/\/www.nettali.com\/\"},{\"@type\":\"ListItem\",\"position\":2,\"name\":\"MERCATO &#8211; Bar\\u00e7a ne l\\u00e2che pas Koulibaly\"}]},{\"@type\":\"Person\",\"@id\":\"https:\/\/www.nettali.com\/#\/schema\/person\/bb147657c2986240405a608162b9bb23\",\"name\":\"Ibrahima\",\"image\":{\"@type\":\"ImageObject\",\"@id\":\"https:\/\/www.nettali.com\/#personlogo\",\"inLanguage\":\"fr-FR\",\"url\":\"https:\/\/secure.gravatar.com\/avatar\/26a8a81f09f0dd7624c9d5c36c9ba3a2?s=96&d=mm&r=g\",\"contentUrl\":\"https:\/\/secure.gravatar.com\/avatar\/26a8a81f09f0dd7624c9d5c36c9ba3a2?s=96&d=mm&r=g\",\"caption\":\"Ibrahima\"},\"sameAs\":[\"https:\/\/www.nettali.com\"]}]}<\/script>\n<!-- \/ Yoast SEO Premium plugin. -->","yoast_head_json":{"title":"MERCATO - Bar\u00e7a ne l\u00e2che pas Koulibaly | Nettali.com","robots":{"index":"index","follow":"follow","max-snippet":"max-snippet:-1","max-image-preview":"max-image-preview:large","max-video-preview":"max-video-preview:-1"},"canonical":"https:\/\/www.nettali.com\/2022\/02\/16\/mercato-barca-ne-lache-pas-koulibaly\/","og_locale":"fr_FR","og_type":"article","og_title":"MERCATO - Bar\u00e7a ne l\u00e2che pas Koulibaly","og_description":"NETTALI.COM - Sous le charme de Kalidou Koulibaly depuis quelques ann\u00e9es, le FC Barcelone compte s'attacher les services du d\u00e9fenseur s\u00e9n\u00e9galais. Selon Gazzetta dello Sport, le club catalan a formul\u00e9 une nouvelle offensive pour tenter de recruter le champion d'Afrique. En qu\u00eate de renforts d\u00e9fensifs en vue du prochain mercato, le Bar\u00e7a songerait \u00e0 recruter [&hellip;]","og_url":"https:\/\/www.nettali.com\/2022\/02\/16\/mercato-barca-ne-lache-pas-koulibaly\/","og_site_name":"Nettali.com","article_publisher":"https:\/\/www.facebook.com\/nettalicom","article_published_time":"2022-02-16T13:09:25+00:00","article_modified_time":"2022-02-16T19:40:01+00:00","og_image":[{"width":1350,"height":759,"url":"https:\/\/www.nettali.com\/wp-content\/uploads\/2022\/02\/B9729404974Z.1_20220207102051_000GKAJRHPQF.1-0.jpg","type":"image\/jpeg"}],"twitter_card":"summary_large_image","twitter_misc":{"\u00c9crit par":"Ibrahima","Dur\u00e9e de lecture estim\u00e9e":"2 minutes"},"schema":{"@context":"https:\/\/schema.org","@graph":[{"@type":"WebSite","@id":"https:\/\/www.nettali.com\/#website","url":"https:\/\/www.nettali.com\/","name":"Nettali.com","description":"Le rendez-vous critique du Net","potentialAction":[{"@type":"SearchAction","target":{"@type":"EntryPoint","urlTemplate":"https:\/\/www.nettali.com\/?s={search_term_string}"},"query-input":"required name=search_term_string"}],"inLanguage":"fr-FR"},{"@type":"ImageObject","@id":"https:\/\/www.nettali.com\/2022\/02\/16\/mercato-barca-ne-lache-pas-koulibaly\/#primaryimage","inLanguage":"fr-FR","url":"https:\/\/www.nettali.com\/wp-content\/uploads\/2022\/02\/B9729404974Z.1_20220207102051_000GKAJRHPQF.1-0.jpg","contentUrl":"https:\/\/www.nettali.com\/wp-content\/uploads\/2022\/02\/B9729404974Z.1_20220207102051_000GKAJRHPQF.1-0.jpg","width":1350,"height":759},{"@type":"WebPage","@id":"https:\/\/www.nettali.com\/2022\/02\/16\/mercato-barca-ne-lache-pas-koulibaly\/#webpage","url":"https:\/\/www.nettali.com\/2022\/02\/16\/mercato-barca-ne-lache-pas-koulibaly\/","name":"MERCATO - Bar\u00e7a ne l\u00e2che pas Koulibaly | Nettali.com","isPartOf":{"@id":"https:\/\/www.nettali.com\/#website"},"primaryImageOfPage":{"@id":"https:\/\/www.nettali.com\/2022\/02\/16\/mercato-barca-ne-lache-pas-koulibaly\/#primaryimage"},"datePublished":"2022-02-16T13:09:25+00:00","dateModified":"2022-02-16T19:40:01+00:00","author":{"@id":"https:\/\/www.nettali.com\/#\/schema\/person\/bb147657c2986240405a608162b9bb23"},"breadcrumb":{"@id":"https:\/\/www.nettali.com\/2022\/02\/16\/mercato-barca-ne-lache-pas-koulibaly\/#breadcrumb"},"inLanguage":"fr-FR","potentialAction":[{"@type":"ReadAction","target":["https:\/\/www.nettali.com\/2022\/02\/16\/mercato-barca-ne-lache-pas-koulibaly\/"]}]},{"@type":"BreadcrumbList","@id":"https:\/\/www.nettali.com\/2022\/02\/16\/mercato-barca-ne-lache-pas-koulibaly\/#breadcrumb","itemListElement":[{"@type":"ListItem","position":1,"name":"Accueil","item":"https:\/\/www.nettali.com\/"},{"@type":"ListItem","position":2,"name":"MERCATO &#8211; Bar\u00e7a ne l\u00e2che pas Koulibaly"}]},{"@type":"Person","@id":"https:\/\/www.nettali.com\/#\/schema\/person\/bb147657c2986240405a608162b9bb23","name":"Ibrahima","image":{"@type":"ImageObject","@id":"https:\/\/www.nettali.com\/#personlogo","inLanguage":"fr-FR","url":"https:\/\/secure.gravatar.com\/avatar\/26a8a81f09f0dd7624c9d5c36c9ba3a2?s=96&d=mm&r=g","contentUrl":"https:\/\/secure.gravatar.com\/avatar\/26a8a81f09f0dd7624c9d5c36c9ba3a2?s=96&d=mm&r=g","caption":"Ibrahima"},"sameAs":["https:\/\/www.nettali.com"]}]}},"_links":{"self":[{"href":"https:\/\/www.nettali.com\/rest\/wp\/v2\/posts\/81380"}],"collection":[{"href":"https:\/\/www.nettali.com\/rest\/wp\/v2\/posts"}],"about":[{"href":"https:\/\/www.nettali.com\/rest\/wp\/v2\/types\/post"}],"author":[{"embeddable":true,"href":"https:\/\/www.nettali.com\/rest\/wp\/v2\/users\/5"}],"replies":[{"embeddable":true,"href":"https:\/\/www.nettali.com\/rest\/wp\/v2\/comments?post=81380"}],"version-history":[{"count":3,"href":"https:\/\/www.nettali.com\/rest\/wp\/v2\/posts\/81380\/revisions"}],"predecessor-version":[{"id":81384,"href":"https:\/\/www.nettali.com\/rest\/wp\/v2\/posts\/81380\/revisions\/81384"}],"wp:featuredmedia":[{"embeddable":true,"href":"https:\/\/www.nettali.com\/rest\/wp\/v2\/media\/81381"}],"wp:attachment":[{"href":"https:\/\/www.nettali.com\/rest\/wp\/v2\/media?parent=81380"}],"wp:term":[{"taxonomy":"category","embeddable":true,"href":"https:\/\/www.nettali.com\/rest\/wp\/v2\/categories?post=81380"},{"taxonomy":"post_tag","embeddable":true,"href":"https:\/\/www.nettali.com\/rest\/wp\/v2\/tags?post=81380"}],"curies":[{"name":"wp","href":"https:\/\/api.w.org\/{rel}","templated":true}]}}